{"id":2205745,"date":"2019-07-03T16:48:45","date_gmt":"2019-07-03T19:48:45","guid":{"rendered":"https:\/\/api-portal.brognoli.com.br\/millennials-o-perfil-da-geracao-no-mercado-imobiliario\/"},"modified":"2019-07-03T16:48:45","modified_gmt":"2019-07-03T19:48:45","slug":"millennials-o-perfil-da-geracao-no-mercado-imobiliario","status":"publish","type":"post","link":"https:\/\/www.brognoli.com.br\/blog\/millennials-o-perfil-da-geracao-no-mercado-imobiliario\/","title":{"rendered":"Millennials: o perfil da gera\u00e7\u00e3o no mercado imobili\u00e1rio"},"content":{"rendered":"<p>Qualidade de vida associada a uma rotina intensa, n\u00e3o apenas de trabalho, mas de viagens, de lazer e de realiza\u00e7\u00f5es pessoais. Parecia uma realidade distante, por\u00e9m cada vez mais as pessoas procuram por esta f\u00f3rmula. Ser bem sucedido ainda est\u00e1 no topo das realiza\u00e7\u00f5es da maioria das pessoas, mas uma gera\u00e7\u00e3o focada em bem-estar e uma carreira promissora e prazerosa est\u00e1 pulverizando a sociedade com seus conceitos e padr\u00f5es.<br \/>\nNovas profiss\u00f5es surgiram e as mais cl\u00e1ssicas est\u00e3o se adaptando aos jovens desbravadores que procuram por clareza, transpar\u00eancia e responsabilidade social. As empresas investem em profissionais arrojados, com ideias inovadoras, que querem conquistar o mundo com seus direitos. Essa nova forma de ser e viver contagiou quem j\u00e1 estava por a\u00ed e est\u00e1 se tornando um padr\u00e3o.<br \/>\nO mercado imobili\u00e1rio est\u00e1 se adaptando a essa nova fase, na qual nem sempre comprar o im\u00f3vel ideal \u00e9 o plano, e sim adquirir algo rent\u00e1vel para escolher seu melhor endere\u00e7o. Novas modalidades de aluguel, compartilhamento de im\u00f3veis, novas tipos de moradia. A chegada dos <em>millennials<\/em> balan\u00e7ou as \u00faltimas d\u00e9cadas e trouxe uma revolu\u00e7\u00e3o nos padr\u00f5es cl\u00e1ssicos de vendas e alugu\u00e9is. E mesmo que o Brasil esteja inserido em uma crise econ\u00f4mica arrebatadora no \u00faltimo ano, o mercado imobili\u00e1rio segue sendo um dos melhores investimentos. A adapta\u00e7\u00e3o aos anseios dos <em>millennials<\/em> \u00e9 frequente, e o foco passou a ser a qualidade do im\u00f3vel.<br \/>\nO termo <em>millennial<\/em>, que significa milenar, \u00e9 usado para indicar aqueles que nasceram por volta de 1980 a 1990 e que ent\u00e3o iniciaram sua fase adulta no inicio do mil\u00eanio em que nos encontramos. Tamb\u00e9m conhecidos como Gera\u00e7\u00e3o Y, os <em>millennials<\/em> cresceram em um boom econ\u00f4mico, foram educados e treinados para ter lideran\u00e7a e esp\u00edrito empresarial, gostam de ser criativos, querem ter sempre a mente aberta e, mesmo habituados com a tecnologia, valorizam o relacionamento pessoal.<br \/>\nOs <em>millennials<\/em> n\u00e3o querem ter carreiras perp\u00e9tuas, querem poder variar seu trabalho. Querem honestidade e comprometimento, ainda que procurem o emprego ideal. Considerados l\u00edderes natos, os <em>millennials <\/em>s\u00e3o inovadores em suas ideias, querem trabalhar onde possam crescer n\u00e3o apenas financeiramente, mas sendo valorizados e levados a s\u00e9rio.<br \/>\nMas afinal, qual a rela\u00e7\u00e3o dos<em> millennials<\/em> com o mercado imobili\u00e1rio? Cada vez mais este se adequa \u00e0 realidade e cria novas oportunidades para todos. Quem antes tinha o grande sonho da casa pr\u00f3pria, hoje quer morar bem e ter conforto. Procurar por oportunidades e infraestrutura nem sempre quer dizer adquirir um im\u00f3vel e sim planejar investimentos para ent\u00e3o morar no lugar ideal. Esta pode ser a chave para a moradia ideal.<\/p>\n<p>Mas afinal, \u00e9 melhor comprar ou alugar? A Brognoli preparou um conte\u00fado focado nos benef\u00edcios de cada modalidade. Para saber mais sobre <a href=\"http:\/\/lifestyle.brognoli.com.br\/post\/mercado-imobiliario-onde-investir-e-quando\/191\/\">clique aqui <\/a>e fique por dentro das op\u00e7\u00f5es atuais do mercado imobili\u00e1rio, quais os riscos e melhores investimentos.<\/p>\n","protected":false},"excerpt":{"rendered":"<p>Qualidade de vida associada a uma rotina intensa, n\u00e3o apenas de trabalho, mas de viagens, de lazer e de realiza\u00e7\u00f5es pessoais. Parecia uma realidade distante, por\u00e9m cada vez mais as [&hellip;]<\/p>\n","protected":false},"author":7,"featured_media":2205296,"comment_status":"closed","ping_status":"closed","sticky":false,"template":"","format":"standard","meta":{"footnotes":""},"categories":[21],"tags":[98,39,99],"class_list":["post-2205745","post","type-post","status-publish","format-standard","has-post-thumbnail","hentry","category-business","tag-geracao","tag-mercado-imobiliario","tag-millennials"],"yoast_head":"<!-- This site is optimized with the Yoast SEO plugin v21.3 - https:\/\/yoast.com\/wordpress\/plugins\/seo\/ -->\n<title>Millennials: o perfil da gera\u00e7\u00e3o no mercado imobili\u00e1rio - Brognoli<\/title>\n<meta name=\"robots\" content=\"index, follow, max-snippet:-1, max-image-preview:large, max-video-preview:-1\" \/>\n<link rel=\"canonical\" href=\"https:\/\/www.brognoli.com.br\/blog\/millennials-o-perfil-da-geracao-no-mercado-imobiliario\/\" \/>\n<meta property=\"og:locale\" content=\"pt_BR\" \/>\n<meta property=\"og:type\" content=\"article\" \/>\n<meta property=\"og:title\" content=\"Millennials: o perfil da gera\u00e7\u00e3o no mercado imobili\u00e1rio - Brognoli\" \/>\n<meta property=\"og:description\" content=\"Qualidade de vida associada a uma rotina intensa, n\u00e3o apenas de trabalho, mas de viagens, de lazer e de realiza\u00e7\u00f5es pessoais. Parecia uma realidade distante, por\u00e9m cada vez mais as [&hellip;]\" \/>\n<meta property=\"og:url\" content=\"https:\/\/www.brognoli.com.br\/blog\/millennials-o-perfil-da-geracao-no-mercado-imobiliario\/\" \/>\n<meta property=\"og:site_name\" content=\"Brognoli\" \/>\n<meta property=\"article:published_time\" content=\"2019-07-03T19:48:45+00:00\" \/>\n<meta property=\"og:image\" content=\"https:\/\/www.brognoli.com.br\/blog\/wp-content\/uploads\/2022\/10\/192-millennials-o-perfil-da-nova-geracao-no-mercado-imobiliario-scaled.jpg\" \/>\n\t<meta property=\"og:image:width\" content=\"2560\" \/>\n\t<meta property=\"og:image:height\" content=\"1664\" \/>\n\t<meta property=\"og:image:type\" content=\"image\/jpeg\" \/>\n<meta name=\"author\" content=\"brognoli\" \/>\n<meta name=\"twitter:card\" content=\"summary_large_image\" \/>\n<meta name=\"twitter:label1\" content=\"Escrito por\" \/>\n\t<meta name=\"twitter:data1\" content=\"brognoli\" \/>\n\t<meta name=\"twitter:label2\" content=\"Est. tempo de leitura\" \/>\n\t<meta name=\"twitter:data2\" content=\"3 minutos\" \/>\n<script type=\"application\/ld+json\" class=\"yoast-schema-graph\">{\"@context\":\"https:\/\/schema.org\",\"@graph\":[{\"@type\":\"Article\",\"@id\":\"https:\/\/www.brognoli.com.br\/blog\/millennials-o-perfil-da-geracao-no-mercado-imobiliario\/#article\",\"isPartOf\":{\"@id\":\"https:\/\/www.brognoli.com.br\/blog\/millennials-o-perfil-da-geracao-no-mercado-imobiliario\/\"},\"author\":{\"name\":\"brognoli\",\"@id\":\"https:\/\/www.brognoli.com.br\/blog\/#\/schema\/person\/87771d6b68b99d9d9db50bfcf109f10c\"},\"headline\":\"Millennials: o perfil da gera\u00e7\u00e3o no mercado imobili\u00e1rio\",\"datePublished\":\"2019-07-03T19:48:45+00:00\",\"dateModified\":\"2019-07-03T19:48:45+00:00\",\"mainEntityOfPage\":{\"@id\":\"https:\/\/www.brognoli.com.br\/blog\/millennials-o-perfil-da-geracao-no-mercado-imobiliario\/\"},\"wordCount\":516,\"publisher\":{\"@id\":\"https:\/\/www.brognoli.com.br\/blog\/#organization\"},\"keywords\":[\"gera\u00e7\u00e3o\",\"mercado imobili\u00e1rio\",\"millennials\"],\"articleSection\":[\"Business\"],\"inLanguage\":\"pt-BR\"},{\"@type\":\"WebPage\",\"@id\":\"https:\/\/www.brognoli.com.br\/blog\/millennials-o-perfil-da-geracao-no-mercado-imobiliario\/\",\"url\":\"https:\/\/www.brognoli.com.br\/blog\/millennials-o-perfil-da-geracao-no-mercado-imobiliario\/\",\"name\":\"Millennials: o perfil da gera\u00e7\u00e3o no mercado imobili\u00e1rio - Brognoli\",\"isPartOf\":{\"@id\":\"https:\/\/www.brognoli.com.br\/blog\/#website\"},\"datePublished\":\"2019-07-03T19:48:45+00:00\",\"dateModified\":\"2019-07-03T19:48:45+00:00\",\"breadcrumb\":{\"@id\":\"https:\/\/www.brognoli.com.br\/blog\/millennials-o-perfil-da-geracao-no-mercado-imobiliario\/#breadcrumb\"},\"inLanguage\":\"pt-BR\",\"potentialAction\":[{\"@type\":\"ReadAction\",\"target\":[\"https:\/\/www.brognoli.com.br\/blog\/millennials-o-perfil-da-geracao-no-mercado-imobiliario\/\"]}]},{\"@type\":\"BreadcrumbList\",\"@id\":\"https:\/\/www.brognoli.com.br\/blog\/millennials-o-perfil-da-geracao-no-mercado-imobiliario\/#breadcrumb\",\"itemListElement\":[{\"@type\":\"ListItem\",\"position\":1,\"name\":\"In\u00edcio\",\"item\":\"https:\/\/www.brognoli.com.br\/blog\/\"},{\"@type\":\"ListItem\",\"position\":2,\"name\":\"Millennials: o perfil da gera\u00e7\u00e3o no mercado imobili\u00e1rio\"}]},{\"@type\":\"WebSite\",\"@id\":\"https:\/\/www.brognoli.com.br\/blog\/#website\",\"url\":\"https:\/\/www.brognoli.com.br\/blog\/\",\"name\":\"Brognoli\",\"description\":\"Brognoli\",\"publisher\":{\"@id\":\"https:\/\/www.brognoli.com.br\/blog\/#organization\"},\"potentialAction\":[{\"@type\":\"SearchAction\",\"target\":{\"@type\":\"EntryPoint\",\"urlTemplate\":\"https:\/\/www.brognoli.com.br\/blog\/?s={search_term_string}\"},\"query-input\":\"required name=search_term_string\"}],\"inLanguage\":\"pt-BR\"},{\"@type\":\"Organization\",\"@id\":\"https:\/\/www.brognoli.com.br\/blog\/#organization\",\"name\":\"Brognoli\",\"url\":\"https:\/\/www.brognoli.com.br\/blog\/\",\"logo\":{\"@type\":\"ImageObject\",\"inLanguage\":\"pt-BR\",\"@id\":\"https:\/\/www.brognoli.com.br\/blog\/#\/schema\/logo\/image\/\",\"url\":\"https:\/\/www.brognoli.com.br\/blog\/wp-content\/uploads\/2024\/10\/cropped-cropped-BRO_LOGO_3@300x.png\",\"contentUrl\":\"https:\/\/www.brognoli.com.br\/blog\/wp-content\/uploads\/2024\/10\/cropped-cropped-BRO_LOGO_3@300x.png\",\"width\":1762,\"height\":605,\"caption\":\"Brognoli\"},\"image\":{\"@id\":\"https:\/\/www.brognoli.com.br\/blog\/#\/schema\/logo\/image\/\"}},{\"@type\":\"Person\",\"@id\":\"https:\/\/www.brognoli.com.br\/blog\/#\/schema\/person\/87771d6b68b99d9d9db50bfcf109f10c\",\"name\":\"brognoli\",\"image\":{\"@type\":\"ImageObject\",\"inLanguage\":\"pt-BR\",\"@id\":\"https:\/\/www.brognoli.com.br\/blog\/#\/schema\/person\/image\/\",\"url\":\"https:\/\/secure.gravatar.com\/avatar\/a7836fc1468501cb19a0ad1df34b5f85abe16dfce609e03bba719de31c58ea48?s=96&d=mm&r=g\",\"contentUrl\":\"https:\/\/secure.gravatar.com\/avatar\/a7836fc1468501cb19a0ad1df34b5f85abe16dfce609e03bba719de31c58ea48?s=96&d=mm&r=g\",\"caption\":\"brognoli\"},\"url\":\"https:\/\/www.brognoli.com.br\/blog\/author\/brognoli\/\"}]}<\/script>\n<!-- \/ Yoast SEO plugin. -->","yoast_head_json":{"title":"Millennials: o perfil da gera\u00e7\u00e3o no mercado imobili\u00e1rio - Brognoli","robots":{"index":"index","follow":"follow","max-snippet":"max-snippet:-1","max-image-preview":"max-image-preview:large","max-video-preview":"max-video-preview:-1"},"canonical":"https:\/\/www.brognoli.com.br\/blog\/millennials-o-perfil-da-geracao-no-mercado-imobiliario\/","og_locale":"pt_BR","og_type":"article","og_title":"Millennials: o perfil da gera\u00e7\u00e3o no mercado imobili\u00e1rio - Brognoli","og_description":"Qualidade de vida associada a uma rotina intensa, n\u00e3o apenas de trabalho, mas de viagens, de lazer e de realiza\u00e7\u00f5es pessoais. Parecia uma realidade distante, por\u00e9m cada vez mais as [&hellip;]","og_url":"https:\/\/www.brognoli.com.br\/blog\/millennials-o-perfil-da-geracao-no-mercado-imobiliario\/","og_site_name":"Brognoli","article_published_time":"2019-07-03T19:48:45+00:00","og_image":[{"width":2560,"height":1664,"url":"https:\/\/www.brognoli.com.br\/blog\/wp-content\/uploads\/2022\/10\/192-millennials-o-perfil-da-nova-geracao-no-mercado-imobiliario-scaled.jpg","type":"image\/jpeg"}],"author":"brognoli","twitter_card":"summary_large_image","twitter_misc":{"Escrito por":"brognoli","Est. tempo de leitura":"3 minutos"},"schema":{"@context":"https:\/\/schema.org","@graph":[{"@type":"Article","@id":"https:\/\/www.brognoli.com.br\/blog\/millennials-o-perfil-da-geracao-no-mercado-imobiliario\/#article","isPartOf":{"@id":"https:\/\/www.brognoli.com.br\/blog\/millennials-o-perfil-da-geracao-no-mercado-imobiliario\/"},"author":{"name":"brognoli","@id":"https:\/\/www.brognoli.com.br\/blog\/#\/schema\/person\/87771d6b68b99d9d9db50bfcf109f10c"},"headline":"Millennials: o perfil da gera\u00e7\u00e3o no mercado imobili\u00e1rio","datePublished":"2019-07-03T19:48:45+00:00","dateModified":"2019-07-03T19:48:45+00:00","mainEntityOfPage":{"@id":"https:\/\/www.brognoli.com.br\/blog\/millennials-o-perfil-da-geracao-no-mercado-imobiliario\/"},"wordCount":516,"publisher":{"@id":"https:\/\/www.brognoli.com.br\/blog\/#organization"},"keywords":["gera\u00e7\u00e3o","mercado imobili\u00e1rio","millennials"],"articleSection":["Business"],"inLanguage":"pt-BR"},{"@type":"WebPage","@id":"https:\/\/www.brognoli.com.br\/blog\/millennials-o-perfil-da-geracao-no-mercado-imobiliario\/","url":"https:\/\/www.brognoli.com.br\/blog\/millennials-o-perfil-da-geracao-no-mercado-imobiliario\/","name":"Millennials: o perfil da gera\u00e7\u00e3o no mercado imobili\u00e1rio - Brognoli","isPartOf":{"@id":"https:\/\/www.brognoli.com.br\/blog\/#website"},"datePublished":"2019-07-03T19:48:45+00:00","dateModified":"2019-07-03T19:48:45+00:00","breadcrumb":{"@id":"https:\/\/www.brognoli.com.br\/blog\/millennials-o-perfil-da-geracao-no-mercado-imobiliario\/#breadcrumb"},"inLanguage":"pt-BR","potentialAction":[{"@type":"ReadAction","target":["https:\/\/www.brognoli.com.br\/blog\/millennials-o-perfil-da-geracao-no-mercado-imobiliario\/"]}]},{"@type":"BreadcrumbList","@id":"https:\/\/www.brognoli.com.br\/blog\/millennials-o-perfil-da-geracao-no-mercado-imobiliario\/#breadcrumb","itemListElement":[{"@type":"ListItem","position":1,"name":"In\u00edcio","item":"https:\/\/www.brognoli.com.br\/blog\/"},{"@type":"ListItem","position":2,"name":"Millennials: o perfil da gera\u00e7\u00e3o no mercado imobili\u00e1rio"}]},{"@type":"WebSite","@id":"https:\/\/www.brognoli.com.br\/blog\/#website","url":"https:\/\/www.brognoli.com.br\/blog\/","name":"Brognoli","description":"Brognoli","publisher":{"@id":"https:\/\/www.brognoli.com.br\/blog\/#organization"},"potentialAction":[{"@type":"SearchAction","target":{"@type":"EntryPoint","urlTemplate":"https:\/\/www.brognoli.com.br\/blog\/?s={search_term_string}"},"query-input":"required name=search_term_string"}],"inLanguage":"pt-BR"},{"@type":"Organization","@id":"https:\/\/www.brognoli.com.br\/blog\/#organization","name":"Brognoli","url":"https:\/\/www.brognoli.com.br\/blog\/","logo":{"@type":"ImageObject","inLanguage":"pt-BR","@id":"https:\/\/www.brognoli.com.br\/blog\/#\/schema\/logo\/image\/","url":"https:\/\/www.brognoli.com.br\/blog\/wp-content\/uploads\/2024\/10\/cropped-cropped-BRO_LOGO_3@300x.png","contentUrl":"https:\/\/www.brognoli.com.br\/blog\/wp-content\/uploads\/2024\/10\/cropped-cropped-BRO_LOGO_3@300x.png","width":1762,"height":605,"caption":"Brognoli"},"image":{"@id":"https:\/\/www.brognoli.com.br\/blog\/#\/schema\/logo\/image\/"}},{"@type":"Person","@id":"https:\/\/www.brognoli.com.br\/blog\/#\/schema\/person\/87771d6b68b99d9d9db50bfcf109f10c","name":"brognoli","image":{"@type":"ImageObject","inLanguage":"pt-BR","@id":"https:\/\/www.brognoli.com.br\/blog\/#\/schema\/person\/image\/","url":"https:\/\/secure.gravatar.com\/avatar\/a7836fc1468501cb19a0ad1df34b5f85abe16dfce609e03bba719de31c58ea48?s=96&d=mm&r=g","contentUrl":"https:\/\/secure.gravatar.com\/avatar\/a7836fc1468501cb19a0ad1df34b5f85abe16dfce609e03bba719de31c58ea48?s=96&d=mm&r=g","caption":"brognoli"},"url":"https:\/\/www.brognoli.com.br\/blog\/author\/brognoli\/"}]}},"_links":{"self":[{"href":"https:\/\/www.brognoli.com.br\/blog\/wp-json\/wp\/v2\/posts\/2205745","targetHints":{"allow":["GET"]}}],"collection":[{"href":"https:\/\/www.brognoli.com.br\/blog\/wp-json\/wp\/v2\/posts"}],"about":[{"href":"https:\/\/www.brognoli.com.br\/blog\/wp-json\/wp\/v2\/types\/post"}],"author":[{"embeddable":true,"href":"https:\/\/www.brognoli.com.br\/blog\/wp-json\/wp\/v2\/users\/7"}],"replies":[{"embeddable":true,"href":"https:\/\/www.brognoli.com.br\/blog\/wp-json\/wp\/v2\/comments?post=2205745"}],"version-history":[{"count":0,"href":"https:\/\/www.brognoli.com.br\/blog\/wp-json\/wp\/v2\/posts\/2205745\/revisions"}],"wp:featuredmedia":[{"embeddable":true,"href":"https:\/\/www.brognoli.com.br\/blog\/wp-json\/wp\/v2\/media\/2205296"}],"wp:attachment":[{"href":"https:\/\/www.brognoli.com.br\/blog\/wp-json\/wp\/v2\/media?parent=2205745"}],"wp:term":[{"taxonomy":"category","embeddable":true,"href":"https:\/\/www.brognoli.com.br\/blog\/wp-json\/wp\/v2\/categories?post=2205745"},{"taxonomy":"post_tag","embeddable":true,"href":"https:\/\/www.brognoli.com.br\/blog\/wp-json\/wp\/v2\/tags?post=2205745"}],"curies":[{"name":"wp","href":"https:\/\/api.w.org\/{rel}","templated":true}]}}