{"id":2205767,"date":"2019-07-03T16:52:31","date_gmt":"2019-07-03T19:52:31","guid":{"rendered":"https:\/\/api-portal.brognoli.com.br\/14-acustico-brognoli-simplesmente-samba\/"},"modified":"2019-07-03T16:52:31","modified_gmt":"2019-07-03T19:52:31","slug":"14-acustico-brognoli-simplesmente-samba","status":"publish","type":"post","link":"https:\/\/www.brognoli.com.br\/blog\/14-acustico-brognoli-simplesmente-samba\/","title":{"rendered":"14\u00b0 Ac\u00fastico Brognoli Simplesmente Samba"},"content":{"rendered":"<h2><strong>Sambista Mart&#8217;n\u00e1lia faz show hist\u00f3rico em Florian\u00f3polis, ao lado de grandes m\u00fasicos locais.<\/strong><\/h2>\n<p>Nesta \u00faltima sexta-feira (08\/06), a nossa ilha foi iluminada pelo espet\u00e1culo Simplesmente Samba, no 14\u00b0 Ac\u00fastico Brognoli. Contando com a presen\u00e7a de diversos artistas catarinenses e a sambista carioca Mart&#8217;n\u00e1lia, o projeto destinou parte da arrecada\u00e7\u00e3o para a ACAM (Associa\u00e7\u00e3o de Amigos da Casa da Crian\u00e7a e do Adolescente do Morro do Mocot\u00f3).<\/p>\n<h3>Cultura, Arte &amp; M\u00fasica<\/h3>\n<p>Nesta 14\u00aa edi\u00e7\u00e3o, o evento trouxe a dire\u00e7\u00e3o art\u00edstica de Juliano Aguiar, renomado artista pl\u00e1stico de Santa Catarina, que transformou o clima do Teatro Ademir Rosa\/CIC, numa grande roda de samba, com muita brasilidade e tropicalidade, referenciando algumas de suas grandes obras. Al\u00e9m da atmosfera do teatro estar toda voltada para o tema, o \u00e1pice da noite foi a cantora Mart&#8217;n\u00e1lia, que fez o publico que \u00e0 assistia ficar em p\u00e9 e sambar nos corredores da plateia, aos sons de grandes sucessos da MPB e do Samba.<\/p>\n<p><img loading=\"lazy\" decoding=\"async\" src=\"https:\/\/www.brognoli.com.br\/wp-content\/uploads\/2019\/07\/2018-08-02-700x467.jpg\" alt=\"\" width=\"700\" height=\"467\" class=\"aligncenter size-medium wp-image-1147119\"><\/p>\n<p>Com a presen\u00e7a de artistas locais, a abertura do 14\u00b0 Ac\u00fastico Brognoli teve dire\u00e7\u00e3o musical de Luiz Sebasti\u00e3o, que teve como foco reverenciar a cultura catarinense, cantando com personalidade grandes cl\u00e1ssicos do samba nacional e regional.<\/p>\n<h3>14\u00b0 Ac\u00fastico Brognoli &#8211; Valorizando a cultura<\/h3>\n<p>Nascido em 2005 em comemora\u00e7\u00e3o aos 50 anos da Brognoli, a empresa valoriza a cultura catarinense por meio do Ac\u00fastico, recebendo em 2007 o titulo de empresa cidad\u00e3 pela ADVB\/SC, por promover e oportunizar o desenvolvimento da cultura local atrav\u00e9s da abertura do palco para m\u00fasicos catarinenses.<\/p>\n<p>Como nas outras edi\u00e7\u00f5es, a empresa designa parte da arrecada\u00e7\u00e3o para institui\u00e7\u00f5es sociais. A ACAM (Associa\u00e7\u00e3o de Amigos da Casa da Crian\u00e7a e do Adolescente do Morro do Mocot\u00f3) foi a institui\u00e7\u00e3o escolhida este ano para receber a doa\u00e7\u00e3o. A entidade direciona suas a\u00e7\u00f5es e reflex\u00f5es para 200 crian\u00e7as e adolescentes, moradoras do Morro do Mocot\u00f3, em situa\u00e7\u00e3o de vulnerabilidade e risco social.<\/p>\n<h3>Patrocinadores<\/h3>\n<p>Liberty Seguros<\/p>\n<p>Sulamerica Capitaliza\u00e7\u00e3o<\/p>\n<h3>Agradecimentos<\/h3>\n<p>Damyller, Dolce Bambina, Eliane Koerich, Fab\u00edola<br \/>\nPimont, Flor e Cultura, Patricia Sabi\u00e1 Houte Cuture,<br \/>\nGabriela Faraco, Gr\u00e1fica Natal, Hotel Faial, Krohnos, Mec<br \/>\nCoffee, Multi Art, Nomad Mercado, NVS Comunica\u00e7\u00e3o,<br \/>\nPublicar, Soul\u2019s Beauty.<\/p>\n<h3>Comit\u00ea de Planejamento<\/h3>\n<h5>Brognoli Neg\u00f3cios Imobili\u00e1rios, Orth Produ\u00e7\u00f5es, Est\u00fadio da Mata.<\/h5>\n<p>Dire\u00e7\u00e3o Art\u00edstica | Juliano Aguiar<br \/>\nDire\u00e7\u00e3o Musical | Luiz Sebasti\u00e3o<br \/>\nProdu\u00e7\u00e3o Musical | Eveline Orth, Jeco<br \/>\nThompson e Nani Lobo<br \/>\nCoordena\u00e7\u00e3o Geral | Ana\u00eda Brognoli<br \/>\nDire\u00e7\u00e3o de Produ\u00e7\u00e3o | Eveline Orth<br \/>\nAssessoria de Imprensa | Rafael Hertel<br \/>\nIdentidade Visual | NVS Comunica\u00e7\u00e3o<br \/>\nAssistente Produ\u00e7\u00e3o | Cristina de Paula<br \/>\nDesigner Light | Cassiano Passos<br \/>\nSonoriza\u00e7\u00e3o | Cotempo<br \/>\nV\u00eddeo Designer | Maur\u00ed Cherobin<br \/>\nAmbienta\u00e7\u00e3o C\u00eanica | Thai Pasin<br \/>\nCapta\u00e7\u00e3o de Imagens | Mauri Cherobin, Jo\u00e3o Brognoli<br \/>\nObras | Juliano Aguiar<\/p>\n<p>Quer saber mais sobre as edi\u00e7\u00f5es anteriores? <a href=\"http:\/\/www.acusticobrognoli.com.br\">Clique aqui<\/a>.<\/p>\n<p>&nbsp;<\/p>\n<p>&nbsp;<\/p>\n","protected":false},"excerpt":{"rendered":"<p>Sambista Mart&#8217;n\u00e1lia faz show hist\u00f3rico em Florian\u00f3polis, ao lado de grandes m\u00fasicos locais. Nesta \u00faltima sexta-feira (08\/06), a nossa ilha foi iluminada pelo espet\u00e1culo Simplesmente Samba, no 14\u00b0 Ac\u00fastico Brognoli. [&hellip;]<\/p>\n","protected":false},"author":7,"featured_media":2205387,"comment_status":"closed","ping_status":"closed","sticky":false,"template":"","format":"standard","meta":{"footnotes":""},"categories":[42],"tags":[102,44,103,104],"class_list":["post-2205767","post","type-post","status-publish","format-standard","has-post-thumbnail","hentry","category-cultura","tag-acustico-brognoli","tag-cultura-catarinense","tag-martnalia","tag-simplesmente-samba"],"yoast_head":"<!-- This site is optimized with the Yoast SEO plugin v21.3 - https:\/\/yoast.com\/wordpress\/plugins\/seo\/ -->\n<title>14\u00b0 Ac\u00fastico Brognoli Simplesmente Samba - Brognoli<\/title>\n<meta name=\"robots\" content=\"index, follow, max-snippet:-1, max-image-preview:large, max-video-preview:-1\" \/>\n<link rel=\"canonical\" href=\"https:\/\/www.brognoli.com.br\/blog\/14-acustico-brognoli-simplesmente-samba\/\" \/>\n<meta property=\"og:locale\" content=\"pt_BR\" \/>\n<meta property=\"og:type\" content=\"article\" \/>\n<meta property=\"og:title\" content=\"14\u00b0 Ac\u00fastico Brognoli Simplesmente Samba - Brognoli\" \/>\n<meta property=\"og:description\" content=\"Sambista Mart&#8217;n\u00e1lia faz show hist\u00f3rico em Florian\u00f3polis, ao lado de grandes m\u00fasicos locais. Nesta \u00faltima sexta-feira (08\/06), a nossa ilha foi iluminada pelo espet\u00e1culo Simplesmente Samba, no 14\u00b0 Ac\u00fastico Brognoli. [&hellip;]\" \/>\n<meta property=\"og:url\" content=\"https:\/\/www.brognoli.com.br\/blog\/14-acustico-brognoli-simplesmente-samba\/\" \/>\n<meta property=\"og:site_name\" content=\"Brognoli\" \/>\n<meta property=\"article:published_time\" content=\"2019-07-03T19:52:31+00:00\" \/>\n<meta property=\"og:image\" content=\"https:\/\/www.brognoli.com.br\/blog\/wp-content\/uploads\/2022\/10\/2018-08-02-1.jpg\" \/>\n\t<meta property=\"og:image:width\" content=\"820\" \/>\n\t<meta property=\"og:image:height\" content=\"312\" \/>\n\t<meta property=\"og:image:type\" content=\"image\/jpeg\" \/>\n<meta name=\"author\" content=\"brognoli\" \/>\n<meta name=\"twitter:card\" content=\"summary_large_image\" \/>\n<meta name=\"twitter:label1\" content=\"Escrito por\" \/>\n\t<meta name=\"twitter:data1\" content=\"brognoli\" \/>\n\t<meta name=\"twitter:label2\" content=\"Est. tempo de leitura\" \/>\n\t<meta name=\"twitter:data2\" content=\"2 minutos\" \/>\n<script type=\"application\/ld+json\" class=\"yoast-schema-graph\">{\"@context\":\"https:\/\/schema.org\",\"@graph\":[{\"@type\":\"Article\",\"@id\":\"https:\/\/www.brognoli.com.br\/blog\/14-acustico-brognoli-simplesmente-samba\/#article\",\"isPartOf\":{\"@id\":\"https:\/\/www.brognoli.com.br\/blog\/14-acustico-brognoli-simplesmente-samba\/\"},\"author\":{\"name\":\"brognoli\",\"@id\":\"https:\/\/www.brognoli.com.br\/blog\/#\/schema\/person\/87771d6b68b99d9d9db50bfcf109f10c\"},\"headline\":\"14\u00b0 Ac\u00fastico Brognoli Simplesmente Samba\",\"datePublished\":\"2019-07-03T19:52:31+00:00\",\"dateModified\":\"2019-07-03T19:52:31+00:00\",\"mainEntityOfPage\":{\"@id\":\"https:\/\/www.brognoli.com.br\/blog\/14-acustico-brognoli-simplesmente-samba\/\"},\"wordCount\":497,\"publisher\":{\"@id\":\"https:\/\/www.brognoli.com.br\/blog\/#organization\"},\"keywords\":[\"Ac\u00fastico Brognoli\",\"Cultura Catarinense\",\"Mart'nalia\",\"Simplesmente Samba\"],\"articleSection\":[\"Cultura\"],\"inLanguage\":\"pt-BR\"},{\"@type\":\"WebPage\",\"@id\":\"https:\/\/www.brognoli.com.br\/blog\/14-acustico-brognoli-simplesmente-samba\/\",\"url\":\"https:\/\/www.brognoli.com.br\/blog\/14-acustico-brognoli-simplesmente-samba\/\",\"name\":\"14\u00b0 Ac\u00fastico Brognoli Simplesmente Samba - Brognoli\",\"isPartOf\":{\"@id\":\"https:\/\/www.brognoli.com.br\/blog\/#website\"},\"datePublished\":\"2019-07-03T19:52:31+00:00\",\"dateModified\":\"2019-07-03T19:52:31+00:00\",\"breadcrumb\":{\"@id\":\"https:\/\/www.brognoli.com.br\/blog\/14-acustico-brognoli-simplesmente-samba\/#breadcrumb\"},\"inLanguage\":\"pt-BR\",\"potentialAction\":[{\"@type\":\"ReadAction\",\"target\":[\"https:\/\/www.brognoli.com.br\/blog\/14-acustico-brognoli-simplesmente-samba\/\"]}]},{\"@type\":\"BreadcrumbList\",\"@id\":\"https:\/\/www.brognoli.com.br\/blog\/14-acustico-brognoli-simplesmente-samba\/#breadcrumb\",\"itemListElement\":[{\"@type\":\"ListItem\",\"position\":1,\"name\":\"In\u00edcio\",\"item\":\"https:\/\/www.brognoli.com.br\/blog\/\"},{\"@type\":\"ListItem\",\"position\":2,\"name\":\"14\u00b0 Ac\u00fastico Brognoli Simplesmente Samba\"}]},{\"@type\":\"WebSite\",\"@id\":\"https:\/\/www.brognoli.com.br\/blog\/#website\",\"url\":\"https:\/\/www.brognoli.com.br\/blog\/\",\"name\":\"Brognoli\",\"description\":\"Brognoli\",\"publisher\":{\"@id\":\"https:\/\/www.brognoli.com.br\/blog\/#organization\"},\"potentialAction\":[{\"@type\":\"SearchAction\",\"target\":{\"@type\":\"EntryPoint\",\"urlTemplate\":\"https:\/\/www.brognoli.com.br\/blog\/?s={search_term_string}\"},\"query-input\":\"required name=search_term_string\"}],\"inLanguage\":\"pt-BR\"},{\"@type\":\"Organization\",\"@id\":\"https:\/\/www.brognoli.com.br\/blog\/#organization\",\"name\":\"Brognoli\",\"url\":\"https:\/\/www.brognoli.com.br\/blog\/\",\"logo\":{\"@type\":\"ImageObject\",\"inLanguage\":\"pt-BR\",\"@id\":\"https:\/\/www.brognoli.com.br\/blog\/#\/schema\/logo\/image\/\",\"url\":\"https:\/\/www.brognoli.com.br\/blog\/wp-content\/uploads\/2024\/10\/cropped-cropped-BRO_LOGO_3@300x.png\",\"contentUrl\":\"https:\/\/www.brognoli.com.br\/blog\/wp-content\/uploads\/2024\/10\/cropped-cropped-BRO_LOGO_3@300x.png\",\"width\":1762,\"height\":605,\"caption\":\"Brognoli\"},\"image\":{\"@id\":\"https:\/\/www.brognoli.com.br\/blog\/#\/schema\/logo\/image\/\"}},{\"@type\":\"Person\",\"@id\":\"https:\/\/www.brognoli.com.br\/blog\/#\/schema\/person\/87771d6b68b99d9d9db50bfcf109f10c\",\"name\":\"brognoli\",\"image\":{\"@type\":\"ImageObject\",\"inLanguage\":\"pt-BR\",\"@id\":\"https:\/\/www.brognoli.com.br\/blog\/#\/schema\/person\/image\/\",\"url\":\"https:\/\/secure.gravatar.com\/avatar\/a7836fc1468501cb19a0ad1df34b5f85abe16dfce609e03bba719de31c58ea48?s=96&d=mm&r=g\",\"contentUrl\":\"https:\/\/secure.gravatar.com\/avatar\/a7836fc1468501cb19a0ad1df34b5f85abe16dfce609e03bba719de31c58ea48?s=96&d=mm&r=g\",\"caption\":\"brognoli\"},\"url\":\"https:\/\/www.brognoli.com.br\/blog\/author\/brognoli\/\"}]}<\/script>\n<!-- \/ Yoast SEO plugin. -->","yoast_head_json":{"title":"14\u00b0 Ac\u00fastico Brognoli Simplesmente Samba - Brognoli","robots":{"index":"index","follow":"follow","max-snippet":"max-snippet:-1","max-image-preview":"max-image-preview:large","max-video-preview":"max-video-preview:-1"},"canonical":"https:\/\/www.brognoli.com.br\/blog\/14-acustico-brognoli-simplesmente-samba\/","og_locale":"pt_BR","og_type":"article","og_title":"14\u00b0 Ac\u00fastico Brognoli Simplesmente Samba - Brognoli","og_description":"Sambista Mart&#8217;n\u00e1lia faz show hist\u00f3rico em Florian\u00f3polis, ao lado de grandes m\u00fasicos locais. Nesta \u00faltima sexta-feira (08\/06), a nossa ilha foi iluminada pelo espet\u00e1culo Simplesmente Samba, no 14\u00b0 Ac\u00fastico Brognoli. [&hellip;]","og_url":"https:\/\/www.brognoli.com.br\/blog\/14-acustico-brognoli-simplesmente-samba\/","og_site_name":"Brognoli","article_published_time":"2019-07-03T19:52:31+00:00","og_image":[{"width":820,"height":312,"url":"https:\/\/www.brognoli.com.br\/blog\/wp-content\/uploads\/2022\/10\/2018-08-02-1.jpg","type":"image\/jpeg"}],"author":"brognoli","twitter_card":"summary_large_image","twitter_misc":{"Escrito por":"brognoli","Est. tempo de leitura":"2 minutos"},"schema":{"@context":"https:\/\/schema.org","@graph":[{"@type":"Article","@id":"https:\/\/www.brognoli.com.br\/blog\/14-acustico-brognoli-simplesmente-samba\/#article","isPartOf":{"@id":"https:\/\/www.brognoli.com.br\/blog\/14-acustico-brognoli-simplesmente-samba\/"},"author":{"name":"brognoli","@id":"https:\/\/www.brognoli.com.br\/blog\/#\/schema\/person\/87771d6b68b99d9d9db50bfcf109f10c"},"headline":"14\u00b0 Ac\u00fastico Brognoli Simplesmente Samba","datePublished":"2019-07-03T19:52:31+00:00","dateModified":"2019-07-03T19:52:31+00:00","mainEntityOfPage":{"@id":"https:\/\/www.brognoli.com.br\/blog\/14-acustico-brognoli-simplesmente-samba\/"},"wordCount":497,"publisher":{"@id":"https:\/\/www.brognoli.com.br\/blog\/#organization"},"keywords":["Ac\u00fastico Brognoli","Cultura Catarinense","Mart'nalia","Simplesmente Samba"],"articleSection":["Cultura"],"inLanguage":"pt-BR"},{"@type":"WebPage","@id":"https:\/\/www.brognoli.com.br\/blog\/14-acustico-brognoli-simplesmente-samba\/","url":"https:\/\/www.brognoli.com.br\/blog\/14-acustico-brognoli-simplesmente-samba\/","name":"14\u00b0 Ac\u00fastico Brognoli Simplesmente Samba - Brognoli","isPartOf":{"@id":"https:\/\/www.brognoli.com.br\/blog\/#website"},"datePublished":"2019-07-03T19:52:31+00:00","dateModified":"2019-07-03T19:52:31+00:00","breadcrumb":{"@id":"https:\/\/www.brognoli.com.br\/blog\/14-acustico-brognoli-simplesmente-samba\/#breadcrumb"},"inLanguage":"pt-BR","potentialAction":[{"@type":"ReadAction","target":["https:\/\/www.brognoli.com.br\/blog\/14-acustico-brognoli-simplesmente-samba\/"]}]},{"@type":"BreadcrumbList","@id":"https:\/\/www.brognoli.com.br\/blog\/14-acustico-brognoli-simplesmente-samba\/#breadcrumb","itemListElement":[{"@type":"ListItem","position":1,"name":"In\u00edcio","item":"https:\/\/www.brognoli.com.br\/blog\/"},{"@type":"ListItem","position":2,"name":"14\u00b0 Ac\u00fastico Brognoli Simplesmente Samba"}]},{"@type":"WebSite","@id":"https:\/\/www.brognoli.com.br\/blog\/#website","url":"https:\/\/www.brognoli.com.br\/blog\/","name":"Brognoli","description":"Brognoli","publisher":{"@id":"https:\/\/www.brognoli.com.br\/blog\/#organization"},"potentialAction":[{"@type":"SearchAction","target":{"@type":"EntryPoint","urlTemplate":"https:\/\/www.brognoli.com.br\/blog\/?s={search_term_string}"},"query-input":"required name=search_term_string"}],"inLanguage":"pt-BR"},{"@type":"Organization","@id":"https:\/\/www.brognoli.com.br\/blog\/#organization","name":"Brognoli","url":"https:\/\/www.brognoli.com.br\/blog\/","logo":{"@type":"ImageObject","inLanguage":"pt-BR","@id":"https:\/\/www.brognoli.com.br\/blog\/#\/schema\/logo\/image\/","url":"https:\/\/www.brognoli.com.br\/blog\/wp-content\/uploads\/2024\/10\/cropped-cropped-BRO_LOGO_3@300x.png","contentUrl":"https:\/\/www.brognoli.com.br\/blog\/wp-content\/uploads\/2024\/10\/cropped-cropped-BRO_LOGO_3@300x.png","width":1762,"height":605,"caption":"Brognoli"},"image":{"@id":"https:\/\/www.brognoli.com.br\/blog\/#\/schema\/logo\/image\/"}},{"@type":"Person","@id":"https:\/\/www.brognoli.com.br\/blog\/#\/schema\/person\/87771d6b68b99d9d9db50bfcf109f10c","name":"brognoli","image":{"@type":"ImageObject","inLanguage":"pt-BR","@id":"https:\/\/www.brognoli.com.br\/blog\/#\/schema\/person\/image\/","url":"https:\/\/secure.gravatar.com\/avatar\/a7836fc1468501cb19a0ad1df34b5f85abe16dfce609e03bba719de31c58ea48?s=96&d=mm&r=g","contentUrl":"https:\/\/secure.gravatar.com\/avatar\/a7836fc1468501cb19a0ad1df34b5f85abe16dfce609e03bba719de31c58ea48?s=96&d=mm&r=g","caption":"brognoli"},"url":"https:\/\/www.brognoli.com.br\/blog\/author\/brognoli\/"}]}},"_links":{"self":[{"href":"https:\/\/www.brognoli.com.br\/blog\/wp-json\/wp\/v2\/posts\/2205767","targetHints":{"allow":["GET"]}}],"collection":[{"href":"https:\/\/www.brognoli.com.br\/blog\/wp-json\/wp\/v2\/posts"}],"about":[{"href":"https:\/\/www.brognoli.com.br\/blog\/wp-json\/wp\/v2\/types\/post"}],"author":[{"embeddable":true,"href":"https:\/\/www.brognoli.com.br\/blog\/wp-json\/wp\/v2\/users\/7"}],"replies":[{"embeddable":true,"href":"https:\/\/www.brognoli.com.br\/blog\/wp-json\/wp\/v2\/comments?post=2205767"}],"version-history":[{"count":0,"href":"https:\/\/www.brognoli.com.br\/blog\/wp-json\/wp\/v2\/posts\/2205767\/revisions"}],"wp:featuredmedia":[{"embeddable":true,"href":"https:\/\/www.brognoli.com.br\/blog\/wp-json\/wp\/v2\/media\/2205387"}],"wp:attachment":[{"href":"https:\/\/www.brognoli.com.br\/blog\/wp-json\/wp\/v2\/media?parent=2205767"}],"wp:term":[{"taxonomy":"category","embeddable":true,"href":"https:\/\/www.brognoli.com.br\/blog\/wp-json\/wp\/v2\/categories?post=2205767"},{"taxonomy":"post_tag","embeddable":true,"href":"https:\/\/www.brognoli.com.br\/blog\/wp-json\/wp\/v2\/tags?post=2205767"}],"curies":[{"name":"wp","href":"https:\/\/api.w.org\/{rel}","templated":true}]}}