{"id":2205779,"date":"2019-07-03T17:01:04","date_gmt":"2019-07-03T20:01:04","guid":{"rendered":"https:\/\/api-portal.brognoli.com.br\/abmi-reune-se-em-florianopolis-para-o-encerramento-das-comemoracoes-de-20-anos\/"},"modified":"2019-07-03T17:01:04","modified_gmt":"2019-07-03T20:01:04","slug":"abmi-reune-se-em-florianopolis-para-o-encerramento-das-comemoracoes-de-20-anos","status":"publish","type":"post","link":"https:\/\/www.brognoli.com.br\/blog\/abmi-reune-se-em-florianopolis-para-o-encerramento-das-comemoracoes-de-20-anos\/","title":{"rendered":"ABMI re\u00fane-se em Florian\u00f3polis para o encerramento das comemora\u00e7\u00f5es de 20 anos"},"content":{"rendered":"<p>Entre os dias 17 e 20 de outubro, a Brognoli recepcionou em Florian\u00f3polis o 70\u00ba Encontro da Associa\u00e7\u00e3o Brasileira de Mercado Imobili\u00e1rio (ABMI), entidade que re\u00fane algumas das mais conceituadas imobili\u00e1rias do pa\u00eds. Com o tema \u201820 anos \u2013 Conectando pessoas, fortalecendo a competitividade\u2019, os representantes das associadas re\u00fanem-se durante quatro dias para trocarem informa\u00e7\u00f5es e discutirem sobre o mercado imobili\u00e1rio e as tend\u00eancias mundiais com profissionais renomados da \u00e1rea. Temas como tecnologia, comportamentos, cases de sucesso e visitas t\u00e9cnicas est\u00e3o na pauta, al\u00e9m do encerramento das celebra\u00e7\u00f5es das duas d\u00e9cadas da institui\u00e7\u00e3o.<\/p>\n<p><img loading=\"lazy\" decoding=\"async\" class=\"aligncenter size-large wp-image-6870\" src=\"https:\/\/brognoli.com.br\/wp-content\/uploads\/2019\/07\/WhatsApp-Image-2018-10-23-at-16.05.46.jpeg\" alt=\"\" width=\"1024\" height=\"681\"><\/p>\n<p>Florian\u00f3polis foi escolhida para ser a anfitri\u00e3 do \u00faltimo evento de 2018 por ser a sede da Brognoli Neg\u00f3cios Imobili\u00e1rios, que com mais de sessenta anos de atua\u00e7\u00e3o no mercado, \u00e9 a representante da associa\u00e7\u00e3o na cidade. Al\u00e9m da reuni\u00e3o de planejamento estrat\u00e9gico da diretoria que antecede a abertura oficial do evento na quinta feira (18), o encontro trouxe palestras com Carlos J\u00falio \u2013 CEO da Digital House Brasil, ex presidente da HSM e colunista da CBN Di\u00e1rio, que falou sobre \u2018Gest\u00e3o Descomplicada\u2019; Tatiane Guelfi &#8211; gerente da OLX, conhecido como \u2018o maior site de compra e vendas do Brasil\u2019 trouxe aos associados os \u2018N\u00fameros e Tend\u00eancias do Mercado Imobili\u00e1rio\u2019 e Valoni Proc\u00f3pio apresentou como funciona a \u2018Opera\u00e7\u00e3o de Vendas e Esteira de Cr\u00e9dito\u2019 da Caixa Im\u00f3veis. House Viewer e Cred Pago \u2013 parceiras do evento \u2013 tamb\u00e9m apresentaram as suas novidades.<\/p>\n<p>Uma visita \u00e0 ACATE \u2013 Associa\u00e7\u00e3o Catarinense de Tecnologia \u2013 com foco nas <em>startups<\/em> e a apresenta\u00e7\u00e3o de cases de sucesso dos associados tamb\u00e9m fazem parte do evento. Na noite de quinta-feira, os associados participam do coquetel de encerramento das comemora\u00e7\u00f5es de 20 anos, que teve in\u00edcio em Caxias do Sul com a posse da nova presid\u00eancia em mar\u00e7o e passou por S\u00e3o Paulo em junho, com a cria\u00e7\u00e3o do Conselho da Associa\u00e7\u00e3o.<\/p>\n<p><img loading=\"lazy\" decoding=\"async\" class=\"aligncenter size-large wp-image-6871\" src=\"https:\/\/brognoli.com.br\/wp-content\/uploads\/2019\/07\/WhatsApp-Image-2018-10-23-at-16.06.00.jpeg\" alt=\"\" width=\"1024\" height=\"683\"><\/p>\n<p>O presidente da ABMI, Fernando Gon\u00e7alves dos Reis, destaca a import\u00e2ncia do evento frente a atual situa\u00e7\u00e3o pol\u00edtica e econ\u00f4mica do pa\u00eds: \u00b4&#8221;O mercado imobili\u00e1rio ensaia uma recupera\u00e7\u00e3o no final deste ano, mas em fun\u00e7\u00e3o da instabilidade pol\u00edtica e econ\u00f4mica isso ainda n\u00e3o acontece de modo uniforme em todo o pa\u00eds. Outro fator \u00e9 que tal recupera\u00e7\u00e3o ocorre em patamares inferiores ao desejado, diante as enormes perdas dos \u00faltimos anos. Acreditamos que o final do processo eleitoral e os sinais positivos sobre as reformas e medidas para buscar o equil\u00edbrio fiscal do governo devem impulsionar o crescimento em 2019 e principalmente em 2020.&#8221;<\/p>\n<p><strong>SOBRE A ABMI<\/strong><strong>&nbsp;<\/strong><br \/>\nFundada em 1998, a ABMI \u00e9 uma organiza\u00e7\u00e3o sem fins lucrativos com objetivo principal de proporcionar espa\u00e7o para potencializar a competitividade e a troca de informa\u00e7\u00f5es entre suas 37 associadas, imobili\u00e1rias l\u00edderes em seus mercados pautadas pela \u00e9tica e diversidade de produtos. Tendo como foco a inova\u00e7\u00e3o e pensada como um espa\u00e7o de troca, desenvolvimento, criatividade e relacionamento, a entidade constr\u00f3i juntamente com seus associados uma marca de vanguarda no mercado com base no posicionamento e opini\u00e3o de seus integrantes. Atualmente, cerca de 35 mil im\u00f3veis est\u00e3o em oferta para loca\u00e7\u00e3o e mais de 110 mil para venda, al\u00e9m de cerca de 3 mil corretores credenciados. Os encontros de benchmarking acontecem a cada quatro meses e tem sempre como anfitri\u00e3 uma imobili\u00e1ria associada nos 17 Estados onde atua.<\/p>\n","protected":false},"excerpt":{"rendered":"<p>Entre os dias 17 e 20 de outubro, a Brognoli recepcionou em Florian\u00f3polis o 70\u00ba Encontro da Associa\u00e7\u00e3o Brasileira de Mercado Imobili\u00e1rio (ABMI), entidade que re\u00fane algumas das mais conceituadas [&hellip;]<\/p>\n","protected":false},"author":7,"featured_media":2205447,"comment_status":"closed","ping_status":"closed","sticky":false,"template":"","format":"standard","meta":{"footnotes":""},"categories":[21,22],"tags":[],"class_list":["post-2205779","post","type-post","status-publish","format-standard","has-post-thumbnail","hentry","category-business","category-destaque"],"yoast_head":"<!-- This site is optimized with the Yoast SEO plugin v21.3 - https:\/\/yoast.com\/wordpress\/plugins\/seo\/ -->\n<title>ABMI re\u00fane-se em Florian\u00f3polis para o encerramento das comemora\u00e7\u00f5es de 20 anos - Brognoli<\/title>\n<meta name=\"robots\" content=\"index, follow, max-snippet:-1, max-image-preview:large, max-video-preview:-1\" \/>\n<link rel=\"canonical\" href=\"https:\/\/www.brognoli.com.br\/blog\/abmi-reune-se-em-florianopolis-para-o-encerramento-das-comemoracoes-de-20-anos\/\" \/>\n<meta property=\"og:locale\" content=\"pt_BR\" \/>\n<meta property=\"og:type\" content=\"article\" \/>\n<meta property=\"og:title\" content=\"ABMI re\u00fane-se em Florian\u00f3polis para o encerramento das comemora\u00e7\u00f5es de 20 anos - Brognoli\" \/>\n<meta property=\"og:description\" content=\"Entre os dias 17 e 20 de outubro, a Brognoli recepcionou em Florian\u00f3polis o 70\u00ba Encontro da Associa\u00e7\u00e3o Brasileira de Mercado Imobili\u00e1rio (ABMI), entidade que re\u00fane algumas das mais conceituadas [&hellip;]\" \/>\n<meta property=\"og:url\" content=\"https:\/\/www.brognoli.com.br\/blog\/abmi-reune-se-em-florianopolis-para-o-encerramento-das-comemoracoes-de-20-anos\/\" \/>\n<meta property=\"og:site_name\" content=\"Brognoli\" \/>\n<meta property=\"article:published_time\" content=\"2019-07-03T20:01:04+00:00\" \/>\n<meta property=\"og:image\" content=\"https:\/\/www.brognoli.com.br\/blog\/wp-content\/uploads\/2022\/10\/Capa-Menor-1.png\" \/>\n\t<meta property=\"og:image:width\" content=\"993\" \/>\n\t<meta property=\"og:image:height\" content=\"666\" \/>\n\t<meta property=\"og:image:type\" content=\"image\/png\" \/>\n<meta name=\"author\" content=\"brognoli\" \/>\n<meta name=\"twitter:card\" content=\"summary_large_image\" \/>\n<meta name=\"twitter:label1\" content=\"Escrito por\" \/>\n\t<meta name=\"twitter:data1\" content=\"brognoli\" \/>\n\t<meta name=\"twitter:label2\" content=\"Est. tempo de leitura\" \/>\n\t<meta name=\"twitter:data2\" content=\"3 minutos\" \/>\n<script type=\"application\/ld+json\" class=\"yoast-schema-graph\">{\"@context\":\"https:\/\/schema.org\",\"@graph\":[{\"@type\":\"Article\",\"@id\":\"https:\/\/www.brognoli.com.br\/blog\/abmi-reune-se-em-florianopolis-para-o-encerramento-das-comemoracoes-de-20-anos\/#article\",\"isPartOf\":{\"@id\":\"https:\/\/www.brognoli.com.br\/blog\/abmi-reune-se-em-florianopolis-para-o-encerramento-das-comemoracoes-de-20-anos\/\"},\"author\":{\"name\":\"brognoli\",\"@id\":\"https:\/\/www.brognoli.com.br\/blog\/#\/schema\/person\/87771d6b68b99d9d9db50bfcf109f10c\"},\"headline\":\"ABMI re\u00fane-se em Florian\u00f3polis para o encerramento das comemora\u00e7\u00f5es de 20 anos\",\"datePublished\":\"2019-07-03T20:01:04+00:00\",\"dateModified\":\"2019-07-03T20:01:04+00:00\",\"mainEntityOfPage\":{\"@id\":\"https:\/\/www.brognoli.com.br\/blog\/abmi-reune-se-em-florianopolis-para-o-encerramento-das-comemoracoes-de-20-anos\/\"},\"wordCount\":606,\"publisher\":{\"@id\":\"https:\/\/www.brognoli.com.br\/blog\/#organization\"},\"articleSection\":[\"Business\",\"Destaque\"],\"inLanguage\":\"pt-BR\"},{\"@type\":\"WebPage\",\"@id\":\"https:\/\/www.brognoli.com.br\/blog\/abmi-reune-se-em-florianopolis-para-o-encerramento-das-comemoracoes-de-20-anos\/\",\"url\":\"https:\/\/www.brognoli.com.br\/blog\/abmi-reune-se-em-florianopolis-para-o-encerramento-das-comemoracoes-de-20-anos\/\",\"name\":\"ABMI re\u00fane-se em Florian\u00f3polis para o encerramento das comemora\u00e7\u00f5es de 20 anos - Brognoli\",\"isPartOf\":{\"@id\":\"https:\/\/www.brognoli.com.br\/blog\/#website\"},\"datePublished\":\"2019-07-03T20:01:04+00:00\",\"dateModified\":\"2019-07-03T20:01:04+00:00\",\"breadcrumb\":{\"@id\":\"https:\/\/www.brognoli.com.br\/blog\/abmi-reune-se-em-florianopolis-para-o-encerramento-das-comemoracoes-de-20-anos\/#breadcrumb\"},\"inLanguage\":\"pt-BR\",\"potentialAction\":[{\"@type\":\"ReadAction\",\"target\":[\"https:\/\/www.brognoli.com.br\/blog\/abmi-reune-se-em-florianopolis-para-o-encerramento-das-comemoracoes-de-20-anos\/\"]}]},{\"@type\":\"BreadcrumbList\",\"@id\":\"https:\/\/www.brognoli.com.br\/blog\/abmi-reune-se-em-florianopolis-para-o-encerramento-das-comemoracoes-de-20-anos\/#breadcrumb\",\"itemListElement\":[{\"@type\":\"ListItem\",\"position\":1,\"name\":\"In\u00edcio\",\"item\":\"https:\/\/www.brognoli.com.br\/blog\/\"},{\"@type\":\"ListItem\",\"position\":2,\"name\":\"ABMI re\u00fane-se em Florian\u00f3polis para o encerramento das comemora\u00e7\u00f5es de 20 anos\"}]},{\"@type\":\"WebSite\",\"@id\":\"https:\/\/www.brognoli.com.br\/blog\/#website\",\"url\":\"https:\/\/www.brognoli.com.br\/blog\/\",\"name\":\"Brognoli\",\"description\":\"Brognoli\",\"publisher\":{\"@id\":\"https:\/\/www.brognoli.com.br\/blog\/#organization\"},\"potentialAction\":[{\"@type\":\"SearchAction\",\"target\":{\"@type\":\"EntryPoint\",\"urlTemplate\":\"https:\/\/www.brognoli.com.br\/blog\/?s={search_term_string}\"},\"query-input\":\"required name=search_term_string\"}],\"inLanguage\":\"pt-BR\"},{\"@type\":\"Organization\",\"@id\":\"https:\/\/www.brognoli.com.br\/blog\/#organization\",\"name\":\"Brognoli\",\"url\":\"https:\/\/www.brognoli.com.br\/blog\/\",\"logo\":{\"@type\":\"ImageObject\",\"inLanguage\":\"pt-BR\",\"@id\":\"https:\/\/www.brognoli.com.br\/blog\/#\/schema\/logo\/image\/\",\"url\":\"https:\/\/www.brognoli.com.br\/blog\/wp-content\/uploads\/2024\/10\/cropped-cropped-BRO_LOGO_3@300x.png\",\"contentUrl\":\"https:\/\/www.brognoli.com.br\/blog\/wp-content\/uploads\/2024\/10\/cropped-cropped-BRO_LOGO_3@300x.png\",\"width\":1762,\"height\":605,\"caption\":\"Brognoli\"},\"image\":{\"@id\":\"https:\/\/www.brognoli.com.br\/blog\/#\/schema\/logo\/image\/\"}},{\"@type\":\"Person\",\"@id\":\"https:\/\/www.brognoli.com.br\/blog\/#\/schema\/person\/87771d6b68b99d9d9db50bfcf109f10c\",\"name\":\"brognoli\",\"image\":{\"@type\":\"ImageObject\",\"inLanguage\":\"pt-BR\",\"@id\":\"https:\/\/www.brognoli.com.br\/blog\/#\/schema\/person\/image\/\",\"url\":\"https:\/\/secure.gravatar.com\/avatar\/a7836fc1468501cb19a0ad1df34b5f85abe16dfce609e03bba719de31c58ea48?s=96&d=mm&r=g\",\"contentUrl\":\"https:\/\/secure.gravatar.com\/avatar\/a7836fc1468501cb19a0ad1df34b5f85abe16dfce609e03bba719de31c58ea48?s=96&d=mm&r=g\",\"caption\":\"brognoli\"},\"url\":\"https:\/\/www.brognoli.com.br\/blog\/author\/brognoli\/\"}]}<\/script>\n<!-- \/ Yoast SEO plugin. -->","yoast_head_json":{"title":"ABMI re\u00fane-se em Florian\u00f3polis para o encerramento das comemora\u00e7\u00f5es de 20 anos - Brognoli","robots":{"index":"index","follow":"follow","max-snippet":"max-snippet:-1","max-image-preview":"max-image-preview:large","max-video-preview":"max-video-preview:-1"},"canonical":"https:\/\/www.brognoli.com.br\/blog\/abmi-reune-se-em-florianopolis-para-o-encerramento-das-comemoracoes-de-20-anos\/","og_locale":"pt_BR","og_type":"article","og_title":"ABMI re\u00fane-se em Florian\u00f3polis para o encerramento das comemora\u00e7\u00f5es de 20 anos - Brognoli","og_description":"Entre os dias 17 e 20 de outubro, a Brognoli recepcionou em Florian\u00f3polis o 70\u00ba Encontro da Associa\u00e7\u00e3o Brasileira de Mercado Imobili\u00e1rio (ABMI), entidade que re\u00fane algumas das mais conceituadas [&hellip;]","og_url":"https:\/\/www.brognoli.com.br\/blog\/abmi-reune-se-em-florianopolis-para-o-encerramento-das-comemoracoes-de-20-anos\/","og_site_name":"Brognoli","article_published_time":"2019-07-03T20:01:04+00:00","og_image":[{"width":993,"height":666,"url":"https:\/\/www.brognoli.com.br\/blog\/wp-content\/uploads\/2022\/10\/Capa-Menor-1.png","type":"image\/png"}],"author":"brognoli","twitter_card":"summary_large_image","twitter_misc":{"Escrito por":"brognoli","Est. tempo de leitura":"3 minutos"},"schema":{"@context":"https:\/\/schema.org","@graph":[{"@type":"Article","@id":"https:\/\/www.brognoli.com.br\/blog\/abmi-reune-se-em-florianopolis-para-o-encerramento-das-comemoracoes-de-20-anos\/#article","isPartOf":{"@id":"https:\/\/www.brognoli.com.br\/blog\/abmi-reune-se-em-florianopolis-para-o-encerramento-das-comemoracoes-de-20-anos\/"},"author":{"name":"brognoli","@id":"https:\/\/www.brognoli.com.br\/blog\/#\/schema\/person\/87771d6b68b99d9d9db50bfcf109f10c"},"headline":"ABMI re\u00fane-se em Florian\u00f3polis para o encerramento das comemora\u00e7\u00f5es de 20 anos","datePublished":"2019-07-03T20:01:04+00:00","dateModified":"2019-07-03T20:01:04+00:00","mainEntityOfPage":{"@id":"https:\/\/www.brognoli.com.br\/blog\/abmi-reune-se-em-florianopolis-para-o-encerramento-das-comemoracoes-de-20-anos\/"},"wordCount":606,"publisher":{"@id":"https:\/\/www.brognoli.com.br\/blog\/#organization"},"articleSection":["Business","Destaque"],"inLanguage":"pt-BR"},{"@type":"WebPage","@id":"https:\/\/www.brognoli.com.br\/blog\/abmi-reune-se-em-florianopolis-para-o-encerramento-das-comemoracoes-de-20-anos\/","url":"https:\/\/www.brognoli.com.br\/blog\/abmi-reune-se-em-florianopolis-para-o-encerramento-das-comemoracoes-de-20-anos\/","name":"ABMI re\u00fane-se em Florian\u00f3polis para o encerramento das comemora\u00e7\u00f5es de 20 anos - Brognoli","isPartOf":{"@id":"https:\/\/www.brognoli.com.br\/blog\/#website"},"datePublished":"2019-07-03T20:01:04+00:00","dateModified":"2019-07-03T20:01:04+00:00","breadcrumb":{"@id":"https:\/\/www.brognoli.com.br\/blog\/abmi-reune-se-em-florianopolis-para-o-encerramento-das-comemoracoes-de-20-anos\/#breadcrumb"},"inLanguage":"pt-BR","potentialAction":[{"@type":"ReadAction","target":["https:\/\/www.brognoli.com.br\/blog\/abmi-reune-se-em-florianopolis-para-o-encerramento-das-comemoracoes-de-20-anos\/"]}]},{"@type":"BreadcrumbList","@id":"https:\/\/www.brognoli.com.br\/blog\/abmi-reune-se-em-florianopolis-para-o-encerramento-das-comemoracoes-de-20-anos\/#breadcrumb","itemListElement":[{"@type":"ListItem","position":1,"name":"In\u00edcio","item":"https:\/\/www.brognoli.com.br\/blog\/"},{"@type":"ListItem","position":2,"name":"ABMI re\u00fane-se em Florian\u00f3polis para o encerramento das comemora\u00e7\u00f5es de 20 anos"}]},{"@type":"WebSite","@id":"https:\/\/www.brognoli.com.br\/blog\/#website","url":"https:\/\/www.brognoli.com.br\/blog\/","name":"Brognoli","description":"Brognoli","publisher":{"@id":"https:\/\/www.brognoli.com.br\/blog\/#organization"},"potentialAction":[{"@type":"SearchAction","target":{"@type":"EntryPoint","urlTemplate":"https:\/\/www.brognoli.com.br\/blog\/?s={search_term_string}"},"query-input":"required name=search_term_string"}],"inLanguage":"pt-BR"},{"@type":"Organization","@id":"https:\/\/www.brognoli.com.br\/blog\/#organization","name":"Brognoli","url":"https:\/\/www.brognoli.com.br\/blog\/","logo":{"@type":"ImageObject","inLanguage":"pt-BR","@id":"https:\/\/www.brognoli.com.br\/blog\/#\/schema\/logo\/image\/","url":"https:\/\/www.brognoli.com.br\/blog\/wp-content\/uploads\/2024\/10\/cropped-cropped-BRO_LOGO_3@300x.png","contentUrl":"https:\/\/www.brognoli.com.br\/blog\/wp-content\/uploads\/2024\/10\/cropped-cropped-BRO_LOGO_3@300x.png","width":1762,"height":605,"caption":"Brognoli"},"image":{"@id":"https:\/\/www.brognoli.com.br\/blog\/#\/schema\/logo\/image\/"}},{"@type":"Person","@id":"https:\/\/www.brognoli.com.br\/blog\/#\/schema\/person\/87771d6b68b99d9d9db50bfcf109f10c","name":"brognoli","image":{"@type":"ImageObject","inLanguage":"pt-BR","@id":"https:\/\/www.brognoli.com.br\/blog\/#\/schema\/person\/image\/","url":"https:\/\/secure.gravatar.com\/avatar\/a7836fc1468501cb19a0ad1df34b5f85abe16dfce609e03bba719de31c58ea48?s=96&d=mm&r=g","contentUrl":"https:\/\/secure.gravatar.com\/avatar\/a7836fc1468501cb19a0ad1df34b5f85abe16dfce609e03bba719de31c58ea48?s=96&d=mm&r=g","caption":"brognoli"},"url":"https:\/\/www.brognoli.com.br\/blog\/author\/brognoli\/"}]}},"_links":{"self":[{"href":"https:\/\/www.brognoli.com.br\/blog\/wp-json\/wp\/v2\/posts\/2205779","targetHints":{"allow":["GET"]}}],"collection":[{"href":"https:\/\/www.brognoli.com.br\/blog\/wp-json\/wp\/v2\/posts"}],"about":[{"href":"https:\/\/www.brognoli.com.br\/blog\/wp-json\/wp\/v2\/types\/post"}],"author":[{"embeddable":true,"href":"https:\/\/www.brognoli.com.br\/blog\/wp-json\/wp\/v2\/users\/7"}],"replies":[{"embeddable":true,"href":"https:\/\/www.brognoli.com.br\/blog\/wp-json\/wp\/v2\/comments?post=2205779"}],"version-history":[{"count":0,"href":"https:\/\/www.brognoli.com.br\/blog\/wp-json\/wp\/v2\/posts\/2205779\/revisions"}],"wp:featuredmedia":[{"embeddable":true,"href":"https:\/\/www.brognoli.com.br\/blog\/wp-json\/wp\/v2\/media\/2205447"}],"wp:attachment":[{"href":"https:\/\/www.brognoli.com.br\/blog\/wp-json\/wp\/v2\/media?parent=2205779"}],"wp:term":[{"taxonomy":"category","embeddable":true,"href":"https:\/\/www.brognoli.com.br\/blog\/wp-json\/wp\/v2\/categories?post=2205779"},{"taxonomy":"post_tag","embeddable":true,"href":"https:\/\/www.brognoli.com.br\/blog\/wp-json\/wp\/v2\/tags?post=2205779"}],"curies":[{"name":"wp","href":"https:\/\/api.w.org\/{rel}","templated":true}]}}