{"id":2205792,"date":"2019-07-03T17:01:04","date_gmt":"2019-07-03T20:01:04","guid":{"rendered":"https:\/\/api-portal.brognoli.com.br\/imobiliarias-brognoli-e-terraz-anunciam-parceria-e-lancam-primeira-plataforma-digital-para-locacao-de-imoveis-em-sc\/"},"modified":"2019-07-03T17:01:04","modified_gmt":"2019-07-03T20:01:04","slug":"imobiliarias-brognoli-e-terraz-anunciam-parceria-e-lancam-primeira-plataforma-digital-para-locacao-de-imoveis-em-sc","status":"publish","type":"post","link":"https:\/\/www.brognoli.com.br\/blog\/imobiliarias-brognoli-e-terraz-anunciam-parceria-e-lancam-primeira-plataforma-digital-para-locacao-de-imoveis-em-sc\/","title":{"rendered":"Imobili\u00e1rias Brognoli e Terraz anunciam parceria e lan\u00e7am primeira plataforma digital para loca\u00e7\u00e3o de im\u00f3veis em SC"},"content":{"rendered":"<p style=\"text-align: center;\"><i>Com 1,3 mil im\u00f3veis dispon\u00edveis, sistema online desburocratiza processo de loca\u00e7\u00e3o e permite expans\u00e3o das empresas a outros mercados, afirmam os CEOs Eduardo Barbosa (Brognoli) e Lucas Madalosso (Terraz). Foto: Divulga\u00e7\u00e3o Brognoli<\/i><\/p>\n<p>Uma parceria entre a&nbsp;<a href=\"http:\/\/bit.ly\/2F8WRKf\" target=\"_blank\" rel=\"noopener\">Brognoli Im\u00f3veis<\/a>, que atua h\u00e1 63 anos na Grande Florian\u00f3polis, e&nbsp;a&nbsp;<a href=\"http:\/\/bit.ly\/2Fbnm1t\" target=\"_blank\" rel=\"noopener\">Terraz<\/a>, fundada no in\u00edcio dos anos 2000, deu origem \u00e0 primeira imobili\u00e1ria digital da capital catarinense. As duas empresas anunciaram nesta quinta, 21 de mar\u00e7o,&nbsp;<b>a uni\u00e3o das opera\u00e7\u00f5es de loca\u00e7\u00e3o<\/b>&nbsp;e o lan\u00e7amento de uma plataforma online, a&nbsp;<b>Terraz Aluguel Digital<\/b>, para disponibilizar um portf\u00f3lio de 1,3 mil im\u00f3veis para loca\u00e7\u00e3o em Florian\u00f3polis e nos munic\u00edpios vizinhos (S\u00e3o Jos\u00e9, Bigua\u00e7u e Palho\u00e7a), permitindo que todo o processo de loca\u00e7\u00e3o seja feito online, com menos burocracia e mais agilidade.<\/p>\n<p>A parceria agrega o portf\u00f3lio e a estrutura da Brognoli \u2013 que tem seis lojas f\u00edsicas, mais de 150 colaboradores e 1,2 mil im\u00f3veis dispon\u00edveis -, com a expertise digital da Terraz, que lan\u00e7ou no final de 2018 uma plataforma in\u00e9dita no mercado local com oferta de diversos servi\u00e7os online ao consumidor. Entre os servi\u00e7os oferecidos pela plataforma est\u00e1 a possibilidade de loca\u00e7\u00e3o em menos de 24 horas por meio de um processo totalmente digital, sem necessidade de fiador ou assinatura de contrato em cart\u00f3rio.<\/p>\n<p>\u201cOs clientes ter\u00e3o fotos, tour virtual e uma ficha completa de informa\u00e7\u00f5es dos im\u00f3veis para otimizar o processo de agendamento de visitas. Para os propriet\u00e1rios, o diferencial da plataforma \u00e9 uma menor taxa de administra\u00e7\u00e3o dos im\u00f3veis, em compara\u00e7\u00e3o com a m\u00e9dia do mercado\u201d, destaca Lucas Madalosso, CEO da Terraz.<\/p>\n<p>As duas empresas v\u00eam, nos \u00faltimos anos,&nbsp;<a href=\"https:\/\/scinova.com.br\/brognoli-o-que-fez-um-imobiliaria-sexagenaria-investir-em-projetos-de-inovacao\/\" target=\"_blank\" rel=\"noopener\">investindo em projetos de inova\u00e7\u00e3o<\/a>&nbsp;e buscando o apoio de startups locais para atender o crescente p\u00fablico digital. \u201cCom a plataforma Terraz Aluguel Digital, Florian\u00f3polis passa a ter o seu&nbsp;<b>Uber das imobili\u00e1rias<\/b>, com a diferen\u00e7a de ser uma inova\u00e7\u00e3o criada por empresas que nasceram aqui, que conhecem bem o mercado e buscaram no ecossistema local de tecnologia apoio para desenvolver um novo modelo de atua\u00e7\u00e3o\u201d, resume o CEO da Brognoli, Eduardo Barbosa. Desde 2017, a empresa participa do LinkLab,&nbsp;<a href=\"http:\/\/linklab.acate.com.br\/\" target=\"_blank\" rel=\"noopener\">programa de inova\u00e7\u00e3o aberta<\/a>&nbsp;da Associa\u00e7\u00e3o Catarinense de Tecnologia (ACATE), que estimula a conex\u00e3o de companhias mais tradicionais ao universo das startups.<\/p>\n<p>Com a cria\u00e7\u00e3o de um time interno de inova\u00e7\u00e3o, a empresa come\u00e7ou a&nbsp;<b>desenvolver um ambiente cada vez mais digital de atendimento<\/b>, utilizando tecnologias de pr\u00e9-venda,&nbsp;<i>chat bots<\/i>&nbsp;e&nbsp;<i>big data<\/i>. Al\u00e9m de aluguel sem fiador (um dos principais entraves no processo de loca\u00e7\u00e3o de im\u00f3veis), que reduz o tempo de an\u00e1lise de cr\u00e9dito de 48 horas para 15 minutos, por exemplo.\u201cAl\u00e9m de reduzir drasticamente o tempo do processo de loca\u00e7\u00e3o, essa jornada digital do consumidor ajudou a ampliar em 25% o volume de nossas loca\u00e7\u00f5es\u201d, calcula Barbosa.<\/p>\n<h3>DO CONVENCIONAL AO DIGITAL<\/h3>\n<p>A Terraz, que completa 17 anos em 2019, entrou de cabe\u00e7a no ambiente de inova\u00e7\u00e3o. \u201cN\u00f3s \u00e9ramos uma empresa totalmente convencional h\u00e1 pouco mais de dois anos. Mas como sou fascinado por tecnologia, percebi que seria poss\u00edvel fazer uma virada no nosso mercado para uma atua\u00e7\u00e3o digital e oferecer uma jornada mais valiosa para o locador e o locat\u00e1rio, desburocratizando o processo\u201d, comenta Lucas.<\/p>\n<p>Ao longo deste per\u00edodo, a empresa foi buscar novas tecnologias e solu\u00e7\u00f5es com empreendedores locais. \u201cNossa estrat\u00e9gia era ser um campo f\u00e9rtil para que startups pudessem testar e pivotar conosco seus produtos. Nos abrimos para o desenvolvimento de novas ideias\u201d, explica Lucas. O desafio da Terraz, a partir do lan\u00e7amento da plataforma, \u00e9 o potencial de crescer em escala, j\u00e1 que a empresa contava com um portf\u00f3lio ainda restrito a alguns bairros da cidade, como as regi\u00f5es no entorno das universidades (UFSC e UDESC), Centro e Campeche (sul da Ilha).<\/p>\n<p>Esta&nbsp;<b>conex\u00e3o com o ambiente de startups<\/b>&nbsp;acabou aproximando as duas empresas e, mais recentemente, as necessidades de cada uma em seus processos de inova\u00e7\u00e3o, o que levou, naturalmente, \u00e0 parceria anunciada nesta semana. Como lembra o CEO da Brognoli: \u201celes n\u00e3o tinham uma carteira grande, mas possu\u00edam um processo bem digitalizado, com ferramentas para o usu\u00e1rio transitar totalmente no digital. Por estarmos no LinkLab e termos essa preocupa\u00e7\u00e3o em desenvolver inova\u00e7\u00e3o, a possibilidade de uma parceria acabou sendo uma consequ\u00eancia\u201d.<\/p>\n<p>Com a uni\u00e3o das opera\u00e7\u00f5es, a Terraz Aluguel Digital passa a atuar dentro do espa\u00e7o da Brognoli no LinkLab Acate, com a equipe de vendas, marketing, TI e suporte. A marca ser\u00e1 mantida e a plataforma passa a incorporar o portf\u00f3lio das duas imobili\u00e1rias, se tornando o canal digital da Brognoli \u2013 que pretende utilizar toda a estrutura de atendimento presencial como um diferencial para propriet\u00e1rios de im\u00f3veis e locat\u00e1rios, em compara\u00e7\u00e3o com outros servi\u00e7os exclusivamente digitais.<\/p>\n<p>Ap\u00f3s a consolida\u00e7\u00e3o do servi\u00e7o online na Grande Florian\u00f3polis, a ideia \u00e9&nbsp;<b>expandir a atua\u00e7\u00e3o para outras cidades catarinenses nos pr\u00f3ximos dois anos<\/b>, utilizando o potencial de escalabilidade da plataforma digital. \u201cJ\u00e1 estamos observando novos mercados e fazendo estudos. Com o modelo validado, podemos chegar a novas regi\u00f5es sem a necessidade de montar uma estrutura f\u00edsica\u201d, ressalta Barbosa.<\/p>\n<p><strong><em><br \/>\nReportagem: Fabr\u00edcio Rodrigues,&nbsp;<a href=\"mailto:scinova@scinova.com.br\" target=\"_blank\" rel=\"noopener\">scinova@scinova.com.br<\/a>&nbsp;<\/em><\/strong><\/p>\n<p>Texto produzido pelo <a href=\"https:\/\/scinova.com.br\/imobiliarias-brognoli-e-terraz-anunciam-parceria-e-lancam-primeira-plataforma-digital-para-locacao-de-imoveis-em-sc\/\">portal SC Inova<\/a>.<\/p>\n<p>&nbsp;<\/p>\n<p>Est\u00e1 procurando im\u00f3vel para alugar? Acesse o nosso <a href=\"https:\/\/www.brognoli.com.br\/imoveis\/?sort=newest&amp;search_type=3\">portal<\/a> e encontre o lar perfeito para o seu momento!<\/p>\n","protected":false},"excerpt":{"rendered":"<p>Com 1,3 mil im\u00f3veis dispon\u00edveis, sistema online desburocratiza processo de loca\u00e7\u00e3o e permite expans\u00e3o das empresas a outros mercados, afirmam os CEOs Eduardo Barbosa (Brognoli) e Lucas Madalosso (Terraz). Foto: [&hellip;]<\/p>\n","protected":false},"author":7,"featured_media":2205491,"comment_status":"closed","ping_status":"closed","sticky":false,"template":"","format":"standard","meta":{"footnotes":""},"categories":[21,22],"tags":[112,30,45,32,113,114,115,83],"class_list":["post-2205792","post","type-post","status-publish","format-standard","has-post-thumbnail","hentry","category-business","category-destaque","tag-aluguel-digital","tag-brognoli","tag-florianopolis","tag-imoveis","tag-inovacao","tag-terraz","tag-tour-virtual","tag-viver-melhor"],"yoast_head":"<!-- This site is optimized with the Yoast SEO plugin v21.3 - https:\/\/yoast.com\/wordpress\/plugins\/seo\/ -->\n<title>Imobili\u00e1rias Brognoli e Terraz anunciam parceria e lan\u00e7am primeira plataforma digital para loca\u00e7\u00e3o de im\u00f3veis em SC - Brognoli<\/title>\n<meta name=\"robots\" content=\"index, follow, max-snippet:-1, max-image-preview:large, max-video-preview:-1\" \/>\n<link rel=\"canonical\" href=\"https:\/\/www.brognoli.com.br\/blog\/imobiliarias-brognoli-e-terraz-anunciam-parceria-e-lancam-primeira-plataforma-digital-para-locacao-de-imoveis-em-sc\/\" \/>\n<meta property=\"og:locale\" content=\"pt_BR\" \/>\n<meta property=\"og:type\" content=\"article\" \/>\n<meta property=\"og:title\" content=\"Imobili\u00e1rias Brognoli e Terraz anunciam parceria e lan\u00e7am primeira plataforma digital para loca\u00e7\u00e3o de im\u00f3veis em SC - Brognoli\" \/>\n<meta property=\"og:description\" content=\"Com 1,3 mil im\u00f3veis dispon\u00edveis, sistema online desburocratiza processo de loca\u00e7\u00e3o e permite expans\u00e3o das empresas a outros mercados, afirmam os CEOs Eduardo Barbosa (Brognoli) e Lucas Madalosso (Terraz). Foto: [&hellip;]\" \/>\n<meta property=\"og:url\" content=\"https:\/\/www.brognoli.com.br\/blog\/imobiliarias-brognoli-e-terraz-anunciam-parceria-e-lancam-primeira-plataforma-digital-para-locacao-de-imoveis-em-sc\/\" \/>\n<meta property=\"og:site_name\" content=\"Brognoli\" \/>\n<meta property=\"article:published_time\" content=\"2019-07-03T20:01:04+00:00\" \/>\n<meta property=\"og:image\" content=\"https:\/\/www.brognoli.com.br\/blog\/wp-content\/uploads\/2022\/10\/Brognoli_Terraz_Barbosa_Lucas.jpg\" \/>\n\t<meta property=\"og:image:width\" content=\"1200\" \/>\n\t<meta property=\"og:image:height\" content=\"603\" \/>\n\t<meta property=\"og:image:type\" content=\"image\/jpeg\" \/>\n<meta name=\"author\" content=\"brognoli\" \/>\n<meta name=\"twitter:card\" content=\"summary_large_image\" \/>\n<meta name=\"twitter:label1\" content=\"Escrito por\" \/>\n\t<meta name=\"twitter:data1\" content=\"brognoli\" \/>\n\t<meta name=\"twitter:label2\" content=\"Est. tempo de leitura\" \/>\n\t<meta name=\"twitter:data2\" content=\"5 minutos\" \/>\n<script type=\"application\/ld+json\" class=\"yoast-schema-graph\">{\"@context\":\"https:\/\/schema.org\",\"@graph\":[{\"@type\":\"Article\",\"@id\":\"https:\/\/www.brognoli.com.br\/blog\/imobiliarias-brognoli-e-terraz-anunciam-parceria-e-lancam-primeira-plataforma-digital-para-locacao-de-imoveis-em-sc\/#article\",\"isPartOf\":{\"@id\":\"https:\/\/www.brognoli.com.br\/blog\/imobiliarias-brognoli-e-terraz-anunciam-parceria-e-lancam-primeira-plataforma-digital-para-locacao-de-imoveis-em-sc\/\"},\"author\":{\"name\":\"brognoli\",\"@id\":\"https:\/\/www.brognoli.com.br\/blog\/#\/schema\/person\/87771d6b68b99d9d9db50bfcf109f10c\"},\"headline\":\"Imobili\u00e1rias Brognoli e Terraz anunciam parceria e lan\u00e7am primeira plataforma digital para loca\u00e7\u00e3o de im\u00f3veis em SC\",\"datePublished\":\"2019-07-03T20:01:04+00:00\",\"dateModified\":\"2019-07-03T20:01:04+00:00\",\"mainEntityOfPage\":{\"@id\":\"https:\/\/www.brognoli.com.br\/blog\/imobiliarias-brognoli-e-terraz-anunciam-parceria-e-lancam-primeira-plataforma-digital-para-locacao-de-imoveis-em-sc\/\"},\"wordCount\":990,\"publisher\":{\"@id\":\"https:\/\/www.brognoli.com.br\/blog\/#organization\"},\"keywords\":[\"Aluguel Digital\",\"Brognoli\",\"florian\u00f3polis\",\"im\u00f3veis\",\"Inova\u00e7\u00e3o\",\"Terraz\",\"Tour Virtual\",\"Viver Melhor\"],\"articleSection\":[\"Business\",\"Destaque\"],\"inLanguage\":\"pt-BR\"},{\"@type\":\"WebPage\",\"@id\":\"https:\/\/www.brognoli.com.br\/blog\/imobiliarias-brognoli-e-terraz-anunciam-parceria-e-lancam-primeira-plataforma-digital-para-locacao-de-imoveis-em-sc\/\",\"url\":\"https:\/\/www.brognoli.com.br\/blog\/imobiliarias-brognoli-e-terraz-anunciam-parceria-e-lancam-primeira-plataforma-digital-para-locacao-de-imoveis-em-sc\/\",\"name\":\"Imobili\u00e1rias Brognoli e Terraz anunciam parceria e lan\u00e7am primeira plataforma digital para loca\u00e7\u00e3o de im\u00f3veis em SC - Brognoli\",\"isPartOf\":{\"@id\":\"https:\/\/www.brognoli.com.br\/blog\/#website\"},\"datePublished\":\"2019-07-03T20:01:04+00:00\",\"dateModified\":\"2019-07-03T20:01:04+00:00\",\"breadcrumb\":{\"@id\":\"https:\/\/www.brognoli.com.br\/blog\/imobiliarias-brognoli-e-terraz-anunciam-parceria-e-lancam-primeira-plataforma-digital-para-locacao-de-imoveis-em-sc\/#breadcrumb\"},\"inLanguage\":\"pt-BR\",\"potentialAction\":[{\"@type\":\"ReadAction\",\"target\":[\"https:\/\/www.brognoli.com.br\/blog\/imobiliarias-brognoli-e-terraz-anunciam-parceria-e-lancam-primeira-plataforma-digital-para-locacao-de-imoveis-em-sc\/\"]}]},{\"@type\":\"BreadcrumbList\",\"@id\":\"https:\/\/www.brognoli.com.br\/blog\/imobiliarias-brognoli-e-terraz-anunciam-parceria-e-lancam-primeira-plataforma-digital-para-locacao-de-imoveis-em-sc\/#breadcrumb\",\"itemListElement\":[{\"@type\":\"ListItem\",\"position\":1,\"name\":\"In\u00edcio\",\"item\":\"https:\/\/www.brognoli.com.br\/blog\/\"},{\"@type\":\"ListItem\",\"position\":2,\"name\":\"Imobili\u00e1rias Brognoli e Terraz anunciam parceria e lan\u00e7am primeira plataforma digital para loca\u00e7\u00e3o de im\u00f3veis em SC\"}]},{\"@type\":\"WebSite\",\"@id\":\"https:\/\/www.brognoli.com.br\/blog\/#website\",\"url\":\"https:\/\/www.brognoli.com.br\/blog\/\",\"name\":\"Brognoli\",\"description\":\"Brognoli\",\"publisher\":{\"@id\":\"https:\/\/www.brognoli.com.br\/blog\/#organization\"},\"potentialAction\":[{\"@type\":\"SearchAction\",\"target\":{\"@type\":\"EntryPoint\",\"urlTemplate\":\"https:\/\/www.brognoli.com.br\/blog\/?s={search_term_string}\"},\"query-input\":\"required name=search_term_string\"}],\"inLanguage\":\"pt-BR\"},{\"@type\":\"Organization\",\"@id\":\"https:\/\/www.brognoli.com.br\/blog\/#organization\",\"name\":\"Brognoli\",\"url\":\"https:\/\/www.brognoli.com.br\/blog\/\",\"logo\":{\"@type\":\"ImageObject\",\"inLanguage\":\"pt-BR\",\"@id\":\"https:\/\/www.brognoli.com.br\/blog\/#\/schema\/logo\/image\/\",\"url\":\"https:\/\/www.brognoli.com.br\/blog\/wp-content\/uploads\/2024\/10\/cropped-cropped-BRO_LOGO_3@300x.png\",\"contentUrl\":\"https:\/\/www.brognoli.com.br\/blog\/wp-content\/uploads\/2024\/10\/cropped-cropped-BRO_LOGO_3@300x.png\",\"width\":1762,\"height\":605,\"caption\":\"Brognoli\"},\"image\":{\"@id\":\"https:\/\/www.brognoli.com.br\/blog\/#\/schema\/logo\/image\/\"}},{\"@type\":\"Person\",\"@id\":\"https:\/\/www.brognoli.com.br\/blog\/#\/schema\/person\/87771d6b68b99d9d9db50bfcf109f10c\",\"name\":\"brognoli\",\"image\":{\"@type\":\"ImageObject\",\"inLanguage\":\"pt-BR\",\"@id\":\"https:\/\/www.brognoli.com.br\/blog\/#\/schema\/person\/image\/\",\"url\":\"https:\/\/secure.gravatar.com\/avatar\/a7836fc1468501cb19a0ad1df34b5f85abe16dfce609e03bba719de31c58ea48?s=96&d=mm&r=g\",\"contentUrl\":\"https:\/\/secure.gravatar.com\/avatar\/a7836fc1468501cb19a0ad1df34b5f85abe16dfce609e03bba719de31c58ea48?s=96&d=mm&r=g\",\"caption\":\"brognoli\"},\"url\":\"https:\/\/www.brognoli.com.br\/blog\/author\/brognoli\/\"}]}<\/script>\n<!-- \/ Yoast SEO plugin. -->","yoast_head_json":{"title":"Imobili\u00e1rias Brognoli e Terraz anunciam parceria e lan\u00e7am primeira plataforma digital para loca\u00e7\u00e3o de im\u00f3veis em SC - Brognoli","robots":{"index":"index","follow":"follow","max-snippet":"max-snippet:-1","max-image-preview":"max-image-preview:large","max-video-preview":"max-video-preview:-1"},"canonical":"https:\/\/www.brognoli.com.br\/blog\/imobiliarias-brognoli-e-terraz-anunciam-parceria-e-lancam-primeira-plataforma-digital-para-locacao-de-imoveis-em-sc\/","og_locale":"pt_BR","og_type":"article","og_title":"Imobili\u00e1rias Brognoli e Terraz anunciam parceria e lan\u00e7am primeira plataforma digital para loca\u00e7\u00e3o de im\u00f3veis em SC - Brognoli","og_description":"Com 1,3 mil im\u00f3veis dispon\u00edveis, sistema online desburocratiza processo de loca\u00e7\u00e3o e permite expans\u00e3o das empresas a outros mercados, afirmam os CEOs Eduardo Barbosa (Brognoli) e Lucas Madalosso (Terraz). Foto: [&hellip;]","og_url":"https:\/\/www.brognoli.com.br\/blog\/imobiliarias-brognoli-e-terraz-anunciam-parceria-e-lancam-primeira-plataforma-digital-para-locacao-de-imoveis-em-sc\/","og_site_name":"Brognoli","article_published_time":"2019-07-03T20:01:04+00:00","og_image":[{"width":1200,"height":603,"url":"https:\/\/www.brognoli.com.br\/blog\/wp-content\/uploads\/2022\/10\/Brognoli_Terraz_Barbosa_Lucas.jpg","type":"image\/jpeg"}],"author":"brognoli","twitter_card":"summary_large_image","twitter_misc":{"Escrito por":"brognoli","Est. tempo de leitura":"5 minutos"},"schema":{"@context":"https:\/\/schema.org","@graph":[{"@type":"Article","@id":"https:\/\/www.brognoli.com.br\/blog\/imobiliarias-brognoli-e-terraz-anunciam-parceria-e-lancam-primeira-plataforma-digital-para-locacao-de-imoveis-em-sc\/#article","isPartOf":{"@id":"https:\/\/www.brognoli.com.br\/blog\/imobiliarias-brognoli-e-terraz-anunciam-parceria-e-lancam-primeira-plataforma-digital-para-locacao-de-imoveis-em-sc\/"},"author":{"name":"brognoli","@id":"https:\/\/www.brognoli.com.br\/blog\/#\/schema\/person\/87771d6b68b99d9d9db50bfcf109f10c"},"headline":"Imobili\u00e1rias Brognoli e Terraz anunciam parceria e lan\u00e7am primeira plataforma digital para loca\u00e7\u00e3o de im\u00f3veis em SC","datePublished":"2019-07-03T20:01:04+00:00","dateModified":"2019-07-03T20:01:04+00:00","mainEntityOfPage":{"@id":"https:\/\/www.brognoli.com.br\/blog\/imobiliarias-brognoli-e-terraz-anunciam-parceria-e-lancam-primeira-plataforma-digital-para-locacao-de-imoveis-em-sc\/"},"wordCount":990,"publisher":{"@id":"https:\/\/www.brognoli.com.br\/blog\/#organization"},"keywords":["Aluguel Digital","Brognoli","florian\u00f3polis","im\u00f3veis","Inova\u00e7\u00e3o","Terraz","Tour Virtual","Viver Melhor"],"articleSection":["Business","Destaque"],"inLanguage":"pt-BR"},{"@type":"WebPage","@id":"https:\/\/www.brognoli.com.br\/blog\/imobiliarias-brognoli-e-terraz-anunciam-parceria-e-lancam-primeira-plataforma-digital-para-locacao-de-imoveis-em-sc\/","url":"https:\/\/www.brognoli.com.br\/blog\/imobiliarias-brognoli-e-terraz-anunciam-parceria-e-lancam-primeira-plataforma-digital-para-locacao-de-imoveis-em-sc\/","name":"Imobili\u00e1rias Brognoli e Terraz anunciam parceria e lan\u00e7am primeira plataforma digital para loca\u00e7\u00e3o de im\u00f3veis em SC - Brognoli","isPartOf":{"@id":"https:\/\/www.brognoli.com.br\/blog\/#website"},"datePublished":"2019-07-03T20:01:04+00:00","dateModified":"2019-07-03T20:01:04+00:00","breadcrumb":{"@id":"https:\/\/www.brognoli.com.br\/blog\/imobiliarias-brognoli-e-terraz-anunciam-parceria-e-lancam-primeira-plataforma-digital-para-locacao-de-imoveis-em-sc\/#breadcrumb"},"inLanguage":"pt-BR","potentialAction":[{"@type":"ReadAction","target":["https:\/\/www.brognoli.com.br\/blog\/imobiliarias-brognoli-e-terraz-anunciam-parceria-e-lancam-primeira-plataforma-digital-para-locacao-de-imoveis-em-sc\/"]}]},{"@type":"BreadcrumbList","@id":"https:\/\/www.brognoli.com.br\/blog\/imobiliarias-brognoli-e-terraz-anunciam-parceria-e-lancam-primeira-plataforma-digital-para-locacao-de-imoveis-em-sc\/#breadcrumb","itemListElement":[{"@type":"ListItem","position":1,"name":"In\u00edcio","item":"https:\/\/www.brognoli.com.br\/blog\/"},{"@type":"ListItem","position":2,"name":"Imobili\u00e1rias Brognoli e Terraz anunciam parceria e lan\u00e7am primeira plataforma digital para loca\u00e7\u00e3o de im\u00f3veis em SC"}]},{"@type":"WebSite","@id":"https:\/\/www.brognoli.com.br\/blog\/#website","url":"https:\/\/www.brognoli.com.br\/blog\/","name":"Brognoli","description":"Brognoli","publisher":{"@id":"https:\/\/www.brognoli.com.br\/blog\/#organization"},"potentialAction":[{"@type":"SearchAction","target":{"@type":"EntryPoint","urlTemplate":"https:\/\/www.brognoli.com.br\/blog\/?s={search_term_string}"},"query-input":"required name=search_term_string"}],"inLanguage":"pt-BR"},{"@type":"Organization","@id":"https:\/\/www.brognoli.com.br\/blog\/#organization","name":"Brognoli","url":"https:\/\/www.brognoli.com.br\/blog\/","logo":{"@type":"ImageObject","inLanguage":"pt-BR","@id":"https:\/\/www.brognoli.com.br\/blog\/#\/schema\/logo\/image\/","url":"https:\/\/www.brognoli.com.br\/blog\/wp-content\/uploads\/2024\/10\/cropped-cropped-BRO_LOGO_3@300x.png","contentUrl":"https:\/\/www.brognoli.com.br\/blog\/wp-content\/uploads\/2024\/10\/cropped-cropped-BRO_LOGO_3@300x.png","width":1762,"height":605,"caption":"Brognoli"},"image":{"@id":"https:\/\/www.brognoli.com.br\/blog\/#\/schema\/logo\/image\/"}},{"@type":"Person","@id":"https:\/\/www.brognoli.com.br\/blog\/#\/schema\/person\/87771d6b68b99d9d9db50bfcf109f10c","name":"brognoli","image":{"@type":"ImageObject","inLanguage":"pt-BR","@id":"https:\/\/www.brognoli.com.br\/blog\/#\/schema\/person\/image\/","url":"https:\/\/secure.gravatar.com\/avatar\/a7836fc1468501cb19a0ad1df34b5f85abe16dfce609e03bba719de31c58ea48?s=96&d=mm&r=g","contentUrl":"https:\/\/secure.gravatar.com\/avatar\/a7836fc1468501cb19a0ad1df34b5f85abe16dfce609e03bba719de31c58ea48?s=96&d=mm&r=g","caption":"brognoli"},"url":"https:\/\/www.brognoli.com.br\/blog\/author\/brognoli\/"}]}},"_links":{"self":[{"href":"https:\/\/www.brognoli.com.br\/blog\/wp-json\/wp\/v2\/posts\/2205792","targetHints":{"allow":["GET"]}}],"collection":[{"href":"https:\/\/www.brognoli.com.br\/blog\/wp-json\/wp\/v2\/posts"}],"about":[{"href":"https:\/\/www.brognoli.com.br\/blog\/wp-json\/wp\/v2\/types\/post"}],"author":[{"embeddable":true,"href":"https:\/\/www.brognoli.com.br\/blog\/wp-json\/wp\/v2\/users\/7"}],"replies":[{"embeddable":true,"href":"https:\/\/www.brognoli.com.br\/blog\/wp-json\/wp\/v2\/comments?post=2205792"}],"version-history":[{"count":0,"href":"https:\/\/www.brognoli.com.br\/blog\/wp-json\/wp\/v2\/posts\/2205792\/revisions"}],"wp:featuredmedia":[{"embeddable":true,"href":"https:\/\/www.brognoli.com.br\/blog\/wp-json\/wp\/v2\/media\/2205491"}],"wp:attachment":[{"href":"https:\/\/www.brognoli.com.br\/blog\/wp-json\/wp\/v2\/media?parent=2205792"}],"wp:term":[{"taxonomy":"category","embeddable":true,"href":"https:\/\/www.brognoli.com.br\/blog\/wp-json\/wp\/v2\/categories?post=2205792"},{"taxonomy":"post_tag","embeddable":true,"href":"https:\/\/www.brognoli.com.br\/blog\/wp-json\/wp\/v2\/tags?post=2205792"}],"curies":[{"name":"wp","href":"https:\/\/api.w.org\/{rel}","templated":true}]}}