{"id":2205794,"date":"2019-07-03T17:09:07","date_gmt":"2019-07-03T20:09:07","guid":{"rendered":"https:\/\/api-portal.brognoli.com.br\/dia-de-jazz-bebe\/"},"modified":"2019-07-03T17:09:07","modified_gmt":"2019-07-03T20:09:07","slug":"dia-de-jazz-bebe","status":"publish","type":"post","link":"https:\/\/www.brognoli.com.br\/blog\/dia-de-jazz-bebe\/","title":{"rendered":"Dia de Jazz Beb\u00ea!"},"content":{"rendered":"<h2>Evento que traz ritmos brasileiros, jazz e improvisa\u00e7\u00e3o para a comunidade.<\/h2>\n<p><span style=\"font-weight: 400;\">Desde 2016 o \u201cHoje \u00e9 Dia de Jazz Beb\u00ea\u201d acontece em espa\u00e7os p\u00fablicos da Capital Catarinense. Em 2018, o projeto ganhou ritmo e cinco eventos foram realizados, reunindo no total mais de 12 mil pessoas. Para 2019, est\u00e3o planejadas quatro edi\u00e7\u00f5es e tamb\u00e9m um festival. Uma nova identidade visual foi criada e inclui uma ilustra\u00e7\u00e3o assinada pelo Ilustrador Rodrigo Elle escolhida por meio de concurso cultural (realizado com apoio da <\/span><span style=\"font-weight: 400;\">Escola<\/span> <span style=\"font-weight: 400;\">Panorama<\/span><span style=\"font-weight: 400;\">).<\/span><\/p>\n<p><span style=\"font-weight: 400;\">A primeira edi\u00e7\u00e3o desse ano ocorreu no final de semana de anivers\u00e1rio de Florian\u00f3polis, no dia 24 de mar\u00e7o, no Parque Jardim Bot\u00e2nico. Diversas fam\u00edlias apareceram para aproveitar o domingo ensolarado, curtir m\u00fasica boa, participar de oficinas e ouvir hist\u00f3rias com a Cia Mafagafos!<\/span><\/p>\n<p><img loading=\"lazy\" decoding=\"async\" src=\"https:\/\/www.brognoli.com.br\/wp-content\/uploads\/2019\/07\/HojeEDiaDeJazzBebe_24-03-2019-Lote_3-ALTA-24-700x467.jpg\" alt=\"\" width=\"700\" height=\"467\" class=\"aligncenter size-medium wp-image-1147227\"><\/p>\n<p><span style=\"font-weight: 400;\">A Cia Mafagados entreteu a crian\u00e7ada com hist\u00f3rias t\u00edpicas de Florian\u00f3polis: o passado Brux\u00f3lico, Boi de Mam\u00e3o e toda a riqueza da cultura manezinha. <\/span><\/p>\n<p><img loading=\"lazy\" decoding=\"async\" src=\"https:\/\/www.brognoli.com.br\/wp-content\/uploads\/2019\/07\/HojeEDiaDeJazzBebe_24-03-2019-Lote_3-ALTA-12-700x467.jpg\" alt=\"\" width=\"700\" height=\"467\" class=\"aligncenter size-medium wp-image-1147228\"><\/p>\n<p><span style=\"font-weight: 400;\">As m\u00fasicas ficaram por conta do quinteto reunido especialmente com o objetivo de trazer ritmos brasileiros e improvisa\u00e7\u00e3o Jazzista. O baixista Ti\u00ea Pereira juntou um time afiad\u00edssimo: Richard Montano na bateria, Alexandre Damaria na percuss\u00e3o, Roger Correa na gaita ponto e Fabio Mello no saxofone.<\/span><\/p>\n<p><span style=\"font-weight: 400;\">\u201cNo jazz e na m\u00fasica instrumental, o m\u00fasico coloca muito sua personalidade na m\u00fasica, isso fica interessante para todo mundo, inclusive para o p\u00fablico\u201d, diz o diretor musical Ti\u00ea Pereira, explicando que a cada nova edi\u00e7\u00e3o h\u00e1 um convidado que traz elementos novos para o trabalho. \u201c\u00c9 desafiador e faz parte do l\u00fadico da m\u00fasica\u201d, concluiu.<\/span><\/p>\n<p><span style=\"font-weight: 400;\">N\u00f3s da Brognoli recentemente lan\u00e7amos o conceito&nbsp;<a href=\"https:\/\/universo.brognoli.com.br\/brognoli-lanca-conceito-onlife\/\"><strong>OnLife<\/strong><\/a>: buscamos toda a tecnologia e praticidade do On unindo com o conforto e tradicionalidade do Off. E assim&nbsp;estarmos presentes na vida da comunidade Florianopolitana. Nesse evento montamos um estande para a divulga\u00e7\u00e3o do nosso App Web: o <a href=\"https:\/\/universo.brognoli.com.br\/renda-extra-indicou-imovel-publicou-ganhou\/\">Indicasse<\/a>, aplicativo para renda extra atrav\u00e9s da indica\u00e7\u00e3o de im\u00f3veis, com pipoca feita na hora e impress\u00e3o de fotos.<\/span><\/p>\n<p><img loading=\"lazy\" decoding=\"async\" src=\"https:\/\/www.brognoli.com.br\/wp-content\/uploads\/2019\/07\/Brognoli-700x467.jpg\" alt=\"\" width=\"700\" height=\"467\" class=\"aligncenter size-medium wp-image-1147229\"><\/p>\n<p><span style=\"font-weight: 400;\">Para as pessoas terem as fotos reveladas, era apenas publicar no Instagram com a hashtag #Indicasse, com o perfil p\u00fablico.<\/span><\/p>\n<p><span style=\"font-weight: 400;\">O evento foi um sucesso! Confira um pouquinho do que rolou:<\/span><\/p>\n<p><iframe loading=\"lazy\" src=\"https:\/\/www.youtube.com\/embed\/291Nxr7skk0\" width=\"560\" height=\"315\" frameborder=\"0\" allowfullscreen=\"allowfullscreen\"><\/iframe><\/p>\n<p><span style=\"font-weight: 400;\">Para saber mais sobre esse e outros eventos que ir\u00e3o rolar nesse ano, fique ligado no nosso <\/span><a href=\"https:\/\/www.facebook.com\/Brognoli.Imoveis\/\"><span style=\"font-weight: 400;\">Facebook<\/span><\/a><span style=\"font-weight: 400;\">!<\/span><\/p>\n<p>Est\u00e1 procurando im\u00f3vel para alugar? Acesse o nosso <a href=\"https:\/\/www.brognoli.com.br\/imoveis\/?sort=newest&amp;search_type=3\">portal<\/a> e encontre o lar perfeito para o seu momento!<\/p>\n","protected":false},"excerpt":{"rendered":"<p>Evento que traz ritmos brasileiros, jazz e improvisa\u00e7\u00e3o para a comunidade. Desde 2016 o \u201cHoje \u00e9 Dia de Jazz Beb\u00ea\u201d acontece em espa\u00e7os p\u00fablicos da Capital Catarinense. Em 2018, o [&hellip;]<\/p>\n","protected":false},"author":7,"featured_media":2205495,"comment_status":"closed","ping_status":"closed","sticky":false,"template":"","format":"standard","meta":{"footnotes":""},"categories":[42,22],"tags":[30,43,45,48,49,83,123],"class_list":["post-2205794","post","type-post","status-publish","format-standard","has-post-thumbnail","hentry","category-cultura","category-destaque","tag-brognoli","tag-cultura","tag-florianopolis","tag-jazz-bebe","tag-onlife","tag-viver-melhor","tag-viver-melhor-brognoli"],"yoast_head":"<!-- This site is optimized with the Yoast SEO plugin v21.3 - https:\/\/yoast.com\/wordpress\/plugins\/seo\/ -->\n<title>Dia de Jazz Beb\u00ea! - Brognoli<\/title>\n<meta name=\"robots\" content=\"index, follow, max-snippet:-1, max-image-preview:large, max-video-preview:-1\" \/>\n<link rel=\"canonical\" href=\"https:\/\/www.brognoli.com.br\/blog\/dia-de-jazz-bebe\/\" \/>\n<meta property=\"og:locale\" content=\"pt_BR\" \/>\n<meta property=\"og:type\" content=\"article\" \/>\n<meta property=\"og:title\" content=\"Dia de Jazz Beb\u00ea! - Brognoli\" \/>\n<meta property=\"og:description\" content=\"Evento que traz ritmos brasileiros, jazz e improvisa\u00e7\u00e3o para a comunidade. Desde 2016 o \u201cHoje \u00e9 Dia de Jazz Beb\u00ea\u201d acontece em espa\u00e7os p\u00fablicos da Capital Catarinense. Em 2018, o [&hellip;]\" \/>\n<meta property=\"og:url\" content=\"https:\/\/www.brognoli.com.br\/blog\/dia-de-jazz-bebe\/\" \/>\n<meta property=\"og:site_name\" content=\"Brognoli\" \/>\n<meta property=\"article:published_time\" content=\"2019-07-03T20:09:07+00:00\" \/>\n<meta property=\"og:image\" content=\"https:\/\/www.brognoli.com.br\/blog\/wp-content\/uploads\/2022\/10\/jazz-bebe-capa.jpg\" \/>\n\t<meta property=\"og:image:width\" content=\"1200\" \/>\n\t<meta property=\"og:image:height\" content=\"550\" \/>\n\t<meta property=\"og:image:type\" content=\"image\/jpeg\" \/>\n<meta name=\"author\" content=\"brognoli\" \/>\n<meta name=\"twitter:card\" content=\"summary_large_image\" \/>\n<meta name=\"twitter:label1\" content=\"Escrito por\" \/>\n\t<meta name=\"twitter:data1\" content=\"brognoli\" \/>\n\t<meta name=\"twitter:label2\" content=\"Est. tempo de leitura\" \/>\n\t<meta name=\"twitter:data2\" content=\"2 minutos\" \/>\n<script type=\"application\/ld+json\" class=\"yoast-schema-graph\">{\"@context\":\"https:\/\/schema.org\",\"@graph\":[{\"@type\":\"Article\",\"@id\":\"https:\/\/www.brognoli.com.br\/blog\/dia-de-jazz-bebe\/#article\",\"isPartOf\":{\"@id\":\"https:\/\/www.brognoli.com.br\/blog\/dia-de-jazz-bebe\/\"},\"author\":{\"name\":\"brognoli\",\"@id\":\"https:\/\/www.brognoli.com.br\/blog\/#\/schema\/person\/87771d6b68b99d9d9db50bfcf109f10c\"},\"headline\":\"Dia de Jazz Beb\u00ea!\",\"datePublished\":\"2019-07-03T20:09:07+00:00\",\"dateModified\":\"2019-07-03T20:09:07+00:00\",\"mainEntityOfPage\":{\"@id\":\"https:\/\/www.brognoli.com.br\/blog\/dia-de-jazz-bebe\/\"},\"wordCount\":425,\"publisher\":{\"@id\":\"https:\/\/www.brognoli.com.br\/blog\/#organization\"},\"keywords\":[\"Brognoli\",\"cultura\",\"florian\u00f3polis\",\"Jazz Beb\u00ea\",\"OnLife\",\"Viver Melhor\",\"Viver Melhor Brognoli\"],\"articleSection\":[\"Cultura\",\"Destaque\"],\"inLanguage\":\"pt-BR\"},{\"@type\":\"WebPage\",\"@id\":\"https:\/\/www.brognoli.com.br\/blog\/dia-de-jazz-bebe\/\",\"url\":\"https:\/\/www.brognoli.com.br\/blog\/dia-de-jazz-bebe\/\",\"name\":\"Dia de Jazz Beb\u00ea! - Brognoli\",\"isPartOf\":{\"@id\":\"https:\/\/www.brognoli.com.br\/blog\/#website\"},\"datePublished\":\"2019-07-03T20:09:07+00:00\",\"dateModified\":\"2019-07-03T20:09:07+00:00\",\"breadcrumb\":{\"@id\":\"https:\/\/www.brognoli.com.br\/blog\/dia-de-jazz-bebe\/#breadcrumb\"},\"inLanguage\":\"pt-BR\",\"potentialAction\":[{\"@type\":\"ReadAction\",\"target\":[\"https:\/\/www.brognoli.com.br\/blog\/dia-de-jazz-bebe\/\"]}]},{\"@type\":\"BreadcrumbList\",\"@id\":\"https:\/\/www.brognoli.com.br\/blog\/dia-de-jazz-bebe\/#breadcrumb\",\"itemListElement\":[{\"@type\":\"ListItem\",\"position\":1,\"name\":\"In\u00edcio\",\"item\":\"https:\/\/www.brognoli.com.br\/blog\/\"},{\"@type\":\"ListItem\",\"position\":2,\"name\":\"Dia de Jazz Beb\u00ea!\"}]},{\"@type\":\"WebSite\",\"@id\":\"https:\/\/www.brognoli.com.br\/blog\/#website\",\"url\":\"https:\/\/www.brognoli.com.br\/blog\/\",\"name\":\"Brognoli\",\"description\":\"Brognoli\",\"publisher\":{\"@id\":\"https:\/\/www.brognoli.com.br\/blog\/#organization\"},\"potentialAction\":[{\"@type\":\"SearchAction\",\"target\":{\"@type\":\"EntryPoint\",\"urlTemplate\":\"https:\/\/www.brognoli.com.br\/blog\/?s={search_term_string}\"},\"query-input\":\"required name=search_term_string\"}],\"inLanguage\":\"pt-BR\"},{\"@type\":\"Organization\",\"@id\":\"https:\/\/www.brognoli.com.br\/blog\/#organization\",\"name\":\"Brognoli\",\"url\":\"https:\/\/www.brognoli.com.br\/blog\/\",\"logo\":{\"@type\":\"ImageObject\",\"inLanguage\":\"pt-BR\",\"@id\":\"https:\/\/www.brognoli.com.br\/blog\/#\/schema\/logo\/image\/\",\"url\":\"https:\/\/www.brognoli.com.br\/blog\/wp-content\/uploads\/2024\/10\/cropped-cropped-BRO_LOGO_3@300x.png\",\"contentUrl\":\"https:\/\/www.brognoli.com.br\/blog\/wp-content\/uploads\/2024\/10\/cropped-cropped-BRO_LOGO_3@300x.png\",\"width\":1762,\"height\":605,\"caption\":\"Brognoli\"},\"image\":{\"@id\":\"https:\/\/www.brognoli.com.br\/blog\/#\/schema\/logo\/image\/\"}},{\"@type\":\"Person\",\"@id\":\"https:\/\/www.brognoli.com.br\/blog\/#\/schema\/person\/87771d6b68b99d9d9db50bfcf109f10c\",\"name\":\"brognoli\",\"image\":{\"@type\":\"ImageObject\",\"inLanguage\":\"pt-BR\",\"@id\":\"https:\/\/www.brognoli.com.br\/blog\/#\/schema\/person\/image\/\",\"url\":\"https:\/\/secure.gravatar.com\/avatar\/a7836fc1468501cb19a0ad1df34b5f85abe16dfce609e03bba719de31c58ea48?s=96&d=mm&r=g\",\"contentUrl\":\"https:\/\/secure.gravatar.com\/avatar\/a7836fc1468501cb19a0ad1df34b5f85abe16dfce609e03bba719de31c58ea48?s=96&d=mm&r=g\",\"caption\":\"brognoli\"},\"url\":\"https:\/\/www.brognoli.com.br\/blog\/author\/brognoli\/\"}]}<\/script>\n<!-- \/ Yoast SEO plugin. -->","yoast_head_json":{"title":"Dia de Jazz Beb\u00ea! - Brognoli","robots":{"index":"index","follow":"follow","max-snippet":"max-snippet:-1","max-image-preview":"max-image-preview:large","max-video-preview":"max-video-preview:-1"},"canonical":"https:\/\/www.brognoli.com.br\/blog\/dia-de-jazz-bebe\/","og_locale":"pt_BR","og_type":"article","og_title":"Dia de Jazz Beb\u00ea! - Brognoli","og_description":"Evento que traz ritmos brasileiros, jazz e improvisa\u00e7\u00e3o para a comunidade. Desde 2016 o \u201cHoje \u00e9 Dia de Jazz Beb\u00ea\u201d acontece em espa\u00e7os p\u00fablicos da Capital Catarinense. Em 2018, o [&hellip;]","og_url":"https:\/\/www.brognoli.com.br\/blog\/dia-de-jazz-bebe\/","og_site_name":"Brognoli","article_published_time":"2019-07-03T20:09:07+00:00","og_image":[{"width":1200,"height":550,"url":"https:\/\/www.brognoli.com.br\/blog\/wp-content\/uploads\/2022\/10\/jazz-bebe-capa.jpg","type":"image\/jpeg"}],"author":"brognoli","twitter_card":"summary_large_image","twitter_misc":{"Escrito por":"brognoli","Est. tempo de leitura":"2 minutos"},"schema":{"@context":"https:\/\/schema.org","@graph":[{"@type":"Article","@id":"https:\/\/www.brognoli.com.br\/blog\/dia-de-jazz-bebe\/#article","isPartOf":{"@id":"https:\/\/www.brognoli.com.br\/blog\/dia-de-jazz-bebe\/"},"author":{"name":"brognoli","@id":"https:\/\/www.brognoli.com.br\/blog\/#\/schema\/person\/87771d6b68b99d9d9db50bfcf109f10c"},"headline":"Dia de Jazz Beb\u00ea!","datePublished":"2019-07-03T20:09:07+00:00","dateModified":"2019-07-03T20:09:07+00:00","mainEntityOfPage":{"@id":"https:\/\/www.brognoli.com.br\/blog\/dia-de-jazz-bebe\/"},"wordCount":425,"publisher":{"@id":"https:\/\/www.brognoli.com.br\/blog\/#organization"},"keywords":["Brognoli","cultura","florian\u00f3polis","Jazz Beb\u00ea","OnLife","Viver Melhor","Viver Melhor Brognoli"],"articleSection":["Cultura","Destaque"],"inLanguage":"pt-BR"},{"@type":"WebPage","@id":"https:\/\/www.brognoli.com.br\/blog\/dia-de-jazz-bebe\/","url":"https:\/\/www.brognoli.com.br\/blog\/dia-de-jazz-bebe\/","name":"Dia de Jazz Beb\u00ea! - Brognoli","isPartOf":{"@id":"https:\/\/www.brognoli.com.br\/blog\/#website"},"datePublished":"2019-07-03T20:09:07+00:00","dateModified":"2019-07-03T20:09:07+00:00","breadcrumb":{"@id":"https:\/\/www.brognoli.com.br\/blog\/dia-de-jazz-bebe\/#breadcrumb"},"inLanguage":"pt-BR","potentialAction":[{"@type":"ReadAction","target":["https:\/\/www.brognoli.com.br\/blog\/dia-de-jazz-bebe\/"]}]},{"@type":"BreadcrumbList","@id":"https:\/\/www.brognoli.com.br\/blog\/dia-de-jazz-bebe\/#breadcrumb","itemListElement":[{"@type":"ListItem","position":1,"name":"In\u00edcio","item":"https:\/\/www.brognoli.com.br\/blog\/"},{"@type":"ListItem","position":2,"name":"Dia de Jazz Beb\u00ea!"}]},{"@type":"WebSite","@id":"https:\/\/www.brognoli.com.br\/blog\/#website","url":"https:\/\/www.brognoli.com.br\/blog\/","name":"Brognoli","description":"Brognoli","publisher":{"@id":"https:\/\/www.brognoli.com.br\/blog\/#organization"},"potentialAction":[{"@type":"SearchAction","target":{"@type":"EntryPoint","urlTemplate":"https:\/\/www.brognoli.com.br\/blog\/?s={search_term_string}"},"query-input":"required name=search_term_string"}],"inLanguage":"pt-BR"},{"@type":"Organization","@id":"https:\/\/www.brognoli.com.br\/blog\/#organization","name":"Brognoli","url":"https:\/\/www.brognoli.com.br\/blog\/","logo":{"@type":"ImageObject","inLanguage":"pt-BR","@id":"https:\/\/www.brognoli.com.br\/blog\/#\/schema\/logo\/image\/","url":"https:\/\/www.brognoli.com.br\/blog\/wp-content\/uploads\/2024\/10\/cropped-cropped-BRO_LOGO_3@300x.png","contentUrl":"https:\/\/www.brognoli.com.br\/blog\/wp-content\/uploads\/2024\/10\/cropped-cropped-BRO_LOGO_3@300x.png","width":1762,"height":605,"caption":"Brognoli"},"image":{"@id":"https:\/\/www.brognoli.com.br\/blog\/#\/schema\/logo\/image\/"}},{"@type":"Person","@id":"https:\/\/www.brognoli.com.br\/blog\/#\/schema\/person\/87771d6b68b99d9d9db50bfcf109f10c","name":"brognoli","image":{"@type":"ImageObject","inLanguage":"pt-BR","@id":"https:\/\/www.brognoli.com.br\/blog\/#\/schema\/person\/image\/","url":"https:\/\/secure.gravatar.com\/avatar\/a7836fc1468501cb19a0ad1df34b5f85abe16dfce609e03bba719de31c58ea48?s=96&d=mm&r=g","contentUrl":"https:\/\/secure.gravatar.com\/avatar\/a7836fc1468501cb19a0ad1df34b5f85abe16dfce609e03bba719de31c58ea48?s=96&d=mm&r=g","caption":"brognoli"},"url":"https:\/\/www.brognoli.com.br\/blog\/author\/brognoli\/"}]}},"_links":{"self":[{"href":"https:\/\/www.brognoli.com.br\/blog\/wp-json\/wp\/v2\/posts\/2205794","targetHints":{"allow":["GET"]}}],"collection":[{"href":"https:\/\/www.brognoli.com.br\/blog\/wp-json\/wp\/v2\/posts"}],"about":[{"href":"https:\/\/www.brognoli.com.br\/blog\/wp-json\/wp\/v2\/types\/post"}],"author":[{"embeddable":true,"href":"https:\/\/www.brognoli.com.br\/blog\/wp-json\/wp\/v2\/users\/7"}],"replies":[{"embeddable":true,"href":"https:\/\/www.brognoli.com.br\/blog\/wp-json\/wp\/v2\/comments?post=2205794"}],"version-history":[{"count":0,"href":"https:\/\/www.brognoli.com.br\/blog\/wp-json\/wp\/v2\/posts\/2205794\/revisions"}],"wp:featuredmedia":[{"embeddable":true,"href":"https:\/\/www.brognoli.com.br\/blog\/wp-json\/wp\/v2\/media\/2205495"}],"wp:attachment":[{"href":"https:\/\/www.brognoli.com.br\/blog\/wp-json\/wp\/v2\/media?parent=2205794"}],"wp:term":[{"taxonomy":"category","embeddable":true,"href":"https:\/\/www.brognoli.com.br\/blog\/wp-json\/wp\/v2\/categories?post=2205794"},{"taxonomy":"post_tag","embeddable":true,"href":"https:\/\/www.brognoli.com.br\/blog\/wp-json\/wp\/v2\/tags?post=2205794"}],"curies":[{"name":"wp","href":"https:\/\/api.w.org\/{rel}","templated":true}]}}