{"id":2205795,"date":"2019-07-03T17:09:07","date_gmt":"2019-07-03T20:09:07","guid":{"rendered":"https:\/\/api-portal.brognoli.com.br\/eduardo-barbosa-fala-sobre-parceria-com-imobiliaria-terraz\/"},"modified":"2019-07-03T17:09:07","modified_gmt":"2019-07-03T20:09:07","slug":"eduardo-barbosa-fala-sobre-parceria-com-imobiliaria-terraz","status":"publish","type":"post","link":"https:\/\/www.brognoli.com.br\/blog\/eduardo-barbosa-fala-sobre-parceria-com-imobiliaria-terraz\/","title":{"rendered":"Eduardo Barbosa fala sobre parceria com Imobili\u00e1ria Terraz"},"content":{"rendered":"<h2><span style=\"font-weight: 400;\">Em entrevista com a CBN Di\u00e1rio, CEO fala sobre inova\u00e7\u00f5es<\/span><\/h2>\n<p><span style=\"font-weight: 400;\">No dia 30.03.2019 foi ao ar a entrevista concedida pelo nosso CEO Eduardo Barbosa para o quadro Empresas e Neg\u00f3cios da r\u00e1dio CBN Di\u00e1rio. <\/span><\/p>\n<p><span style=\"font-weight: 400;\">Eduardo falou sobre as inova\u00e7\u00f5es que a parceria com a Imobili\u00e1ria Terraz trouxe e o lan\u00e7amento da primeira plataforma digital para aluguel de im\u00f3vel no Estado: <\/span><a href=\"https:\/\/universo.brognoli.com.br\/imobiliarias-brognoli-e-terraz-anunciam-parceria-e-lancam-primeira-plataforma-digital-para-locacao-de-imoveis-em-sc\/\"><b>Terraz Aluguel Digital<\/b><\/a><span style=\"font-weight: 400;\">, com o objetivo de revolucionar o mercado, disponibilizar\u00e1 um portf\u00f3lio de 1,3 mil im\u00f3veis para loca\u00e7\u00e3o em Florian\u00f3polis e nos munic\u00edpios vizinhos (S\u00e3o Jos\u00e9, Bigua\u00e7u e Palho\u00e7a), estudando futuramente uma expans\u00e3o para mais regi\u00f5es.<\/span><\/p>\n<p><span style=\"font-weight: 400;\">Recentemente aconteceram diversas transforma\u00e7\u00f5es tecnol\u00f3gicas em praticamente todos os segmentos e no imobili\u00e1rio n\u00e3o foi diferente. Nos \u00faltimos dois anos a Brognoli vem acompanhando essas inova\u00e7\u00f5es com a implementa\u00e7\u00e3o do LinkLab, na ACATE (Associa\u00e7\u00e3o Catarinense de Tecnologia). Os projetos desenvolvidos nesse espa\u00e7o v\u00e3o de Blockchain at\u00e9 Neuroci\u00eancia, e todos os estudos feitos apontam uma enorme mudan\u00e7a no comportamento do consumidor, que est\u00e1 cada vez mais conectado. <\/span><\/p>\n<p><span style=\"font-weight: 400;\">Das inova\u00e7\u00f5es implementadas, est\u00e1 a facilidade do aluguel sem fiador. Al\u00e9m disso, futuramente ser\u00e1 permitido que todo o processo de loca\u00e7\u00e3o seja feito online, com menos burocracia e mais agilidade. Inclusive an\u00e1lise de cr\u00e9dito, que antigamente era feita em 48h e hoje \u00e9 feita em 15 minutos. <\/span><\/p>\n<p><span style=\"font-weight: 400;\">Barbosa tamb\u00e9m citou as facilidades que mundo digital proporciona, mas frisando a import\u00e2ncia de uma imobili\u00e1ria f\u00edsica para humanizar o atendimento. <\/span><\/p>\n<p>Confira a entrevista na \u00edntegra:<br \/>\n<iframe loading=\"lazy\" src=\"https:\/\/w.soundcloud.com\/player\/?url=https%3A\/\/api.soundcloud.com\/tracks\/609679152&amp;color=%23ff5500&amp;auto_play=false&amp;hide_related=false&amp;show_comments=true&amp;show_user=true&amp;show_reposts=false&amp;show_teaser=true&amp;visual=true\" width=\"100%\" height=\"300\" frameborder=\"no\" scrolling=\"no\"><\/iframe><\/p>\n<p><span style=\"font-weight: 400;\">Para saber mais sobre as novidades, fique ligado no nosso <\/span><a href=\"https:\/\/www.facebook.com\/Brognoli.Imoveis\/\"><span style=\"font-weight: 400;\">Facebook<\/span><\/a><span style=\"font-weight: 400;\">!<\/span><\/p>\n<p>Est\u00e1 procurando im\u00f3vel para alugar? Acesse o nosso <a href=\"https:\/\/www.brognoli.com.br\/imoveis\/?sort=newest&amp;search_type=3\">portal<\/a> e encontre o lar perfeito para o seu momento!<\/p>\n","protected":false},"excerpt":{"rendered":"<p>Em entrevista com a CBN Di\u00e1rio, CEO fala sobre inova\u00e7\u00f5es No dia 30.03.2019 foi ao ar a entrevista concedida pelo nosso CEO Eduardo Barbosa para o quadro Empresas e Neg\u00f3cios [&hellip;]<\/p>\n","protected":false},"author":7,"featured_media":2205500,"comment_status":"closed","ping_status":"closed","sticky":false,"template":"","format":"standard","meta":{"footnotes":""},"categories":[21,22],"tags":[41,147,148,49],"class_list":["post-2205795","post","type-post","status-publish","format-standard","has-post-thumbnail","hentry","category-business","category-destaque","tag-brognoli-imoveis","tag-cbn-diario","tag-imobiliaria-terraz","tag-onlife"],"yoast_head":"<!-- This site is optimized with the Yoast SEO plugin v21.3 - https:\/\/yoast.com\/wordpress\/plugins\/seo\/ -->\n<title>Eduardo Barbosa fala sobre parceria com Imobili\u00e1ria Terraz - Brognoli<\/title>\n<meta name=\"robots\" content=\"index, follow, max-snippet:-1, max-image-preview:large, max-video-preview:-1\" \/>\n<link rel=\"canonical\" href=\"https:\/\/www.brognoli.com.br\/blog\/eduardo-barbosa-fala-sobre-parceria-com-imobiliaria-terraz\/\" \/>\n<meta property=\"og:locale\" content=\"pt_BR\" \/>\n<meta property=\"og:type\" content=\"article\" \/>\n<meta property=\"og:title\" content=\"Eduardo Barbosa fala sobre parceria com Imobili\u00e1ria Terraz - Brognoli\" \/>\n<meta property=\"og:description\" content=\"Em entrevista com a CBN Di\u00e1rio, CEO fala sobre inova\u00e7\u00f5es No dia 30.03.2019 foi ao ar a entrevista concedida pelo nosso CEO Eduardo Barbosa para o quadro Empresas e Neg\u00f3cios [&hellip;]\" \/>\n<meta property=\"og:url\" content=\"https:\/\/www.brognoli.com.br\/blog\/eduardo-barbosa-fala-sobre-parceria-com-imobiliaria-terraz\/\" \/>\n<meta property=\"og:site_name\" content=\"Brognoli\" \/>\n<meta property=\"article:published_time\" content=\"2019-07-03T20:09:07+00:00\" \/>\n<meta property=\"og:image\" content=\"https:\/\/www.brognoli.com.br\/blog\/wp-content\/uploads\/2022\/10\/WhatsApp-Image-2019-04-26-at-14.25.04.jpeg\" \/>\n\t<meta property=\"og:image:width\" content=\"1261\" \/>\n\t<meta property=\"og:image:height\" content=\"556\" \/>\n\t<meta property=\"og:image:type\" content=\"image\/jpeg\" \/>\n<meta name=\"author\" content=\"brognoli\" \/>\n<meta name=\"twitter:card\" content=\"summary_large_image\" \/>\n<meta name=\"twitter:label1\" content=\"Escrito por\" \/>\n\t<meta name=\"twitter:data1\" content=\"brognoli\" \/>\n\t<meta name=\"twitter:label2\" content=\"Est. tempo de leitura\" \/>\n\t<meta name=\"twitter:data2\" content=\"2 minutos\" \/>\n<script type=\"application\/ld+json\" class=\"yoast-schema-graph\">{\"@context\":\"https:\/\/schema.org\",\"@graph\":[{\"@type\":\"Article\",\"@id\":\"https:\/\/www.brognoli.com.br\/blog\/eduardo-barbosa-fala-sobre-parceria-com-imobiliaria-terraz\/#article\",\"isPartOf\":{\"@id\":\"https:\/\/www.brognoli.com.br\/blog\/eduardo-barbosa-fala-sobre-parceria-com-imobiliaria-terraz\/\"},\"author\":{\"name\":\"brognoli\",\"@id\":\"https:\/\/www.brognoli.com.br\/blog\/#\/schema\/person\/87771d6b68b99d9d9db50bfcf109f10c\"},\"headline\":\"Eduardo Barbosa fala sobre parceria com Imobili\u00e1ria Terraz\",\"datePublished\":\"2019-07-03T20:09:07+00:00\",\"dateModified\":\"2019-07-03T20:09:07+00:00\",\"mainEntityOfPage\":{\"@id\":\"https:\/\/www.brognoli.com.br\/blog\/eduardo-barbosa-fala-sobre-parceria-com-imobiliaria-terraz\/\"},\"wordCount\":310,\"publisher\":{\"@id\":\"https:\/\/www.brognoli.com.br\/blog\/#organization\"},\"keywords\":[\"Brognoli Im\u00f3veis\",\"CBN Di\u00e1rio\",\"Imobili\u00e1ria Terraz\",\"OnLife\"],\"articleSection\":[\"Business\",\"Destaque\"],\"inLanguage\":\"pt-BR\"},{\"@type\":\"WebPage\",\"@id\":\"https:\/\/www.brognoli.com.br\/blog\/eduardo-barbosa-fala-sobre-parceria-com-imobiliaria-terraz\/\",\"url\":\"https:\/\/www.brognoli.com.br\/blog\/eduardo-barbosa-fala-sobre-parceria-com-imobiliaria-terraz\/\",\"name\":\"Eduardo Barbosa fala sobre parceria com Imobili\u00e1ria Terraz - Brognoli\",\"isPartOf\":{\"@id\":\"https:\/\/www.brognoli.com.br\/blog\/#website\"},\"datePublished\":\"2019-07-03T20:09:07+00:00\",\"dateModified\":\"2019-07-03T20:09:07+00:00\",\"breadcrumb\":{\"@id\":\"https:\/\/www.brognoli.com.br\/blog\/eduardo-barbosa-fala-sobre-parceria-com-imobiliaria-terraz\/#breadcrumb\"},\"inLanguage\":\"pt-BR\",\"potentialAction\":[{\"@type\":\"ReadAction\",\"target\":[\"https:\/\/www.brognoli.com.br\/blog\/eduardo-barbosa-fala-sobre-parceria-com-imobiliaria-terraz\/\"]}]},{\"@type\":\"BreadcrumbList\",\"@id\":\"https:\/\/www.brognoli.com.br\/blog\/eduardo-barbosa-fala-sobre-parceria-com-imobiliaria-terraz\/#breadcrumb\",\"itemListElement\":[{\"@type\":\"ListItem\",\"position\":1,\"name\":\"In\u00edcio\",\"item\":\"https:\/\/www.brognoli.com.br\/blog\/\"},{\"@type\":\"ListItem\",\"position\":2,\"name\":\"Eduardo Barbosa fala sobre parceria com Imobili\u00e1ria Terraz\"}]},{\"@type\":\"WebSite\",\"@id\":\"https:\/\/www.brognoli.com.br\/blog\/#website\",\"url\":\"https:\/\/www.brognoli.com.br\/blog\/\",\"name\":\"Brognoli\",\"description\":\"Brognoli\",\"publisher\":{\"@id\":\"https:\/\/www.brognoli.com.br\/blog\/#organization\"},\"potentialAction\":[{\"@type\":\"SearchAction\",\"target\":{\"@type\":\"EntryPoint\",\"urlTemplate\":\"https:\/\/www.brognoli.com.br\/blog\/?s={search_term_string}\"},\"query-input\":\"required name=search_term_string\"}],\"inLanguage\":\"pt-BR\"},{\"@type\":\"Organization\",\"@id\":\"https:\/\/www.brognoli.com.br\/blog\/#organization\",\"name\":\"Brognoli\",\"url\":\"https:\/\/www.brognoli.com.br\/blog\/\",\"logo\":{\"@type\":\"ImageObject\",\"inLanguage\":\"pt-BR\",\"@id\":\"https:\/\/www.brognoli.com.br\/blog\/#\/schema\/logo\/image\/\",\"url\":\"https:\/\/www.brognoli.com.br\/blog\/wp-content\/uploads\/2024\/10\/cropped-cropped-BRO_LOGO_3@300x.png\",\"contentUrl\":\"https:\/\/www.brognoli.com.br\/blog\/wp-content\/uploads\/2024\/10\/cropped-cropped-BRO_LOGO_3@300x.png\",\"width\":1762,\"height\":605,\"caption\":\"Brognoli\"},\"image\":{\"@id\":\"https:\/\/www.brognoli.com.br\/blog\/#\/schema\/logo\/image\/\"}},{\"@type\":\"Person\",\"@id\":\"https:\/\/www.brognoli.com.br\/blog\/#\/schema\/person\/87771d6b68b99d9d9db50bfcf109f10c\",\"name\":\"brognoli\",\"image\":{\"@type\":\"ImageObject\",\"inLanguage\":\"pt-BR\",\"@id\":\"https:\/\/www.brognoli.com.br\/blog\/#\/schema\/person\/image\/\",\"url\":\"https:\/\/secure.gravatar.com\/avatar\/a7836fc1468501cb19a0ad1df34b5f85abe16dfce609e03bba719de31c58ea48?s=96&d=mm&r=g\",\"contentUrl\":\"https:\/\/secure.gravatar.com\/avatar\/a7836fc1468501cb19a0ad1df34b5f85abe16dfce609e03bba719de31c58ea48?s=96&d=mm&r=g\",\"caption\":\"brognoli\"},\"url\":\"https:\/\/www.brognoli.com.br\/blog\/author\/brognoli\/\"}]}<\/script>\n<!-- \/ Yoast SEO plugin. -->","yoast_head_json":{"title":"Eduardo Barbosa fala sobre parceria com Imobili\u00e1ria Terraz - Brognoli","robots":{"index":"index","follow":"follow","max-snippet":"max-snippet:-1","max-image-preview":"max-image-preview:large","max-video-preview":"max-video-preview:-1"},"canonical":"https:\/\/www.brognoli.com.br\/blog\/eduardo-barbosa-fala-sobre-parceria-com-imobiliaria-terraz\/","og_locale":"pt_BR","og_type":"article","og_title":"Eduardo Barbosa fala sobre parceria com Imobili\u00e1ria Terraz - Brognoli","og_description":"Em entrevista com a CBN Di\u00e1rio, CEO fala sobre inova\u00e7\u00f5es No dia 30.03.2019 foi ao ar a entrevista concedida pelo nosso CEO Eduardo Barbosa para o quadro Empresas e Neg\u00f3cios [&hellip;]","og_url":"https:\/\/www.brognoli.com.br\/blog\/eduardo-barbosa-fala-sobre-parceria-com-imobiliaria-terraz\/","og_site_name":"Brognoli","article_published_time":"2019-07-03T20:09:07+00:00","og_image":[{"width":1261,"height":556,"url":"https:\/\/www.brognoli.com.br\/blog\/wp-content\/uploads\/2022\/10\/WhatsApp-Image-2019-04-26-at-14.25.04.jpeg","type":"image\/jpeg"}],"author":"brognoli","twitter_card":"summary_large_image","twitter_misc":{"Escrito por":"brognoli","Est. tempo de leitura":"2 minutos"},"schema":{"@context":"https:\/\/schema.org","@graph":[{"@type":"Article","@id":"https:\/\/www.brognoli.com.br\/blog\/eduardo-barbosa-fala-sobre-parceria-com-imobiliaria-terraz\/#article","isPartOf":{"@id":"https:\/\/www.brognoli.com.br\/blog\/eduardo-barbosa-fala-sobre-parceria-com-imobiliaria-terraz\/"},"author":{"name":"brognoli","@id":"https:\/\/www.brognoli.com.br\/blog\/#\/schema\/person\/87771d6b68b99d9d9db50bfcf109f10c"},"headline":"Eduardo Barbosa fala sobre parceria com Imobili\u00e1ria Terraz","datePublished":"2019-07-03T20:09:07+00:00","dateModified":"2019-07-03T20:09:07+00:00","mainEntityOfPage":{"@id":"https:\/\/www.brognoli.com.br\/blog\/eduardo-barbosa-fala-sobre-parceria-com-imobiliaria-terraz\/"},"wordCount":310,"publisher":{"@id":"https:\/\/www.brognoli.com.br\/blog\/#organization"},"keywords":["Brognoli Im\u00f3veis","CBN Di\u00e1rio","Imobili\u00e1ria Terraz","OnLife"],"articleSection":["Business","Destaque"],"inLanguage":"pt-BR"},{"@type":"WebPage","@id":"https:\/\/www.brognoli.com.br\/blog\/eduardo-barbosa-fala-sobre-parceria-com-imobiliaria-terraz\/","url":"https:\/\/www.brognoli.com.br\/blog\/eduardo-barbosa-fala-sobre-parceria-com-imobiliaria-terraz\/","name":"Eduardo Barbosa fala sobre parceria com Imobili\u00e1ria Terraz - Brognoli","isPartOf":{"@id":"https:\/\/www.brognoli.com.br\/blog\/#website"},"datePublished":"2019-07-03T20:09:07+00:00","dateModified":"2019-07-03T20:09:07+00:00","breadcrumb":{"@id":"https:\/\/www.brognoli.com.br\/blog\/eduardo-barbosa-fala-sobre-parceria-com-imobiliaria-terraz\/#breadcrumb"},"inLanguage":"pt-BR","potentialAction":[{"@type":"ReadAction","target":["https:\/\/www.brognoli.com.br\/blog\/eduardo-barbosa-fala-sobre-parceria-com-imobiliaria-terraz\/"]}]},{"@type":"BreadcrumbList","@id":"https:\/\/www.brognoli.com.br\/blog\/eduardo-barbosa-fala-sobre-parceria-com-imobiliaria-terraz\/#breadcrumb","itemListElement":[{"@type":"ListItem","position":1,"name":"In\u00edcio","item":"https:\/\/www.brognoli.com.br\/blog\/"},{"@type":"ListItem","position":2,"name":"Eduardo Barbosa fala sobre parceria com Imobili\u00e1ria Terraz"}]},{"@type":"WebSite","@id":"https:\/\/www.brognoli.com.br\/blog\/#website","url":"https:\/\/www.brognoli.com.br\/blog\/","name":"Brognoli","description":"Brognoli","publisher":{"@id":"https:\/\/www.brognoli.com.br\/blog\/#organization"},"potentialAction":[{"@type":"SearchAction","target":{"@type":"EntryPoint","urlTemplate":"https:\/\/www.brognoli.com.br\/blog\/?s={search_term_string}"},"query-input":"required name=search_term_string"}],"inLanguage":"pt-BR"},{"@type":"Organization","@id":"https:\/\/www.brognoli.com.br\/blog\/#organization","name":"Brognoli","url":"https:\/\/www.brognoli.com.br\/blog\/","logo":{"@type":"ImageObject","inLanguage":"pt-BR","@id":"https:\/\/www.brognoli.com.br\/blog\/#\/schema\/logo\/image\/","url":"https:\/\/www.brognoli.com.br\/blog\/wp-content\/uploads\/2024\/10\/cropped-cropped-BRO_LOGO_3@300x.png","contentUrl":"https:\/\/www.brognoli.com.br\/blog\/wp-content\/uploads\/2024\/10\/cropped-cropped-BRO_LOGO_3@300x.png","width":1762,"height":605,"caption":"Brognoli"},"image":{"@id":"https:\/\/www.brognoli.com.br\/blog\/#\/schema\/logo\/image\/"}},{"@type":"Person","@id":"https:\/\/www.brognoli.com.br\/blog\/#\/schema\/person\/87771d6b68b99d9d9db50bfcf109f10c","name":"brognoli","image":{"@type":"ImageObject","inLanguage":"pt-BR","@id":"https:\/\/www.brognoli.com.br\/blog\/#\/schema\/person\/image\/","url":"https:\/\/secure.gravatar.com\/avatar\/a7836fc1468501cb19a0ad1df34b5f85abe16dfce609e03bba719de31c58ea48?s=96&d=mm&r=g","contentUrl":"https:\/\/secure.gravatar.com\/avatar\/a7836fc1468501cb19a0ad1df34b5f85abe16dfce609e03bba719de31c58ea48?s=96&d=mm&r=g","caption":"brognoli"},"url":"https:\/\/www.brognoli.com.br\/blog\/author\/brognoli\/"}]}},"_links":{"self":[{"href":"https:\/\/www.brognoli.com.br\/blog\/wp-json\/wp\/v2\/posts\/2205795","targetHints":{"allow":["GET"]}}],"collection":[{"href":"https:\/\/www.brognoli.com.br\/blog\/wp-json\/wp\/v2\/posts"}],"about":[{"href":"https:\/\/www.brognoli.com.br\/blog\/wp-json\/wp\/v2\/types\/post"}],"author":[{"embeddable":true,"href":"https:\/\/www.brognoli.com.br\/blog\/wp-json\/wp\/v2\/users\/7"}],"replies":[{"embeddable":true,"href":"https:\/\/www.brognoli.com.br\/blog\/wp-json\/wp\/v2\/comments?post=2205795"}],"version-history":[{"count":0,"href":"https:\/\/www.brognoli.com.br\/blog\/wp-json\/wp\/v2\/posts\/2205795\/revisions"}],"wp:featuredmedia":[{"embeddable":true,"href":"https:\/\/www.brognoli.com.br\/blog\/wp-json\/wp\/v2\/media\/2205500"}],"wp:attachment":[{"href":"https:\/\/www.brognoli.com.br\/blog\/wp-json\/wp\/v2\/media?parent=2205795"}],"wp:term":[{"taxonomy":"category","embeddable":true,"href":"https:\/\/www.brognoli.com.br\/blog\/wp-json\/wp\/v2\/categories?post=2205795"},{"taxonomy":"post_tag","embeddable":true,"href":"https:\/\/www.brognoli.com.br\/blog\/wp-json\/wp\/v2\/tags?post=2205795"}],"curies":[{"name":"wp","href":"https:\/\/api.w.org\/{rel}","templated":true}]}}