{"id":2205798,"date":"2019-07-03T17:09:07","date_gmt":"2019-07-03T20:09:07","guid":{"rendered":"https:\/\/api-portal.brognoli.com.br\/parque-da-luz-recebe-mais-uma-edicao-do-hoje-e-dia-de-jazz-bebe-no-dia-19-de-maio\/"},"modified":"2019-07-03T17:09:07","modified_gmt":"2019-07-03T20:09:07","slug":"parque-da-luz-recebe-mais-uma-edicao-do-hoje-e-dia-de-jazz-bebe-no-dia-19-de-maio","status":"publish","type":"post","link":"https:\/\/www.brognoli.com.br\/blog\/parque-da-luz-recebe-mais-uma-edicao-do-hoje-e-dia-de-jazz-bebe-no-dia-19-de-maio\/","title":{"rendered":"Parque da Luz recebe mais uma edi\u00e7\u00e3o do Hoje \u00e9 Dia de Jazz Beb\u00ea! no dia 19 de maio"},"content":{"rendered":"<h2>Ritmos brasileiros e latinos, groove e, claro, jazz, est\u00e3o no repert\u00f3rio. Programa\u00e7\u00e3o tamb\u00e9m ter\u00e1 oficinas educativas, conta\u00e7\u00e3o de hist\u00f3rias e outras atividades para crian\u00e7as. Tudo gratuito!<\/h2>\n<p>O Hoje \u00e9 Dia de Jazz Beb\u00ea volta para o Parque da Luz no dia 19 de maio. O saxofonista cubano \u00c9lio Silveira \u00e9 o convidado da segunda edi\u00e7\u00e3o do ano e vai engrossar o caldo de ritmos latinos, brasileiros e jazz. E o evento ter\u00e1 novidades para crian\u00e7as: oficinas de instrumentos musicais a partir de materiais reciclados, intera\u00e7\u00e3o musical \u2014 os pequenos podem levar brinquedos musicais para o parque tamb\u00e9m \u2014 e o Ninho da Leitura, com a Cia Mafagafos. Tudo gratuito, a partir das 14h30min. Em caso de chuva, ser\u00e1 transferido para o dia 2 de junho.<\/p>\n<p>\u00c9lio Silveira se apresenta com o trio formado por Ti\u00ea Pereira no baixo, Paulo Steil na bateria e Fabio Carlesso na guitarra. O repert\u00f3rio ser\u00e1 um passeio pela m\u00fasica brasileira, groove e musica latina.<\/p>\n<p>\u2014 Reconhecer ritmos brasileiros, para adultos ou crian\u00e7as, \u00e9 importante pela identifica\u00e7\u00e3o e pelo respeito aos ritmos do pa\u00eds \u2014 muito embora hoje os universos musicais se cruzem muito \u2014 diz Ti\u00ea Pereira, diretor musical do projeto.<\/p>\n<p>Al\u00e9m das j\u00e1 tradicionais oficinas de arte, conta\u00e7\u00e3o de hist\u00f3rias e o jogo educativo Paralelep\u00edpedo Poema, esta edi\u00e7\u00e3o ter\u00e1 tr\u00eas novas atra\u00e7\u00f5es: o Ninho da Leitura, com cenografia assinada Ana Pi e acervo de livros da Cia Mafagafos; a oficina de constru\u00e7\u00e3o de instrumentos musicais com materiais reciclados, com o arte-educador Denilson Antonio; e intera\u00e7\u00e3o musical com o m\u00fasico, compositor e educador Marcoliva.<\/p>\n<p>\u2014 A gente sempre quis fazer oficina musical. E a\u00ed veio a ideia de ensinar a fazer os instrumentos e tamb\u00e9m a fazer um som. Nesta edi\u00e7\u00e3o, as crian\u00e7as v\u00e3o aprender a construir chocalho e tambor. Depois, fica o convite para aprender a fazer m\u00fasica \u2014 explicam os produtores do evento, Arturo Valle J\u00fanior e Marina Tavares, da Studio de Ideias.<\/p>\n<h2>M\u00fasica para crian\u00e7as e adultos<\/h2>\n<p>O Hoje \u00e9 Dia de Jazz Beb\u00ea come\u00e7ou em 2016. Em 2018, o projeto ganhou ritmo e cinco eventos foram realizados em espa\u00e7os p\u00fablicos da Capital, reunindo, no total, mais de 12 mil pessoas. At\u00e9 o final de 2019, est\u00e3o previstas quatro edi\u00e7\u00f5es e um festival.<\/p>\n<p>O Hoje \u00e9 Dia de Jazz Beb\u00ea! \u00e9 realizado por meio da Lei Municipal de Incentivo \u00e0 Cultura &#8211; Prefeitura de Florian\u00f3polis e conta com parceiros que acreditam que a cultura \u00e9 pe\u00e7a fundamental na vida das pessoas e da sociedade. O evento tem apoio cultural da Floripa Airport, do Bistek Supermercados, da Brognoli Neg\u00f3cios Imobili\u00e1rios, da Eletrosul, do Corporate Park, do Jurer\u00ea Beach Village e do Il Campanario. Tem apoio da Associa\u00e7\u00e3o dos Amigos do Parque da Luz, da Parlenda e da Panorama Escola de Arte. A realiza\u00e7\u00e3o \u00e9 da Studio de Ideias.<\/p>\n<h2>Parque da Luz: mem\u00f3ria da cidade<\/h2>\n<p>O Parque da Luz \u00e9 uma \u00e1rea verde bem no Centro de Florian\u00f3polis, no alto da Rua Felipe Schmidt e pr\u00f3ximo \u00e0 cabeceira insular da Ponte Herc\u00edlio Luz. O espa\u00e7o de 37,5 mil metros quadrados foi criado gra\u00e7as \u00e0 conscientiza\u00e7\u00e3o comunit\u00e1ria e ambiental. A ONG Associa\u00e7\u00e3o dos Amigos do Parque da Luz, criada em 1997, tem uma atua\u00e7\u00e3o ativa para salvaguardar e preservar a \u00e1rea de grande valor hist\u00f3rico e paisag\u00edstico para a cidade. No local h\u00e1 \u00e1rea de lazer, passeio para pedestres, campo de futebol, viveiro de \u00e1rvores frut\u00edferas, bancos e mesas, entre outros equipamentos. O Parque \u00e9 parte da mem\u00f3ria da Capital: j\u00e1 foi denominado Colina da Vista Alegre, Morro do Barro Vermelho, Morro do Estreito ou Morro do Vieira.<\/p>\n<h2>Programa\u00e7\u00e3o<\/h2>\n<p>&#8211; Show de m\u00fasica instrumental com Ti\u00ea Pereira (baixo), Paulo Steil (bateria), \u00c9lio Silveira (sax) e Fabio Carlesso (guitarra)<br \/>\n&#8211; Oficinas de Arte<br \/>\n&#8211; Jogo Educativo Paralelep\u00edpedo Poema<br \/>\n&#8211; Conta\u00e7\u00e3o de Hist\u00f3rias<br \/>\n&#8211; Oficina Musical<br \/>\n&#8211; Intera\u00e7\u00e3o Musical<br \/>\n&#8211; Ninho da Leitura<br \/>\n&#8211; Sorteio de Brindes<\/p>\n","protected":false},"excerpt":{"rendered":"<p>Ritmos brasileiros e latinos, groove e, claro, jazz, est\u00e3o no repert\u00f3rio. Programa\u00e7\u00e3o tamb\u00e9m ter\u00e1 oficinas educativas, conta\u00e7\u00e3o de hist\u00f3rias e outras atividades para crian\u00e7as. Tudo gratuito! O Hoje \u00e9 Dia [&hellip;]<\/p>\n","protected":false},"author":7,"featured_media":2205506,"comment_status":"closed","ping_status":"closed","sticky":false,"template":"","format":"standard","meta":{"footnotes":""},"categories":[42,22],"tags":[30,32,48,149,150],"class_list":["post-2205798","post","type-post","status-publish","format-standard","has-post-thumbnail","hentry","category-cultura","category-destaque","tag-brognoli","tag-imoveis","tag-jazz-bebe","tag-musica","tag-parque-da-luz"],"yoast_head":"<!-- This site is optimized with the Yoast SEO plugin v21.3 - https:\/\/yoast.com\/wordpress\/plugins\/seo\/ -->\n<title>Parque da Luz recebe mais uma edi\u00e7\u00e3o do Hoje \u00e9 Dia de Jazz Beb\u00ea! no dia 19 de maio - Brognoli<\/title>\n<meta name=\"robots\" content=\"index, follow, max-snippet:-1, max-image-preview:large, max-video-preview:-1\" \/>\n<link rel=\"canonical\" href=\"https:\/\/www.brognoli.com.br\/blog\/parque-da-luz-recebe-mais-uma-edicao-do-hoje-e-dia-de-jazz-bebe-no-dia-19-de-maio\/\" \/>\n<meta property=\"og:locale\" content=\"pt_BR\" \/>\n<meta property=\"og:type\" content=\"article\" \/>\n<meta property=\"og:title\" content=\"Parque da Luz recebe mais uma edi\u00e7\u00e3o do Hoje \u00e9 Dia de Jazz Beb\u00ea! no dia 19 de maio - Brognoli\" \/>\n<meta property=\"og:description\" content=\"Ritmos brasileiros e latinos, groove e, claro, jazz, est\u00e3o no repert\u00f3rio. Programa\u00e7\u00e3o tamb\u00e9m ter\u00e1 oficinas educativas, conta\u00e7\u00e3o de hist\u00f3rias e outras atividades para crian\u00e7as. Tudo gratuito! O Hoje \u00e9 Dia [&hellip;]\" \/>\n<meta property=\"og:url\" content=\"https:\/\/www.brognoli.com.br\/blog\/parque-da-luz-recebe-mais-uma-edicao-do-hoje-e-dia-de-jazz-bebe-no-dia-19-de-maio\/\" \/>\n<meta property=\"og:site_name\" content=\"Brognoli\" \/>\n<meta property=\"article:published_time\" content=\"2019-07-03T20:09:07+00:00\" \/>\n<meta property=\"og:image\" content=\"https:\/\/www.brognoli.com.br\/blog\/wp-content\/uploads\/2022\/10\/jazz-bebe.jpg\" \/>\n\t<meta property=\"og:image:width\" content=\"1261\" \/>\n\t<meta property=\"og:image:height\" content=\"556\" \/>\n\t<meta property=\"og:image:type\" content=\"image\/jpeg\" \/>\n<meta name=\"author\" content=\"brognoli\" \/>\n<meta name=\"twitter:card\" content=\"summary_large_image\" \/>\n<meta name=\"twitter:label1\" content=\"Escrito por\" \/>\n\t<meta name=\"twitter:data1\" content=\"brognoli\" \/>\n\t<meta name=\"twitter:label2\" content=\"Est. tempo de leitura\" \/>\n\t<meta name=\"twitter:data2\" content=\"3 minutos\" \/>\n<script type=\"application\/ld+json\" class=\"yoast-schema-graph\">{\"@context\":\"https:\/\/schema.org\",\"@graph\":[{\"@type\":\"Article\",\"@id\":\"https:\/\/www.brognoli.com.br\/blog\/parque-da-luz-recebe-mais-uma-edicao-do-hoje-e-dia-de-jazz-bebe-no-dia-19-de-maio\/#article\",\"isPartOf\":{\"@id\":\"https:\/\/www.brognoli.com.br\/blog\/parque-da-luz-recebe-mais-uma-edicao-do-hoje-e-dia-de-jazz-bebe-no-dia-19-de-maio\/\"},\"author\":{\"name\":\"brognoli\",\"@id\":\"https:\/\/www.brognoli.com.br\/blog\/#\/schema\/person\/87771d6b68b99d9d9db50bfcf109f10c\"},\"headline\":\"Parque da Luz recebe mais uma edi\u00e7\u00e3o do Hoje \u00e9 Dia de Jazz Beb\u00ea! no dia 19 de maio\",\"datePublished\":\"2019-07-03T20:09:07+00:00\",\"dateModified\":\"2019-07-03T20:09:07+00:00\",\"mainEntityOfPage\":{\"@id\":\"https:\/\/www.brognoli.com.br\/blog\/parque-da-luz-recebe-mais-uma-edicao-do-hoje-e-dia-de-jazz-bebe-no-dia-19-de-maio\/\"},\"wordCount\":696,\"publisher\":{\"@id\":\"https:\/\/www.brognoli.com.br\/blog\/#organization\"},\"keywords\":[\"Brognoli\",\"im\u00f3veis\",\"Jazz Beb\u00ea\",\"M\u00fasica\",\"Parque da Luz\"],\"articleSection\":[\"Cultura\",\"Destaque\"],\"inLanguage\":\"pt-BR\"},{\"@type\":\"WebPage\",\"@id\":\"https:\/\/www.brognoli.com.br\/blog\/parque-da-luz-recebe-mais-uma-edicao-do-hoje-e-dia-de-jazz-bebe-no-dia-19-de-maio\/\",\"url\":\"https:\/\/www.brognoli.com.br\/blog\/parque-da-luz-recebe-mais-uma-edicao-do-hoje-e-dia-de-jazz-bebe-no-dia-19-de-maio\/\",\"name\":\"Parque da Luz recebe mais uma edi\u00e7\u00e3o do Hoje \u00e9 Dia de Jazz Beb\u00ea! no dia 19 de maio - Brognoli\",\"isPartOf\":{\"@id\":\"https:\/\/www.brognoli.com.br\/blog\/#website\"},\"datePublished\":\"2019-07-03T20:09:07+00:00\",\"dateModified\":\"2019-07-03T20:09:07+00:00\",\"breadcrumb\":{\"@id\":\"https:\/\/www.brognoli.com.br\/blog\/parque-da-luz-recebe-mais-uma-edicao-do-hoje-e-dia-de-jazz-bebe-no-dia-19-de-maio\/#breadcrumb\"},\"inLanguage\":\"pt-BR\",\"potentialAction\":[{\"@type\":\"ReadAction\",\"target\":[\"https:\/\/www.brognoli.com.br\/blog\/parque-da-luz-recebe-mais-uma-edicao-do-hoje-e-dia-de-jazz-bebe-no-dia-19-de-maio\/\"]}]},{\"@type\":\"BreadcrumbList\",\"@id\":\"https:\/\/www.brognoli.com.br\/blog\/parque-da-luz-recebe-mais-uma-edicao-do-hoje-e-dia-de-jazz-bebe-no-dia-19-de-maio\/#breadcrumb\",\"itemListElement\":[{\"@type\":\"ListItem\",\"position\":1,\"name\":\"In\u00edcio\",\"item\":\"https:\/\/www.brognoli.com.br\/blog\/\"},{\"@type\":\"ListItem\",\"position\":2,\"name\":\"Parque da Luz recebe mais uma edi\u00e7\u00e3o do Hoje \u00e9 Dia de Jazz Beb\u00ea! no dia 19 de maio\"}]},{\"@type\":\"WebSite\",\"@id\":\"https:\/\/www.brognoli.com.br\/blog\/#website\",\"url\":\"https:\/\/www.brognoli.com.br\/blog\/\",\"name\":\"Brognoli\",\"description\":\"Brognoli\",\"publisher\":{\"@id\":\"https:\/\/www.brognoli.com.br\/blog\/#organization\"},\"potentialAction\":[{\"@type\":\"SearchAction\",\"target\":{\"@type\":\"EntryPoint\",\"urlTemplate\":\"https:\/\/www.brognoli.com.br\/blog\/?s={search_term_string}\"},\"query-input\":\"required name=search_term_string\"}],\"inLanguage\":\"pt-BR\"},{\"@type\":\"Organization\",\"@id\":\"https:\/\/www.brognoli.com.br\/blog\/#organization\",\"name\":\"Brognoli\",\"url\":\"https:\/\/www.brognoli.com.br\/blog\/\",\"logo\":{\"@type\":\"ImageObject\",\"inLanguage\":\"pt-BR\",\"@id\":\"https:\/\/www.brognoli.com.br\/blog\/#\/schema\/logo\/image\/\",\"url\":\"https:\/\/www.brognoli.com.br\/blog\/wp-content\/uploads\/2024\/10\/cropped-cropped-BRO_LOGO_3@300x.png\",\"contentUrl\":\"https:\/\/www.brognoli.com.br\/blog\/wp-content\/uploads\/2024\/10\/cropped-cropped-BRO_LOGO_3@300x.png\",\"width\":1762,\"height\":605,\"caption\":\"Brognoli\"},\"image\":{\"@id\":\"https:\/\/www.brognoli.com.br\/blog\/#\/schema\/logo\/image\/\"}},{\"@type\":\"Person\",\"@id\":\"https:\/\/www.brognoli.com.br\/blog\/#\/schema\/person\/87771d6b68b99d9d9db50bfcf109f10c\",\"name\":\"brognoli\",\"image\":{\"@type\":\"ImageObject\",\"inLanguage\":\"pt-BR\",\"@id\":\"https:\/\/www.brognoli.com.br\/blog\/#\/schema\/person\/image\/\",\"url\":\"https:\/\/secure.gravatar.com\/avatar\/a7836fc1468501cb19a0ad1df34b5f85abe16dfce609e03bba719de31c58ea48?s=96&d=mm&r=g\",\"contentUrl\":\"https:\/\/secure.gravatar.com\/avatar\/a7836fc1468501cb19a0ad1df34b5f85abe16dfce609e03bba719de31c58ea48?s=96&d=mm&r=g\",\"caption\":\"brognoli\"},\"url\":\"https:\/\/www.brognoli.com.br\/blog\/author\/brognoli\/\"}]}<\/script>\n<!-- \/ Yoast SEO plugin. -->","yoast_head_json":{"title":"Parque da Luz recebe mais uma edi\u00e7\u00e3o do Hoje \u00e9 Dia de Jazz Beb\u00ea! no dia 19 de maio - Brognoli","robots":{"index":"index","follow":"follow","max-snippet":"max-snippet:-1","max-image-preview":"max-image-preview:large","max-video-preview":"max-video-preview:-1"},"canonical":"https:\/\/www.brognoli.com.br\/blog\/parque-da-luz-recebe-mais-uma-edicao-do-hoje-e-dia-de-jazz-bebe-no-dia-19-de-maio\/","og_locale":"pt_BR","og_type":"article","og_title":"Parque da Luz recebe mais uma edi\u00e7\u00e3o do Hoje \u00e9 Dia de Jazz Beb\u00ea! no dia 19 de maio - Brognoli","og_description":"Ritmos brasileiros e latinos, groove e, claro, jazz, est\u00e3o no repert\u00f3rio. Programa\u00e7\u00e3o tamb\u00e9m ter\u00e1 oficinas educativas, conta\u00e7\u00e3o de hist\u00f3rias e outras atividades para crian\u00e7as. Tudo gratuito! O Hoje \u00e9 Dia [&hellip;]","og_url":"https:\/\/www.brognoli.com.br\/blog\/parque-da-luz-recebe-mais-uma-edicao-do-hoje-e-dia-de-jazz-bebe-no-dia-19-de-maio\/","og_site_name":"Brognoli","article_published_time":"2019-07-03T20:09:07+00:00","og_image":[{"width":1261,"height":556,"url":"https:\/\/www.brognoli.com.br\/blog\/wp-content\/uploads\/2022\/10\/jazz-bebe.jpg","type":"image\/jpeg"}],"author":"brognoli","twitter_card":"summary_large_image","twitter_misc":{"Escrito por":"brognoli","Est. tempo de leitura":"3 minutos"},"schema":{"@context":"https:\/\/schema.org","@graph":[{"@type":"Article","@id":"https:\/\/www.brognoli.com.br\/blog\/parque-da-luz-recebe-mais-uma-edicao-do-hoje-e-dia-de-jazz-bebe-no-dia-19-de-maio\/#article","isPartOf":{"@id":"https:\/\/www.brognoli.com.br\/blog\/parque-da-luz-recebe-mais-uma-edicao-do-hoje-e-dia-de-jazz-bebe-no-dia-19-de-maio\/"},"author":{"name":"brognoli","@id":"https:\/\/www.brognoli.com.br\/blog\/#\/schema\/person\/87771d6b68b99d9d9db50bfcf109f10c"},"headline":"Parque da Luz recebe mais uma edi\u00e7\u00e3o do Hoje \u00e9 Dia de Jazz Beb\u00ea! no dia 19 de maio","datePublished":"2019-07-03T20:09:07+00:00","dateModified":"2019-07-03T20:09:07+00:00","mainEntityOfPage":{"@id":"https:\/\/www.brognoli.com.br\/blog\/parque-da-luz-recebe-mais-uma-edicao-do-hoje-e-dia-de-jazz-bebe-no-dia-19-de-maio\/"},"wordCount":696,"publisher":{"@id":"https:\/\/www.brognoli.com.br\/blog\/#organization"},"keywords":["Brognoli","im\u00f3veis","Jazz Beb\u00ea","M\u00fasica","Parque da Luz"],"articleSection":["Cultura","Destaque"],"inLanguage":"pt-BR"},{"@type":"WebPage","@id":"https:\/\/www.brognoli.com.br\/blog\/parque-da-luz-recebe-mais-uma-edicao-do-hoje-e-dia-de-jazz-bebe-no-dia-19-de-maio\/","url":"https:\/\/www.brognoli.com.br\/blog\/parque-da-luz-recebe-mais-uma-edicao-do-hoje-e-dia-de-jazz-bebe-no-dia-19-de-maio\/","name":"Parque da Luz recebe mais uma edi\u00e7\u00e3o do Hoje \u00e9 Dia de Jazz Beb\u00ea! no dia 19 de maio - Brognoli","isPartOf":{"@id":"https:\/\/www.brognoli.com.br\/blog\/#website"},"datePublished":"2019-07-03T20:09:07+00:00","dateModified":"2019-07-03T20:09:07+00:00","breadcrumb":{"@id":"https:\/\/www.brognoli.com.br\/blog\/parque-da-luz-recebe-mais-uma-edicao-do-hoje-e-dia-de-jazz-bebe-no-dia-19-de-maio\/#breadcrumb"},"inLanguage":"pt-BR","potentialAction":[{"@type":"ReadAction","target":["https:\/\/www.brognoli.com.br\/blog\/parque-da-luz-recebe-mais-uma-edicao-do-hoje-e-dia-de-jazz-bebe-no-dia-19-de-maio\/"]}]},{"@type":"BreadcrumbList","@id":"https:\/\/www.brognoli.com.br\/blog\/parque-da-luz-recebe-mais-uma-edicao-do-hoje-e-dia-de-jazz-bebe-no-dia-19-de-maio\/#breadcrumb","itemListElement":[{"@type":"ListItem","position":1,"name":"In\u00edcio","item":"https:\/\/www.brognoli.com.br\/blog\/"},{"@type":"ListItem","position":2,"name":"Parque da Luz recebe mais uma edi\u00e7\u00e3o do Hoje \u00e9 Dia de Jazz Beb\u00ea! no dia 19 de maio"}]},{"@type":"WebSite","@id":"https:\/\/www.brognoli.com.br\/blog\/#website","url":"https:\/\/www.brognoli.com.br\/blog\/","name":"Brognoli","description":"Brognoli","publisher":{"@id":"https:\/\/www.brognoli.com.br\/blog\/#organization"},"potentialAction":[{"@type":"SearchAction","target":{"@type":"EntryPoint","urlTemplate":"https:\/\/www.brognoli.com.br\/blog\/?s={search_term_string}"},"query-input":"required name=search_term_string"}],"inLanguage":"pt-BR"},{"@type":"Organization","@id":"https:\/\/www.brognoli.com.br\/blog\/#organization","name":"Brognoli","url":"https:\/\/www.brognoli.com.br\/blog\/","logo":{"@type":"ImageObject","inLanguage":"pt-BR","@id":"https:\/\/www.brognoli.com.br\/blog\/#\/schema\/logo\/image\/","url":"https:\/\/www.brognoli.com.br\/blog\/wp-content\/uploads\/2024\/10\/cropped-cropped-BRO_LOGO_3@300x.png","contentUrl":"https:\/\/www.brognoli.com.br\/blog\/wp-content\/uploads\/2024\/10\/cropped-cropped-BRO_LOGO_3@300x.png","width":1762,"height":605,"caption":"Brognoli"},"image":{"@id":"https:\/\/www.brognoli.com.br\/blog\/#\/schema\/logo\/image\/"}},{"@type":"Person","@id":"https:\/\/www.brognoli.com.br\/blog\/#\/schema\/person\/87771d6b68b99d9d9db50bfcf109f10c","name":"brognoli","image":{"@type":"ImageObject","inLanguage":"pt-BR","@id":"https:\/\/www.brognoli.com.br\/blog\/#\/schema\/person\/image\/","url":"https:\/\/secure.gravatar.com\/avatar\/a7836fc1468501cb19a0ad1df34b5f85abe16dfce609e03bba719de31c58ea48?s=96&d=mm&r=g","contentUrl":"https:\/\/secure.gravatar.com\/avatar\/a7836fc1468501cb19a0ad1df34b5f85abe16dfce609e03bba719de31c58ea48?s=96&d=mm&r=g","caption":"brognoli"},"url":"https:\/\/www.brognoli.com.br\/blog\/author\/brognoli\/"}]}},"_links":{"self":[{"href":"https:\/\/www.brognoli.com.br\/blog\/wp-json\/wp\/v2\/posts\/2205798","targetHints":{"allow":["GET"]}}],"collection":[{"href":"https:\/\/www.brognoli.com.br\/blog\/wp-json\/wp\/v2\/posts"}],"about":[{"href":"https:\/\/www.brognoli.com.br\/blog\/wp-json\/wp\/v2\/types\/post"}],"author":[{"embeddable":true,"href":"https:\/\/www.brognoli.com.br\/blog\/wp-json\/wp\/v2\/users\/7"}],"replies":[{"embeddable":true,"href":"https:\/\/www.brognoli.com.br\/blog\/wp-json\/wp\/v2\/comments?post=2205798"}],"version-history":[{"count":0,"href":"https:\/\/www.brognoli.com.br\/blog\/wp-json\/wp\/v2\/posts\/2205798\/revisions"}],"wp:featuredmedia":[{"embeddable":true,"href":"https:\/\/www.brognoli.com.br\/blog\/wp-json\/wp\/v2\/media\/2205506"}],"wp:attachment":[{"href":"https:\/\/www.brognoli.com.br\/blog\/wp-json\/wp\/v2\/media?parent=2205798"}],"wp:term":[{"taxonomy":"category","embeddable":true,"href":"https:\/\/www.brognoli.com.br\/blog\/wp-json\/wp\/v2\/categories?post=2205798"},{"taxonomy":"post_tag","embeddable":true,"href":"https:\/\/www.brognoli.com.br\/blog\/wp-json\/wp\/v2\/tags?post=2205798"}],"curies":[{"name":"wp","href":"https:\/\/api.w.org\/{rel}","templated":true}]}}