{"id":2205805,"date":"2019-07-03T17:09:07","date_gmt":"2019-07-03T20:09:07","guid":{"rendered":"https:\/\/api-portal.brognoli.com.br\/parque-da-luz-recebe-segunda-edicao-do-hoje-e-dia-de-jazz-bebe\/"},"modified":"2019-07-03T17:09:07","modified_gmt":"2019-07-03T20:09:07","slug":"parque-da-luz-recebe-segunda-edicao-do-hoje-e-dia-de-jazz-bebe","status":"publish","type":"post","link":"https:\/\/www.brognoli.com.br\/blog\/parque-da-luz-recebe-segunda-edicao-do-hoje-e-dia-de-jazz-bebe\/","title":{"rendered":"Parque da Luz recebe segunda edi\u00e7\u00e3o do \u201cHoje \u00e9 Dia de Jazz Beb\u00ea\u201d"},"content":{"rendered":"<p style=\"text-align: center;\"><em>Projeto reuniu ritmos brasileiros e latinos, groove e, claro, muito jazz, al\u00e9m de uma programa\u00e7\u00e3o especial para as crian\u00e7as<\/em><\/p>\n<p>Depois de muita chuva, o evento Dia de Jazz Beb\u00ea aconteceu no \u00faltimo domingo, dia 9 de junho, no Parque da Luz, em Florian\u00f3polis. E foi lindo!<\/p>\n<p>Muitas fam\u00edlias, crian\u00e7as, amigos, decidiram aproveitar o domingo ensolarado e quentinho para curtir uma tarde ao ar livre, ao som de muita m\u00fasica. V\u00e1rias atra\u00e7\u00f5es para crian\u00e7ada tamb\u00e9m aconteceram: oficinas de instrumentos musicais a partir de materiais reciclados, intera\u00e7\u00e3o musical e o Ninho da Leitura, com a Cia Mafagafos.<\/p>\n<p>O saxofonista cubano \u00c9lio Silveira foi o convidado da segunda edi\u00e7\u00e3o do ano e engrossou o caldo de ritmos latinos, brasileiros e jazz. \u00c9lio Silveira se apresentou com o trio formado por Ti\u00ea Pereira no baixo, Paulo Steil na bateria e Fabio Carlesso na guitarra. O repert\u00f3rio foi um passeio pela m\u00fasica brasileira, groove e m\u00fasica latina.<\/p>\n<p><strong>Brognoli ONLIFE: presente!<\/strong><\/p>\n<p>A gente ama ser digital, mas tamb\u00e9m amamos o presencial. \u00c9 por isso que apoiamos eventos como o \u201cHoje \u00e9 dia de Jazz Beb\u00ea\u201d, que contribuem nas experi\u00eancias culturais, que tornam o dia a dia das pessoas melhor, que favorecem ativamente no ecossistema e facilitam a integra\u00e7\u00e3o dos moradores, no bairro aonde escolheram morar ou empreender.<\/p>\n<p>Durante o evento, distribu\u00edmos brindes para quem visitou a tenda da Brognoli. Tamb\u00e9m contamos com o Espa\u00e7o Indicasse, onde as pessoas puderam fazer sua foto, postar com a hashtag <em>indicasse<\/em> no Instagram e ganhar na hora a foto revelada. Bacana, n\u00e9?! Saiba mais sobre essa campanha <a href=\"https:\/\/universo.brognoli.com.br\/ja-indicasse-mo-quirido\/\" target=\"_blank\" rel=\"noopener\">Indicasse<\/a> que est\u00e1 movimentando o mercado imobili\u00e1rio de Floripa.<\/p>\n<p><img loading=\"lazy\" decoding=\"async\" class=\"wp-image-7061 aligncenter\" src=\"https:\/\/brognoli.com.br\/wp-content\/uploads\/2019\/07\/JazzBebe_09-06-2019_brognoli-3-1.png\" alt=\"\" width=\"628\" height=\"419\"><\/p>\n<p>&nbsp;<\/p>\n<p><strong>Sobre o projeto \u201cHoje \u00e9 Dia de Jazz Beb\u00ea\u201d<\/strong><\/p>\n<p>O Hoje \u00e9 Dia de Jazz Beb\u00ea come\u00e7ou em 2016. Em 2018, o projeto ganhou ritmo e cinco eventos foram realizados em espa\u00e7os p\u00fablicos da Capital, reunindo, no total, mais de 12 mil pessoas. At\u00e9 o final de 2019, est\u00e3o previstas mais quatro edi\u00e7\u00f5es e um festival.<\/p>\n<p>O Hoje \u00e9 Dia de Jazz Beb\u00ea! \u00e9 realizado por meio da Lei Municipal de Incentivo \u00e0 Cultura \u2013 Prefeitura de Florian\u00f3polis e conta com parceiros que acreditam que a cultura \u00e9 pe\u00e7a fundamental na vida das pessoas e da sociedade. O evento tem apoio cultural da Floripa Airport, do Bistek Supermercados, da Brognoli Neg\u00f3cios Imobili\u00e1rios, da Eletrosul, do Corporate Park, do Jurer\u00ea Beach Village e do Il Campanario. Tem apoio da Associa\u00e7\u00e3o dos Amigos do Parque da Luz, da Parlenda e da Panorama Escola de Arte. A realiza\u00e7\u00e3o \u00e9 da Studio de Ideias.<\/p>\n<p>Fique ligado em nossas m\u00eddias sociais pra saber quando rolam as pr\u00f3ximas edi\u00e7\u00f5es do &#8220;Hoje \u00e9 Dia de Jazz Beb\u00ea&#8221; e outros eventos culturais.<\/p>\n<p><img loading=\"lazy\" decoding=\"async\" class=\"wp-image-7064 aligncenter\" src=\"https:\/\/brognoli.com.br\/wp-content\/uploads\/2019\/07\/JazzBebe_09-06-2019_brognoli_anderson.png\" alt=\"\" width=\"581\" height=\"388\"><\/p>\n<p><img loading=\"lazy\" decoding=\"async\" class=\" wp-image-7065 aligncenter\" src=\"https:\/\/brognoli.com.br\/wp-content\/uploads\/2019\/07\/JazzBebe_09-06-2019_3.png\" alt=\"\" width=\"576\" height=\"384\"><\/p>\n<p><img loading=\"lazy\" decoding=\"async\" class=\" wp-image-7066 aligncenter\" src=\"https:\/\/brognoli.com.br\/wp-content\/uploads\/2019\/07\/JazzBebe_09-06-2019_brognoli-1.png\" alt=\"\" width=\"570\" height=\"380\"><\/p>\n<p><img loading=\"lazy\" decoding=\"async\" class=\"wp-image-7069 aligncenter\" src=\"https:\/\/brognoli.com.br\/wp-content\/uploads\/2019\/07\/JazzBebe_09-06-2019_2-1.png\" alt=\"\" width=\"560\" height=\"374\"><\/p>\n<p>&nbsp;<\/p>\n<p>&nbsp;<\/p>\n","protected":false},"excerpt":{"rendered":"<p>Projeto reuniu ritmos brasileiros e latinos, groove e, claro, muito jazz, al\u00e9m de uma programa\u00e7\u00e3o especial para as crian\u00e7as Depois de muita chuva, o evento Dia de Jazz Beb\u00ea aconteceu [&hellip;]<\/p>\n","protected":false},"author":7,"featured_media":2205525,"comment_status":"closed","ping_status":"closed","sticky":false,"template":"","format":"standard","meta":{"footnotes":""},"categories":[42,22],"tags":[30,41,43,44,45,46,25,47,48,49],"class_list":["post-2205805","post","type-post","status-publish","format-standard","has-post-thumbnail","hentry","category-cultura","category-destaque","tag-brognoli","tag-brognoli-imoveis","tag-cultura","tag-cultura-catarinense","tag-florianopolis","tag-floripa","tag-grande-florianopolis","tag-indicasse","tag-jazz-bebe","tag-onlife"],"yoast_head":"<!-- This site is optimized with the Yoast SEO plugin v21.3 - https:\/\/yoast.com\/wordpress\/plugins\/seo\/ -->\n<title>Parque da Luz recebe segunda edi\u00e7\u00e3o do \u201cHoje \u00e9 Dia de Jazz Beb\u00ea\u201d - Brognoli<\/title>\n<meta name=\"robots\" content=\"index, follow, max-snippet:-1, max-image-preview:large, max-video-preview:-1\" \/>\n<link rel=\"canonical\" href=\"https:\/\/www.brognoli.com.br\/blog\/parque-da-luz-recebe-segunda-edicao-do-hoje-e-dia-de-jazz-bebe\/\" \/>\n<meta property=\"og:locale\" content=\"pt_BR\" \/>\n<meta property=\"og:type\" content=\"article\" \/>\n<meta property=\"og:title\" content=\"Parque da Luz recebe segunda edi\u00e7\u00e3o do \u201cHoje \u00e9 Dia de Jazz Beb\u00ea\u201d - Brognoli\" \/>\n<meta property=\"og:description\" content=\"Projeto reuniu ritmos brasileiros e latinos, groove e, claro, muito jazz, al\u00e9m de uma programa\u00e7\u00e3o especial para as crian\u00e7as Depois de muita chuva, o evento Dia de Jazz Beb\u00ea aconteceu [&hellip;]\" \/>\n<meta property=\"og:url\" content=\"https:\/\/www.brognoli.com.br\/blog\/parque-da-luz-recebe-segunda-edicao-do-hoje-e-dia-de-jazz-bebe\/\" \/>\n<meta property=\"og:site_name\" content=\"Brognoli\" \/>\n<meta property=\"article:published_time\" content=\"2019-07-03T20:09:07+00:00\" \/>\n<meta property=\"og:image\" content=\"https:\/\/www.brognoli.com.br\/blog\/wp-content\/uploads\/2022\/10\/Miniatura_JazzBebe_Brognoli_12.6.19.png\" \/>\n\t<meta property=\"og:image:width\" content=\"993\" \/>\n\t<meta property=\"og:image:height\" content=\"666\" \/>\n\t<meta property=\"og:image:type\" content=\"image\/png\" \/>\n<meta name=\"author\" content=\"brognoli\" \/>\n<meta name=\"twitter:card\" content=\"summary_large_image\" \/>\n<meta name=\"twitter:label1\" content=\"Escrito por\" \/>\n\t<meta name=\"twitter:data1\" content=\"brognoli\" \/>\n\t<meta name=\"twitter:label2\" content=\"Est. tempo de leitura\" \/>\n\t<meta name=\"twitter:data2\" content=\"2 minutos\" \/>\n<script type=\"application\/ld+json\" class=\"yoast-schema-graph\">{\"@context\":\"https:\/\/schema.org\",\"@graph\":[{\"@type\":\"Article\",\"@id\":\"https:\/\/www.brognoli.com.br\/blog\/parque-da-luz-recebe-segunda-edicao-do-hoje-e-dia-de-jazz-bebe\/#article\",\"isPartOf\":{\"@id\":\"https:\/\/www.brognoli.com.br\/blog\/parque-da-luz-recebe-segunda-edicao-do-hoje-e-dia-de-jazz-bebe\/\"},\"author\":{\"name\":\"brognoli\",\"@id\":\"https:\/\/www.brognoli.com.br\/blog\/#\/schema\/person\/87771d6b68b99d9d9db50bfcf109f10c\"},\"headline\":\"Parque da Luz recebe segunda edi\u00e7\u00e3o do \u201cHoje \u00e9 Dia de Jazz Beb\u00ea\u201d\",\"datePublished\":\"2019-07-03T20:09:07+00:00\",\"dateModified\":\"2019-07-03T20:09:07+00:00\",\"mainEntityOfPage\":{\"@id\":\"https:\/\/www.brognoli.com.br\/blog\/parque-da-luz-recebe-segunda-edicao-do-hoje-e-dia-de-jazz-bebe\/\"},\"wordCount\":477,\"publisher\":{\"@id\":\"https:\/\/www.brognoli.com.br\/blog\/#organization\"},\"keywords\":[\"Brognoli\",\"Brognoli Im\u00f3veis\",\"cultura\",\"Cultura Catarinense\",\"florian\u00f3polis\",\"floripa\",\"Grande Florian\u00f3polis\",\"Indicasse\",\"Jazz Beb\u00ea\",\"OnLife\"],\"articleSection\":[\"Cultura\",\"Destaque\"],\"inLanguage\":\"pt-BR\"},{\"@type\":\"WebPage\",\"@id\":\"https:\/\/www.brognoli.com.br\/blog\/parque-da-luz-recebe-segunda-edicao-do-hoje-e-dia-de-jazz-bebe\/\",\"url\":\"https:\/\/www.brognoli.com.br\/blog\/parque-da-luz-recebe-segunda-edicao-do-hoje-e-dia-de-jazz-bebe\/\",\"name\":\"Parque da Luz recebe segunda edi\u00e7\u00e3o do \u201cHoje \u00e9 Dia de Jazz Beb\u00ea\u201d - Brognoli\",\"isPartOf\":{\"@id\":\"https:\/\/www.brognoli.com.br\/blog\/#website\"},\"datePublished\":\"2019-07-03T20:09:07+00:00\",\"dateModified\":\"2019-07-03T20:09:07+00:00\",\"breadcrumb\":{\"@id\":\"https:\/\/www.brognoli.com.br\/blog\/parque-da-luz-recebe-segunda-edicao-do-hoje-e-dia-de-jazz-bebe\/#breadcrumb\"},\"inLanguage\":\"pt-BR\",\"potentialAction\":[{\"@type\":\"ReadAction\",\"target\":[\"https:\/\/www.brognoli.com.br\/blog\/parque-da-luz-recebe-segunda-edicao-do-hoje-e-dia-de-jazz-bebe\/\"]}]},{\"@type\":\"BreadcrumbList\",\"@id\":\"https:\/\/www.brognoli.com.br\/blog\/parque-da-luz-recebe-segunda-edicao-do-hoje-e-dia-de-jazz-bebe\/#breadcrumb\",\"itemListElement\":[{\"@type\":\"ListItem\",\"position\":1,\"name\":\"In\u00edcio\",\"item\":\"https:\/\/www.brognoli.com.br\/blog\/\"},{\"@type\":\"ListItem\",\"position\":2,\"name\":\"Parque da Luz recebe segunda edi\u00e7\u00e3o do \u201cHoje \u00e9 Dia de Jazz Beb\u00ea\u201d\"}]},{\"@type\":\"WebSite\",\"@id\":\"https:\/\/www.brognoli.com.br\/blog\/#website\",\"url\":\"https:\/\/www.brognoli.com.br\/blog\/\",\"name\":\"Brognoli\",\"description\":\"Brognoli\",\"publisher\":{\"@id\":\"https:\/\/www.brognoli.com.br\/blog\/#organization\"},\"potentialAction\":[{\"@type\":\"SearchAction\",\"target\":{\"@type\":\"EntryPoint\",\"urlTemplate\":\"https:\/\/www.brognoli.com.br\/blog\/?s={search_term_string}\"},\"query-input\":\"required name=search_term_string\"}],\"inLanguage\":\"pt-BR\"},{\"@type\":\"Organization\",\"@id\":\"https:\/\/www.brognoli.com.br\/blog\/#organization\",\"name\":\"Brognoli\",\"url\":\"https:\/\/www.brognoli.com.br\/blog\/\",\"logo\":{\"@type\":\"ImageObject\",\"inLanguage\":\"pt-BR\",\"@id\":\"https:\/\/www.brognoli.com.br\/blog\/#\/schema\/logo\/image\/\",\"url\":\"https:\/\/www.brognoli.com.br\/blog\/wp-content\/uploads\/2024\/10\/cropped-cropped-BRO_LOGO_3@300x.png\",\"contentUrl\":\"https:\/\/www.brognoli.com.br\/blog\/wp-content\/uploads\/2024\/10\/cropped-cropped-BRO_LOGO_3@300x.png\",\"width\":1762,\"height\":605,\"caption\":\"Brognoli\"},\"image\":{\"@id\":\"https:\/\/www.brognoli.com.br\/blog\/#\/schema\/logo\/image\/\"}},{\"@type\":\"Person\",\"@id\":\"https:\/\/www.brognoli.com.br\/blog\/#\/schema\/person\/87771d6b68b99d9d9db50bfcf109f10c\",\"name\":\"brognoli\",\"image\":{\"@type\":\"ImageObject\",\"inLanguage\":\"pt-BR\",\"@id\":\"https:\/\/www.brognoli.com.br\/blog\/#\/schema\/person\/image\/\",\"url\":\"https:\/\/secure.gravatar.com\/avatar\/a7836fc1468501cb19a0ad1df34b5f85abe16dfce609e03bba719de31c58ea48?s=96&d=mm&r=g\",\"contentUrl\":\"https:\/\/secure.gravatar.com\/avatar\/a7836fc1468501cb19a0ad1df34b5f85abe16dfce609e03bba719de31c58ea48?s=96&d=mm&r=g\",\"caption\":\"brognoli\"},\"url\":\"https:\/\/www.brognoli.com.br\/blog\/author\/brognoli\/\"}]}<\/script>\n<!-- \/ Yoast SEO plugin. -->","yoast_head_json":{"title":"Parque da Luz recebe segunda edi\u00e7\u00e3o do \u201cHoje \u00e9 Dia de Jazz Beb\u00ea\u201d - Brognoli","robots":{"index":"index","follow":"follow","max-snippet":"max-snippet:-1","max-image-preview":"max-image-preview:large","max-video-preview":"max-video-preview:-1"},"canonical":"https:\/\/www.brognoli.com.br\/blog\/parque-da-luz-recebe-segunda-edicao-do-hoje-e-dia-de-jazz-bebe\/","og_locale":"pt_BR","og_type":"article","og_title":"Parque da Luz recebe segunda edi\u00e7\u00e3o do \u201cHoje \u00e9 Dia de Jazz Beb\u00ea\u201d - Brognoli","og_description":"Projeto reuniu ritmos brasileiros e latinos, groove e, claro, muito jazz, al\u00e9m de uma programa\u00e7\u00e3o especial para as crian\u00e7as Depois de muita chuva, o evento Dia de Jazz Beb\u00ea aconteceu [&hellip;]","og_url":"https:\/\/www.brognoli.com.br\/blog\/parque-da-luz-recebe-segunda-edicao-do-hoje-e-dia-de-jazz-bebe\/","og_site_name":"Brognoli","article_published_time":"2019-07-03T20:09:07+00:00","og_image":[{"width":993,"height":666,"url":"https:\/\/www.brognoli.com.br\/blog\/wp-content\/uploads\/2022\/10\/Miniatura_JazzBebe_Brognoli_12.6.19.png","type":"image\/png"}],"author":"brognoli","twitter_card":"summary_large_image","twitter_misc":{"Escrito por":"brognoli","Est. tempo de leitura":"2 minutos"},"schema":{"@context":"https:\/\/schema.org","@graph":[{"@type":"Article","@id":"https:\/\/www.brognoli.com.br\/blog\/parque-da-luz-recebe-segunda-edicao-do-hoje-e-dia-de-jazz-bebe\/#article","isPartOf":{"@id":"https:\/\/www.brognoli.com.br\/blog\/parque-da-luz-recebe-segunda-edicao-do-hoje-e-dia-de-jazz-bebe\/"},"author":{"name":"brognoli","@id":"https:\/\/www.brognoli.com.br\/blog\/#\/schema\/person\/87771d6b68b99d9d9db50bfcf109f10c"},"headline":"Parque da Luz recebe segunda edi\u00e7\u00e3o do \u201cHoje \u00e9 Dia de Jazz Beb\u00ea\u201d","datePublished":"2019-07-03T20:09:07+00:00","dateModified":"2019-07-03T20:09:07+00:00","mainEntityOfPage":{"@id":"https:\/\/www.brognoli.com.br\/blog\/parque-da-luz-recebe-segunda-edicao-do-hoje-e-dia-de-jazz-bebe\/"},"wordCount":477,"publisher":{"@id":"https:\/\/www.brognoli.com.br\/blog\/#organization"},"keywords":["Brognoli","Brognoli Im\u00f3veis","cultura","Cultura Catarinense","florian\u00f3polis","floripa","Grande Florian\u00f3polis","Indicasse","Jazz Beb\u00ea","OnLife"],"articleSection":["Cultura","Destaque"],"inLanguage":"pt-BR"},{"@type":"WebPage","@id":"https:\/\/www.brognoli.com.br\/blog\/parque-da-luz-recebe-segunda-edicao-do-hoje-e-dia-de-jazz-bebe\/","url":"https:\/\/www.brognoli.com.br\/blog\/parque-da-luz-recebe-segunda-edicao-do-hoje-e-dia-de-jazz-bebe\/","name":"Parque da Luz recebe segunda edi\u00e7\u00e3o do \u201cHoje \u00e9 Dia de Jazz Beb\u00ea\u201d - Brognoli","isPartOf":{"@id":"https:\/\/www.brognoli.com.br\/blog\/#website"},"datePublished":"2019-07-03T20:09:07+00:00","dateModified":"2019-07-03T20:09:07+00:00","breadcrumb":{"@id":"https:\/\/www.brognoli.com.br\/blog\/parque-da-luz-recebe-segunda-edicao-do-hoje-e-dia-de-jazz-bebe\/#breadcrumb"},"inLanguage":"pt-BR","potentialAction":[{"@type":"ReadAction","target":["https:\/\/www.brognoli.com.br\/blog\/parque-da-luz-recebe-segunda-edicao-do-hoje-e-dia-de-jazz-bebe\/"]}]},{"@type":"BreadcrumbList","@id":"https:\/\/www.brognoli.com.br\/blog\/parque-da-luz-recebe-segunda-edicao-do-hoje-e-dia-de-jazz-bebe\/#breadcrumb","itemListElement":[{"@type":"ListItem","position":1,"name":"In\u00edcio","item":"https:\/\/www.brognoli.com.br\/blog\/"},{"@type":"ListItem","position":2,"name":"Parque da Luz recebe segunda edi\u00e7\u00e3o do \u201cHoje \u00e9 Dia de Jazz Beb\u00ea\u201d"}]},{"@type":"WebSite","@id":"https:\/\/www.brognoli.com.br\/blog\/#website","url":"https:\/\/www.brognoli.com.br\/blog\/","name":"Brognoli","description":"Brognoli","publisher":{"@id":"https:\/\/www.brognoli.com.br\/blog\/#organization"},"potentialAction":[{"@type":"SearchAction","target":{"@type":"EntryPoint","urlTemplate":"https:\/\/www.brognoli.com.br\/blog\/?s={search_term_string}"},"query-input":"required name=search_term_string"}],"inLanguage":"pt-BR"},{"@type":"Organization","@id":"https:\/\/www.brognoli.com.br\/blog\/#organization","name":"Brognoli","url":"https:\/\/www.brognoli.com.br\/blog\/","logo":{"@type":"ImageObject","inLanguage":"pt-BR","@id":"https:\/\/www.brognoli.com.br\/blog\/#\/schema\/logo\/image\/","url":"https:\/\/www.brognoli.com.br\/blog\/wp-content\/uploads\/2024\/10\/cropped-cropped-BRO_LOGO_3@300x.png","contentUrl":"https:\/\/www.brognoli.com.br\/blog\/wp-content\/uploads\/2024\/10\/cropped-cropped-BRO_LOGO_3@300x.png","width":1762,"height":605,"caption":"Brognoli"},"image":{"@id":"https:\/\/www.brognoli.com.br\/blog\/#\/schema\/logo\/image\/"}},{"@type":"Person","@id":"https:\/\/www.brognoli.com.br\/blog\/#\/schema\/person\/87771d6b68b99d9d9db50bfcf109f10c","name":"brognoli","image":{"@type":"ImageObject","inLanguage":"pt-BR","@id":"https:\/\/www.brognoli.com.br\/blog\/#\/schema\/person\/image\/","url":"https:\/\/secure.gravatar.com\/avatar\/a7836fc1468501cb19a0ad1df34b5f85abe16dfce609e03bba719de31c58ea48?s=96&d=mm&r=g","contentUrl":"https:\/\/secure.gravatar.com\/avatar\/a7836fc1468501cb19a0ad1df34b5f85abe16dfce609e03bba719de31c58ea48?s=96&d=mm&r=g","caption":"brognoli"},"url":"https:\/\/www.brognoli.com.br\/blog\/author\/brognoli\/"}]}},"_links":{"self":[{"href":"https:\/\/www.brognoli.com.br\/blog\/wp-json\/wp\/v2\/posts\/2205805","targetHints":{"allow":["GET"]}}],"collection":[{"href":"https:\/\/www.brognoli.com.br\/blog\/wp-json\/wp\/v2\/posts"}],"about":[{"href":"https:\/\/www.brognoli.com.br\/blog\/wp-json\/wp\/v2\/types\/post"}],"author":[{"embeddable":true,"href":"https:\/\/www.brognoli.com.br\/blog\/wp-json\/wp\/v2\/users\/7"}],"replies":[{"embeddable":true,"href":"https:\/\/www.brognoli.com.br\/blog\/wp-json\/wp\/v2\/comments?post=2205805"}],"version-history":[{"count":0,"href":"https:\/\/www.brognoli.com.br\/blog\/wp-json\/wp\/v2\/posts\/2205805\/revisions"}],"wp:featuredmedia":[{"embeddable":true,"href":"https:\/\/www.brognoli.com.br\/blog\/wp-json\/wp\/v2\/media\/2205525"}],"wp:attachment":[{"href":"https:\/\/www.brognoli.com.br\/blog\/wp-json\/wp\/v2\/media?parent=2205805"}],"wp:term":[{"taxonomy":"category","embeddable":true,"href":"https:\/\/www.brognoli.com.br\/blog\/wp-json\/wp\/v2\/categories?post=2205805"},{"taxonomy":"post_tag","embeddable":true,"href":"https:\/\/www.brognoli.com.br\/blog\/wp-json\/wp\/v2\/tags?post=2205805"}],"curies":[{"name":"wp","href":"https:\/\/api.w.org\/{rel}","templated":true}]}}