{"id":2205810,"date":"2019-07-15T11:19:35","date_gmt":"2019-07-15T14:19:35","guid":{"rendered":"https:\/\/api-portal.brognoli.com.br\/primeiro-hoje-e-dia-de-jazz-bebe-no-norte-da-ilha-sera-dia-21-de-julho\/"},"modified":"2019-07-15T11:19:35","modified_gmt":"2019-07-15T14:19:35","slug":"primeiro-hoje-e-dia-de-jazz-bebe-no-norte-da-ilha-sera-dia-21-de-julho","status":"publish","type":"post","link":"https:\/\/www.brognoli.com.br\/blog\/primeiro-hoje-e-dia-de-jazz-bebe-no-norte-da-ilha-sera-dia-21-de-julho\/","title":{"rendered":"Primeiro Hoje \u00e9 Dia de Jazz Beb\u00ea no Norte da Ilha ser\u00e1 dia 21 de julho"},"content":{"rendered":"<h2>Vai ter muito Jazz, Soul, Bossa Nova, MPB e Groove, al\u00e9m de oficinas de arte e outras atividades para as crian\u00e7as. No Jurer\u00ea Open Shopping, tudo gratuito!<\/h2>\n<p>No pr\u00f3ximo dia 21\/07 tem Hoje \u00e9 Dia de Jazz Beb\u00ea e dessa vez ser\u00e1 no Norte da Ilha, no Jurer\u00ea Open Shopping &#8211; Jurer\u00ea Internacional. Jazz, Soul, Bossa Nova, MPB e Groove est\u00e3o no repert\u00f3rio do quinteto com dire\u00e7\u00e3o musical de Ti\u00ea Pereira. A boa m\u00fasica vem acompanhada de oficinas de arte, Jogo Educativo Paralelep\u00edpedo Poema, Conta\u00e7\u00e3o de Hist\u00f3rias, Intera\u00e7\u00e3o Musical e Ninho da Leitura. Tudo gratuito, ao ar livre.<\/p>\n<p>No show do quinteto formado Ti\u00ea Pereira (baixo), Fabio Carlesso (guitarra), F\u00e1bio Melo (saxofone), Paulo Steil (bateria) e Anis de Flor (voz) vai ter tamb\u00e9m MPB para crian\u00e7as \u2013 ser\u00e3o interpretadas can\u00e7\u00f5es da Palavra Cantada e do Toquinho. \u201cVamos navegar usando a linguagem do improviso do jazz por v\u00e1rios estilos musicais. O time de m\u00fasicos foi escolhido pensando nessa diversidade\u201d, diz Ti\u00ea.<\/p>\n<p>Quem quiser, pode levar comidinhas para um piquenique. Alimentos e bebidas tamb\u00e9m estar\u00e3o \u00e0 venda no Jurer\u00ea Open Shopping.<\/p>\n<p><strong>Hoje \u00e9 Dia de Jazz Beb\u00ea no Norte da Ilha<\/strong><\/p>\n<p>O evento, que se consolidou e hoje j\u00e1 \u00e9 um dos mais queridos da cidade, ocupa espa\u00e7os p\u00fablicos com programa\u00e7\u00e3o de qualidade para crian\u00e7as e adultos. At\u00e9 ent\u00e3o acontecia na regi\u00e3o central (Jardim Bot\u00e2nico e Parque da Luz) e, nesta edi\u00e7\u00e3o, ser\u00e1 no Norte da Ilha. \u201cA ideia \u00e9 que o Hoje \u00e9 Dia de Jazz Beb\u00ea seja itinerante, realizado em diferentes regi\u00f5es da cidade. Ainda este ano vai acontecer no bairro Trindade e no Sul da Ilha\u201d, diz Arturo Valle Junior, da Studio de Ideias.<\/p>\n<p><strong>M\u00fasica para crian\u00e7as e adultos<\/strong><\/p>\n<p>O Hoje \u00e9 Dia de Jazz Beb\u00ea come\u00e7ou em 2016. Em 2018, o projeto ganhou ritmo e cinco eventos foram realizados em espa\u00e7os p\u00fablicos da Capital, reunindo, no total, mais de 12 mil pessoas. At\u00e9 o final de 2019, est\u00e3o previstas quatro edi\u00e7\u00f5es e um festival.<\/p>\n<p>O Hoje \u00e9 Dia de Jazz Beb\u00ea! \u00e9 realizado por meio da Lei Municipal de Incentivo \u00e0 Cultura &#8211; Prefeitura Municipal de Florian\u00f3polis e conta com parceiros que acreditam que a cultura \u00e9 pe\u00e7a fundamental na vida das pessoas e da sociedade. O evento tem apoio cultural da Floripa Airport, do Bistek Supermercados, da Brognoli Neg\u00f3cios Imobili\u00e1rios, da Eletrosul, do Corporate Park, do Jurer\u00ea Beach Village e do Il Campanario. Tem apoio da Parlenda e da Panorama Escola de Arte. A realiza\u00e7\u00e3o \u00e9 da Studio de Ideias.<\/p>\n<p><strong>Programa\u00e7\u00e3o<\/strong><\/p>\n<ul>\n<li>M\u00fasica Instrumental &#8211; quinteto com dire\u00e7\u00e3o musical de Ti\u00ea Pereira<\/li>\n<li>Intera\u00e7\u00e3o Musical<\/li>\n<li>Conta\u00e7\u00e3o de Hist\u00f3rias, com Cia Mafagafos<\/li>\n<li>Ninho da Leitura, com Cia Mafagafos<\/li>\n<li>Oficinas de Arte, com Marcoliva e Denilson Antonio<\/li>\n<li>Jogo Educativo Paralelep\u00edpedo Poema, projeto idealizado pelo arte-educador Marcoliva<\/li>\n<\/ul>\n<p>Ser <strong>Onlife&nbsp;<\/strong>\u00e9 estender o presencial ao estar presente em sua vida, adaptar nosso atendimento humanizado \u00e0s necessidades do seu momento, tanto no On quanto no Off, \u00e9&nbsp;estar presente trazendo as inova\u00e7\u00f5es ao firmar parceria com Startups e tamb\u00e9m marcar presen\u00e7a na comunidade: participando de eventos culturais como Jazz Beb\u00ea.<\/p>\n<p>Para saber mais sobre esse e outros eventos que ir\u00e3o rolar nesse ano, fique ligado no nosso <a href=\"https:\/\/www.facebook.com\/Brognoli.Imoveis\/\">Facebook<\/a>!<\/p>\n","protected":false},"excerpt":{"rendered":"<p>Vai ter muito Jazz, Soul, Bossa Nova, MPB e Groove, al\u00e9m de oficinas de arte e outras atividades para as crian\u00e7as. No Jurer\u00ea Open Shopping, tudo gratuito! No pr\u00f3ximo dia [&hellip;]<\/p>\n","protected":false},"author":7,"featured_media":2205550,"comment_status":"closed","ping_status":"closed","sticky":false,"template":"","format":"standard","meta":{"footnotes":""},"categories":[42,22],"tags":[41,43,155,45,48,156,49],"class_list":["post-2205810","post","type-post","status-publish","format-standard","has-post-thumbnail","hentry","category-cultura","category-destaque","tag-brognoli-imoveis","tag-cultura","tag-eventos","tag-florianopolis","tag-jazz-bebe","tag-norte-da-ilha","tag-onlife"],"yoast_head":"<!-- This site is optimized with the Yoast SEO plugin v21.3 - https:\/\/yoast.com\/wordpress\/plugins\/seo\/ -->\n<title>Primeiro Hoje \u00e9 Dia de Jazz Beb\u00ea no Norte da Ilha ser\u00e1 dia 21 de julho - Brognoli<\/title>\n<meta name=\"robots\" content=\"index, follow, max-snippet:-1, max-image-preview:large, max-video-preview:-1\" \/>\n<link rel=\"canonical\" href=\"https:\/\/www.brognoli.com.br\/blog\/primeiro-hoje-e-dia-de-jazz-bebe-no-norte-da-ilha-sera-dia-21-de-julho\/\" \/>\n<meta property=\"og:locale\" content=\"pt_BR\" \/>\n<meta property=\"og:type\" content=\"article\" \/>\n<meta property=\"og:title\" content=\"Primeiro Hoje \u00e9 Dia de Jazz Beb\u00ea no Norte da Ilha ser\u00e1 dia 21 de julho - Brognoli\" \/>\n<meta property=\"og:description\" content=\"Vai ter muito Jazz, Soul, Bossa Nova, MPB e Groove, al\u00e9m de oficinas de arte e outras atividades para as crian\u00e7as. No Jurer\u00ea Open Shopping, tudo gratuito! No pr\u00f3ximo dia [&hellip;]\" \/>\n<meta property=\"og:url\" content=\"https:\/\/www.brognoli.com.br\/blog\/primeiro-hoje-e-dia-de-jazz-bebe-no-norte-da-ilha-sera-dia-21-de-julho\/\" \/>\n<meta property=\"og:site_name\" content=\"Brognoli\" \/>\n<meta property=\"article:published_time\" content=\"2019-07-15T14:19:35+00:00\" \/>\n<meta property=\"og:image\" content=\"https:\/\/www.brognoli.com.br\/blog\/wp-content\/uploads\/2022\/10\/JazzBebe_09-06-2019_2-2.png\" \/>\n\t<meta property=\"og:image:width\" content=\"1600\" \/>\n\t<meta property=\"og:image:height\" content=\"1067\" \/>\n\t<meta property=\"og:image:type\" content=\"image\/png\" \/>\n<meta name=\"author\" content=\"brognoli\" \/>\n<meta name=\"twitter:card\" content=\"summary_large_image\" \/>\n<meta name=\"twitter:label1\" content=\"Escrito por\" \/>\n\t<meta name=\"twitter:data1\" content=\"brognoli\" \/>\n\t<meta name=\"twitter:label2\" content=\"Est. tempo de leitura\" \/>\n\t<meta name=\"twitter:data2\" content=\"3 minutos\" \/>\n<script type=\"application\/ld+json\" class=\"yoast-schema-graph\">{\"@context\":\"https:\/\/schema.org\",\"@graph\":[{\"@type\":\"Article\",\"@id\":\"https:\/\/www.brognoli.com.br\/blog\/primeiro-hoje-e-dia-de-jazz-bebe-no-norte-da-ilha-sera-dia-21-de-julho\/#article\",\"isPartOf\":{\"@id\":\"https:\/\/www.brognoli.com.br\/blog\/primeiro-hoje-e-dia-de-jazz-bebe-no-norte-da-ilha-sera-dia-21-de-julho\/\"},\"author\":{\"name\":\"brognoli\",\"@id\":\"https:\/\/www.brognoli.com.br\/blog\/#\/schema\/person\/87771d6b68b99d9d9db50bfcf109f10c\"},\"headline\":\"Primeiro Hoje \u00e9 Dia de Jazz Beb\u00ea no Norte da Ilha ser\u00e1 dia 21 de julho\",\"datePublished\":\"2019-07-15T14:19:35+00:00\",\"dateModified\":\"2019-07-15T14:19:35+00:00\",\"mainEntityOfPage\":{\"@id\":\"https:\/\/www.brognoli.com.br\/blog\/primeiro-hoje-e-dia-de-jazz-bebe-no-norte-da-ilha-sera-dia-21-de-julho\/\"},\"wordCount\":572,\"publisher\":{\"@id\":\"https:\/\/www.brognoli.com.br\/blog\/#organization\"},\"keywords\":[\"Brognoli Im\u00f3veis\",\"cultura\",\"Eventos\",\"florian\u00f3polis\",\"Jazz Beb\u00ea\",\"Norte da Ilha\",\"OnLife\"],\"articleSection\":[\"Cultura\",\"Destaque\"],\"inLanguage\":\"pt-BR\"},{\"@type\":\"WebPage\",\"@id\":\"https:\/\/www.brognoli.com.br\/blog\/primeiro-hoje-e-dia-de-jazz-bebe-no-norte-da-ilha-sera-dia-21-de-julho\/\",\"url\":\"https:\/\/www.brognoli.com.br\/blog\/primeiro-hoje-e-dia-de-jazz-bebe-no-norte-da-ilha-sera-dia-21-de-julho\/\",\"name\":\"Primeiro Hoje \u00e9 Dia de Jazz Beb\u00ea no Norte da Ilha ser\u00e1 dia 21 de julho - Brognoli\",\"isPartOf\":{\"@id\":\"https:\/\/www.brognoli.com.br\/blog\/#website\"},\"datePublished\":\"2019-07-15T14:19:35+00:00\",\"dateModified\":\"2019-07-15T14:19:35+00:00\",\"breadcrumb\":{\"@id\":\"https:\/\/www.brognoli.com.br\/blog\/primeiro-hoje-e-dia-de-jazz-bebe-no-norte-da-ilha-sera-dia-21-de-julho\/#breadcrumb\"},\"inLanguage\":\"pt-BR\",\"potentialAction\":[{\"@type\":\"ReadAction\",\"target\":[\"https:\/\/www.brognoli.com.br\/blog\/primeiro-hoje-e-dia-de-jazz-bebe-no-norte-da-ilha-sera-dia-21-de-julho\/\"]}]},{\"@type\":\"BreadcrumbList\",\"@id\":\"https:\/\/www.brognoli.com.br\/blog\/primeiro-hoje-e-dia-de-jazz-bebe-no-norte-da-ilha-sera-dia-21-de-julho\/#breadcrumb\",\"itemListElement\":[{\"@type\":\"ListItem\",\"position\":1,\"name\":\"In\u00edcio\",\"item\":\"https:\/\/www.brognoli.com.br\/blog\/\"},{\"@type\":\"ListItem\",\"position\":2,\"name\":\"Primeiro Hoje \u00e9 Dia de Jazz Beb\u00ea no Norte da Ilha ser\u00e1 dia 21 de julho\"}]},{\"@type\":\"WebSite\",\"@id\":\"https:\/\/www.brognoli.com.br\/blog\/#website\",\"url\":\"https:\/\/www.brognoli.com.br\/blog\/\",\"name\":\"Brognoli\",\"description\":\"Brognoli\",\"publisher\":{\"@id\":\"https:\/\/www.brognoli.com.br\/blog\/#organization\"},\"potentialAction\":[{\"@type\":\"SearchAction\",\"target\":{\"@type\":\"EntryPoint\",\"urlTemplate\":\"https:\/\/www.brognoli.com.br\/blog\/?s={search_term_string}\"},\"query-input\":\"required name=search_term_string\"}],\"inLanguage\":\"pt-BR\"},{\"@type\":\"Organization\",\"@id\":\"https:\/\/www.brognoli.com.br\/blog\/#organization\",\"name\":\"Brognoli\",\"url\":\"https:\/\/www.brognoli.com.br\/blog\/\",\"logo\":{\"@type\":\"ImageObject\",\"inLanguage\":\"pt-BR\",\"@id\":\"https:\/\/www.brognoli.com.br\/blog\/#\/schema\/logo\/image\/\",\"url\":\"https:\/\/www.brognoli.com.br\/blog\/wp-content\/uploads\/2024\/10\/cropped-cropped-BRO_LOGO_3@300x.png\",\"contentUrl\":\"https:\/\/www.brognoli.com.br\/blog\/wp-content\/uploads\/2024\/10\/cropped-cropped-BRO_LOGO_3@300x.png\",\"width\":1762,\"height\":605,\"caption\":\"Brognoli\"},\"image\":{\"@id\":\"https:\/\/www.brognoli.com.br\/blog\/#\/schema\/logo\/image\/\"}},{\"@type\":\"Person\",\"@id\":\"https:\/\/www.brognoli.com.br\/blog\/#\/schema\/person\/87771d6b68b99d9d9db50bfcf109f10c\",\"name\":\"brognoli\",\"image\":{\"@type\":\"ImageObject\",\"inLanguage\":\"pt-BR\",\"@id\":\"https:\/\/www.brognoli.com.br\/blog\/#\/schema\/person\/image\/\",\"url\":\"https:\/\/secure.gravatar.com\/avatar\/a7836fc1468501cb19a0ad1df34b5f85abe16dfce609e03bba719de31c58ea48?s=96&d=mm&r=g\",\"contentUrl\":\"https:\/\/secure.gravatar.com\/avatar\/a7836fc1468501cb19a0ad1df34b5f85abe16dfce609e03bba719de31c58ea48?s=96&d=mm&r=g\",\"caption\":\"brognoli\"},\"url\":\"https:\/\/www.brognoli.com.br\/blog\/author\/brognoli\/\"}]}<\/script>\n<!-- \/ Yoast SEO plugin. -->","yoast_head_json":{"title":"Primeiro Hoje \u00e9 Dia de Jazz Beb\u00ea no Norte da Ilha ser\u00e1 dia 21 de julho - Brognoli","robots":{"index":"index","follow":"follow","max-snippet":"max-snippet:-1","max-image-preview":"max-image-preview:large","max-video-preview":"max-video-preview:-1"},"canonical":"https:\/\/www.brognoli.com.br\/blog\/primeiro-hoje-e-dia-de-jazz-bebe-no-norte-da-ilha-sera-dia-21-de-julho\/","og_locale":"pt_BR","og_type":"article","og_title":"Primeiro Hoje \u00e9 Dia de Jazz Beb\u00ea no Norte da Ilha ser\u00e1 dia 21 de julho - Brognoli","og_description":"Vai ter muito Jazz, Soul, Bossa Nova, MPB e Groove, al\u00e9m de oficinas de arte e outras atividades para as crian\u00e7as. No Jurer\u00ea Open Shopping, tudo gratuito! No pr\u00f3ximo dia [&hellip;]","og_url":"https:\/\/www.brognoli.com.br\/blog\/primeiro-hoje-e-dia-de-jazz-bebe-no-norte-da-ilha-sera-dia-21-de-julho\/","og_site_name":"Brognoli","article_published_time":"2019-07-15T14:19:35+00:00","og_image":[{"width":1600,"height":1067,"url":"https:\/\/www.brognoli.com.br\/blog\/wp-content\/uploads\/2022\/10\/JazzBebe_09-06-2019_2-2.png","type":"image\/png"}],"author":"brognoli","twitter_card":"summary_large_image","twitter_misc":{"Escrito por":"brognoli","Est. tempo de leitura":"3 minutos"},"schema":{"@context":"https:\/\/schema.org","@graph":[{"@type":"Article","@id":"https:\/\/www.brognoli.com.br\/blog\/primeiro-hoje-e-dia-de-jazz-bebe-no-norte-da-ilha-sera-dia-21-de-julho\/#article","isPartOf":{"@id":"https:\/\/www.brognoli.com.br\/blog\/primeiro-hoje-e-dia-de-jazz-bebe-no-norte-da-ilha-sera-dia-21-de-julho\/"},"author":{"name":"brognoli","@id":"https:\/\/www.brognoli.com.br\/blog\/#\/schema\/person\/87771d6b68b99d9d9db50bfcf109f10c"},"headline":"Primeiro Hoje \u00e9 Dia de Jazz Beb\u00ea no Norte da Ilha ser\u00e1 dia 21 de julho","datePublished":"2019-07-15T14:19:35+00:00","dateModified":"2019-07-15T14:19:35+00:00","mainEntityOfPage":{"@id":"https:\/\/www.brognoli.com.br\/blog\/primeiro-hoje-e-dia-de-jazz-bebe-no-norte-da-ilha-sera-dia-21-de-julho\/"},"wordCount":572,"publisher":{"@id":"https:\/\/www.brognoli.com.br\/blog\/#organization"},"keywords":["Brognoli Im\u00f3veis","cultura","Eventos","florian\u00f3polis","Jazz Beb\u00ea","Norte da Ilha","OnLife"],"articleSection":["Cultura","Destaque"],"inLanguage":"pt-BR"},{"@type":"WebPage","@id":"https:\/\/www.brognoli.com.br\/blog\/primeiro-hoje-e-dia-de-jazz-bebe-no-norte-da-ilha-sera-dia-21-de-julho\/","url":"https:\/\/www.brognoli.com.br\/blog\/primeiro-hoje-e-dia-de-jazz-bebe-no-norte-da-ilha-sera-dia-21-de-julho\/","name":"Primeiro Hoje \u00e9 Dia de Jazz Beb\u00ea no Norte da Ilha ser\u00e1 dia 21 de julho - Brognoli","isPartOf":{"@id":"https:\/\/www.brognoli.com.br\/blog\/#website"},"datePublished":"2019-07-15T14:19:35+00:00","dateModified":"2019-07-15T14:19:35+00:00","breadcrumb":{"@id":"https:\/\/www.brognoli.com.br\/blog\/primeiro-hoje-e-dia-de-jazz-bebe-no-norte-da-ilha-sera-dia-21-de-julho\/#breadcrumb"},"inLanguage":"pt-BR","potentialAction":[{"@type":"ReadAction","target":["https:\/\/www.brognoli.com.br\/blog\/primeiro-hoje-e-dia-de-jazz-bebe-no-norte-da-ilha-sera-dia-21-de-julho\/"]}]},{"@type":"BreadcrumbList","@id":"https:\/\/www.brognoli.com.br\/blog\/primeiro-hoje-e-dia-de-jazz-bebe-no-norte-da-ilha-sera-dia-21-de-julho\/#breadcrumb","itemListElement":[{"@type":"ListItem","position":1,"name":"In\u00edcio","item":"https:\/\/www.brognoli.com.br\/blog\/"},{"@type":"ListItem","position":2,"name":"Primeiro Hoje \u00e9 Dia de Jazz Beb\u00ea no Norte da Ilha ser\u00e1 dia 21 de julho"}]},{"@type":"WebSite","@id":"https:\/\/www.brognoli.com.br\/blog\/#website","url":"https:\/\/www.brognoli.com.br\/blog\/","name":"Brognoli","description":"Brognoli","publisher":{"@id":"https:\/\/www.brognoli.com.br\/blog\/#organization"},"potentialAction":[{"@type":"SearchAction","target":{"@type":"EntryPoint","urlTemplate":"https:\/\/www.brognoli.com.br\/blog\/?s={search_term_string}"},"query-input":"required name=search_term_string"}],"inLanguage":"pt-BR"},{"@type":"Organization","@id":"https:\/\/www.brognoli.com.br\/blog\/#organization","name":"Brognoli","url":"https:\/\/www.brognoli.com.br\/blog\/","logo":{"@type":"ImageObject","inLanguage":"pt-BR","@id":"https:\/\/www.brognoli.com.br\/blog\/#\/schema\/logo\/image\/","url":"https:\/\/www.brognoli.com.br\/blog\/wp-content\/uploads\/2024\/10\/cropped-cropped-BRO_LOGO_3@300x.png","contentUrl":"https:\/\/www.brognoli.com.br\/blog\/wp-content\/uploads\/2024\/10\/cropped-cropped-BRO_LOGO_3@300x.png","width":1762,"height":605,"caption":"Brognoli"},"image":{"@id":"https:\/\/www.brognoli.com.br\/blog\/#\/schema\/logo\/image\/"}},{"@type":"Person","@id":"https:\/\/www.brognoli.com.br\/blog\/#\/schema\/person\/87771d6b68b99d9d9db50bfcf109f10c","name":"brognoli","image":{"@type":"ImageObject","inLanguage":"pt-BR","@id":"https:\/\/www.brognoli.com.br\/blog\/#\/schema\/person\/image\/","url":"https:\/\/secure.gravatar.com\/avatar\/a7836fc1468501cb19a0ad1df34b5f85abe16dfce609e03bba719de31c58ea48?s=96&d=mm&r=g","contentUrl":"https:\/\/secure.gravatar.com\/avatar\/a7836fc1468501cb19a0ad1df34b5f85abe16dfce609e03bba719de31c58ea48?s=96&d=mm&r=g","caption":"brognoli"},"url":"https:\/\/www.brognoli.com.br\/blog\/author\/brognoli\/"}]}},"_links":{"self":[{"href":"https:\/\/www.brognoli.com.br\/blog\/wp-json\/wp\/v2\/posts\/2205810","targetHints":{"allow":["GET"]}}],"collection":[{"href":"https:\/\/www.brognoli.com.br\/blog\/wp-json\/wp\/v2\/posts"}],"about":[{"href":"https:\/\/www.brognoli.com.br\/blog\/wp-json\/wp\/v2\/types\/post"}],"author":[{"embeddable":true,"href":"https:\/\/www.brognoli.com.br\/blog\/wp-json\/wp\/v2\/users\/7"}],"replies":[{"embeddable":true,"href":"https:\/\/www.brognoli.com.br\/blog\/wp-json\/wp\/v2\/comments?post=2205810"}],"version-history":[{"count":0,"href":"https:\/\/www.brognoli.com.br\/blog\/wp-json\/wp\/v2\/posts\/2205810\/revisions"}],"wp:featuredmedia":[{"embeddable":true,"href":"https:\/\/www.brognoli.com.br\/blog\/wp-json\/wp\/v2\/media\/2205550"}],"wp:attachment":[{"href":"https:\/\/www.brognoli.com.br\/blog\/wp-json\/wp\/v2\/media?parent=2205810"}],"wp:term":[{"taxonomy":"category","embeddable":true,"href":"https:\/\/www.brognoli.com.br\/blog\/wp-json\/wp\/v2\/categories?post=2205810"},{"taxonomy":"post_tag","embeddable":true,"href":"https:\/\/www.brognoli.com.br\/blog\/wp-json\/wp\/v2\/tags?post=2205810"}],"curies":[{"name":"wp","href":"https:\/\/api.w.org\/{rel}","templated":true}]}}