{"id":2205820,"date":"2019-10-07T14:39:32","date_gmt":"2019-10-07T17:39:32","guid":{"rendered":"https:\/\/api-portal.brognoli.com.br\/hoje-e-dia-de-jazz-bebe-em-dose-dupla-evento-no-pantanal-adiado-em-razao-da-chuva\/"},"modified":"2019-10-07T14:39:32","modified_gmt":"2019-10-07T17:39:32","slug":"hoje-e-dia-de-jazz-bebe-em-dose-dupla-evento-no-pantanal-adiado-em-razao-da-chuva","status":"publish","type":"post","link":"https:\/\/www.brognoli.com.br\/blog\/hoje-e-dia-de-jazz-bebe-em-dose-dupla-evento-no-pantanal-adiado-em-razao-da-chuva\/","title":{"rendered":"Hoje \u00e9 Dia de Jazz Beb\u00ea em dose dupla: evento no Pantanal adiado em raz\u00e3o da chuva"},"content":{"rendered":"<p style=\"text-align: center;\"><em>Edi\u00e7\u00e3o prevista para este domingo (6) no p\u00e1tio da Eletrosul foi adiada em raz\u00e3o da previs\u00e3o de chuva. Edi\u00e7\u00e3o em comemora\u00e7\u00e3o ao Dia das Crian\u00e7as est\u00e1 mantida para 12 de outubro<\/em><\/p>\n<p>Em raz\u00e3o da previs\u00e3o de chuva para este fim de semana, o projeto Hoje \u00e9 Dia de Jazz Beb\u00ea, que seria realizado no dia 6 de outubro no p\u00e1tio da sede da Eletrosul, no bairro Pantanal, em Florian\u00f3polis, foi adiado. A data do dia 12 de outubro est\u00e1 mantida: ser\u00e1 no rec\u00e9m-inaugurado Boulevard 14\/32, na Floripa Airport, a partir das 14h30. Conta\u00e7\u00f5es de hist\u00f3rias, brincadeiras e jazz est\u00e3o na programa\u00e7\u00e3o do Dia das Crian\u00e7as. Gratuito. A nova data da edi\u00e7\u00e3o no bairro Pantanal ser\u00e1 no dia 1\u00ba de dezembro.<\/p>\n<p>No repert\u00f3rio no dia 12\/10, claro, jazz bem brasileiro. O diretor do musical do projeto, Ti\u00ea Pereira, convidou os m\u00fasicos Roger Correa (gaita ponto) e Mauro Borghezan (bateria) e Ti\u00ea Pereira (baixo) para apresentar um repert\u00f3rio de forr\u00f3 e choro jazz.<\/p>\n<p>\u2014 Como a previs\u00e3o \u00e9 de chuva para o dia 6, a gente preferiu remarcar. Dessa forma os pais podem se programar com anteced\u00eancia e tamb\u00e9m garantimos um evento confort\u00e1vel e agrad\u00e1vel para todo mundo, como sempre fazemos \u2014 afirmam os produtores Marina Tavares e Arturo Valle Junior.<\/p>\n<p><img loading=\"lazy\" decoding=\"async\" class=\"aligncenter  wp-image-1299132\" src=\"https:\/\/www.brognoli.com.br\/wp-content\/uploads\/2019\/10\/WhatsApp-Image-2019-10-07-at-12.15.39.jpeg\" alt=\"\" width=\"504\" height=\"610\" srcset=\"https:\/\/www.brognoli.com.br\/blog\/wp-content\/uploads\/2019\/10\/WhatsApp-Image-2019-10-07-at-12.15.39.jpeg 1057w, https:\/\/www.brognoli.com.br\/blog\/wp-content\/uploads\/2019\/10\/WhatsApp-Image-2019-10-07-at-12.15.39-248x300.jpeg 248w, https:\/\/www.brognoli.com.br\/blog\/wp-content\/uploads\/2019\/10\/WhatsApp-Image-2019-10-07-at-12.15.39-846x1024.jpeg 846w, https:\/\/www.brognoli.com.br\/blog\/wp-content\/uploads\/2019\/10\/WhatsApp-Image-2019-10-07-at-12.15.39-768x930.jpeg 768w\" sizes=\"auto, (max-width: 504px) 100vw, 504px\" \/><\/p>\n<p><strong>Festival ser\u00e1 em novembro<\/strong><\/p>\n<p>O Hoje \u00e9 Dia de Jazz Beb\u00ea \u00e9 um dos projetos mais queridos da cidade por ocupar espa\u00e7os p\u00fablicos com cultura e m\u00fasica de qualidade, al\u00e9m de promover op\u00e7\u00f5es de lazer para crian\u00e7as. Tudo de forma gratuita e democr\u00e1tica.Para novembro est\u00e1 previsto o primeiro Festival Hoje \u00e9 Dia de Jazz Beb\u00ea, agendado para os dias 9 e 10 de novembro no Parque da Luz.<\/p>\n","protected":false},"excerpt":{"rendered":"<p>Edi\u00e7\u00e3o prevista para este domingo (6) no p\u00e1tio da Eletrosul foi adiada em raz\u00e3o da previs\u00e3o de chuva. Edi\u00e7\u00e3o em comemora\u00e7\u00e3o ao Dia das Crian\u00e7as est\u00e1 mantida para 12 de [&hellip;]<\/p>\n","protected":false},"author":7,"featured_media":2205527,"comment_status":"closed","ping_status":"closed","sticky":false,"template":"","format":"standard","meta":{"footnotes":""},"categories":[42],"tags":[30,41,45,46,25,48,49,83],"class_list":["post-2205820","post","type-post","status-publish","format-standard","has-post-thumbnail","hentry","category-cultura","tag-brognoli","tag-brognoli-imoveis","tag-florianopolis","tag-floripa","tag-grande-florianopolis","tag-jazz-bebe","tag-onlife","tag-viver-melhor"],"yoast_head":"<!-- This site is optimized with the Yoast SEO plugin v21.3 - https:\/\/yoast.com\/wordpress\/plugins\/seo\/ -->\n<title>Hoje \u00e9 Dia de Jazz Beb\u00ea em dose dupla: evento no Pantanal adiado em raz\u00e3o da chuva - Brognoli<\/title>\n<meta name=\"robots\" content=\"index, follow, max-snippet:-1, max-image-preview:large, max-video-preview:-1\" \/>\n<link rel=\"canonical\" href=\"https:\/\/www.brognoli.com.br\/blog\/hoje-e-dia-de-jazz-bebe-em-dose-dupla-evento-no-pantanal-adiado-em-razao-da-chuva\/\" \/>\n<meta property=\"og:locale\" content=\"pt_BR\" \/>\n<meta property=\"og:type\" content=\"article\" \/>\n<meta property=\"og:title\" content=\"Hoje \u00e9 Dia de Jazz Beb\u00ea em dose dupla: evento no Pantanal adiado em raz\u00e3o da chuva - Brognoli\" \/>\n<meta property=\"og:description\" content=\"Edi\u00e7\u00e3o prevista para este domingo (6) no p\u00e1tio da Eletrosul foi adiada em raz\u00e3o da previs\u00e3o de chuva. Edi\u00e7\u00e3o em comemora\u00e7\u00e3o ao Dia das Crian\u00e7as est\u00e1 mantida para 12 de [&hellip;]\" \/>\n<meta property=\"og:url\" content=\"https:\/\/www.brognoli.com.br\/blog\/hoje-e-dia-de-jazz-bebe-em-dose-dupla-evento-no-pantanal-adiado-em-razao-da-chuva\/\" \/>\n<meta property=\"og:site_name\" content=\"Brognoli\" \/>\n<meta property=\"article:published_time\" content=\"2019-10-07T17:39:32+00:00\" \/>\n<meta property=\"og:image\" content=\"https:\/\/www.brognoli.com.br\/blog\/wp-content\/uploads\/2022\/10\/Miniatura_JazzBebe_Brognoli_12.6.19-1.png\" \/>\n\t<meta property=\"og:image:width\" content=\"696\" \/>\n\t<meta property=\"og:image:height\" content=\"467\" \/>\n\t<meta property=\"og:image:type\" content=\"image\/png\" \/>\n<meta name=\"author\" content=\"brognoli\" \/>\n<meta name=\"twitter:card\" content=\"summary_large_image\" \/>\n<meta name=\"twitter:label1\" content=\"Escrito por\" \/>\n\t<meta name=\"twitter:data1\" content=\"brognoli\" \/>\n\t<meta name=\"twitter:label2\" content=\"Est. tempo de leitura\" \/>\n\t<meta name=\"twitter:data2\" content=\"1 minuto\" \/>\n<script type=\"application\/ld+json\" class=\"yoast-schema-graph\">{\"@context\":\"https:\/\/schema.org\",\"@graph\":[{\"@type\":\"Article\",\"@id\":\"https:\/\/www.brognoli.com.br\/blog\/hoje-e-dia-de-jazz-bebe-em-dose-dupla-evento-no-pantanal-adiado-em-razao-da-chuva\/#article\",\"isPartOf\":{\"@id\":\"https:\/\/www.brognoli.com.br\/blog\/hoje-e-dia-de-jazz-bebe-em-dose-dupla-evento-no-pantanal-adiado-em-razao-da-chuva\/\"},\"author\":{\"name\":\"brognoli\",\"@id\":\"https:\/\/www.brognoli.com.br\/blog\/#\/schema\/person\/87771d6b68b99d9d9db50bfcf109f10c\"},\"headline\":\"Hoje \u00e9 Dia de Jazz Beb\u00ea em dose dupla: evento no Pantanal adiado em raz\u00e3o da chuva\",\"datePublished\":\"2019-10-07T17:39:32+00:00\",\"dateModified\":\"2019-10-07T17:39:32+00:00\",\"mainEntityOfPage\":{\"@id\":\"https:\/\/www.brognoli.com.br\/blog\/hoje-e-dia-de-jazz-bebe-em-dose-dupla-evento-no-pantanal-adiado-em-razao-da-chuva\/\"},\"wordCount\":311,\"publisher\":{\"@id\":\"https:\/\/www.brognoli.com.br\/blog\/#organization\"},\"keywords\":[\"Brognoli\",\"Brognoli Im\u00f3veis\",\"florian\u00f3polis\",\"floripa\",\"Grande Florian\u00f3polis\",\"Jazz Beb\u00ea\",\"OnLife\",\"Viver Melhor\"],\"articleSection\":[\"Cultura\"],\"inLanguage\":\"pt-BR\"},{\"@type\":\"WebPage\",\"@id\":\"https:\/\/www.brognoli.com.br\/blog\/hoje-e-dia-de-jazz-bebe-em-dose-dupla-evento-no-pantanal-adiado-em-razao-da-chuva\/\",\"url\":\"https:\/\/www.brognoli.com.br\/blog\/hoje-e-dia-de-jazz-bebe-em-dose-dupla-evento-no-pantanal-adiado-em-razao-da-chuva\/\",\"name\":\"Hoje \u00e9 Dia de Jazz Beb\u00ea em dose dupla: evento no Pantanal adiado em raz\u00e3o da chuva - Brognoli\",\"isPartOf\":{\"@id\":\"https:\/\/www.brognoli.com.br\/blog\/#website\"},\"datePublished\":\"2019-10-07T17:39:32+00:00\",\"dateModified\":\"2019-10-07T17:39:32+00:00\",\"breadcrumb\":{\"@id\":\"https:\/\/www.brognoli.com.br\/blog\/hoje-e-dia-de-jazz-bebe-em-dose-dupla-evento-no-pantanal-adiado-em-razao-da-chuva\/#breadcrumb\"},\"inLanguage\":\"pt-BR\",\"potentialAction\":[{\"@type\":\"ReadAction\",\"target\":[\"https:\/\/www.brognoli.com.br\/blog\/hoje-e-dia-de-jazz-bebe-em-dose-dupla-evento-no-pantanal-adiado-em-razao-da-chuva\/\"]}]},{\"@type\":\"BreadcrumbList\",\"@id\":\"https:\/\/www.brognoli.com.br\/blog\/hoje-e-dia-de-jazz-bebe-em-dose-dupla-evento-no-pantanal-adiado-em-razao-da-chuva\/#breadcrumb\",\"itemListElement\":[{\"@type\":\"ListItem\",\"position\":1,\"name\":\"In\u00edcio\",\"item\":\"https:\/\/www.brognoli.com.br\/blog\/\"},{\"@type\":\"ListItem\",\"position\":2,\"name\":\"Hoje \u00e9 Dia de Jazz Beb\u00ea em dose dupla: evento no Pantanal adiado em raz\u00e3o da chuva\"}]},{\"@type\":\"WebSite\",\"@id\":\"https:\/\/www.brognoli.com.br\/blog\/#website\",\"url\":\"https:\/\/www.brognoli.com.br\/blog\/\",\"name\":\"Brognoli\",\"description\":\"Brognoli\",\"publisher\":{\"@id\":\"https:\/\/www.brognoli.com.br\/blog\/#organization\"},\"potentialAction\":[{\"@type\":\"SearchAction\",\"target\":{\"@type\":\"EntryPoint\",\"urlTemplate\":\"https:\/\/www.brognoli.com.br\/blog\/?s={search_term_string}\"},\"query-input\":\"required name=search_term_string\"}],\"inLanguage\":\"pt-BR\"},{\"@type\":\"Organization\",\"@id\":\"https:\/\/www.brognoli.com.br\/blog\/#organization\",\"name\":\"Brognoli\",\"url\":\"https:\/\/www.brognoli.com.br\/blog\/\",\"logo\":{\"@type\":\"ImageObject\",\"inLanguage\":\"pt-BR\",\"@id\":\"https:\/\/www.brognoli.com.br\/blog\/#\/schema\/logo\/image\/\",\"url\":\"https:\/\/www.brognoli.com.br\/blog\/wp-content\/uploads\/2024\/10\/cropped-cropped-BRO_LOGO_3@300x.png\",\"contentUrl\":\"https:\/\/www.brognoli.com.br\/blog\/wp-content\/uploads\/2024\/10\/cropped-cropped-BRO_LOGO_3@300x.png\",\"width\":1762,\"height\":605,\"caption\":\"Brognoli\"},\"image\":{\"@id\":\"https:\/\/www.brognoli.com.br\/blog\/#\/schema\/logo\/image\/\"}},{\"@type\":\"Person\",\"@id\":\"https:\/\/www.brognoli.com.br\/blog\/#\/schema\/person\/87771d6b68b99d9d9db50bfcf109f10c\",\"name\":\"brognoli\",\"image\":{\"@type\":\"ImageObject\",\"inLanguage\":\"pt-BR\",\"@id\":\"https:\/\/www.brognoli.com.br\/blog\/#\/schema\/person\/image\/\",\"url\":\"https:\/\/secure.gravatar.com\/avatar\/a7836fc1468501cb19a0ad1df34b5f85abe16dfce609e03bba719de31c58ea48?s=96&d=mm&r=g\",\"contentUrl\":\"https:\/\/secure.gravatar.com\/avatar\/a7836fc1468501cb19a0ad1df34b5f85abe16dfce609e03bba719de31c58ea48?s=96&d=mm&r=g\",\"caption\":\"brognoli\"},\"url\":\"https:\/\/www.brognoli.com.br\/blog\/author\/brognoli\/\"}]}<\/script>\n<!-- \/ Yoast SEO plugin. -->","yoast_head_json":{"title":"Hoje \u00e9 Dia de Jazz Beb\u00ea em dose dupla: evento no Pantanal adiado em raz\u00e3o da chuva - Brognoli","robots":{"index":"index","follow":"follow","max-snippet":"max-snippet:-1","max-image-preview":"max-image-preview:large","max-video-preview":"max-video-preview:-1"},"canonical":"https:\/\/www.brognoli.com.br\/blog\/hoje-e-dia-de-jazz-bebe-em-dose-dupla-evento-no-pantanal-adiado-em-razao-da-chuva\/","og_locale":"pt_BR","og_type":"article","og_title":"Hoje \u00e9 Dia de Jazz Beb\u00ea em dose dupla: evento no Pantanal adiado em raz\u00e3o da chuva - Brognoli","og_description":"Edi\u00e7\u00e3o prevista para este domingo (6) no p\u00e1tio da Eletrosul foi adiada em raz\u00e3o da previs\u00e3o de chuva. Edi\u00e7\u00e3o em comemora\u00e7\u00e3o ao Dia das Crian\u00e7as est\u00e1 mantida para 12 de [&hellip;]","og_url":"https:\/\/www.brognoli.com.br\/blog\/hoje-e-dia-de-jazz-bebe-em-dose-dupla-evento-no-pantanal-adiado-em-razao-da-chuva\/","og_site_name":"Brognoli","article_published_time":"2019-10-07T17:39:32+00:00","og_image":[{"width":696,"height":467,"url":"https:\/\/www.brognoli.com.br\/blog\/wp-content\/uploads\/2022\/10\/Miniatura_JazzBebe_Brognoli_12.6.19-1.png","type":"image\/png"}],"author":"brognoli","twitter_card":"summary_large_image","twitter_misc":{"Escrito por":"brognoli","Est. tempo de leitura":"1 minuto"},"schema":{"@context":"https:\/\/schema.org","@graph":[{"@type":"Article","@id":"https:\/\/www.brognoli.com.br\/blog\/hoje-e-dia-de-jazz-bebe-em-dose-dupla-evento-no-pantanal-adiado-em-razao-da-chuva\/#article","isPartOf":{"@id":"https:\/\/www.brognoli.com.br\/blog\/hoje-e-dia-de-jazz-bebe-em-dose-dupla-evento-no-pantanal-adiado-em-razao-da-chuva\/"},"author":{"name":"brognoli","@id":"https:\/\/www.brognoli.com.br\/blog\/#\/schema\/person\/87771d6b68b99d9d9db50bfcf109f10c"},"headline":"Hoje \u00e9 Dia de Jazz Beb\u00ea em dose dupla: evento no Pantanal adiado em raz\u00e3o da chuva","datePublished":"2019-10-07T17:39:32+00:00","dateModified":"2019-10-07T17:39:32+00:00","mainEntityOfPage":{"@id":"https:\/\/www.brognoli.com.br\/blog\/hoje-e-dia-de-jazz-bebe-em-dose-dupla-evento-no-pantanal-adiado-em-razao-da-chuva\/"},"wordCount":311,"publisher":{"@id":"https:\/\/www.brognoli.com.br\/blog\/#organization"},"keywords":["Brognoli","Brognoli Im\u00f3veis","florian\u00f3polis","floripa","Grande Florian\u00f3polis","Jazz Beb\u00ea","OnLife","Viver Melhor"],"articleSection":["Cultura"],"inLanguage":"pt-BR"},{"@type":"WebPage","@id":"https:\/\/www.brognoli.com.br\/blog\/hoje-e-dia-de-jazz-bebe-em-dose-dupla-evento-no-pantanal-adiado-em-razao-da-chuva\/","url":"https:\/\/www.brognoli.com.br\/blog\/hoje-e-dia-de-jazz-bebe-em-dose-dupla-evento-no-pantanal-adiado-em-razao-da-chuva\/","name":"Hoje \u00e9 Dia de Jazz Beb\u00ea em dose dupla: evento no Pantanal adiado em raz\u00e3o da chuva - Brognoli","isPartOf":{"@id":"https:\/\/www.brognoli.com.br\/blog\/#website"},"datePublished":"2019-10-07T17:39:32+00:00","dateModified":"2019-10-07T17:39:32+00:00","breadcrumb":{"@id":"https:\/\/www.brognoli.com.br\/blog\/hoje-e-dia-de-jazz-bebe-em-dose-dupla-evento-no-pantanal-adiado-em-razao-da-chuva\/#breadcrumb"},"inLanguage":"pt-BR","potentialAction":[{"@type":"ReadAction","target":["https:\/\/www.brognoli.com.br\/blog\/hoje-e-dia-de-jazz-bebe-em-dose-dupla-evento-no-pantanal-adiado-em-razao-da-chuva\/"]}]},{"@type":"BreadcrumbList","@id":"https:\/\/www.brognoli.com.br\/blog\/hoje-e-dia-de-jazz-bebe-em-dose-dupla-evento-no-pantanal-adiado-em-razao-da-chuva\/#breadcrumb","itemListElement":[{"@type":"ListItem","position":1,"name":"In\u00edcio","item":"https:\/\/www.brognoli.com.br\/blog\/"},{"@type":"ListItem","position":2,"name":"Hoje \u00e9 Dia de Jazz Beb\u00ea em dose dupla: evento no Pantanal adiado em raz\u00e3o da chuva"}]},{"@type":"WebSite","@id":"https:\/\/www.brognoli.com.br\/blog\/#website","url":"https:\/\/www.brognoli.com.br\/blog\/","name":"Brognoli","description":"Brognoli","publisher":{"@id":"https:\/\/www.brognoli.com.br\/blog\/#organization"},"potentialAction":[{"@type":"SearchAction","target":{"@type":"EntryPoint","urlTemplate":"https:\/\/www.brognoli.com.br\/blog\/?s={search_term_string}"},"query-input":"required name=search_term_string"}],"inLanguage":"pt-BR"},{"@type":"Organization","@id":"https:\/\/www.brognoli.com.br\/blog\/#organization","name":"Brognoli","url":"https:\/\/www.brognoli.com.br\/blog\/","logo":{"@type":"ImageObject","inLanguage":"pt-BR","@id":"https:\/\/www.brognoli.com.br\/blog\/#\/schema\/logo\/image\/","url":"https:\/\/www.brognoli.com.br\/blog\/wp-content\/uploads\/2024\/10\/cropped-cropped-BRO_LOGO_3@300x.png","contentUrl":"https:\/\/www.brognoli.com.br\/blog\/wp-content\/uploads\/2024\/10\/cropped-cropped-BRO_LOGO_3@300x.png","width":1762,"height":605,"caption":"Brognoli"},"image":{"@id":"https:\/\/www.brognoli.com.br\/blog\/#\/schema\/logo\/image\/"}},{"@type":"Person","@id":"https:\/\/www.brognoli.com.br\/blog\/#\/schema\/person\/87771d6b68b99d9d9db50bfcf109f10c","name":"brognoli","image":{"@type":"ImageObject","inLanguage":"pt-BR","@id":"https:\/\/www.brognoli.com.br\/blog\/#\/schema\/person\/image\/","url":"https:\/\/secure.gravatar.com\/avatar\/a7836fc1468501cb19a0ad1df34b5f85abe16dfce609e03bba719de31c58ea48?s=96&d=mm&r=g","contentUrl":"https:\/\/secure.gravatar.com\/avatar\/a7836fc1468501cb19a0ad1df34b5f85abe16dfce609e03bba719de31c58ea48?s=96&d=mm&r=g","caption":"brognoli"},"url":"https:\/\/www.brognoli.com.br\/blog\/author\/brognoli\/"}]}},"_links":{"self":[{"href":"https:\/\/www.brognoli.com.br\/blog\/wp-json\/wp\/v2\/posts\/2205820","targetHints":{"allow":["GET"]}}],"collection":[{"href":"https:\/\/www.brognoli.com.br\/blog\/wp-json\/wp\/v2\/posts"}],"about":[{"href":"https:\/\/www.brognoli.com.br\/blog\/wp-json\/wp\/v2\/types\/post"}],"author":[{"embeddable":true,"href":"https:\/\/www.brognoli.com.br\/blog\/wp-json\/wp\/v2\/users\/7"}],"replies":[{"embeddable":true,"href":"https:\/\/www.brognoli.com.br\/blog\/wp-json\/wp\/v2\/comments?post=2205820"}],"version-history":[{"count":0,"href":"https:\/\/www.brognoli.com.br\/blog\/wp-json\/wp\/v2\/posts\/2205820\/revisions"}],"wp:featuredmedia":[{"embeddable":true,"href":"https:\/\/www.brognoli.com.br\/blog\/wp-json\/wp\/v2\/media\/2205527"}],"wp:attachment":[{"href":"https:\/\/www.brognoli.com.br\/blog\/wp-json\/wp\/v2\/media?parent=2205820"}],"wp:term":[{"taxonomy":"category","embeddable":true,"href":"https:\/\/www.brognoli.com.br\/blog\/wp-json\/wp\/v2\/categories?post=2205820"},{"taxonomy":"post_tag","embeddable":true,"href":"https:\/\/www.brognoli.com.br\/blog\/wp-json\/wp\/v2\/tags?post=2205820"}],"curies":[{"name":"wp","href":"https:\/\/api.w.org\/{rel}","templated":true}]}}