{"id":2205825,"date":"2019-10-31T14:34:48","date_gmt":"2019-10-31T17:34:48","guid":{"rendered":"https:\/\/api-portal.brognoli.com.br\/inedito-em-floripa-festival-de-musica-para-criancas-sera-nos-dias-9-e-10-de-novembro\/"},"modified":"2019-10-31T14:34:48","modified_gmt":"2019-10-31T17:34:48","slug":"inedito-em-floripa-festival-de-musica-para-criancas-sera-nos-dias-9-e-10-de-novembro","status":"publish","type":"post","link":"https:\/\/www.brognoli.com.br\/blog\/inedito-em-floripa-festival-de-musica-para-criancas-sera-nos-dias-9-e-10-de-novembro\/","title":{"rendered":"In\u00e9dito em Floripa,  Festival de M\u00fasica para Crian\u00e7as ser\u00e1 nos dias 9 e 10 de novembro"},"content":{"rendered":"<p dir=\"ltr\">Um dos eventos mais queridos da Capital, o Hoje \u00e9 Dia de Jazz Beb\u00ea ganha status de festival. Nos dias 9 e 10 de novembro o projeto traz para Florian\u00f3polis atra\u00e7\u00f5es do Brasil e de Santa Catarina para apresenta\u00e7\u00f5es em uma mega estrutura montada no Parque da Luz. Ser\u00e3o dois palcos para espet\u00e1culos musicais, de conta\u00e7\u00e3o de hist\u00f3rias e brincadeiras infantis. O primeiro festival de m\u00fasica para crian\u00e7as da cidade promove tamb\u00e9m conversas sobre a inf\u00e2ncia a outras atividades para crian\u00e7as e adultos durante todo o dia: das 11h \u00e0s 19h30min. Em caso de chuva, o evento ser\u00e1 transferido para o Boulevard 14\/32, na Floripa Airport &#8211; Aeroporto Internacional de Florian\u00f3polis, bairro Carianos. Tudo gratuito!<\/p>\n<p dir=\"ltr\"><img loading=\"lazy\" decoding=\"async\" class=\"aligncenter  wp-image-1339434\" src=\"https:\/\/www.brognoli.com.br\/wp-content\/uploads\/2019\/10\/JazzBebe_12-10-2019-LOTE_2-redes_sociais-63-1.png\" alt=\"\" width=\"530\" height=\"353\" srcset=\"https:\/\/www.brognoli.com.br\/blog\/wp-content\/uploads\/2019\/10\/JazzBebe_12-10-2019-LOTE_2-redes_sociais-63-1.png 1000w, https:\/\/www.brognoli.com.br\/blog\/wp-content\/uploads\/2019\/10\/JazzBebe_12-10-2019-LOTE_2-redes_sociais-63-1-300x200.png 300w, https:\/\/www.brognoli.com.br\/blog\/wp-content\/uploads\/2019\/10\/JazzBebe_12-10-2019-LOTE_2-redes_sociais-63-1-768x512.png 768w\" sizes=\"auto, (max-width: 530px) 100vw, 530px\" \/><\/p>\n<p dir=\"ltr\">Al\u00e9m de dois palcos, a estrutura do festival contempla \u00e1rea de foodtrucks e lounge para descanso para que as fam\u00edlias possam curtir o dia inteiro.<\/p>\n<p dir=\"ltr\">&#8211; Queremos proporcionar conex\u00f5es entre o universo dos pequenos e m\u00fasica das mais variadas vertentes. Acreditamos tamb\u00e9m que os momentos de conta\u00e7\u00e3o de hist\u00f3ria s\u00e3o importantes para resgatar roteiros l\u00fadicos por meio da m\u00fasica e do conto. Al\u00e9m disso, as oficinas permitem variadas experimenta\u00e7\u00f5es art\u00edsticas e musicais, resgatando a ess\u00eancia do brincar e do fazer &#8211; afirma a produtora cultural Marina Tavares, do Studio de Ideias.<\/p>\n<p>&nbsp;<\/p>\n<p dir=\"ltr\"><strong>Diversidade musical<\/strong><\/p>\n<p dir=\"ltr\">Est\u00e3o programadas 8 atra\u00e7\u00f5es musicais com estilos que v\u00e3o rock\u2019n roll ao jazz, passando pela percuss\u00e3o e m\u00fasica brasileira. A sele\u00e7\u00e3o das atra\u00e7\u00f5es para o festival foi feita baseada na na diversidade musical do conjunto, conforme explica o diretor musical Ti\u00ea Pereira. No Dorso do Rinoceronte, Banda de Brincar e Dan\u00e7a das Cordas, projetos reconhecidos pelos trabalhos para crian\u00e7as, est\u00e3o no line-up. Outros destaques s\u00e3o o duo franc\u00eas-argentino Lele Swing, escolhido pela variedade e colorido dos instrumentos; e a banda Jazz Beb\u00ea, forma\u00e7\u00e3o especial para festival que vai fazer m\u00fasica instrumental brasileira e improvisa\u00e7\u00e3o jazz\u00edstica.<\/p>\n<p dir=\"ltr\">&#8211; Temos v\u00e1rias texturas musicais na programa\u00e7\u00e3o. Vai ter jazz, vertentes do jazz como blues e trabalhos constru\u00eddos para o p\u00fablico infantil, como o projeto Primeiros Passos, Primeiras Notas, da B\u00e1rbara Dam\u00e1sio \u2014 cantora de samba conhecida no Estado, e o Beatles para Crian\u00e7as. O Cristiano Ferreira, que tem trabalho de blues, vai fazer repert\u00f3rio de trilha de filme infanto-juvenil. O GLIP &#8211; Grupo Livre de Percuss\u00e3o, que usa instrumentos n\u00e3o convencionais de percuss\u00e3o, vai trazer um trabalho interativo para crian\u00e7ada &#8211; adianta Ti\u00ea Pereira.<\/p>\n<p>&nbsp;<\/p>\n<p dir=\"ltr\"><strong>Beatles para Crian\u00e7as<\/strong><\/p>\n<p dir=\"ltr\">A atra\u00e7\u00e3o musical nacional \u00e9 a banda Beatles para Crian\u00e7as.\u00a0 Desde 2014 a banda vem ensinando a garotada a curtir o rock com m\u00fasica de qualidade e divers\u00e3o. O quinteto leva as can\u00e7\u00f5es do quarteto de Liverpool de forma divertida a crian\u00e7as de todas as idades. Nos shows, al\u00e9m das can\u00e7\u00f5es, o grupo apresenta encena\u00e7\u00e3o de hist\u00f3rias, efeitos sonoros, instrumentos musicais inusitados e, claro, um repert\u00f3rio de cl\u00e1ssicos dos Beatles.<\/p>\n<p dir=\"ltr\">Com dois discos lan\u00e7ados, o projeto do grupo criado pelos educadores Fabio Freire e Gabriel Manetti busca estimular a musicaliza\u00e7\u00e3o, a inicia\u00e7\u00e3o ao rock, a l\u00edngua inglesa e a inquestion\u00e1vel refer\u00eancia do universo dos Beatles e sua can\u00e7\u00f5es. Os espet\u00e1culos nascem nas crian\u00e7as, na escola e na experi\u00eancia do contato di\u00e1rio com as fam\u00edlias.<\/p>\n<p dir=\"ltr\">A banda Beatles Para Crian\u00e7as \u00e9 composta por Fabio Freire na guitarra e voz, Gabriel Manetti na voz, Eduardo Puperi na guitarra e teclado, Johnny Frateschi no contrabaixo e Humberto Zigler na bateria.<\/p>\n<p>&nbsp;<\/p>\n<p dir=\"ltr\"><strong>Brincadeira o dia inteiro<\/strong><\/p>\n<p dir=\"ltr\">Al\u00e9m de boa m\u00fasica, o festival promove conta\u00e7\u00e3o de hist\u00f3ria e atividades art\u00edsticas j\u00e1 tradicionais do projeto Hoje \u00e9 Dia de Jazz Beb\u00ea:\u00a0 oficinas de arte e m\u00fasica, intera\u00e7\u00e3o musical, jogo educativo Paralelep\u00edpedo Poema, Ninho da Leitura e sorteio de brindes. A novidade \u00e9 o Roteirinho Guiado pelo Parque da Luz, um tour para conhecer a hist\u00f3ria do Parque.<\/p>\n<p dir=\"ltr\">Outra novidade \u00e9 o Sarau para Crian\u00e7as, proposta que oferece ao p\u00fablico infantil tr\u00eas momentos de intera\u00e7\u00e3o com sons e palavras: um espet\u00e1culo, brincadeiras e oficina. Outro momento que promete envolver a crian\u00e7ada \u00e9 a apresenta\u00e7\u00e3o do espet\u00e1culo Dona Bilica e o Boi de Mam\u00e3o.<\/p>\n<p dir=\"ltr\">\u00a0&#8211; Ser\u00e1 um evento para fazer piquenique, para dan\u00e7ar, para cantar batucar, brincar, ouvir hist\u00f3rias, fazer artes, \u00e9 pra se divertir muito &#8211; diz Arturo Valle Junior, produtor do Studio.<\/p>\n<p dir=\"ltr\"><img loading=\"lazy\" decoding=\"async\" class=\"aligncenter  wp-image-1339448\" src=\"https:\/\/www.brognoli.com.br\/wp-content\/uploads\/2019\/10\/JazzBebe_12-10-2019-LOTE_2-redes_sociais-30-1.png\" alt=\"\" width=\"494\" height=\"329\" srcset=\"https:\/\/www.brognoli.com.br\/blog\/wp-content\/uploads\/2019\/10\/JazzBebe_12-10-2019-LOTE_2-redes_sociais-30-1.png 2000w, https:\/\/www.brognoli.com.br\/blog\/wp-content\/uploads\/2019\/10\/JazzBebe_12-10-2019-LOTE_2-redes_sociais-30-1-300x200.png 300w, https:\/\/www.brognoli.com.br\/blog\/wp-content\/uploads\/2019\/10\/JazzBebe_12-10-2019-LOTE_2-redes_sociais-30-1-1024x682.png 1024w, https:\/\/www.brognoli.com.br\/blog\/wp-content\/uploads\/2019\/10\/JazzBebe_12-10-2019-LOTE_2-redes_sociais-30-1-768x512.png 768w, https:\/\/www.brognoli.com.br\/blog\/wp-content\/uploads\/2019\/10\/JazzBebe_12-10-2019-LOTE_2-redes_sociais-30-1-1536x1024.png 1536w\" sizes=\"auto, (max-width: 494px) 100vw, 494px\" \/><\/p>\n<p dir=\"ltr\"><img loading=\"lazy\" decoding=\"async\" class=\"aligncenter  wp-image-1339449\" src=\"https:\/\/www.brognoli.com.br\/wp-content\/uploads\/2019\/10\/JazzBebe_12-10-2019-LOTE_2-redes_sociais-74-1.png\" alt=\"\" width=\"497\" height=\"331\" srcset=\"https:\/\/www.brognoli.com.br\/blog\/wp-content\/uploads\/2019\/10\/JazzBebe_12-10-2019-LOTE_2-redes_sociais-74-1.png 1000w, https:\/\/www.brognoli.com.br\/blog\/wp-content\/uploads\/2019\/10\/JazzBebe_12-10-2019-LOTE_2-redes_sociais-74-1-300x200.png 300w, https:\/\/www.brognoli.com.br\/blog\/wp-content\/uploads\/2019\/10\/JazzBebe_12-10-2019-LOTE_2-redes_sociais-74-1-768x512.png 768w\" sizes=\"auto, (max-width: 497px) 100vw, 497px\" \/><\/p>\n<p dir=\"ltr\" style=\"text-align: center;\"><em>Hoje \u00c9 dia de Jazz Beb\u00ea realizado no m\u00eas de outubro, na Floripa Airport<\/em><\/p>\n<p dir=\"ltr\">\n<p>&nbsp;<\/p>\n<p dir=\"ltr\"><strong>Sobre o Hoje \u00e9 Dia de Jazz Beb\u00ea<\/strong><\/p>\n<p dir=\"ltr\">O Hoje \u00e9 Dia de Jazz Beb\u00ea! \u00e9 realizado pelo Studio de Ideias &#8211; Gest\u00e3o e Produ\u00e7\u00e3o Cultural. O festival \u00e9 viabilizado por meio da Lei Municipal de Incentivo \u00e0 Cultura &#8211; Prefeitura de Florian\u00f3polis\/Funda\u00e7\u00e3o Cultural Franklin Cascaes e conta com parceiros que acreditam que a cultura \u00e9 pe\u00e7a fundamental na vida das pessoas e da sociedade. O evento tem apoio cultural da Floripa Airport &#8211; concession\u00e1ria do Aeroporto Internacional de Florian\u00f3polis, do Bistek Supermercados, da Brognoli Neg\u00f3cios Imobili\u00e1rios, da Eletrosul, do Corporate Park, do Jurer\u00ea Beach Village e do Il Campanario. Tem apoio da Parlenda e da Panorama Escola de Arte.\u00a0 O festival tem apoio da AAPLUZ &#8211; Associa\u00e7\u00e3o dos Amigos do Parque da Luz, da Panorama Escola de Artes, da Parlenda Brinquedos Educativos, do Castelmar Hotel e do Guia Manezinho.<\/p>\n<p>&nbsp;<\/p>\n<p dir=\"ltr\"><strong>Agende-se<\/strong><\/p>\n<p dir=\"ltr\">Festival Hoje \u00e9 Dia de Jazz Beb\u00ea<\/p>\n<p dir=\"ltr\">Quando: s\u00e1bado (9) e domingo (10), das 11h \u00e0s 19h30<br \/>\nOnde: Parque da Luz (Rua Felipe Schmidt, Centro, Florian\u00f3polis). Em caso de chuva o evento ser\u00e1 realizado no Boulevard 14\/32, localizado dentro do Aeroporto Internacional de Florian\u00f3polis<br \/>\nQuanto: gratuito<\/p>\n","protected":false},"excerpt":{"rendered":"<p>Um dos eventos mais queridos da Capital, o Hoje \u00e9 Dia de Jazz Beb\u00ea ganha status de festival. Nos dias 9 e 10 de novembro o projeto traz para Florian\u00f3polis [&hellip;]<\/p>\n","protected":false},"author":7,"featured_media":2205608,"comment_status":"closed","ping_status":"closed","sticky":false,"template":"","format":"standard","meta":{"footnotes":""},"categories":[42,22],"tags":[30,41,44,174,48,49,83,123],"class_list":["post-2205825","post","type-post","status-publish","format-standard","has-post-thumbnail","hentry","category-cultura","category-destaque","tag-brognoli","tag-brognoli-imoveis","tag-cultura-catarinense","tag-festival-jazz-bebe","tag-jazz-bebe","tag-onlife","tag-viver-melhor","tag-viver-melhor-brognoli"],"yoast_head":"<!-- This site is optimized with the Yoast SEO plugin v21.3 - https:\/\/yoast.com\/wordpress\/plugins\/seo\/ -->\n<title>In\u00e9dito em Floripa, Festival de M\u00fasica para Crian\u00e7as ser\u00e1 nos dias 9 e 10 de novembro - Brognoli<\/title>\n<meta name=\"robots\" content=\"index, follow, max-snippet:-1, max-image-preview:large, max-video-preview:-1\" \/>\n<link rel=\"canonical\" href=\"https:\/\/www.brognoli.com.br\/blog\/inedito-em-floripa-festival-de-musica-para-criancas-sera-nos-dias-9-e-10-de-novembro\/\" \/>\n<meta property=\"og:locale\" content=\"pt_BR\" \/>\n<meta property=\"og:type\" content=\"article\" \/>\n<meta property=\"og:title\" content=\"In\u00e9dito em Floripa, Festival de M\u00fasica para Crian\u00e7as ser\u00e1 nos dias 9 e 10 de novembro - Brognoli\" \/>\n<meta property=\"og:description\" content=\"Um dos eventos mais queridos da Capital, o Hoje \u00e9 Dia de Jazz Beb\u00ea ganha status de festival. Nos dias 9 e 10 de novembro o projeto traz para Florian\u00f3polis [&hellip;]\" \/>\n<meta property=\"og:url\" content=\"https:\/\/www.brognoli.com.br\/blog\/inedito-em-floripa-festival-de-musica-para-criancas-sera-nos-dias-9-e-10-de-novembro\/\" \/>\n<meta property=\"og:site_name\" content=\"Brognoli\" \/>\n<meta property=\"article:published_time\" content=\"2019-10-31T17:34:48+00:00\" \/>\n<meta property=\"og:image\" content=\"https:\/\/www.brognoli.com.br\/blog\/wp-content\/uploads\/2022\/10\/JazzBebe_12-10-2019-LOTE_2-redes_sociais-63-1.png\" \/>\n\t<meta property=\"og:image:width\" content=\"1000\" \/>\n\t<meta property=\"og:image:height\" content=\"667\" \/>\n\t<meta property=\"og:image:type\" content=\"image\/png\" \/>\n<meta name=\"author\" content=\"brognoli\" \/>\n<meta name=\"twitter:card\" content=\"summary_large_image\" \/>\n<meta name=\"twitter:label1\" content=\"Escrito por\" \/>\n\t<meta name=\"twitter:data1\" content=\"brognoli\" \/>\n\t<meta name=\"twitter:label2\" content=\"Est. tempo de leitura\" \/>\n\t<meta name=\"twitter:data2\" content=\"5 minutos\" \/>\n<script type=\"application\/ld+json\" class=\"yoast-schema-graph\">{\"@context\":\"https:\/\/schema.org\",\"@graph\":[{\"@type\":\"Article\",\"@id\":\"https:\/\/www.brognoli.com.br\/blog\/inedito-em-floripa-festival-de-musica-para-criancas-sera-nos-dias-9-e-10-de-novembro\/#article\",\"isPartOf\":{\"@id\":\"https:\/\/www.brognoli.com.br\/blog\/inedito-em-floripa-festival-de-musica-para-criancas-sera-nos-dias-9-e-10-de-novembro\/\"},\"author\":{\"name\":\"brognoli\",\"@id\":\"https:\/\/www.brognoli.com.br\/blog\/#\/schema\/person\/87771d6b68b99d9d9db50bfcf109f10c\"},\"headline\":\"In\u00e9dito em Floripa, Festival de M\u00fasica para Crian\u00e7as ser\u00e1 nos dias 9 e 10 de novembro\",\"datePublished\":\"2019-10-31T17:34:48+00:00\",\"dateModified\":\"2019-10-31T17:34:48+00:00\",\"mainEntityOfPage\":{\"@id\":\"https:\/\/www.brognoli.com.br\/blog\/inedito-em-floripa-festival-de-musica-para-criancas-sera-nos-dias-9-e-10-de-novembro\/\"},\"wordCount\":1002,\"publisher\":{\"@id\":\"https:\/\/www.brognoli.com.br\/blog\/#organization\"},\"keywords\":[\"Brognoli\",\"Brognoli Im\u00f3veis\",\"Cultura Catarinense\",\"festival jazz bebe\",\"Jazz Beb\u00ea\",\"OnLife\",\"Viver Melhor\",\"Viver Melhor Brognoli\"],\"articleSection\":[\"Cultura\",\"Destaque\"],\"inLanguage\":\"pt-BR\"},{\"@type\":\"WebPage\",\"@id\":\"https:\/\/www.brognoli.com.br\/blog\/inedito-em-floripa-festival-de-musica-para-criancas-sera-nos-dias-9-e-10-de-novembro\/\",\"url\":\"https:\/\/www.brognoli.com.br\/blog\/inedito-em-floripa-festival-de-musica-para-criancas-sera-nos-dias-9-e-10-de-novembro\/\",\"name\":\"In\u00e9dito em Floripa, Festival de M\u00fasica para Crian\u00e7as ser\u00e1 nos dias 9 e 10 de novembro - Brognoli\",\"isPartOf\":{\"@id\":\"https:\/\/www.brognoli.com.br\/blog\/#website\"},\"datePublished\":\"2019-10-31T17:34:48+00:00\",\"dateModified\":\"2019-10-31T17:34:48+00:00\",\"breadcrumb\":{\"@id\":\"https:\/\/www.brognoli.com.br\/blog\/inedito-em-floripa-festival-de-musica-para-criancas-sera-nos-dias-9-e-10-de-novembro\/#breadcrumb\"},\"inLanguage\":\"pt-BR\",\"potentialAction\":[{\"@type\":\"ReadAction\",\"target\":[\"https:\/\/www.brognoli.com.br\/blog\/inedito-em-floripa-festival-de-musica-para-criancas-sera-nos-dias-9-e-10-de-novembro\/\"]}]},{\"@type\":\"BreadcrumbList\",\"@id\":\"https:\/\/www.brognoli.com.br\/blog\/inedito-em-floripa-festival-de-musica-para-criancas-sera-nos-dias-9-e-10-de-novembro\/#breadcrumb\",\"itemListElement\":[{\"@type\":\"ListItem\",\"position\":1,\"name\":\"In\u00edcio\",\"item\":\"https:\/\/www.brognoli.com.br\/blog\/\"},{\"@type\":\"ListItem\",\"position\":2,\"name\":\"In\u00e9dito em Floripa, Festival de M\u00fasica para Crian\u00e7as ser\u00e1 nos dias 9 e 10 de novembro\"}]},{\"@type\":\"WebSite\",\"@id\":\"https:\/\/www.brognoli.com.br\/blog\/#website\",\"url\":\"https:\/\/www.brognoli.com.br\/blog\/\",\"name\":\"Brognoli\",\"description\":\"Brognoli\",\"publisher\":{\"@id\":\"https:\/\/www.brognoli.com.br\/blog\/#organization\"},\"potentialAction\":[{\"@type\":\"SearchAction\",\"target\":{\"@type\":\"EntryPoint\",\"urlTemplate\":\"https:\/\/www.brognoli.com.br\/blog\/?s={search_term_string}\"},\"query-input\":\"required name=search_term_string\"}],\"inLanguage\":\"pt-BR\"},{\"@type\":\"Organization\",\"@id\":\"https:\/\/www.brognoli.com.br\/blog\/#organization\",\"name\":\"Brognoli\",\"url\":\"https:\/\/www.brognoli.com.br\/blog\/\",\"logo\":{\"@type\":\"ImageObject\",\"inLanguage\":\"pt-BR\",\"@id\":\"https:\/\/www.brognoli.com.br\/blog\/#\/schema\/logo\/image\/\",\"url\":\"https:\/\/www.brognoli.com.br\/blog\/wp-content\/uploads\/2024\/10\/cropped-cropped-BRO_LOGO_3@300x.png\",\"contentUrl\":\"https:\/\/www.brognoli.com.br\/blog\/wp-content\/uploads\/2024\/10\/cropped-cropped-BRO_LOGO_3@300x.png\",\"width\":1762,\"height\":605,\"caption\":\"Brognoli\"},\"image\":{\"@id\":\"https:\/\/www.brognoli.com.br\/blog\/#\/schema\/logo\/image\/\"}},{\"@type\":\"Person\",\"@id\":\"https:\/\/www.brognoli.com.br\/blog\/#\/schema\/person\/87771d6b68b99d9d9db50bfcf109f10c\",\"name\":\"brognoli\",\"image\":{\"@type\":\"ImageObject\",\"inLanguage\":\"pt-BR\",\"@id\":\"https:\/\/www.brognoli.com.br\/blog\/#\/schema\/person\/image\/\",\"url\":\"https:\/\/secure.gravatar.com\/avatar\/a7836fc1468501cb19a0ad1df34b5f85abe16dfce609e03bba719de31c58ea48?s=96&d=mm&r=g\",\"contentUrl\":\"https:\/\/secure.gravatar.com\/avatar\/a7836fc1468501cb19a0ad1df34b5f85abe16dfce609e03bba719de31c58ea48?s=96&d=mm&r=g\",\"caption\":\"brognoli\"},\"url\":\"https:\/\/www.brognoli.com.br\/blog\/author\/brognoli\/\"}]}<\/script>\n<!-- \/ Yoast SEO plugin. -->","yoast_head_json":{"title":"In\u00e9dito em Floripa, Festival de M\u00fasica para Crian\u00e7as ser\u00e1 nos dias 9 e 10 de novembro - Brognoli","robots":{"index":"index","follow":"follow","max-snippet":"max-snippet:-1","max-image-preview":"max-image-preview:large","max-video-preview":"max-video-preview:-1"},"canonical":"https:\/\/www.brognoli.com.br\/blog\/inedito-em-floripa-festival-de-musica-para-criancas-sera-nos-dias-9-e-10-de-novembro\/","og_locale":"pt_BR","og_type":"article","og_title":"In\u00e9dito em Floripa, Festival de M\u00fasica para Crian\u00e7as ser\u00e1 nos dias 9 e 10 de novembro - Brognoli","og_description":"Um dos eventos mais queridos da Capital, o Hoje \u00e9 Dia de Jazz Beb\u00ea ganha status de festival. Nos dias 9 e 10 de novembro o projeto traz para Florian\u00f3polis [&hellip;]","og_url":"https:\/\/www.brognoli.com.br\/blog\/inedito-em-floripa-festival-de-musica-para-criancas-sera-nos-dias-9-e-10-de-novembro\/","og_site_name":"Brognoli","article_published_time":"2019-10-31T17:34:48+00:00","og_image":[{"width":1000,"height":667,"url":"https:\/\/www.brognoli.com.br\/blog\/wp-content\/uploads\/2022\/10\/JazzBebe_12-10-2019-LOTE_2-redes_sociais-63-1.png","type":"image\/png"}],"author":"brognoli","twitter_card":"summary_large_image","twitter_misc":{"Escrito por":"brognoli","Est. tempo de leitura":"5 minutos"},"schema":{"@context":"https:\/\/schema.org","@graph":[{"@type":"Article","@id":"https:\/\/www.brognoli.com.br\/blog\/inedito-em-floripa-festival-de-musica-para-criancas-sera-nos-dias-9-e-10-de-novembro\/#article","isPartOf":{"@id":"https:\/\/www.brognoli.com.br\/blog\/inedito-em-floripa-festival-de-musica-para-criancas-sera-nos-dias-9-e-10-de-novembro\/"},"author":{"name":"brognoli","@id":"https:\/\/www.brognoli.com.br\/blog\/#\/schema\/person\/87771d6b68b99d9d9db50bfcf109f10c"},"headline":"In\u00e9dito em Floripa, Festival de M\u00fasica para Crian\u00e7as ser\u00e1 nos dias 9 e 10 de novembro","datePublished":"2019-10-31T17:34:48+00:00","dateModified":"2019-10-31T17:34:48+00:00","mainEntityOfPage":{"@id":"https:\/\/www.brognoli.com.br\/blog\/inedito-em-floripa-festival-de-musica-para-criancas-sera-nos-dias-9-e-10-de-novembro\/"},"wordCount":1002,"publisher":{"@id":"https:\/\/www.brognoli.com.br\/blog\/#organization"},"keywords":["Brognoli","Brognoli Im\u00f3veis","Cultura Catarinense","festival jazz bebe","Jazz Beb\u00ea","OnLife","Viver Melhor","Viver Melhor Brognoli"],"articleSection":["Cultura","Destaque"],"inLanguage":"pt-BR"},{"@type":"WebPage","@id":"https:\/\/www.brognoli.com.br\/blog\/inedito-em-floripa-festival-de-musica-para-criancas-sera-nos-dias-9-e-10-de-novembro\/","url":"https:\/\/www.brognoli.com.br\/blog\/inedito-em-floripa-festival-de-musica-para-criancas-sera-nos-dias-9-e-10-de-novembro\/","name":"In\u00e9dito em Floripa, Festival de M\u00fasica para Crian\u00e7as ser\u00e1 nos dias 9 e 10 de novembro - Brognoli","isPartOf":{"@id":"https:\/\/www.brognoli.com.br\/blog\/#website"},"datePublished":"2019-10-31T17:34:48+00:00","dateModified":"2019-10-31T17:34:48+00:00","breadcrumb":{"@id":"https:\/\/www.brognoli.com.br\/blog\/inedito-em-floripa-festival-de-musica-para-criancas-sera-nos-dias-9-e-10-de-novembro\/#breadcrumb"},"inLanguage":"pt-BR","potentialAction":[{"@type":"ReadAction","target":["https:\/\/www.brognoli.com.br\/blog\/inedito-em-floripa-festival-de-musica-para-criancas-sera-nos-dias-9-e-10-de-novembro\/"]}]},{"@type":"BreadcrumbList","@id":"https:\/\/www.brognoli.com.br\/blog\/inedito-em-floripa-festival-de-musica-para-criancas-sera-nos-dias-9-e-10-de-novembro\/#breadcrumb","itemListElement":[{"@type":"ListItem","position":1,"name":"In\u00edcio","item":"https:\/\/www.brognoli.com.br\/blog\/"},{"@type":"ListItem","position":2,"name":"In\u00e9dito em Floripa, Festival de M\u00fasica para Crian\u00e7as ser\u00e1 nos dias 9 e 10 de novembro"}]},{"@type":"WebSite","@id":"https:\/\/www.brognoli.com.br\/blog\/#website","url":"https:\/\/www.brognoli.com.br\/blog\/","name":"Brognoli","description":"Brognoli","publisher":{"@id":"https:\/\/www.brognoli.com.br\/blog\/#organization"},"potentialAction":[{"@type":"SearchAction","target":{"@type":"EntryPoint","urlTemplate":"https:\/\/www.brognoli.com.br\/blog\/?s={search_term_string}"},"query-input":"required name=search_term_string"}],"inLanguage":"pt-BR"},{"@type":"Organization","@id":"https:\/\/www.brognoli.com.br\/blog\/#organization","name":"Brognoli","url":"https:\/\/www.brognoli.com.br\/blog\/","logo":{"@type":"ImageObject","inLanguage":"pt-BR","@id":"https:\/\/www.brognoli.com.br\/blog\/#\/schema\/logo\/image\/","url":"https:\/\/www.brognoli.com.br\/blog\/wp-content\/uploads\/2024\/10\/cropped-cropped-BRO_LOGO_3@300x.png","contentUrl":"https:\/\/www.brognoli.com.br\/blog\/wp-content\/uploads\/2024\/10\/cropped-cropped-BRO_LOGO_3@300x.png","width":1762,"height":605,"caption":"Brognoli"},"image":{"@id":"https:\/\/www.brognoli.com.br\/blog\/#\/schema\/logo\/image\/"}},{"@type":"Person","@id":"https:\/\/www.brognoli.com.br\/blog\/#\/schema\/person\/87771d6b68b99d9d9db50bfcf109f10c","name":"brognoli","image":{"@type":"ImageObject","inLanguage":"pt-BR","@id":"https:\/\/www.brognoli.com.br\/blog\/#\/schema\/person\/image\/","url":"https:\/\/secure.gravatar.com\/avatar\/a7836fc1468501cb19a0ad1df34b5f85abe16dfce609e03bba719de31c58ea48?s=96&d=mm&r=g","contentUrl":"https:\/\/secure.gravatar.com\/avatar\/a7836fc1468501cb19a0ad1df34b5f85abe16dfce609e03bba719de31c58ea48?s=96&d=mm&r=g","caption":"brognoli"},"url":"https:\/\/www.brognoli.com.br\/blog\/author\/brognoli\/"}]}},"_links":{"self":[{"href":"https:\/\/www.brognoli.com.br\/blog\/wp-json\/wp\/v2\/posts\/2205825","targetHints":{"allow":["GET"]}}],"collection":[{"href":"https:\/\/www.brognoli.com.br\/blog\/wp-json\/wp\/v2\/posts"}],"about":[{"href":"https:\/\/www.brognoli.com.br\/blog\/wp-json\/wp\/v2\/types\/post"}],"author":[{"embeddable":true,"href":"https:\/\/www.brognoli.com.br\/blog\/wp-json\/wp\/v2\/users\/7"}],"replies":[{"embeddable":true,"href":"https:\/\/www.brognoli.com.br\/blog\/wp-json\/wp\/v2\/comments?post=2205825"}],"version-history":[{"count":0,"href":"https:\/\/www.brognoli.com.br\/blog\/wp-json\/wp\/v2\/posts\/2205825\/revisions"}],"wp:featuredmedia":[{"embeddable":true,"href":"https:\/\/www.brognoli.com.br\/blog\/wp-json\/wp\/v2\/media\/2205608"}],"wp:attachment":[{"href":"https:\/\/www.brognoli.com.br\/blog\/wp-json\/wp\/v2\/media?parent=2205825"}],"wp:term":[{"taxonomy":"category","embeddable":true,"href":"https:\/\/www.brognoli.com.br\/blog\/wp-json\/wp\/v2\/categories?post=2205825"},{"taxonomy":"post_tag","embeddable":true,"href":"https:\/\/www.brognoli.com.br\/blog\/wp-json\/wp\/v2\/tags?post=2205825"}],"curies":[{"name":"wp","href":"https:\/\/api.w.org\/{rel}","templated":true}]}}