{"id":2205827,"date":"2019-11-27T10:17:40","date_gmt":"2019-11-27T13:17:40","guid":{"rendered":"https:\/\/api-portal.brognoli.com.br\/conheca-as-vantagens-da-black-week-brognoli\/"},"modified":"2019-11-27T10:17:40","modified_gmt":"2019-11-27T13:17:40","slug":"conheca-as-vantagens-da-black-week-brognoli","status":"publish","type":"post","link":"https:\/\/www.brognoli.com.br\/blog\/conheca-as-vantagens-da-black-week-brognoli\/","title":{"rendered":"Conhe\u00e7a as vantagens da Black Week Brognoli"},"content":{"rendered":"\n<p class=\"has-text-align-center\"><em>Propriet\u00e1rios que anunciarem seu im\u00f3vel nesta semana, ter\u00e3o at\u00e9 3 meses de car\u00eancia na taxa de administra\u00e7\u00e3o <\/em><\/p>\n\n\n\n<p>Semana de Black Friday chega a dar mais que um friozinho na barriga&#8230; E o que dizer ent\u00e3o quando a Black Friday vira Black Week? Aqui na Brognoli, a gente fez uma semana inteirinha cheia de benef\u00edcios, tanto para locat\u00e1rios quanto para propriet\u00e1rios.<\/p>\n\n\n\n<p>E n\u00e3o \u00e9 conversa n\u00e3o&#8230; O que a gente quer mesmo \u00e9 trazer benef\u00edcios que fa\u00e7am a diferen\u00e7a no seu bolso, e hoje a gente vai falar da Black Week para trazer benef\u00edcios de quem quer alugar: <strong>o propriet\u00e1rio do im\u00f3vel.<\/strong><\/p>\n\n\n\n<p>Quem anuncia com a gente tem muitas vantagens, mas dessa vez nos superamos. Ser\u00e3o 3 meses de car\u00eancia na taxa de administra\u00e7\u00e3o. Vem saber mais sobre nossa Black Week, que a gente te explica direitinho&#8230;<\/p>\n\n\n\n<div class=\"wp-block-image\"><figure class=\"aligncenter\"><img loading=\"lazy\" decoding=\"async\" width=\"1200\" height=\"627\" src=\"https:\/\/www.brognoli.com.br\/wp-content\/uploads\/2019\/11\/1.png\" alt=\"\" class=\"wp-image-1378378\" srcset=\"https:\/\/www.brognoli.com.br\/blog\/wp-content\/uploads\/2019\/11\/1.png 1200w, https:\/\/www.brognoli.com.br\/blog\/wp-content\/uploads\/2019\/11\/1-300x157.png 300w, https:\/\/www.brognoli.com.br\/blog\/wp-content\/uploads\/2019\/11\/1-1024x535.png 1024w, https:\/\/www.brognoli.com.br\/blog\/wp-content\/uploads\/2019\/11\/1-768x401.png 768w\" sizes=\"auto, (max-width: 1200px) 100vw, 1200px\" \/><\/figure><\/div>\n\n\n\n<p><strong>Mas o que isso significa?<\/strong><\/p>\n\n\n\n<p>Que ao colocar seu im\u00f3vel para anunciar conosco, voc\u00ea est\u00e1 livre daquelas taxas mensais que custam em m\u00e9dia, 8,5% do valor do aluguel.<\/p>\n\n\n\n<p>E tem mais: anunciando pela Brognoli, voc\u00ea que quer alugar seu im\u00f3vel rapidamente, ainda conta com fotos profissionais nos principais portais de im\u00f3veis do Brasil; vistoria minuciosa; divulga\u00e7\u00e3o no portal de im\u00f3veis com maior visibilidade de SC; an\u00e1lise de cr\u00e9dito rigorosa e r\u00e1pida; negocia\u00e7\u00e3o e assinatura do contrato completamente online e atendimento exclusivo em qualquer uma das nossas 6 lojas.<\/p>\n\n\n\n<p><strong>Clientes exclusivos<\/strong> ainda tem o benef\u00edcio de&nbsp;<strong>a taxa de administra\u00e7\u00e3o&nbsp;ser de&nbsp; apenas&nbsp;<\/strong>6,8% ao m\u00eas, fora todas essas vantagens que citamos acima.<\/p>\n\n\n\n<p>Mas durante toda essa semana, os im\u00f3veis anunciados aqui estar\u00e3o livres das taxas pelos pr\u00f3ximos 3 meses. Um present\u00e3o para come\u00e7ar o ano com o p\u00e9 direito.<\/p>\n\n\n\n<p>Essa \u00e9 a nossa Black Week Brognoli. S\u00e3o Mais de 75 mil acessos mensais em nosso site e im\u00f3veis que alugam rapidamente.<\/p>\n\n\n\n<p>Se interessou? Acesse agora a<strong><a href=\"https:\/\/proprietario.brognoli.com.br\/black-week\" target=\"_blank\" rel=\"noopener\"> BLACK WEEK<\/a> <\/strong>para conferir todas as vantagens de anunciar seu im\u00f3vel NESTA SEMANA.<\/p>\n\n\n\n<p>Acesse nosso <a href=\"https:\/\/www.brognoli.com.br\/\">site<\/a> para saber mais.<\/p>\n","protected":false},"excerpt":{"rendered":"<p>Propriet\u00e1rios que anunciarem seu im\u00f3vel nesta semana, ter\u00e3o at\u00e9 3 meses de car\u00eancia na taxa de administra\u00e7\u00e3o Semana de Black Friday chega a dar mais que um friozinho na barriga&#8230; [&hellip;]<\/p>\n","protected":false},"author":7,"featured_media":2205615,"comment_status":"closed","ping_status":"closed","sticky":false,"template":"","format":"standard","meta":{"footnotes":""},"categories":[22,57],"tags":[28,151,29,175,176,30,41,45,46,25,32,33],"class_list":["post-2205827","post","type-post","status-publish","format-standard","has-post-thumbnail","hentry","category-destaque","category-dicas","tag-alugar","tag-aluguel","tag-apartamento","tag-black-friday","tag-black-week","tag-brognoli","tag-brognoli-imoveis","tag-florianopolis","tag-floripa","tag-grande-florianopolis","tag-imoveis","tag-imovel"],"yoast_head":"<!-- This site is optimized with the Yoast SEO plugin v21.3 - https:\/\/yoast.com\/wordpress\/plugins\/seo\/ -->\n<title>Conhe\u00e7a as vantagens da Black Week Brognoli - Brognoli<\/title>\n<meta name=\"robots\" content=\"index, follow, max-snippet:-1, max-image-preview:large, max-video-preview:-1\" \/>\n<link rel=\"canonical\" href=\"https:\/\/www.brognoli.com.br\/blog\/conheca-as-vantagens-da-black-week-brognoli\/\" \/>\n<meta property=\"og:locale\" content=\"pt_BR\" \/>\n<meta property=\"og:type\" content=\"article\" \/>\n<meta property=\"og:title\" content=\"Conhe\u00e7a as vantagens da Black Week Brognoli - Brognoli\" \/>\n<meta property=\"og:description\" content=\"Propriet\u00e1rios que anunciarem seu im\u00f3vel nesta semana, ter\u00e3o at\u00e9 3 meses de car\u00eancia na taxa de administra\u00e7\u00e3o Semana de Black Friday chega a dar mais que um friozinho na barriga&#8230; [&hellip;]\" \/>\n<meta property=\"og:url\" content=\"https:\/\/www.brognoli.com.br\/blog\/conheca-as-vantagens-da-black-week-brognoli\/\" \/>\n<meta property=\"og:site_name\" content=\"Brognoli\" \/>\n<meta property=\"article:published_time\" content=\"2019-11-27T13:17:40+00:00\" \/>\n<meta property=\"og:image\" content=\"https:\/\/www.brognoli.com.br\/blog\/wp-content\/uploads\/2022\/10\/post-blog.png\" \/>\n\t<meta property=\"og:image:width\" content=\"1261\" \/>\n\t<meta property=\"og:image:height\" content=\"556\" \/>\n\t<meta property=\"og:image:type\" content=\"image\/png\" \/>\n<meta name=\"author\" content=\"brognoli\" \/>\n<meta name=\"twitter:card\" content=\"summary_large_image\" \/>\n<meta name=\"twitter:label1\" content=\"Escrito por\" \/>\n\t<meta name=\"twitter:data1\" content=\"brognoli\" \/>\n\t<meta name=\"twitter:label2\" content=\"Est. tempo de leitura\" \/>\n\t<meta name=\"twitter:data2\" content=\"2 minutos\" \/>\n<script type=\"application\/ld+json\" class=\"yoast-schema-graph\">{\"@context\":\"https:\/\/schema.org\",\"@graph\":[{\"@type\":\"Article\",\"@id\":\"https:\/\/www.brognoli.com.br\/blog\/conheca-as-vantagens-da-black-week-brognoli\/#article\",\"isPartOf\":{\"@id\":\"https:\/\/www.brognoli.com.br\/blog\/conheca-as-vantagens-da-black-week-brognoli\/\"},\"author\":{\"name\":\"brognoli\",\"@id\":\"https:\/\/www.brognoli.com.br\/blog\/#\/schema\/person\/87771d6b68b99d9d9db50bfcf109f10c\"},\"headline\":\"Conhe\u00e7a as vantagens da Black Week Brognoli\",\"datePublished\":\"2019-11-27T13:17:40+00:00\",\"dateModified\":\"2019-11-27T13:17:40+00:00\",\"mainEntityOfPage\":{\"@id\":\"https:\/\/www.brognoli.com.br\/blog\/conheca-as-vantagens-da-black-week-brognoli\/\"},\"wordCount\":364,\"publisher\":{\"@id\":\"https:\/\/www.brognoli.com.br\/blog\/#organization\"},\"keywords\":[\"Alugar\",\"Aluguel\",\"apartamento\",\"black friday\",\"black week\",\"Brognoli\",\"Brognoli Im\u00f3veis\",\"florian\u00f3polis\",\"floripa\",\"Grande Florian\u00f3polis\",\"im\u00f3veis\",\"im\u00f3vel\"],\"articleSection\":[\"Destaque\",\"Dicas\"],\"inLanguage\":\"pt-BR\"},{\"@type\":\"WebPage\",\"@id\":\"https:\/\/www.brognoli.com.br\/blog\/conheca-as-vantagens-da-black-week-brognoli\/\",\"url\":\"https:\/\/www.brognoli.com.br\/blog\/conheca-as-vantagens-da-black-week-brognoli\/\",\"name\":\"Conhe\u00e7a as vantagens da Black Week Brognoli - Brognoli\",\"isPartOf\":{\"@id\":\"https:\/\/www.brognoli.com.br\/blog\/#website\"},\"datePublished\":\"2019-11-27T13:17:40+00:00\",\"dateModified\":\"2019-11-27T13:17:40+00:00\",\"breadcrumb\":{\"@id\":\"https:\/\/www.brognoli.com.br\/blog\/conheca-as-vantagens-da-black-week-brognoli\/#breadcrumb\"},\"inLanguage\":\"pt-BR\",\"potentialAction\":[{\"@type\":\"ReadAction\",\"target\":[\"https:\/\/www.brognoli.com.br\/blog\/conheca-as-vantagens-da-black-week-brognoli\/\"]}]},{\"@type\":\"BreadcrumbList\",\"@id\":\"https:\/\/www.brognoli.com.br\/blog\/conheca-as-vantagens-da-black-week-brognoli\/#breadcrumb\",\"itemListElement\":[{\"@type\":\"ListItem\",\"position\":1,\"name\":\"In\u00edcio\",\"item\":\"https:\/\/www.brognoli.com.br\/blog\/\"},{\"@type\":\"ListItem\",\"position\":2,\"name\":\"Conhe\u00e7a as vantagens da Black Week Brognoli\"}]},{\"@type\":\"WebSite\",\"@id\":\"https:\/\/www.brognoli.com.br\/blog\/#website\",\"url\":\"https:\/\/www.brognoli.com.br\/blog\/\",\"name\":\"Brognoli\",\"description\":\"Brognoli\",\"publisher\":{\"@id\":\"https:\/\/www.brognoli.com.br\/blog\/#organization\"},\"potentialAction\":[{\"@type\":\"SearchAction\",\"target\":{\"@type\":\"EntryPoint\",\"urlTemplate\":\"https:\/\/www.brognoli.com.br\/blog\/?s={search_term_string}\"},\"query-input\":\"required name=search_term_string\"}],\"inLanguage\":\"pt-BR\"},{\"@type\":\"Organization\",\"@id\":\"https:\/\/www.brognoli.com.br\/blog\/#organization\",\"name\":\"Brognoli\",\"url\":\"https:\/\/www.brognoli.com.br\/blog\/\",\"logo\":{\"@type\":\"ImageObject\",\"inLanguage\":\"pt-BR\",\"@id\":\"https:\/\/www.brognoli.com.br\/blog\/#\/schema\/logo\/image\/\",\"url\":\"https:\/\/www.brognoli.com.br\/blog\/wp-content\/uploads\/2024\/10\/cropped-cropped-BRO_LOGO_3@300x.png\",\"contentUrl\":\"https:\/\/www.brognoli.com.br\/blog\/wp-content\/uploads\/2024\/10\/cropped-cropped-BRO_LOGO_3@300x.png\",\"width\":1762,\"height\":605,\"caption\":\"Brognoli\"},\"image\":{\"@id\":\"https:\/\/www.brognoli.com.br\/blog\/#\/schema\/logo\/image\/\"}},{\"@type\":\"Person\",\"@id\":\"https:\/\/www.brognoli.com.br\/blog\/#\/schema\/person\/87771d6b68b99d9d9db50bfcf109f10c\",\"name\":\"brognoli\",\"image\":{\"@type\":\"ImageObject\",\"inLanguage\":\"pt-BR\",\"@id\":\"https:\/\/www.brognoli.com.br\/blog\/#\/schema\/person\/image\/\",\"url\":\"https:\/\/secure.gravatar.com\/avatar\/a7836fc1468501cb19a0ad1df34b5f85abe16dfce609e03bba719de31c58ea48?s=96&d=mm&r=g\",\"contentUrl\":\"https:\/\/secure.gravatar.com\/avatar\/a7836fc1468501cb19a0ad1df34b5f85abe16dfce609e03bba719de31c58ea48?s=96&d=mm&r=g\",\"caption\":\"brognoli\"},\"url\":\"https:\/\/www.brognoli.com.br\/blog\/author\/brognoli\/\"}]}<\/script>\n<!-- \/ Yoast SEO plugin. -->","yoast_head_json":{"title":"Conhe\u00e7a as vantagens da Black Week Brognoli - Brognoli","robots":{"index":"index","follow":"follow","max-snippet":"max-snippet:-1","max-image-preview":"max-image-preview:large","max-video-preview":"max-video-preview:-1"},"canonical":"https:\/\/www.brognoli.com.br\/blog\/conheca-as-vantagens-da-black-week-brognoli\/","og_locale":"pt_BR","og_type":"article","og_title":"Conhe\u00e7a as vantagens da Black Week Brognoli - Brognoli","og_description":"Propriet\u00e1rios que anunciarem seu im\u00f3vel nesta semana, ter\u00e3o at\u00e9 3 meses de car\u00eancia na taxa de administra\u00e7\u00e3o Semana de Black Friday chega a dar mais que um friozinho na barriga&#8230; [&hellip;]","og_url":"https:\/\/www.brognoli.com.br\/blog\/conheca-as-vantagens-da-black-week-brognoli\/","og_site_name":"Brognoli","article_published_time":"2019-11-27T13:17:40+00:00","og_image":[{"width":1261,"height":556,"url":"https:\/\/www.brognoli.com.br\/blog\/wp-content\/uploads\/2022\/10\/post-blog.png","type":"image\/png"}],"author":"brognoli","twitter_card":"summary_large_image","twitter_misc":{"Escrito por":"brognoli","Est. tempo de leitura":"2 minutos"},"schema":{"@context":"https:\/\/schema.org","@graph":[{"@type":"Article","@id":"https:\/\/www.brognoli.com.br\/blog\/conheca-as-vantagens-da-black-week-brognoli\/#article","isPartOf":{"@id":"https:\/\/www.brognoli.com.br\/blog\/conheca-as-vantagens-da-black-week-brognoli\/"},"author":{"name":"brognoli","@id":"https:\/\/www.brognoli.com.br\/blog\/#\/schema\/person\/87771d6b68b99d9d9db50bfcf109f10c"},"headline":"Conhe\u00e7a as vantagens da Black Week Brognoli","datePublished":"2019-11-27T13:17:40+00:00","dateModified":"2019-11-27T13:17:40+00:00","mainEntityOfPage":{"@id":"https:\/\/www.brognoli.com.br\/blog\/conheca-as-vantagens-da-black-week-brognoli\/"},"wordCount":364,"publisher":{"@id":"https:\/\/www.brognoli.com.br\/blog\/#organization"},"keywords":["Alugar","Aluguel","apartamento","black friday","black week","Brognoli","Brognoli Im\u00f3veis","florian\u00f3polis","floripa","Grande Florian\u00f3polis","im\u00f3veis","im\u00f3vel"],"articleSection":["Destaque","Dicas"],"inLanguage":"pt-BR"},{"@type":"WebPage","@id":"https:\/\/www.brognoli.com.br\/blog\/conheca-as-vantagens-da-black-week-brognoli\/","url":"https:\/\/www.brognoli.com.br\/blog\/conheca-as-vantagens-da-black-week-brognoli\/","name":"Conhe\u00e7a as vantagens da Black Week Brognoli - Brognoli","isPartOf":{"@id":"https:\/\/www.brognoli.com.br\/blog\/#website"},"datePublished":"2019-11-27T13:17:40+00:00","dateModified":"2019-11-27T13:17:40+00:00","breadcrumb":{"@id":"https:\/\/www.brognoli.com.br\/blog\/conheca-as-vantagens-da-black-week-brognoli\/#breadcrumb"},"inLanguage":"pt-BR","potentialAction":[{"@type":"ReadAction","target":["https:\/\/www.brognoli.com.br\/blog\/conheca-as-vantagens-da-black-week-brognoli\/"]}]},{"@type":"BreadcrumbList","@id":"https:\/\/www.brognoli.com.br\/blog\/conheca-as-vantagens-da-black-week-brognoli\/#breadcrumb","itemListElement":[{"@type":"ListItem","position":1,"name":"In\u00edcio","item":"https:\/\/www.brognoli.com.br\/blog\/"},{"@type":"ListItem","position":2,"name":"Conhe\u00e7a as vantagens da Black Week Brognoli"}]},{"@type":"WebSite","@id":"https:\/\/www.brognoli.com.br\/blog\/#website","url":"https:\/\/www.brognoli.com.br\/blog\/","name":"Brognoli","description":"Brognoli","publisher":{"@id":"https:\/\/www.brognoli.com.br\/blog\/#organization"},"potentialAction":[{"@type":"SearchAction","target":{"@type":"EntryPoint","urlTemplate":"https:\/\/www.brognoli.com.br\/blog\/?s={search_term_string}"},"query-input":"required name=search_term_string"}],"inLanguage":"pt-BR"},{"@type":"Organization","@id":"https:\/\/www.brognoli.com.br\/blog\/#organization","name":"Brognoli","url":"https:\/\/www.brognoli.com.br\/blog\/","logo":{"@type":"ImageObject","inLanguage":"pt-BR","@id":"https:\/\/www.brognoli.com.br\/blog\/#\/schema\/logo\/image\/","url":"https:\/\/www.brognoli.com.br\/blog\/wp-content\/uploads\/2024\/10\/cropped-cropped-BRO_LOGO_3@300x.png","contentUrl":"https:\/\/www.brognoli.com.br\/blog\/wp-content\/uploads\/2024\/10\/cropped-cropped-BRO_LOGO_3@300x.png","width":1762,"height":605,"caption":"Brognoli"},"image":{"@id":"https:\/\/www.brognoli.com.br\/blog\/#\/schema\/logo\/image\/"}},{"@type":"Person","@id":"https:\/\/www.brognoli.com.br\/blog\/#\/schema\/person\/87771d6b68b99d9d9db50bfcf109f10c","name":"brognoli","image":{"@type":"ImageObject","inLanguage":"pt-BR","@id":"https:\/\/www.brognoli.com.br\/blog\/#\/schema\/person\/image\/","url":"https:\/\/secure.gravatar.com\/avatar\/a7836fc1468501cb19a0ad1df34b5f85abe16dfce609e03bba719de31c58ea48?s=96&d=mm&r=g","contentUrl":"https:\/\/secure.gravatar.com\/avatar\/a7836fc1468501cb19a0ad1df34b5f85abe16dfce609e03bba719de31c58ea48?s=96&d=mm&r=g","caption":"brognoli"},"url":"https:\/\/www.brognoli.com.br\/blog\/author\/brognoli\/"}]}},"_links":{"self":[{"href":"https:\/\/www.brognoli.com.br\/blog\/wp-json\/wp\/v2\/posts\/2205827","targetHints":{"allow":["GET"]}}],"collection":[{"href":"https:\/\/www.brognoli.com.br\/blog\/wp-json\/wp\/v2\/posts"}],"about":[{"href":"https:\/\/www.brognoli.com.br\/blog\/wp-json\/wp\/v2\/types\/post"}],"author":[{"embeddable":true,"href":"https:\/\/www.brognoli.com.br\/blog\/wp-json\/wp\/v2\/users\/7"}],"replies":[{"embeddable":true,"href":"https:\/\/www.brognoli.com.br\/blog\/wp-json\/wp\/v2\/comments?post=2205827"}],"version-history":[{"count":0,"href":"https:\/\/www.brognoli.com.br\/blog\/wp-json\/wp\/v2\/posts\/2205827\/revisions"}],"wp:featuredmedia":[{"embeddable":true,"href":"https:\/\/www.brognoli.com.br\/blog\/wp-json\/wp\/v2\/media\/2205615"}],"wp:attachment":[{"href":"https:\/\/www.brognoli.com.br\/blog\/wp-json\/wp\/v2\/media?parent=2205827"}],"wp:term":[{"taxonomy":"category","embeddable":true,"href":"https:\/\/www.brognoli.com.br\/blog\/wp-json\/wp\/v2\/categories?post=2205827"},{"taxonomy":"post_tag","embeddable":true,"href":"https:\/\/www.brognoli.com.br\/blog\/wp-json\/wp\/v2\/tags?post=2205827"}],"curies":[{"name":"wp","href":"https:\/\/api.w.org\/{rel}","templated":true}]}}