{"id":2205828,"date":"2019-11-28T08:59:33","date_gmt":"2019-11-28T11:59:33","guid":{"rendered":"https:\/\/api-portal.brognoli.com.br\/ultima-edicao-do-ano-do-projeto-hoje-e-dia-de-jazz-bebe-sera-no-bairro-pantanal\/"},"modified":"2019-11-28T08:59:33","modified_gmt":"2019-11-28T11:59:33","slug":"ultima-edicao-do-ano-do-projeto-hoje-e-dia-de-jazz-bebe-sera-no-bairro-pantanal","status":"publish","type":"post","link":"https:\/\/www.brognoli.com.br\/blog\/ultima-edicao-do-ano-do-projeto-hoje-e-dia-de-jazz-bebe-sera-no-bairro-pantanal\/","title":{"rendered":"\u00daltima edi\u00e7\u00e3o do ano do projeto Hoje \u00e9 Dia de Jazz Beb\u00ea ser\u00e1 no bairro Pantanal"},"content":{"rendered":"<p style=\"font-weight: 400; text-align: center;\"><em>M\u00fasica instrumental brasileira e homenagens a grandes acordeonistas do pa\u00eds est\u00e3o no repert\u00f3rio do evento agendado para o dia 1\u00ba\/12 no P\u00e1tio da Eletrosul, em Florian\u00f3polis. Tudo gratuito!<\/em><\/p>\n<p style=\"font-weight: 400;\">A \u00faltima edi\u00e7\u00e3o do ano do projeto Hoje \u00e9 Dia de Jazz Beb\u00ea ser\u00e1 no dia 1\u00ba de dezembro em Florian\u00f3polis, desta vez no bairro Pantanal: no&nbsp;p\u00e1tio&nbsp;da sede da Eletrosul. O repert\u00f3rio vai homenagear dois grandes acordeonistas brasileiros, Sivuca e Dominguinhos. Brincadeiras, conta\u00e7\u00e3o de hist\u00f3rias e outras atividades para crian\u00e7as e adultos tamb\u00e9m est\u00e3o na programa\u00e7\u00e3o. A partir das 14h30. Tudo gratuito!<\/p>\n<p style=\"font-weight: 400;\">O acordeonista Bruno Moritz, uma das principais refer\u00eancias da m\u00fasica instrumental de Santa Catarina, \u00e9 convidado da banda montada especialmente para esta edi\u00e7\u00e3o: Ti\u00ea Pereira (baixo), Richard Montano (bateria), Luiz Sebasti\u00e3o (viol\u00e3o). Moritz vai apresentar algumas de suas composi\u00e7\u00f5es originais.<\/p>\n<p>\u2014 O repert\u00f3rio foi montado para ser tamb\u00e9m um especial Sivuca e Dominguinhos. Vamos enveredar para o lado mais tradicional da m\u00fasica instrumental brasileira numa homenagem a dois grandes compositores da m\u00fasica instrumental do Brasil e do chamado Brazilian Jazz \u2014 diz o coordenador musical do projeto, Ti\u00ea Pereira.<\/p>\n<p style=\"font-weight: 400;\"><strong>Arte-educa\u00e7\u00e3o, m\u00fasica e cultura ao ar livre<\/strong><\/p>\n<p style=\"font-weight: 400;\">Al\u00e9m das j\u00e1&nbsp;tradicionais oficinas de arte, conta\u00e7\u00e3o de hist\u00f3rias e o jogo educativo Paralelep\u00edpedo Poema, esta edi\u00e7\u00e3o ter\u00e1 as atra\u00e7\u00f5es Ninho da Leitura, com cenografia assinada Ana Pi e Pati Leno e acervo de livros da Cia Mafagafos; a&nbsp;oficina de confec\u00e7\u00e3o de drag\u00f5es da Parlenda, oficina oficina de catavento com o arte-educador Denilson Antoni e caricaturas com a&nbsp; Panorama Escola de Arte.<\/p>\n<p style=\"font-weight: 400;\"><img loading=\"lazy\" decoding=\"async\" class=\"aligncenter  wp-image-1380131\" src=\"https:\/\/www.brognoli.com.br\/wp-content\/uploads\/2019\/11\/JazzBebe_12-10-2019-LOTE_1-redes_sociais-11.png\" alt=\"\" width=\"525\" height=\"350\" srcset=\"https:\/\/www.brognoli.com.br\/blog\/wp-content\/uploads\/2019\/11\/JazzBebe_12-10-2019-LOTE_1-redes_sociais-11.png 1000w, https:\/\/www.brognoli.com.br\/blog\/wp-content\/uploads\/2019\/11\/JazzBebe_12-10-2019-LOTE_1-redes_sociais-11-300x200.png 300w, https:\/\/www.brognoli.com.br\/blog\/wp-content\/uploads\/2019\/11\/JazzBebe_12-10-2019-LOTE_1-redes_sociais-11-768x512.png 768w\" sizes=\"auto, (max-width: 525px) 100vw, 525px\" \/><\/p>\n<p style=\"font-weight: 400;\">O&nbsp;<strong>Hoje&nbsp;\u00e9&nbsp;Dia&nbsp;de&nbsp;Jazz&nbsp;Beb\u00ea!<\/strong>&nbsp;\u00e9&nbsp;realizado por meio da Lei Municipal de Incentivo \u00e0 Cultura &#8211; Prefeitura de Florian\u00f3polis e conta com parceiros que acreditam que a cultura&nbsp;\u00e9&nbsp;pe\u00e7a fundamental na vida das pessoas e da sociedade. O evento tem apoio cultural da Floripa Airport, do Bistek Supermercados, da Brognoli Neg\u00f3cios Imobili\u00e1rios, da Eletrosul, do Corporate Park, do Jurer\u00ea Beach Village&nbsp;e do Il Campanario. Tem apoio da Parlenda e da Panorama Escola de Arte. A realiza\u00e7\u00e3o \u00e9 do Studio de Ideias.<\/p>\n<p style=\"font-weight: 400;\">\n<p style=\"font-weight: 400;\">Agende-se<\/p>\n<p><strong>Hoje \u00e9 Dia de Jazz Beb\u00ea! \u2013 Eletrosul<\/strong><span style=\"font-weight: 400;\"><br \/>\nDomingo, 1\u00ba\/12, a partir das 14h30<br \/>\nNo p\u00e1tio da sede da Eletrosul (R. Dep. Ant\u00f4nio Edu Vieira, 999, Pantanal, Florian\u00f3polis)<\/span><\/p>\n<p><img loading=\"lazy\" decoding=\"async\" class=\"aligncenter  wp-image-1380127\" src=\"https:\/\/www.brognoli.com.br\/wp-content\/uploads\/2019\/11\/Jazz-BB-01_12-Eletrosul.jpeg\" alt=\"\" width=\"428\" height=\"518\" srcset=\"https:\/\/www.brognoli.com.br\/blog\/wp-content\/uploads\/2019\/11\/Jazz-BB-01_12-Eletrosul.jpeg 846w, https:\/\/www.brognoli.com.br\/blog\/wp-content\/uploads\/2019\/11\/Jazz-BB-01_12-Eletrosul-248x300.jpeg 248w, https:\/\/www.brognoli.com.br\/blog\/wp-content\/uploads\/2019\/11\/Jazz-BB-01_12-Eletrosul-768x930.jpeg 768w\" sizes=\"auto, (max-width: 428px) 100vw, 428px\" \/><\/p>\n","protected":false},"excerpt":{"rendered":"<p>M\u00fasica instrumental brasileira e homenagens a grandes acordeonistas do pa\u00eds est\u00e3o no repert\u00f3rio do evento agendado para o dia 1\u00ba\/12 no P\u00e1tio da Eletrosul, em Florian\u00f3polis. Tudo gratuito! A \u00faltima [&hellip;]<\/p>\n","protected":false},"author":7,"featured_media":2205618,"comment_status":"closed","ping_status":"closed","sticky":false,"template":"","format":"standard","meta":{"footnotes":""},"categories":[42],"tags":[30,41,48,49,83,123],"class_list":["post-2205828","post","type-post","status-publish","format-standard","has-post-thumbnail","hentry","category-cultura","tag-brognoli","tag-brognoli-imoveis","tag-jazz-bebe","tag-onlife","tag-viver-melhor","tag-viver-melhor-brognoli"],"yoast_head":"<!-- This site is optimized with the Yoast SEO plugin v21.3 - https:\/\/yoast.com\/wordpress\/plugins\/seo\/ -->\n<title>\u00daltima edi\u00e7\u00e3o do ano do projeto Hoje \u00e9 Dia de Jazz Beb\u00ea ser\u00e1 no bairro Pantanal - Brognoli<\/title>\n<meta name=\"robots\" content=\"index, follow, max-snippet:-1, max-image-preview:large, max-video-preview:-1\" \/>\n<link rel=\"canonical\" href=\"https:\/\/www.brognoli.com.br\/blog\/ultima-edicao-do-ano-do-projeto-hoje-e-dia-de-jazz-bebe-sera-no-bairro-pantanal\/\" \/>\n<meta property=\"og:locale\" content=\"pt_BR\" \/>\n<meta property=\"og:type\" content=\"article\" \/>\n<meta property=\"og:title\" content=\"\u00daltima edi\u00e7\u00e3o do ano do projeto Hoje \u00e9 Dia de Jazz Beb\u00ea ser\u00e1 no bairro Pantanal - Brognoli\" \/>\n<meta property=\"og:description\" content=\"M\u00fasica instrumental brasileira e homenagens a grandes acordeonistas do pa\u00eds est\u00e3o no repert\u00f3rio do evento agendado para o dia 1\u00ba\/12 no P\u00e1tio da Eletrosul, em Florian\u00f3polis. Tudo gratuito! A \u00faltima [&hellip;]\" \/>\n<meta property=\"og:url\" content=\"https:\/\/www.brognoli.com.br\/blog\/ultima-edicao-do-ano-do-projeto-hoje-e-dia-de-jazz-bebe-sera-no-bairro-pantanal\/\" \/>\n<meta property=\"og:site_name\" content=\"Brognoli\" \/>\n<meta property=\"article:published_time\" content=\"2019-11-28T11:59:33+00:00\" \/>\n<meta property=\"og:image\" content=\"https:\/\/www.brognoli.com.br\/blog\/wp-content\/uploads\/2022\/10\/JazzBebe_12-10-2019-LOTE_2-redes_sociais-22-1.png\" \/>\n\t<meta property=\"og:image:width\" content=\"1000\" \/>\n\t<meta property=\"og:image:height\" content=\"667\" \/>\n\t<meta property=\"og:image:type\" content=\"image\/png\" \/>\n<meta name=\"author\" content=\"brognoli\" \/>\n<meta name=\"twitter:card\" content=\"summary_large_image\" \/>\n<meta name=\"twitter:label1\" content=\"Escrito por\" \/>\n\t<meta name=\"twitter:data1\" content=\"brognoli\" \/>\n\t<meta name=\"twitter:label2\" content=\"Est. tempo de leitura\" \/>\n\t<meta name=\"twitter:data2\" content=\"2 minutos\" \/>\n<script type=\"application\/ld+json\" class=\"yoast-schema-graph\">{\"@context\":\"https:\/\/schema.org\",\"@graph\":[{\"@type\":\"Article\",\"@id\":\"https:\/\/www.brognoli.com.br\/blog\/ultima-edicao-do-ano-do-projeto-hoje-e-dia-de-jazz-bebe-sera-no-bairro-pantanal\/#article\",\"isPartOf\":{\"@id\":\"https:\/\/www.brognoli.com.br\/blog\/ultima-edicao-do-ano-do-projeto-hoje-e-dia-de-jazz-bebe-sera-no-bairro-pantanal\/\"},\"author\":{\"name\":\"brognoli\",\"@id\":\"https:\/\/www.brognoli.com.br\/blog\/#\/schema\/person\/87771d6b68b99d9d9db50bfcf109f10c\"},\"headline\":\"\u00daltima edi\u00e7\u00e3o do ano do projeto Hoje \u00e9 Dia de Jazz Beb\u00ea ser\u00e1 no bairro Pantanal\",\"datePublished\":\"2019-11-28T11:59:33+00:00\",\"dateModified\":\"2019-11-28T11:59:33+00:00\",\"mainEntityOfPage\":{\"@id\":\"https:\/\/www.brognoli.com.br\/blog\/ultima-edicao-do-ano-do-projeto-hoje-e-dia-de-jazz-bebe-sera-no-bairro-pantanal\/\"},\"wordCount\":428,\"publisher\":{\"@id\":\"https:\/\/www.brognoli.com.br\/blog\/#organization\"},\"keywords\":[\"Brognoli\",\"Brognoli Im\u00f3veis\",\"Jazz Beb\u00ea\",\"OnLife\",\"Viver Melhor\",\"Viver Melhor Brognoli\"],\"articleSection\":[\"Cultura\"],\"inLanguage\":\"pt-BR\"},{\"@type\":\"WebPage\",\"@id\":\"https:\/\/www.brognoli.com.br\/blog\/ultima-edicao-do-ano-do-projeto-hoje-e-dia-de-jazz-bebe-sera-no-bairro-pantanal\/\",\"url\":\"https:\/\/www.brognoli.com.br\/blog\/ultima-edicao-do-ano-do-projeto-hoje-e-dia-de-jazz-bebe-sera-no-bairro-pantanal\/\",\"name\":\"\u00daltima edi\u00e7\u00e3o do ano do projeto Hoje \u00e9 Dia de Jazz Beb\u00ea ser\u00e1 no bairro Pantanal - Brognoli\",\"isPartOf\":{\"@id\":\"https:\/\/www.brognoli.com.br\/blog\/#website\"},\"datePublished\":\"2019-11-28T11:59:33+00:00\",\"dateModified\":\"2019-11-28T11:59:33+00:00\",\"breadcrumb\":{\"@id\":\"https:\/\/www.brognoli.com.br\/blog\/ultima-edicao-do-ano-do-projeto-hoje-e-dia-de-jazz-bebe-sera-no-bairro-pantanal\/#breadcrumb\"},\"inLanguage\":\"pt-BR\",\"potentialAction\":[{\"@type\":\"ReadAction\",\"target\":[\"https:\/\/www.brognoli.com.br\/blog\/ultima-edicao-do-ano-do-projeto-hoje-e-dia-de-jazz-bebe-sera-no-bairro-pantanal\/\"]}]},{\"@type\":\"BreadcrumbList\",\"@id\":\"https:\/\/www.brognoli.com.br\/blog\/ultima-edicao-do-ano-do-projeto-hoje-e-dia-de-jazz-bebe-sera-no-bairro-pantanal\/#breadcrumb\",\"itemListElement\":[{\"@type\":\"ListItem\",\"position\":1,\"name\":\"In\u00edcio\",\"item\":\"https:\/\/www.brognoli.com.br\/blog\/\"},{\"@type\":\"ListItem\",\"position\":2,\"name\":\"\u00daltima edi\u00e7\u00e3o do ano do projeto Hoje \u00e9 Dia de Jazz Beb\u00ea ser\u00e1 no bairro Pantanal\"}]},{\"@type\":\"WebSite\",\"@id\":\"https:\/\/www.brognoli.com.br\/blog\/#website\",\"url\":\"https:\/\/www.brognoli.com.br\/blog\/\",\"name\":\"Brognoli\",\"description\":\"Brognoli\",\"publisher\":{\"@id\":\"https:\/\/www.brognoli.com.br\/blog\/#organization\"},\"potentialAction\":[{\"@type\":\"SearchAction\",\"target\":{\"@type\":\"EntryPoint\",\"urlTemplate\":\"https:\/\/www.brognoli.com.br\/blog\/?s={search_term_string}\"},\"query-input\":\"required name=search_term_string\"}],\"inLanguage\":\"pt-BR\"},{\"@type\":\"Organization\",\"@id\":\"https:\/\/www.brognoli.com.br\/blog\/#organization\",\"name\":\"Brognoli\",\"url\":\"https:\/\/www.brognoli.com.br\/blog\/\",\"logo\":{\"@type\":\"ImageObject\",\"inLanguage\":\"pt-BR\",\"@id\":\"https:\/\/www.brognoli.com.br\/blog\/#\/schema\/logo\/image\/\",\"url\":\"https:\/\/www.brognoli.com.br\/blog\/wp-content\/uploads\/2024\/10\/cropped-cropped-BRO_LOGO_3@300x.png\",\"contentUrl\":\"https:\/\/www.brognoli.com.br\/blog\/wp-content\/uploads\/2024\/10\/cropped-cropped-BRO_LOGO_3@300x.png\",\"width\":1762,\"height\":605,\"caption\":\"Brognoli\"},\"image\":{\"@id\":\"https:\/\/www.brognoli.com.br\/blog\/#\/schema\/logo\/image\/\"}},{\"@type\":\"Person\",\"@id\":\"https:\/\/www.brognoli.com.br\/blog\/#\/schema\/person\/87771d6b68b99d9d9db50bfcf109f10c\",\"name\":\"brognoli\",\"image\":{\"@type\":\"ImageObject\",\"inLanguage\":\"pt-BR\",\"@id\":\"https:\/\/www.brognoli.com.br\/blog\/#\/schema\/person\/image\/\",\"url\":\"https:\/\/secure.gravatar.com\/avatar\/a7836fc1468501cb19a0ad1df34b5f85abe16dfce609e03bba719de31c58ea48?s=96&d=mm&r=g\",\"contentUrl\":\"https:\/\/secure.gravatar.com\/avatar\/a7836fc1468501cb19a0ad1df34b5f85abe16dfce609e03bba719de31c58ea48?s=96&d=mm&r=g\",\"caption\":\"brognoli\"},\"url\":\"https:\/\/www.brognoli.com.br\/blog\/author\/brognoli\/\"}]}<\/script>\n<!-- \/ Yoast SEO plugin. -->","yoast_head_json":{"title":"\u00daltima edi\u00e7\u00e3o do ano do projeto Hoje \u00e9 Dia de Jazz Beb\u00ea ser\u00e1 no bairro Pantanal - Brognoli","robots":{"index":"index","follow":"follow","max-snippet":"max-snippet:-1","max-image-preview":"max-image-preview:large","max-video-preview":"max-video-preview:-1"},"canonical":"https:\/\/www.brognoli.com.br\/blog\/ultima-edicao-do-ano-do-projeto-hoje-e-dia-de-jazz-bebe-sera-no-bairro-pantanal\/","og_locale":"pt_BR","og_type":"article","og_title":"\u00daltima edi\u00e7\u00e3o do ano do projeto Hoje \u00e9 Dia de Jazz Beb\u00ea ser\u00e1 no bairro Pantanal - Brognoli","og_description":"M\u00fasica instrumental brasileira e homenagens a grandes acordeonistas do pa\u00eds est\u00e3o no repert\u00f3rio do evento agendado para o dia 1\u00ba\/12 no P\u00e1tio da Eletrosul, em Florian\u00f3polis. Tudo gratuito! A \u00faltima [&hellip;]","og_url":"https:\/\/www.brognoli.com.br\/blog\/ultima-edicao-do-ano-do-projeto-hoje-e-dia-de-jazz-bebe-sera-no-bairro-pantanal\/","og_site_name":"Brognoli","article_published_time":"2019-11-28T11:59:33+00:00","og_image":[{"width":1000,"height":667,"url":"https:\/\/www.brognoli.com.br\/blog\/wp-content\/uploads\/2022\/10\/JazzBebe_12-10-2019-LOTE_2-redes_sociais-22-1.png","type":"image\/png"}],"author":"brognoli","twitter_card":"summary_large_image","twitter_misc":{"Escrito por":"brognoli","Est. tempo de leitura":"2 minutos"},"schema":{"@context":"https:\/\/schema.org","@graph":[{"@type":"Article","@id":"https:\/\/www.brognoli.com.br\/blog\/ultima-edicao-do-ano-do-projeto-hoje-e-dia-de-jazz-bebe-sera-no-bairro-pantanal\/#article","isPartOf":{"@id":"https:\/\/www.brognoli.com.br\/blog\/ultima-edicao-do-ano-do-projeto-hoje-e-dia-de-jazz-bebe-sera-no-bairro-pantanal\/"},"author":{"name":"brognoli","@id":"https:\/\/www.brognoli.com.br\/blog\/#\/schema\/person\/87771d6b68b99d9d9db50bfcf109f10c"},"headline":"\u00daltima edi\u00e7\u00e3o do ano do projeto Hoje \u00e9 Dia de Jazz Beb\u00ea ser\u00e1 no bairro Pantanal","datePublished":"2019-11-28T11:59:33+00:00","dateModified":"2019-11-28T11:59:33+00:00","mainEntityOfPage":{"@id":"https:\/\/www.brognoli.com.br\/blog\/ultima-edicao-do-ano-do-projeto-hoje-e-dia-de-jazz-bebe-sera-no-bairro-pantanal\/"},"wordCount":428,"publisher":{"@id":"https:\/\/www.brognoli.com.br\/blog\/#organization"},"keywords":["Brognoli","Brognoli Im\u00f3veis","Jazz Beb\u00ea","OnLife","Viver Melhor","Viver Melhor Brognoli"],"articleSection":["Cultura"],"inLanguage":"pt-BR"},{"@type":"WebPage","@id":"https:\/\/www.brognoli.com.br\/blog\/ultima-edicao-do-ano-do-projeto-hoje-e-dia-de-jazz-bebe-sera-no-bairro-pantanal\/","url":"https:\/\/www.brognoli.com.br\/blog\/ultima-edicao-do-ano-do-projeto-hoje-e-dia-de-jazz-bebe-sera-no-bairro-pantanal\/","name":"\u00daltima edi\u00e7\u00e3o do ano do projeto Hoje \u00e9 Dia de Jazz Beb\u00ea ser\u00e1 no bairro Pantanal - Brognoli","isPartOf":{"@id":"https:\/\/www.brognoli.com.br\/blog\/#website"},"datePublished":"2019-11-28T11:59:33+00:00","dateModified":"2019-11-28T11:59:33+00:00","breadcrumb":{"@id":"https:\/\/www.brognoli.com.br\/blog\/ultima-edicao-do-ano-do-projeto-hoje-e-dia-de-jazz-bebe-sera-no-bairro-pantanal\/#breadcrumb"},"inLanguage":"pt-BR","potentialAction":[{"@type":"ReadAction","target":["https:\/\/www.brognoli.com.br\/blog\/ultima-edicao-do-ano-do-projeto-hoje-e-dia-de-jazz-bebe-sera-no-bairro-pantanal\/"]}]},{"@type":"BreadcrumbList","@id":"https:\/\/www.brognoli.com.br\/blog\/ultima-edicao-do-ano-do-projeto-hoje-e-dia-de-jazz-bebe-sera-no-bairro-pantanal\/#breadcrumb","itemListElement":[{"@type":"ListItem","position":1,"name":"In\u00edcio","item":"https:\/\/www.brognoli.com.br\/blog\/"},{"@type":"ListItem","position":2,"name":"\u00daltima edi\u00e7\u00e3o do ano do projeto Hoje \u00e9 Dia de Jazz Beb\u00ea ser\u00e1 no bairro Pantanal"}]},{"@type":"WebSite","@id":"https:\/\/www.brognoli.com.br\/blog\/#website","url":"https:\/\/www.brognoli.com.br\/blog\/","name":"Brognoli","description":"Brognoli","publisher":{"@id":"https:\/\/www.brognoli.com.br\/blog\/#organization"},"potentialAction":[{"@type":"SearchAction","target":{"@type":"EntryPoint","urlTemplate":"https:\/\/www.brognoli.com.br\/blog\/?s={search_term_string}"},"query-input":"required name=search_term_string"}],"inLanguage":"pt-BR"},{"@type":"Organization","@id":"https:\/\/www.brognoli.com.br\/blog\/#organization","name":"Brognoli","url":"https:\/\/www.brognoli.com.br\/blog\/","logo":{"@type":"ImageObject","inLanguage":"pt-BR","@id":"https:\/\/www.brognoli.com.br\/blog\/#\/schema\/logo\/image\/","url":"https:\/\/www.brognoli.com.br\/blog\/wp-content\/uploads\/2024\/10\/cropped-cropped-BRO_LOGO_3@300x.png","contentUrl":"https:\/\/www.brognoli.com.br\/blog\/wp-content\/uploads\/2024\/10\/cropped-cropped-BRO_LOGO_3@300x.png","width":1762,"height":605,"caption":"Brognoli"},"image":{"@id":"https:\/\/www.brognoli.com.br\/blog\/#\/schema\/logo\/image\/"}},{"@type":"Person","@id":"https:\/\/www.brognoli.com.br\/blog\/#\/schema\/person\/87771d6b68b99d9d9db50bfcf109f10c","name":"brognoli","image":{"@type":"ImageObject","inLanguage":"pt-BR","@id":"https:\/\/www.brognoli.com.br\/blog\/#\/schema\/person\/image\/","url":"https:\/\/secure.gravatar.com\/avatar\/a7836fc1468501cb19a0ad1df34b5f85abe16dfce609e03bba719de31c58ea48?s=96&d=mm&r=g","contentUrl":"https:\/\/secure.gravatar.com\/avatar\/a7836fc1468501cb19a0ad1df34b5f85abe16dfce609e03bba719de31c58ea48?s=96&d=mm&r=g","caption":"brognoli"},"url":"https:\/\/www.brognoli.com.br\/blog\/author\/brognoli\/"}]}},"_links":{"self":[{"href":"https:\/\/www.brognoli.com.br\/blog\/wp-json\/wp\/v2\/posts\/2205828","targetHints":{"allow":["GET"]}}],"collection":[{"href":"https:\/\/www.brognoli.com.br\/blog\/wp-json\/wp\/v2\/posts"}],"about":[{"href":"https:\/\/www.brognoli.com.br\/blog\/wp-json\/wp\/v2\/types\/post"}],"author":[{"embeddable":true,"href":"https:\/\/www.brognoli.com.br\/blog\/wp-json\/wp\/v2\/users\/7"}],"replies":[{"embeddable":true,"href":"https:\/\/www.brognoli.com.br\/blog\/wp-json\/wp\/v2\/comments?post=2205828"}],"version-history":[{"count":0,"href":"https:\/\/www.brognoli.com.br\/blog\/wp-json\/wp\/v2\/posts\/2205828\/revisions"}],"wp:featuredmedia":[{"embeddable":true,"href":"https:\/\/www.brognoli.com.br\/blog\/wp-json\/wp\/v2\/media\/2205618"}],"wp:attachment":[{"href":"https:\/\/www.brognoli.com.br\/blog\/wp-json\/wp\/v2\/media?parent=2205828"}],"wp:term":[{"taxonomy":"category","embeddable":true,"href":"https:\/\/www.brognoli.com.br\/blog\/wp-json\/wp\/v2\/categories?post=2205828"},{"taxonomy":"post_tag","embeddable":true,"href":"https:\/\/www.brognoli.com.br\/blog\/wp-json\/wp\/v2\/tags?post=2205828"}],"curies":[{"name":"wp","href":"https:\/\/api.w.org\/{rel}","templated":true}]}}