{"id":2205830,"date":"2019-12-05T17:47:05","date_gmt":"2019-12-05T20:47:05","guid":{"rendered":"https:\/\/api-portal.brognoli.com.br\/confira-como-foi-o-festival-hoje-e-dia-de-jazz-bebe-no-parque-da-luz-e-a-edicao-na-eletrosul\/"},"modified":"2019-12-05T17:47:05","modified_gmt":"2019-12-05T20:47:05","slug":"confira-como-foi-o-festival-hoje-e-dia-de-jazz-bebe-no-parque-da-luz-e-a-edicao-na-eletrosul","status":"publish","type":"post","link":"https:\/\/www.brognoli.com.br\/blog\/confira-como-foi-o-festival-hoje-e-dia-de-jazz-bebe-no-parque-da-luz-e-a-edicao-na-eletrosul\/","title":{"rendered":"Confira como foi o Festival Hoje \u00e9 Dia de Jazz Beb\u00ea no Parque da Luz e a edi\u00e7\u00e3o na Eletrosul"},"content":{"rendered":"<p>2019 est\u00e1 acabando, mas podemos dizer que foi um ano lindo, voltado \u00e0 m\u00fasica, cultura e, principalmente, \u00e0s crian\u00e7as&#8230; O projeto \u201cHoje \u00e9 Dia de Jazz Beb\u00ea\u2019\u2019 marcou o ano e encerrou com chave de ouro com um Festival de 2 dias no Parque da Luz e uma edi\u00e7\u00e3o na Eletrosul.<\/p>\n<p>O Festival aconteceu nos dias 9 e 10 de novembro. Dois palcos contaram com espet\u00e1culos musicais, al\u00e9m de conta\u00e7\u00e3o de hist\u00f3rias e brincadeiras infantis. O primeiro festival de m\u00fasica para crian\u00e7as da cidade promoveu tamb\u00e9m conversas sobre a inf\u00e2ncia a outras atividades para crian\u00e7as e adultos durante todo o dia.<\/p>\n<p>O evento contou com estilos que foram do rock\u2019n roll ao jazz, passando pela percuss\u00e3o e m\u00fasica brasileira. A sele\u00e7\u00e3o das atra\u00e7\u00f5es para o festival foi feita baseada na diversidade musical do conjunto, conforme explicou o diretor musical Ti\u00ea Pereira. No Dorso do Rinoceronte, Banda de Brincar e Dan\u00e7a das Cordas, projetos reconhecidos pelos trabalhos para crian\u00e7as, est\u00e3o no line-up. Outros destaques s\u00e3o o duo franc\u00eas-argentino Lele Swing, escolhido pela variedade e colorido dos instrumentos; e a banda Jazz Beb\u00ea, forma\u00e7\u00e3o especial para festival que fez m\u00fasica instrumental brasileira e improvisa\u00e7\u00e3o jazz\u00edstica.<\/p>\n<p><strong>Confira algumas fotos do evento.<\/strong><\/p>\n<p><em><strong>Cr\u00e9dito das fotos: Volo Filmes<\/strong><\/em><\/p>\n<p>&nbsp;<\/p>\n<p><img loading=\"lazy\" decoding=\"async\" class=\"aligncenter wp-image-1392048\" src=\"https:\/\/www.brognoli.com.br\/wp-content\/uploads\/2019\/12\/Festival_JazzBebe_lote_1_REDES_SOCIAIS-22.png\" alt=\"\" width=\"491\" height=\"327\" srcset=\"https:\/\/www.brognoli.com.br\/blog\/wp-content\/uploads\/2019\/12\/Festival_JazzBebe_lote_1_REDES_SOCIAIS-22.png 2000w, https:\/\/www.brognoli.com.br\/blog\/wp-content\/uploads\/2019\/12\/Festival_JazzBebe_lote_1_REDES_SOCIAIS-22-300x200.png 300w, https:\/\/www.brognoli.com.br\/blog\/wp-content\/uploads\/2019\/12\/Festival_JazzBebe_lote_1_REDES_SOCIAIS-22-1024x682.png 1024w, https:\/\/www.brognoli.com.br\/blog\/wp-content\/uploads\/2019\/12\/Festival_JazzBebe_lote_1_REDES_SOCIAIS-22-768x512.png 768w, https:\/\/www.brognoli.com.br\/blog\/wp-content\/uploads\/2019\/12\/Festival_JazzBebe_lote_1_REDES_SOCIAIS-22-1536x1024.png 1536w\" sizes=\"auto, (max-width: 491px) 100vw, 491px\" \/><\/p>\n<p><img loading=\"lazy\" decoding=\"async\" class=\"aligncenter wp-image-1392049\" src=\"https:\/\/www.brognoli.com.br\/wp-content\/uploads\/2019\/12\/Festival_JazzBebe_lote_1_REDES_SOCIAIS-25.png\" alt=\"\" width=\"485\" height=\"323\" srcset=\"https:\/\/www.brognoli.com.br\/blog\/wp-content\/uploads\/2019\/12\/Festival_JazzBebe_lote_1_REDES_SOCIAIS-25.png 2000w, https:\/\/www.brognoli.com.br\/blog\/wp-content\/uploads\/2019\/12\/Festival_JazzBebe_lote_1_REDES_SOCIAIS-25-300x200.png 300w, https:\/\/www.brognoli.com.br\/blog\/wp-content\/uploads\/2019\/12\/Festival_JazzBebe_lote_1_REDES_SOCIAIS-25-1024x682.png 1024w, https:\/\/www.brognoli.com.br\/blog\/wp-content\/uploads\/2019\/12\/Festival_JazzBebe_lote_1_REDES_SOCIAIS-25-768x512.png 768w, https:\/\/www.brognoli.com.br\/blog\/wp-content\/uploads\/2019\/12\/Festival_JazzBebe_lote_1_REDES_SOCIAIS-25-1536x1024.png 1536w\" sizes=\"auto, (max-width: 485px) 100vw, 485px\" \/><\/p>\n<p><img loading=\"lazy\" decoding=\"async\" class=\"aligncenter wp-image-1392050\" src=\"https:\/\/www.brognoli.com.br\/wp-content\/uploads\/2019\/12\/Festival_JazzBebe_lote_2_REDES_SOCIAIS-64.png\" alt=\"\" width=\"477\" height=\"318\" srcset=\"https:\/\/www.brognoli.com.br\/blog\/wp-content\/uploads\/2019\/12\/Festival_JazzBebe_lote_2_REDES_SOCIAIS-64.png 2000w, https:\/\/www.brognoli.com.br\/blog\/wp-content\/uploads\/2019\/12\/Festival_JazzBebe_lote_2_REDES_SOCIAIS-64-300x200.png 300w, https:\/\/www.brognoli.com.br\/blog\/wp-content\/uploads\/2019\/12\/Festival_JazzBebe_lote_2_REDES_SOCIAIS-64-1024x682.png 1024w, https:\/\/www.brognoli.com.br\/blog\/wp-content\/uploads\/2019\/12\/Festival_JazzBebe_lote_2_REDES_SOCIAIS-64-768x512.png 768w, https:\/\/www.brognoli.com.br\/blog\/wp-content\/uploads\/2019\/12\/Festival_JazzBebe_lote_2_REDES_SOCIAIS-64-1536x1024.png 1536w\" sizes=\"auto, (max-width: 477px) 100vw, 477px\" \/><\/p>\n<p><img loading=\"lazy\" decoding=\"async\" class=\"aligncenter wp-image-1392053\" src=\"https:\/\/www.brognoli.com.br\/wp-content\/uploads\/2019\/12\/Festival_JazzBebe_lote_2_REDES_SOCIAIS-74.png\" alt=\"\" width=\"476\" height=\"317\" srcset=\"https:\/\/www.brognoli.com.br\/blog\/wp-content\/uploads\/2019\/12\/Festival_JazzBebe_lote_2_REDES_SOCIAIS-74.png 2000w, https:\/\/www.brognoli.com.br\/blog\/wp-content\/uploads\/2019\/12\/Festival_JazzBebe_lote_2_REDES_SOCIAIS-74-300x200.png 300w, https:\/\/www.brognoli.com.br\/blog\/wp-content\/uploads\/2019\/12\/Festival_JazzBebe_lote_2_REDES_SOCIAIS-74-1024x682.png 1024w, https:\/\/www.brognoli.com.br\/blog\/wp-content\/uploads\/2019\/12\/Festival_JazzBebe_lote_2_REDES_SOCIAIS-74-768x512.png 768w, https:\/\/www.brognoli.com.br\/blog\/wp-content\/uploads\/2019\/12\/Festival_JazzBebe_lote_2_REDES_SOCIAIS-74-1536x1024.png 1536w\" sizes=\"auto, (max-width: 476px) 100vw, 476px\" \/><\/p>\n<p><img loading=\"lazy\" decoding=\"async\" class=\"aligncenter wp-image-1392054\" src=\"https:\/\/www.brognoli.com.br\/wp-content\/uploads\/2019\/12\/Festival_JazzBebe_lote_3_REDES_SOCIAIS-9.png\" alt=\"\" width=\"476\" height=\"317\" srcset=\"https:\/\/www.brognoli.com.br\/blog\/wp-content\/uploads\/2019\/12\/Festival_JazzBebe_lote_3_REDES_SOCIAIS-9.png 2000w, https:\/\/www.brognoli.com.br\/blog\/wp-content\/uploads\/2019\/12\/Festival_JazzBebe_lote_3_REDES_SOCIAIS-9-300x200.png 300w, https:\/\/www.brognoli.com.br\/blog\/wp-content\/uploads\/2019\/12\/Festival_JazzBebe_lote_3_REDES_SOCIAIS-9-1024x682.png 1024w, https:\/\/www.brognoli.com.br\/blog\/wp-content\/uploads\/2019\/12\/Festival_JazzBebe_lote_3_REDES_SOCIAIS-9-768x512.png 768w, https:\/\/www.brognoli.com.br\/blog\/wp-content\/uploads\/2019\/12\/Festival_JazzBebe_lote_3_REDES_SOCIAIS-9-1536x1024.png 1536w\" sizes=\"auto, (max-width: 476px) 100vw, 476px\" \/><\/p>\n<p><img loading=\"lazy\" decoding=\"async\" class=\"aligncenter wp-image-1392057\" src=\"https:\/\/www.brognoli.com.br\/wp-content\/uploads\/2019\/12\/Festival_JazzBebe_lote_3_REDES_SOCIAIS-27.png\" alt=\"\" width=\"482\" height=\"324\" srcset=\"https:\/\/www.brognoli.com.br\/blog\/wp-content\/uploads\/2019\/12\/Festival_JazzBebe_lote_3_REDES_SOCIAIS-27.png 2000w, https:\/\/www.brognoli.com.br\/blog\/wp-content\/uploads\/2019\/12\/Festival_JazzBebe_lote_3_REDES_SOCIAIS-27-300x202.png 300w, https:\/\/www.brognoli.com.br\/blog\/wp-content\/uploads\/2019\/12\/Festival_JazzBebe_lote_3_REDES_SOCIAIS-27-1024x689.png 1024w, https:\/\/www.brognoli.com.br\/blog\/wp-content\/uploads\/2019\/12\/Festival_JazzBebe_lote_3_REDES_SOCIAIS-27-768x516.png 768w, https:\/\/www.brognoli.com.br\/blog\/wp-content\/uploads\/2019\/12\/Festival_JazzBebe_lote_3_REDES_SOCIAIS-27-1536x1033.png 1536w\" sizes=\"auto, (max-width: 482px) 100vw, 482px\" \/><\/p>\n<p><img loading=\"lazy\" decoding=\"async\" class=\"aligncenter wp-image-1392058\" src=\"https:\/\/www.brognoli.com.br\/wp-content\/uploads\/2019\/12\/Festival_JazzBebe_lote_4_REDES_SOCIAIS-13.png\" alt=\"\" width=\"479\" height=\"319\" srcset=\"https:\/\/www.brognoli.com.br\/blog\/wp-content\/uploads\/2019\/12\/Festival_JazzBebe_lote_4_REDES_SOCIAIS-13.png 2000w, https:\/\/www.brognoli.com.br\/blog\/wp-content\/uploads\/2019\/12\/Festival_JazzBebe_lote_4_REDES_SOCIAIS-13-300x200.png 300w, https:\/\/www.brognoli.com.br\/blog\/wp-content\/uploads\/2019\/12\/Festival_JazzBebe_lote_4_REDES_SOCIAIS-13-1024x682.png 1024w, https:\/\/www.brognoli.com.br\/blog\/wp-content\/uploads\/2019\/12\/Festival_JazzBebe_lote_4_REDES_SOCIAIS-13-768x512.png 768w, https:\/\/www.brognoli.com.br\/blog\/wp-content\/uploads\/2019\/12\/Festival_JazzBebe_lote_4_REDES_SOCIAIS-13-1536x1024.png 1536w\" sizes=\"auto, (max-width: 479px) 100vw, 479px\" \/><\/p>\n<p><img loading=\"lazy\" decoding=\"async\" class=\"aligncenter wp-image-1392062\" src=\"https:\/\/www.brognoli.com.br\/wp-content\/uploads\/2019\/12\/Festival_JazzBebe_lote_4_REDES_SOCIAIS-25.png\" alt=\"\" width=\"456\" height=\"304\" srcset=\"https:\/\/www.brognoli.com.br\/blog\/wp-content\/uploads\/2019\/12\/Festival_JazzBebe_lote_4_REDES_SOCIAIS-25.png 2000w, https:\/\/www.brognoli.com.br\/blog\/wp-content\/uploads\/2019\/12\/Festival_JazzBebe_lote_4_REDES_SOCIAIS-25-300x200.png 300w, https:\/\/www.brognoli.com.br\/blog\/wp-content\/uploads\/2019\/12\/Festival_JazzBebe_lote_4_REDES_SOCIAIS-25-1024x682.png 1024w, https:\/\/www.brognoli.com.br\/blog\/wp-content\/uploads\/2019\/12\/Festival_JazzBebe_lote_4_REDES_SOCIAIS-25-768x512.png 768w, https:\/\/www.brognoli.com.br\/blog\/wp-content\/uploads\/2019\/12\/Festival_JazzBebe_lote_4_REDES_SOCIAIS-25-1536x1024.png 1536w\" sizes=\"auto, (max-width: 456px) 100vw, 456px\" \/><\/p>\n<p><img loading=\"lazy\" decoding=\"async\" class=\"aligncenter wp-image-1392064\" src=\"https:\/\/www.brognoli.com.br\/wp-content\/uploads\/2019\/12\/Festival_JazzBebe_lote_4_REDES_SOCIAIS-29.png\" alt=\"\" width=\"459\" height=\"306\" srcset=\"https:\/\/www.brognoli.com.br\/blog\/wp-content\/uploads\/2019\/12\/Festival_JazzBebe_lote_4_REDES_SOCIAIS-29.png 2000w, https:\/\/www.brognoli.com.br\/blog\/wp-content\/uploads\/2019\/12\/Festival_JazzBebe_lote_4_REDES_SOCIAIS-29-300x200.png 300w, https:\/\/www.brognoli.com.br\/blog\/wp-content\/uploads\/2019\/12\/Festival_JazzBebe_lote_4_REDES_SOCIAIS-29-1024x682.png 1024w, https:\/\/www.brognoli.com.br\/blog\/wp-content\/uploads\/2019\/12\/Festival_JazzBebe_lote_4_REDES_SOCIAIS-29-768x512.png 768w, https:\/\/www.brognoli.com.br\/blog\/wp-content\/uploads\/2019\/12\/Festival_JazzBebe_lote_4_REDES_SOCIAIS-29-1536x1024.png 1536w\" sizes=\"auto, (max-width: 459px) 100vw, 459px\" \/><\/p>\n<p><img loading=\"lazy\" decoding=\"async\" class=\"aligncenter wp-image-1392065\" src=\"https:\/\/www.brognoli.com.br\/wp-content\/uploads\/2019\/12\/Festival_JazzBebe_lote_4_REDES_SOCIAIS-67.png\" alt=\"\" width=\"456\" height=\"303\" srcset=\"https:\/\/www.brognoli.com.br\/blog\/wp-content\/uploads\/2019\/12\/Festival_JazzBebe_lote_4_REDES_SOCIAIS-67.png 2000w, https:\/\/www.brognoli.com.br\/blog\/wp-content\/uploads\/2019\/12\/Festival_JazzBebe_lote_4_REDES_SOCIAIS-67-300x199.png 300w, https:\/\/www.brognoli.com.br\/blog\/wp-content\/uploads\/2019\/12\/Festival_JazzBebe_lote_4_REDES_SOCIAIS-67-1024x680.png 1024w, https:\/\/www.brognoli.com.br\/blog\/wp-content\/uploads\/2019\/12\/Festival_JazzBebe_lote_4_REDES_SOCIAIS-67-768x510.png 768w, https:\/\/www.brognoli.com.br\/blog\/wp-content\/uploads\/2019\/12\/Festival_JazzBebe_lote_4_REDES_SOCIAIS-67-1536x1020.png 1536w\" sizes=\"auto, (max-width: 456px) 100vw, 456px\" \/><\/p>\n<p>&nbsp;<\/p>\n<p><strong>Hoje \u00e9 Dia de Jazz Beb\u00ea foi realizado no \u00faltimo domingo na Eletrosul<\/strong><\/p>\n<p>O \u201cHoje \u00e9 Dia de Jazz Beb\u00ea\u201d, que seria realizado em outubro, foi transferido para dezembro e realizado no \u00faltimo domingo, dia 1. Aos moldes das outras edi\u00e7\u00f5es, o evento tamb\u00e9m contou com muita m\u00fasica, com o repert\u00f3rio que homenageou dois grandes acordeonistas brasileiros, Sivuca e Dominguinhos. Brincadeiras, conta\u00e7\u00e3o de hist\u00f3rias e outras atividades para crian\u00e7as e adultos tamb\u00e9m estavam na programa\u00e7\u00e3o.<\/p>\n<p><strong>Confira algumas fotos do evento:<\/strong><\/p>\n<p><strong><em>Cr\u00e9dito das fotos: Volo Filmes<\/em><\/strong><\/p>\n<p><img loading=\"lazy\" decoding=\"async\" class=\"aligncenter wp-image-1392076\" src=\"https:\/\/www.brognoli.com.br\/wp-content\/uploads\/2019\/12\/jazzbebe_01-12-2019_grupo_impressao_49159552221_o.jpg\" alt=\"\" width=\"466\" height=\"303\"><\/p>\n<p><img loading=\"lazy\" decoding=\"async\" class=\"aligncenter wp-image-1392077\" src=\"https:\/\/www.brognoli.com.br\/wp-content\/uploads\/2019\/12\/jazzbebe_01-12-2019_lote_2_impressao-8_49159058543_o.jpg\" alt=\"\" width=\"465\" height=\"310\"><\/p>\n<p><img loading=\"lazy\" decoding=\"async\" class=\"aligncenter wp-image-1392078\" src=\"https:\/\/www.brognoli.com.br\/wp-content\/uploads\/2019\/12\/jazzbebe_01-12-2019_lote_2_impressao-10_49159545521_o.jpg\" alt=\"\" width=\"464\" height=\"309\"><\/p>\n<p><img loading=\"lazy\" decoding=\"async\" class=\"aligncenter wp-image-1392079\" src=\"https:\/\/www.brognoli.com.br\/wp-content\/uploads\/2019\/12\/jazzbebe_01-12-2019_lote_3_impressao-3_49159771877_o.jpg\" alt=\"\" width=\"459\" height=\"306\"><\/p>\n<p><img loading=\"lazy\" decoding=\"async\" class=\"aligncenter wp-image-1392080\" src=\"https:\/\/www.brognoli.com.br\/wp-content\/uploads\/2019\/12\/jazzbebe_01-12-2019_lote_3_impressao-5_49159540406_o.jpg\" alt=\"\" width=\"456\" height=\"304\"><\/p>\n<p><img loading=\"lazy\" decoding=\"async\" class=\"aligncenter wp-image-1392081\" src=\"https:\/\/www.brognoli.com.br\/wp-content\/uploads\/2019\/12\/jazzbebe_01-12-2019_lote_3_impressao-7_49159538856_o.jpg\" alt=\"\" width=\"451\" height=\"338\"><\/p>\n<p><img loading=\"lazy\" decoding=\"async\" class=\"aligncenter wp-image-1392082\" src=\"https:\/\/www.brognoli.com.br\/wp-content\/uploads\/2019\/12\/jazzbebe_01-12-2019_lote_4_impressao-18_49159754967_o.jpg\" alt=\"\" width=\"453\" height=\"302\"><\/p>\n<p><img loading=\"lazy\" decoding=\"async\" class=\"aligncenter wp-image-1392083\" src=\"https:\/\/www.brognoli.com.br\/wp-content\/uploads\/2019\/12\/jazzbebe_01-12-2019_lote_4_impressao-21_49159034823_o.jpg\" alt=\"\" width=\"441\" height=\"294\"><\/p>\n<p><img loading=\"lazy\" decoding=\"async\" class=\"aligncenter wp-image-1392084\" src=\"https:\/\/www.brognoli.com.br\/wp-content\/uploads\/2019\/12\/jazzbebe_01-12-2019_lote_4_impressao-33_49159511396_o.jpg\" alt=\"\" width=\"441\" height=\"294\"><\/p>\n<p><img loading=\"lazy\" decoding=\"async\" class=\"aligncenter wp-image-1392085\" src=\"https:\/\/www.brognoli.com.br\/wp-content\/uploads\/2019\/12\/jazzbebe_01-12-2019_lote_4_impressao-46_49159730632_o.jpg\" alt=\"\" width=\"444\" height=\"296\"><\/p>\n<p><img loading=\"lazy\" decoding=\"async\" class=\"aligncenter wp-image-1392086\" src=\"https:\/\/www.brognoli.com.br\/wp-content\/uploads\/2019\/12\/jazzbebe_01-12-2019_lote_5_impressao-5_49159005658_o.jpg\" alt=\"\" width=\"443\" height=\"295\"> <img loading=\"lazy\" decoding=\"async\" class=\"aligncenter wp-image-1392087\" src=\"https:\/\/www.brognoli.com.br\/wp-content\/uploads\/2019\/12\/jazzbebe_01-12-2019_lote_5_impressao-11_49159001678_o.jpg\" alt=\"\" width=\"442\" height=\"294\"><\/p>\n<p><img loading=\"lazy\" decoding=\"async\" class=\"aligncenter wp-image-1392088\" src=\"https:\/\/www.brognoli.com.br\/wp-content\/uploads\/2019\/12\/jazzbebe_01-12-2019_lote_5_impressao-12_49159718037_o.jpg\" alt=\"\" width=\"440\" height=\"293\"><\/p>\n<p><img loading=\"lazy\" decoding=\"async\" class=\"aligncenter wp-image-1392089\" src=\"https:\/\/www.brognoli.com.br\/wp-content\/uploads\/2019\/12\/jazzbebe_01-12-2019_lote_5_impressao-41_49159463506_o.jpg\" alt=\"\" width=\"443\" height=\"295\"><\/p>\n<p><img loading=\"lazy\" decoding=\"async\" class=\"aligncenter wp-image-1392090\" src=\"https:\/\/www.brognoli.com.br\/wp-content\/uploads\/2019\/12\/jazzbebe_01-12-2019_lote_5_impressao-52_49159685872_o.jpg\" alt=\"\" width=\"446\" height=\"297\"><\/p>\n<p>&nbsp;<\/p>\n<p>O&nbsp;<strong>Hoje&nbsp;\u00e9&nbsp;Dia&nbsp;de&nbsp;Jazz&nbsp;Beb\u00ea!<\/strong>&nbsp;\u00e9&nbsp;realizado por meio da Lei Municipal de Incentivo \u00e0 Cultura \u2013 Prefeitura de Florian\u00f3polis e conta com parceiros que acreditam que a cultura&nbsp;\u00e9&nbsp;pe\u00e7a fundamental na vida das pessoas e da sociedade. O evento tem apoio cultural do Floripa Airport, Bistek Supermercados, Brognoli Neg\u00f3cios Imobili\u00e1rios, Eletrosul, Corporate Park, Jurer\u00ea Beach Village&nbsp;e do Il Campanario. Tem apoio da Parlenda e da Panorama Escola de Arte. A realiza\u00e7\u00e3o \u00e9 do Studio de Ideias.<\/p>\n<p>Queremos agradecer a todos que participaram conosco das edi\u00e7\u00f5es realizadas em 2019. Temos certeza que projetos como esse, refor\u00e7am o nosso objetivo de sermos&nbsp;Onlife, buscando estender o presencial ao estar presente em sua vida e adaptando nosso atendimento humanizado \u00e0s necessidades do seu momento, tanto no On, quanto no Off.<\/p>\n<p>Ser Onlife \u00e9&nbsp;estar presente trazendo as inova\u00e7\u00f5es ao firmar parceria com Startups e tamb\u00e9m marcar presen\u00e7a na comunidade: participando de eventos culturais como Jazz Beb\u00ea.<\/p>\n<p>At\u00e9 2020!<\/p>\n<p>&nbsp;<\/p>\n<p>&nbsp;<\/p>\n","protected":false},"excerpt":{"rendered":"<p>2019 est\u00e1 acabando, mas podemos dizer que foi um ano lindo, voltado \u00e0 m\u00fasica, cultura e, principalmente, \u00e0s crian\u00e7as&#8230; O projeto \u201cHoje \u00e9 Dia de Jazz Beb\u00ea\u2019\u2019 marcou o ano [&hellip;]<\/p>\n","protected":false},"author":7,"featured_media":2205626,"comment_status":"closed","ping_status":"closed","sticky":false,"template":"","format":"standard","meta":{"footnotes":""},"categories":[1],"tags":[],"class_list":["post-2205830","post","type-post","status-publish","format-standard","has-post-thumbnail","hentry","category-artigos"],"yoast_head":"<!-- This site is optimized with the Yoast SEO plugin v21.3 - https:\/\/yoast.com\/wordpress\/plugins\/seo\/ -->\n<title>Confira como foi o Festival Hoje \u00e9 Dia de Jazz Beb\u00ea no Parque da Luz e a edi\u00e7\u00e3o na Eletrosul - Brognoli<\/title>\n<meta name=\"robots\" content=\"index, follow, max-snippet:-1, max-image-preview:large, max-video-preview:-1\" \/>\n<link rel=\"canonical\" href=\"https:\/\/www.brognoli.com.br\/blog\/confira-como-foi-o-festival-hoje-e-dia-de-jazz-bebe-no-parque-da-luz-e-a-edicao-na-eletrosul\/\" \/>\n<meta property=\"og:locale\" content=\"pt_BR\" \/>\n<meta property=\"og:type\" content=\"article\" \/>\n<meta property=\"og:title\" content=\"Confira como foi o Festival Hoje \u00e9 Dia de Jazz Beb\u00ea no Parque da Luz e a edi\u00e7\u00e3o na Eletrosul - Brognoli\" \/>\n<meta property=\"og:description\" content=\"2019 est\u00e1 acabando, mas podemos dizer que foi um ano lindo, voltado \u00e0 m\u00fasica, cultura e, principalmente, \u00e0s crian\u00e7as&#8230; O projeto \u201cHoje \u00e9 Dia de Jazz Beb\u00ea\u2019\u2019 marcou o ano [&hellip;]\" \/>\n<meta property=\"og:url\" content=\"https:\/\/www.brognoli.com.br\/blog\/confira-como-foi-o-festival-hoje-e-dia-de-jazz-bebe-no-parque-da-luz-e-a-edicao-na-eletrosul\/\" \/>\n<meta property=\"og:site_name\" content=\"Brognoli\" \/>\n<meta property=\"article:published_time\" content=\"2019-12-05T20:47:05+00:00\" \/>\n<meta property=\"og:image\" content=\"https:\/\/www.brognoli.com.br\/blog\/wp-content\/uploads\/2022\/10\/Festival_JazzBebe_lote_4_REDES_SOCIAIS-67.png\" \/>\n\t<meta property=\"og:image:width\" content=\"2000\" \/>\n\t<meta property=\"og:image:height\" content=\"1328\" \/>\n\t<meta property=\"og:image:type\" content=\"image\/png\" \/>\n<meta name=\"author\" content=\"brognoli\" \/>\n<meta name=\"twitter:card\" content=\"summary_large_image\" \/>\n<meta name=\"twitter:label1\" content=\"Escrito por\" \/>\n\t<meta name=\"twitter:data1\" content=\"brognoli\" \/>\n\t<meta name=\"twitter:label2\" content=\"Est. tempo de leitura\" \/>\n\t<meta name=\"twitter:data2\" content=\"2 minutos\" \/>\n<script type=\"application\/ld+json\" class=\"yoast-schema-graph\">{\"@context\":\"https:\/\/schema.org\",\"@graph\":[{\"@type\":\"Article\",\"@id\":\"https:\/\/www.brognoli.com.br\/blog\/confira-como-foi-o-festival-hoje-e-dia-de-jazz-bebe-no-parque-da-luz-e-a-edicao-na-eletrosul\/#article\",\"isPartOf\":{\"@id\":\"https:\/\/www.brognoli.com.br\/blog\/confira-como-foi-o-festival-hoje-e-dia-de-jazz-bebe-no-parque-da-luz-e-a-edicao-na-eletrosul\/\"},\"author\":{\"name\":\"brognoli\",\"@id\":\"https:\/\/www.brognoli.com.br\/blog\/#\/schema\/person\/87771d6b68b99d9d9db50bfcf109f10c\"},\"headline\":\"Confira como foi o Festival Hoje \u00e9 Dia de Jazz Beb\u00ea no Parque da Luz e a edi\u00e7\u00e3o na Eletrosul\",\"datePublished\":\"2019-12-05T20:47:05+00:00\",\"dateModified\":\"2019-12-05T20:47:05+00:00\",\"mainEntityOfPage\":{\"@id\":\"https:\/\/www.brognoli.com.br\/blog\/confira-como-foi-o-festival-hoje-e-dia-de-jazz-bebe-no-parque-da-luz-e-a-edicao-na-eletrosul\/\"},\"wordCount\":515,\"publisher\":{\"@id\":\"https:\/\/www.brognoli.com.br\/blog\/#organization\"},\"articleSection\":[\"Artigos\"],\"inLanguage\":\"pt-BR\"},{\"@type\":\"WebPage\",\"@id\":\"https:\/\/www.brognoli.com.br\/blog\/confira-como-foi-o-festival-hoje-e-dia-de-jazz-bebe-no-parque-da-luz-e-a-edicao-na-eletrosul\/\",\"url\":\"https:\/\/www.brognoli.com.br\/blog\/confira-como-foi-o-festival-hoje-e-dia-de-jazz-bebe-no-parque-da-luz-e-a-edicao-na-eletrosul\/\",\"name\":\"Confira como foi o Festival Hoje \u00e9 Dia de Jazz Beb\u00ea no Parque da Luz e a edi\u00e7\u00e3o na Eletrosul - Brognoli\",\"isPartOf\":{\"@id\":\"https:\/\/www.brognoli.com.br\/blog\/#website\"},\"datePublished\":\"2019-12-05T20:47:05+00:00\",\"dateModified\":\"2019-12-05T20:47:05+00:00\",\"breadcrumb\":{\"@id\":\"https:\/\/www.brognoli.com.br\/blog\/confira-como-foi-o-festival-hoje-e-dia-de-jazz-bebe-no-parque-da-luz-e-a-edicao-na-eletrosul\/#breadcrumb\"},\"inLanguage\":\"pt-BR\",\"potentialAction\":[{\"@type\":\"ReadAction\",\"target\":[\"https:\/\/www.brognoli.com.br\/blog\/confira-como-foi-o-festival-hoje-e-dia-de-jazz-bebe-no-parque-da-luz-e-a-edicao-na-eletrosul\/\"]}]},{\"@type\":\"BreadcrumbList\",\"@id\":\"https:\/\/www.brognoli.com.br\/blog\/confira-como-foi-o-festival-hoje-e-dia-de-jazz-bebe-no-parque-da-luz-e-a-edicao-na-eletrosul\/#breadcrumb\",\"itemListElement\":[{\"@type\":\"ListItem\",\"position\":1,\"name\":\"In\u00edcio\",\"item\":\"https:\/\/www.brognoli.com.br\/blog\/\"},{\"@type\":\"ListItem\",\"position\":2,\"name\":\"Confira como foi o Festival Hoje \u00e9 Dia de Jazz Beb\u00ea no Parque da Luz e a edi\u00e7\u00e3o na Eletrosul\"}]},{\"@type\":\"WebSite\",\"@id\":\"https:\/\/www.brognoli.com.br\/blog\/#website\",\"url\":\"https:\/\/www.brognoli.com.br\/blog\/\",\"name\":\"Brognoli\",\"description\":\"Brognoli\",\"publisher\":{\"@id\":\"https:\/\/www.brognoli.com.br\/blog\/#organization\"},\"potentialAction\":[{\"@type\":\"SearchAction\",\"target\":{\"@type\":\"EntryPoint\",\"urlTemplate\":\"https:\/\/www.brognoli.com.br\/blog\/?s={search_term_string}\"},\"query-input\":\"required name=search_term_string\"}],\"inLanguage\":\"pt-BR\"},{\"@type\":\"Organization\",\"@id\":\"https:\/\/www.brognoli.com.br\/blog\/#organization\",\"name\":\"Brognoli\",\"url\":\"https:\/\/www.brognoli.com.br\/blog\/\",\"logo\":{\"@type\":\"ImageObject\",\"inLanguage\":\"pt-BR\",\"@id\":\"https:\/\/www.brognoli.com.br\/blog\/#\/schema\/logo\/image\/\",\"url\":\"https:\/\/www.brognoli.com.br\/blog\/wp-content\/uploads\/2024\/10\/cropped-cropped-BRO_LOGO_3@300x.png\",\"contentUrl\":\"https:\/\/www.brognoli.com.br\/blog\/wp-content\/uploads\/2024\/10\/cropped-cropped-BRO_LOGO_3@300x.png\",\"width\":1762,\"height\":605,\"caption\":\"Brognoli\"},\"image\":{\"@id\":\"https:\/\/www.brognoli.com.br\/blog\/#\/schema\/logo\/image\/\"}},{\"@type\":\"Person\",\"@id\":\"https:\/\/www.brognoli.com.br\/blog\/#\/schema\/person\/87771d6b68b99d9d9db50bfcf109f10c\",\"name\":\"brognoli\",\"image\":{\"@type\":\"ImageObject\",\"inLanguage\":\"pt-BR\",\"@id\":\"https:\/\/www.brognoli.com.br\/blog\/#\/schema\/person\/image\/\",\"url\":\"https:\/\/secure.gravatar.com\/avatar\/a7836fc1468501cb19a0ad1df34b5f85abe16dfce609e03bba719de31c58ea48?s=96&d=mm&r=g\",\"contentUrl\":\"https:\/\/secure.gravatar.com\/avatar\/a7836fc1468501cb19a0ad1df34b5f85abe16dfce609e03bba719de31c58ea48?s=96&d=mm&r=g\",\"caption\":\"brognoli\"},\"url\":\"https:\/\/www.brognoli.com.br\/blog\/author\/brognoli\/\"}]}<\/script>\n<!-- \/ Yoast SEO plugin. -->","yoast_head_json":{"title":"Confira como foi o Festival Hoje \u00e9 Dia de Jazz Beb\u00ea no Parque da Luz e a edi\u00e7\u00e3o na Eletrosul - Brognoli","robots":{"index":"index","follow":"follow","max-snippet":"max-snippet:-1","max-image-preview":"max-image-preview:large","max-video-preview":"max-video-preview:-1"},"canonical":"https:\/\/www.brognoli.com.br\/blog\/confira-como-foi-o-festival-hoje-e-dia-de-jazz-bebe-no-parque-da-luz-e-a-edicao-na-eletrosul\/","og_locale":"pt_BR","og_type":"article","og_title":"Confira como foi o Festival Hoje \u00e9 Dia de Jazz Beb\u00ea no Parque da Luz e a edi\u00e7\u00e3o na Eletrosul - Brognoli","og_description":"2019 est\u00e1 acabando, mas podemos dizer que foi um ano lindo, voltado \u00e0 m\u00fasica, cultura e, principalmente, \u00e0s crian\u00e7as&#8230; O projeto \u201cHoje \u00e9 Dia de Jazz Beb\u00ea\u2019\u2019 marcou o ano [&hellip;]","og_url":"https:\/\/www.brognoli.com.br\/blog\/confira-como-foi-o-festival-hoje-e-dia-de-jazz-bebe-no-parque-da-luz-e-a-edicao-na-eletrosul\/","og_site_name":"Brognoli","article_published_time":"2019-12-05T20:47:05+00:00","og_image":[{"width":2000,"height":1328,"url":"https:\/\/www.brognoli.com.br\/blog\/wp-content\/uploads\/2022\/10\/Festival_JazzBebe_lote_4_REDES_SOCIAIS-67.png","type":"image\/png"}],"author":"brognoli","twitter_card":"summary_large_image","twitter_misc":{"Escrito por":"brognoli","Est. tempo de leitura":"2 minutos"},"schema":{"@context":"https:\/\/schema.org","@graph":[{"@type":"Article","@id":"https:\/\/www.brognoli.com.br\/blog\/confira-como-foi-o-festival-hoje-e-dia-de-jazz-bebe-no-parque-da-luz-e-a-edicao-na-eletrosul\/#article","isPartOf":{"@id":"https:\/\/www.brognoli.com.br\/blog\/confira-como-foi-o-festival-hoje-e-dia-de-jazz-bebe-no-parque-da-luz-e-a-edicao-na-eletrosul\/"},"author":{"name":"brognoli","@id":"https:\/\/www.brognoli.com.br\/blog\/#\/schema\/person\/87771d6b68b99d9d9db50bfcf109f10c"},"headline":"Confira como foi o Festival Hoje \u00e9 Dia de Jazz Beb\u00ea no Parque da Luz e a edi\u00e7\u00e3o na Eletrosul","datePublished":"2019-12-05T20:47:05+00:00","dateModified":"2019-12-05T20:47:05+00:00","mainEntityOfPage":{"@id":"https:\/\/www.brognoli.com.br\/blog\/confira-como-foi-o-festival-hoje-e-dia-de-jazz-bebe-no-parque-da-luz-e-a-edicao-na-eletrosul\/"},"wordCount":515,"publisher":{"@id":"https:\/\/www.brognoli.com.br\/blog\/#organization"},"articleSection":["Artigos"],"inLanguage":"pt-BR"},{"@type":"WebPage","@id":"https:\/\/www.brognoli.com.br\/blog\/confira-como-foi-o-festival-hoje-e-dia-de-jazz-bebe-no-parque-da-luz-e-a-edicao-na-eletrosul\/","url":"https:\/\/www.brognoli.com.br\/blog\/confira-como-foi-o-festival-hoje-e-dia-de-jazz-bebe-no-parque-da-luz-e-a-edicao-na-eletrosul\/","name":"Confira como foi o Festival Hoje \u00e9 Dia de Jazz Beb\u00ea no Parque da Luz e a edi\u00e7\u00e3o na Eletrosul - Brognoli","isPartOf":{"@id":"https:\/\/www.brognoli.com.br\/blog\/#website"},"datePublished":"2019-12-05T20:47:05+00:00","dateModified":"2019-12-05T20:47:05+00:00","breadcrumb":{"@id":"https:\/\/www.brognoli.com.br\/blog\/confira-como-foi-o-festival-hoje-e-dia-de-jazz-bebe-no-parque-da-luz-e-a-edicao-na-eletrosul\/#breadcrumb"},"inLanguage":"pt-BR","potentialAction":[{"@type":"ReadAction","target":["https:\/\/www.brognoli.com.br\/blog\/confira-como-foi-o-festival-hoje-e-dia-de-jazz-bebe-no-parque-da-luz-e-a-edicao-na-eletrosul\/"]}]},{"@type":"BreadcrumbList","@id":"https:\/\/www.brognoli.com.br\/blog\/confira-como-foi-o-festival-hoje-e-dia-de-jazz-bebe-no-parque-da-luz-e-a-edicao-na-eletrosul\/#breadcrumb","itemListElement":[{"@type":"ListItem","position":1,"name":"In\u00edcio","item":"https:\/\/www.brognoli.com.br\/blog\/"},{"@type":"ListItem","position":2,"name":"Confira como foi o Festival Hoje \u00e9 Dia de Jazz Beb\u00ea no Parque da Luz e a edi\u00e7\u00e3o na Eletrosul"}]},{"@type":"WebSite","@id":"https:\/\/www.brognoli.com.br\/blog\/#website","url":"https:\/\/www.brognoli.com.br\/blog\/","name":"Brognoli","description":"Brognoli","publisher":{"@id":"https:\/\/www.brognoli.com.br\/blog\/#organization"},"potentialAction":[{"@type":"SearchAction","target":{"@type":"EntryPoint","urlTemplate":"https:\/\/www.brognoli.com.br\/blog\/?s={search_term_string}"},"query-input":"required name=search_term_string"}],"inLanguage":"pt-BR"},{"@type":"Organization","@id":"https:\/\/www.brognoli.com.br\/blog\/#organization","name":"Brognoli","url":"https:\/\/www.brognoli.com.br\/blog\/","logo":{"@type":"ImageObject","inLanguage":"pt-BR","@id":"https:\/\/www.brognoli.com.br\/blog\/#\/schema\/logo\/image\/","url":"https:\/\/www.brognoli.com.br\/blog\/wp-content\/uploads\/2024\/10\/cropped-cropped-BRO_LOGO_3@300x.png","contentUrl":"https:\/\/www.brognoli.com.br\/blog\/wp-content\/uploads\/2024\/10\/cropped-cropped-BRO_LOGO_3@300x.png","width":1762,"height":605,"caption":"Brognoli"},"image":{"@id":"https:\/\/www.brognoli.com.br\/blog\/#\/schema\/logo\/image\/"}},{"@type":"Person","@id":"https:\/\/www.brognoli.com.br\/blog\/#\/schema\/person\/87771d6b68b99d9d9db50bfcf109f10c","name":"brognoli","image":{"@type":"ImageObject","inLanguage":"pt-BR","@id":"https:\/\/www.brognoli.com.br\/blog\/#\/schema\/person\/image\/","url":"https:\/\/secure.gravatar.com\/avatar\/a7836fc1468501cb19a0ad1df34b5f85abe16dfce609e03bba719de31c58ea48?s=96&d=mm&r=g","contentUrl":"https:\/\/secure.gravatar.com\/avatar\/a7836fc1468501cb19a0ad1df34b5f85abe16dfce609e03bba719de31c58ea48?s=96&d=mm&r=g","caption":"brognoli"},"url":"https:\/\/www.brognoli.com.br\/blog\/author\/brognoli\/"}]}},"_links":{"self":[{"href":"https:\/\/www.brognoli.com.br\/blog\/wp-json\/wp\/v2\/posts\/2205830","targetHints":{"allow":["GET"]}}],"collection":[{"href":"https:\/\/www.brognoli.com.br\/blog\/wp-json\/wp\/v2\/posts"}],"about":[{"href":"https:\/\/www.brognoli.com.br\/blog\/wp-json\/wp\/v2\/types\/post"}],"author":[{"embeddable":true,"href":"https:\/\/www.brognoli.com.br\/blog\/wp-json\/wp\/v2\/users\/7"}],"replies":[{"embeddable":true,"href":"https:\/\/www.brognoli.com.br\/blog\/wp-json\/wp\/v2\/comments?post=2205830"}],"version-history":[{"count":0,"href":"https:\/\/www.brognoli.com.br\/blog\/wp-json\/wp\/v2\/posts\/2205830\/revisions"}],"wp:featuredmedia":[{"embeddable":true,"href":"https:\/\/www.brognoli.com.br\/blog\/wp-json\/wp\/v2\/media\/2205626"}],"wp:attachment":[{"href":"https:\/\/www.brognoli.com.br\/blog\/wp-json\/wp\/v2\/media?parent=2205830"}],"wp:term":[{"taxonomy":"category","embeddable":true,"href":"https:\/\/www.brognoli.com.br\/blog\/wp-json\/wp\/v2\/categories?post=2205830"},{"taxonomy":"post_tag","embeddable":true,"href":"https:\/\/www.brognoli.com.br\/blog\/wp-json\/wp\/v2\/tags?post=2205830"}],"curies":[{"name":"wp","href":"https:\/\/api.w.org\/{rel}","templated":true}]}}