{"id":2205881,"date":"2020-02-21T10:24:36","date_gmt":"2020-02-21T13:24:36","guid":{"rendered":"https:\/\/api-portal.brognoli.com.br\/dicas-e-decoracao-tendencia-de-cores-para-2020\/"},"modified":"2020-02-21T10:24:36","modified_gmt":"2020-02-21T13:24:36","slug":"dicas-e-decoracao-tendencia-de-cores-para-2020","status":"publish","type":"post","link":"https:\/\/www.brognoli.com.br\/blog\/dicas-e-decoracao-tendencia-de-cores-para-2020\/","title":{"rendered":"Dicas e decora\u00e7\u00e3o: qual a tend\u00eancia de cores para 2020?"},"content":{"rendered":"<p>Com a chegada de um novo ano vem tamb\u00e9m a vontade de renova\u00e7\u00e3o. A nossa casa geralmente \u00e9 o que mais desejamos mudar, seja fazendo uma grande reforma ou at\u00e9 mesmo pintando a parede de algum c\u00f4modo. Pensando nisso, separamos algumas dicas de tend\u00eancias de cores e decora\u00e7\u00e3o marcantes nesse ano de 2020.<\/p>\n<p>Na hora de escolher cores para decorar nossos ambientes, devemos ter em mente que elas s\u00e3o respons\u00e1veis por transmitir sentimentos como aconchego, felicidade, tranquilidade e relaxamento. Nesse ano, o cat\u00e1logo de cores busca trazer alegria e serenidade ao mesmo tempo em que tenta balancear a cacofonia de estresses da vida contempor\u00e2nea. Al\u00e9m do papel decorativo, elas tamb\u00e9m v\u00eam com o objetivo de transparecer valores sociais, principalmente a sustentabilidade que \u00e9 t\u00e3o discutida hoje.<\/p>\n<p>Como o ano de 2020 promete muitas evolu\u00e7\u00f5es tecnol\u00f3gicas (como por exemplo a primeira Olimp\u00edada com Intelig\u00eancia Artificial), a cor escolhida do ano foi a Neo Mint. Representando a tecnologia e a natureza, o tom verde e neutro tamb\u00e9m diz muito sobre a liberta\u00e7\u00e3o de g\u00eaneros e estere\u00f3tipos entre homens e mulheres j\u00e1 que \u00e9 um assunto muito presente nas discuss\u00f5es di\u00e1rias. Tamb\u00e9m fugindo das tonalidades mais frias, como as acinzentadas que estavam sendo bastante utilizadas, o Neo Mint traz uma sensa\u00e7\u00e3o de aconchego. Vale aplicar a cor em diferentes c\u00f4modos, pois por ser s\u00f3bria, combina com diversos estilos de decora\u00e7\u00e3o.<\/p>\n<p><img loading=\"lazy\" decoding=\"async\" class=\"aligncenter size-full wp-image-1480937\" src=\"https:\/\/www.brognoli.com.br\/wp-content\/uploads\/2020\/02\/Foto-interna.png\" alt=\"\" width=\"600\" height=\"450\" srcset=\"https:\/\/www.brognoli.com.br\/blog\/wp-content\/uploads\/2020\/02\/Foto-interna.png 600w, https:\/\/www.brognoli.com.br\/blog\/wp-content\/uploads\/2020\/02\/Foto-interna-300x225.png 300w\" sizes=\"auto, (max-width: 600px) 100vw, 600px\" \/><\/p>\n<p>Outra tend\u00eancia s\u00e3o os tons mais naturais e org\u00e2nicos que est\u00e3o diretamente ligados com a quest\u00e3o da sustentabilidade e a natureza em si. O azul naval se faz muito presente em decora\u00e7\u00f5es nesse ano, pois al\u00e9m de ter forte liga\u00e7\u00e3o com o elemento \u00e1gua tamb\u00e9m combina muito com os materiais de origem natural como pedras, bambu, folhas, flores e fibras naturais. Al\u00e9m disso, o tom traz um aspecto de sofistica\u00e7\u00e3o oferecendo glamour ao ambiente.<\/p>\n<p>Ainda se falando da quest\u00e3o ecol\u00f3gica, in\u00fameras fabricas de m\u00f3veis est\u00e3o se mostrando preocupados com essa quest\u00e3o e investindo em materiais sustent\u00e1veis. Pois cada vez se fala mais em consumo consciente e produto de qualidade que n\u00e3o causem impacto no meio ambiente.<\/p>\n<p>Outro grande estilo que est\u00e1 em evid\u00eancia \u00e9 o famoso tom sobre tom. Investir no monocrom\u00e1tico para decora\u00e7\u00e3o \u00e9 uma das maneiras mais f\u00e1ceis de repaginar um ambiente. O segredo para n\u00e3o errar \u00e9 usar tons com leves diferen\u00e7as e outra dica v\u00e1lida \u00e9 tamb\u00e9m misturar texturas diferentes para deixar o ambiente com maior personalidade.<\/p>\n<p>Por fim, criar um mix de estampas para decora\u00e7\u00e3o tamb\u00e9m faz parte das tend\u00eancias do ano. Compor um ambiente com linhas, formas geom\u00e9tricas e aplica\u00e7\u00e3o de padr\u00f5es assim\u00e9tricos \u00e9 algo essencial para o padr\u00e3o disruptivo. J\u00e1 que a proposta \u00e9 ser algo mais despojado, podemos abusar das flores e listras offset para fugir do \u00f3bvio e inovar soltando a criatividade. Embora muitas pessoas achem o padr\u00e3o exagerado, o uso de cores e m\u00f3veis corretos garantem um estilo bem moderno e sofisticado. Recomendamos uma mescla de cores escuras e claras em tons terrosos, para criar uma decora\u00e7\u00e3o altamente elegante.<\/p>\n<p>Gostou das nossas dicas? Ent\u00e3o continue acompanhando nossos posts para saber de novidades!<\/p>\n","protected":false},"excerpt":{"rendered":"<p>Com a chegada de um novo ano vem tamb\u00e9m a vontade de renova\u00e7\u00e3o. A nossa casa geralmente \u00e9 o que mais desejamos mudar, seja fazendo uma grande reforma ou at\u00e9 [&hellip;]<\/p>\n","protected":false},"author":7,"featured_media":2205882,"comment_status":"closed","ping_status":"closed","sticky":false,"template":"","format":"standard","meta":{"footnotes":""},"categories":[57],"tags":[206,28,30,41,207,55,23,45,46,25,52,32,33],"class_list":["post-2205881","post","type-post","status-publish","format-standard","has-post-thumbnail","hentry","category-dicas","tag-206","tag-alugar","tag-brognoli","tag-brognoli-imoveis","tag-cores","tag-decoracao","tag-dicas","tag-florianopolis","tag-floripa","tag-grande-florianopolis","tag-imobiliaria","tag-imoveis","tag-imovel"],"yoast_head":"<!-- This site is optimized with the Yoast SEO plugin v21.3 - https:\/\/yoast.com\/wordpress\/plugins\/seo\/ -->\n<title>Dicas e decora\u00e7\u00e3o: qual a tend\u00eancia de cores para 2020? - Brognoli<\/title>\n<meta name=\"robots\" content=\"index, follow, max-snippet:-1, max-image-preview:large, max-video-preview:-1\" \/>\n<link rel=\"canonical\" href=\"https:\/\/www.brognoli.com.br\/blog\/dicas-e-decoracao-tendencia-de-cores-para-2020\/\" \/>\n<meta property=\"og:locale\" content=\"pt_BR\" \/>\n<meta property=\"og:type\" content=\"article\" \/>\n<meta property=\"og:title\" content=\"Dicas e decora\u00e7\u00e3o: qual a tend\u00eancia de cores para 2020? - Brognoli\" \/>\n<meta property=\"og:description\" content=\"Com a chegada de um novo ano vem tamb\u00e9m a vontade de renova\u00e7\u00e3o. A nossa casa geralmente \u00e9 o que mais desejamos mudar, seja fazendo uma grande reforma ou at\u00e9 [&hellip;]\" \/>\n<meta property=\"og:url\" content=\"https:\/\/www.brognoli.com.br\/blog\/dicas-e-decoracao-tendencia-de-cores-para-2020\/\" \/>\n<meta property=\"og:site_name\" content=\"Brognoli\" \/>\n<meta property=\"article:published_time\" content=\"2020-02-21T13:24:36+00:00\" \/>\n<meta property=\"og:image\" content=\"https:\/\/www.brognoli.com.br\/blog\/wp-content\/uploads\/2022\/10\/Imagem-Miniatura-blog-2-1.png\" \/>\n\t<meta property=\"og:image:width\" content=\"994\" \/>\n\t<meta property=\"og:image:height\" content=\"666\" \/>\n\t<meta property=\"og:image:type\" content=\"image\/png\" \/>\n<meta name=\"author\" content=\"brognoli\" \/>\n<meta name=\"twitter:card\" content=\"summary_large_image\" \/>\n<meta name=\"twitter:label1\" content=\"Escrito por\" \/>\n\t<meta name=\"twitter:data1\" content=\"brognoli\" \/>\n\t<meta name=\"twitter:label2\" content=\"Est. tempo de leitura\" \/>\n\t<meta name=\"twitter:data2\" content=\"3 minutos\" \/>\n<script type=\"application\/ld+json\" class=\"yoast-schema-graph\">{\"@context\":\"https:\/\/schema.org\",\"@graph\":[{\"@type\":\"Article\",\"@id\":\"https:\/\/www.brognoli.com.br\/blog\/dicas-e-decoracao-tendencia-de-cores-para-2020\/#article\",\"isPartOf\":{\"@id\":\"https:\/\/www.brognoli.com.br\/blog\/dicas-e-decoracao-tendencia-de-cores-para-2020\/\"},\"author\":{\"name\":\"brognoli\",\"@id\":\"https:\/\/www.brognoli.com.br\/blog\/#\/schema\/person\/87771d6b68b99d9d9db50bfcf109f10c\"},\"headline\":\"Dicas e decora\u00e7\u00e3o: qual a tend\u00eancia de cores para 2020?\",\"datePublished\":\"2020-02-21T13:24:36+00:00\",\"dateModified\":\"2020-02-21T13:24:36+00:00\",\"mainEntityOfPage\":{\"@id\":\"https:\/\/www.brognoli.com.br\/blog\/dicas-e-decoracao-tendencia-de-cores-para-2020\/\"},\"wordCount\":576,\"publisher\":{\"@id\":\"https:\/\/www.brognoli.com.br\/blog\/#organization\"},\"keywords\":[\"2020\",\"Alugar\",\"Brognoli\",\"Brognoli Im\u00f3veis\",\"cores\",\"decora\u00e7\u00e3o\",\"dicas\",\"florian\u00f3polis\",\"floripa\",\"Grande Florian\u00f3polis\",\"imobili\u00e1ria\",\"im\u00f3veis\",\"im\u00f3vel\"],\"articleSection\":[\"Dicas\"],\"inLanguage\":\"pt-BR\"},{\"@type\":\"WebPage\",\"@id\":\"https:\/\/www.brognoli.com.br\/blog\/dicas-e-decoracao-tendencia-de-cores-para-2020\/\",\"url\":\"https:\/\/www.brognoli.com.br\/blog\/dicas-e-decoracao-tendencia-de-cores-para-2020\/\",\"name\":\"Dicas e decora\u00e7\u00e3o: qual a tend\u00eancia de cores para 2020? - Brognoli\",\"isPartOf\":{\"@id\":\"https:\/\/www.brognoli.com.br\/blog\/#website\"},\"datePublished\":\"2020-02-21T13:24:36+00:00\",\"dateModified\":\"2020-02-21T13:24:36+00:00\",\"breadcrumb\":{\"@id\":\"https:\/\/www.brognoli.com.br\/blog\/dicas-e-decoracao-tendencia-de-cores-para-2020\/#breadcrumb\"},\"inLanguage\":\"pt-BR\",\"potentialAction\":[{\"@type\":\"ReadAction\",\"target\":[\"https:\/\/www.brognoli.com.br\/blog\/dicas-e-decoracao-tendencia-de-cores-para-2020\/\"]}]},{\"@type\":\"BreadcrumbList\",\"@id\":\"https:\/\/www.brognoli.com.br\/blog\/dicas-e-decoracao-tendencia-de-cores-para-2020\/#breadcrumb\",\"itemListElement\":[{\"@type\":\"ListItem\",\"position\":1,\"name\":\"In\u00edcio\",\"item\":\"https:\/\/www.brognoli.com.br\/blog\/\"},{\"@type\":\"ListItem\",\"position\":2,\"name\":\"Dicas e decora\u00e7\u00e3o: qual a tend\u00eancia de cores para 2020?\"}]},{\"@type\":\"WebSite\",\"@id\":\"https:\/\/www.brognoli.com.br\/blog\/#website\",\"url\":\"https:\/\/www.brognoli.com.br\/blog\/\",\"name\":\"Brognoli\",\"description\":\"Brognoli\",\"publisher\":{\"@id\":\"https:\/\/www.brognoli.com.br\/blog\/#organization\"},\"potentialAction\":[{\"@type\":\"SearchAction\",\"target\":{\"@type\":\"EntryPoint\",\"urlTemplate\":\"https:\/\/www.brognoli.com.br\/blog\/?s={search_term_string}\"},\"query-input\":\"required name=search_term_string\"}],\"inLanguage\":\"pt-BR\"},{\"@type\":\"Organization\",\"@id\":\"https:\/\/www.brognoli.com.br\/blog\/#organization\",\"name\":\"Brognoli\",\"url\":\"https:\/\/www.brognoli.com.br\/blog\/\",\"logo\":{\"@type\":\"ImageObject\",\"inLanguage\":\"pt-BR\",\"@id\":\"https:\/\/www.brognoli.com.br\/blog\/#\/schema\/logo\/image\/\",\"url\":\"https:\/\/www.brognoli.com.br\/blog\/wp-content\/uploads\/2024\/10\/cropped-cropped-BRO_LOGO_3@300x.png\",\"contentUrl\":\"https:\/\/www.brognoli.com.br\/blog\/wp-content\/uploads\/2024\/10\/cropped-cropped-BRO_LOGO_3@300x.png\",\"width\":1762,\"height\":605,\"caption\":\"Brognoli\"},\"image\":{\"@id\":\"https:\/\/www.brognoli.com.br\/blog\/#\/schema\/logo\/image\/\"}},{\"@type\":\"Person\",\"@id\":\"https:\/\/www.brognoli.com.br\/blog\/#\/schema\/person\/87771d6b68b99d9d9db50bfcf109f10c\",\"name\":\"brognoli\",\"image\":{\"@type\":\"ImageObject\",\"inLanguage\":\"pt-BR\",\"@id\":\"https:\/\/www.brognoli.com.br\/blog\/#\/schema\/person\/image\/\",\"url\":\"https:\/\/secure.gravatar.com\/avatar\/a7836fc1468501cb19a0ad1df34b5f85abe16dfce609e03bba719de31c58ea48?s=96&d=mm&r=g\",\"contentUrl\":\"https:\/\/secure.gravatar.com\/avatar\/a7836fc1468501cb19a0ad1df34b5f85abe16dfce609e03bba719de31c58ea48?s=96&d=mm&r=g\",\"caption\":\"brognoli\"},\"url\":\"https:\/\/www.brognoli.com.br\/blog\/author\/brognoli\/\"}]}<\/script>\n<!-- \/ Yoast SEO plugin. -->","yoast_head_json":{"title":"Dicas e decora\u00e7\u00e3o: qual a tend\u00eancia de cores para 2020? - Brognoli","robots":{"index":"index","follow":"follow","max-snippet":"max-snippet:-1","max-image-preview":"max-image-preview:large","max-video-preview":"max-video-preview:-1"},"canonical":"https:\/\/www.brognoli.com.br\/blog\/dicas-e-decoracao-tendencia-de-cores-para-2020\/","og_locale":"pt_BR","og_type":"article","og_title":"Dicas e decora\u00e7\u00e3o: qual a tend\u00eancia de cores para 2020? - Brognoli","og_description":"Com a chegada de um novo ano vem tamb\u00e9m a vontade de renova\u00e7\u00e3o. A nossa casa geralmente \u00e9 o que mais desejamos mudar, seja fazendo uma grande reforma ou at\u00e9 [&hellip;]","og_url":"https:\/\/www.brognoli.com.br\/blog\/dicas-e-decoracao-tendencia-de-cores-para-2020\/","og_site_name":"Brognoli","article_published_time":"2020-02-21T13:24:36+00:00","og_image":[{"width":994,"height":666,"url":"https:\/\/www.brognoli.com.br\/blog\/wp-content\/uploads\/2022\/10\/Imagem-Miniatura-blog-2-1.png","type":"image\/png"}],"author":"brognoli","twitter_card":"summary_large_image","twitter_misc":{"Escrito por":"brognoli","Est. tempo de leitura":"3 minutos"},"schema":{"@context":"https:\/\/schema.org","@graph":[{"@type":"Article","@id":"https:\/\/www.brognoli.com.br\/blog\/dicas-e-decoracao-tendencia-de-cores-para-2020\/#article","isPartOf":{"@id":"https:\/\/www.brognoli.com.br\/blog\/dicas-e-decoracao-tendencia-de-cores-para-2020\/"},"author":{"name":"brognoli","@id":"https:\/\/www.brognoli.com.br\/blog\/#\/schema\/person\/87771d6b68b99d9d9db50bfcf109f10c"},"headline":"Dicas e decora\u00e7\u00e3o: qual a tend\u00eancia de cores para 2020?","datePublished":"2020-02-21T13:24:36+00:00","dateModified":"2020-02-21T13:24:36+00:00","mainEntityOfPage":{"@id":"https:\/\/www.brognoli.com.br\/blog\/dicas-e-decoracao-tendencia-de-cores-para-2020\/"},"wordCount":576,"publisher":{"@id":"https:\/\/www.brognoli.com.br\/blog\/#organization"},"keywords":["2020","Alugar","Brognoli","Brognoli Im\u00f3veis","cores","decora\u00e7\u00e3o","dicas","florian\u00f3polis","floripa","Grande Florian\u00f3polis","imobili\u00e1ria","im\u00f3veis","im\u00f3vel"],"articleSection":["Dicas"],"inLanguage":"pt-BR"},{"@type":"WebPage","@id":"https:\/\/www.brognoli.com.br\/blog\/dicas-e-decoracao-tendencia-de-cores-para-2020\/","url":"https:\/\/www.brognoli.com.br\/blog\/dicas-e-decoracao-tendencia-de-cores-para-2020\/","name":"Dicas e decora\u00e7\u00e3o: qual a tend\u00eancia de cores para 2020? - Brognoli","isPartOf":{"@id":"https:\/\/www.brognoli.com.br\/blog\/#website"},"datePublished":"2020-02-21T13:24:36+00:00","dateModified":"2020-02-21T13:24:36+00:00","breadcrumb":{"@id":"https:\/\/www.brognoli.com.br\/blog\/dicas-e-decoracao-tendencia-de-cores-para-2020\/#breadcrumb"},"inLanguage":"pt-BR","potentialAction":[{"@type":"ReadAction","target":["https:\/\/www.brognoli.com.br\/blog\/dicas-e-decoracao-tendencia-de-cores-para-2020\/"]}]},{"@type":"BreadcrumbList","@id":"https:\/\/www.brognoli.com.br\/blog\/dicas-e-decoracao-tendencia-de-cores-para-2020\/#breadcrumb","itemListElement":[{"@type":"ListItem","position":1,"name":"In\u00edcio","item":"https:\/\/www.brognoli.com.br\/blog\/"},{"@type":"ListItem","position":2,"name":"Dicas e decora\u00e7\u00e3o: qual a tend\u00eancia de cores para 2020?"}]},{"@type":"WebSite","@id":"https:\/\/www.brognoli.com.br\/blog\/#website","url":"https:\/\/www.brognoli.com.br\/blog\/","name":"Brognoli","description":"Brognoli","publisher":{"@id":"https:\/\/www.brognoli.com.br\/blog\/#organization"},"potentialAction":[{"@type":"SearchAction","target":{"@type":"EntryPoint","urlTemplate":"https:\/\/www.brognoli.com.br\/blog\/?s={search_term_string}"},"query-input":"required name=search_term_string"}],"inLanguage":"pt-BR"},{"@type":"Organization","@id":"https:\/\/www.brognoli.com.br\/blog\/#organization","name":"Brognoli","url":"https:\/\/www.brognoli.com.br\/blog\/","logo":{"@type":"ImageObject","inLanguage":"pt-BR","@id":"https:\/\/www.brognoli.com.br\/blog\/#\/schema\/logo\/image\/","url":"https:\/\/www.brognoli.com.br\/blog\/wp-content\/uploads\/2024\/10\/cropped-cropped-BRO_LOGO_3@300x.png","contentUrl":"https:\/\/www.brognoli.com.br\/blog\/wp-content\/uploads\/2024\/10\/cropped-cropped-BRO_LOGO_3@300x.png","width":1762,"height":605,"caption":"Brognoli"},"image":{"@id":"https:\/\/www.brognoli.com.br\/blog\/#\/schema\/logo\/image\/"}},{"@type":"Person","@id":"https:\/\/www.brognoli.com.br\/blog\/#\/schema\/person\/87771d6b68b99d9d9db50bfcf109f10c","name":"brognoli","image":{"@type":"ImageObject","inLanguage":"pt-BR","@id":"https:\/\/www.brognoli.com.br\/blog\/#\/schema\/person\/image\/","url":"https:\/\/secure.gravatar.com\/avatar\/a7836fc1468501cb19a0ad1df34b5f85abe16dfce609e03bba719de31c58ea48?s=96&d=mm&r=g","contentUrl":"https:\/\/secure.gravatar.com\/avatar\/a7836fc1468501cb19a0ad1df34b5f85abe16dfce609e03bba719de31c58ea48?s=96&d=mm&r=g","caption":"brognoli"},"url":"https:\/\/www.brognoli.com.br\/blog\/author\/brognoli\/"}]}},"_links":{"self":[{"href":"https:\/\/www.brognoli.com.br\/blog\/wp-json\/wp\/v2\/posts\/2205881","targetHints":{"allow":["GET"]}}],"collection":[{"href":"https:\/\/www.brognoli.com.br\/blog\/wp-json\/wp\/v2\/posts"}],"about":[{"href":"https:\/\/www.brognoli.com.br\/blog\/wp-json\/wp\/v2\/types\/post"}],"author":[{"embeddable":true,"href":"https:\/\/www.brognoli.com.br\/blog\/wp-json\/wp\/v2\/users\/7"}],"replies":[{"embeddable":true,"href":"https:\/\/www.brognoli.com.br\/blog\/wp-json\/wp\/v2\/comments?post=2205881"}],"version-history":[{"count":0,"href":"https:\/\/www.brognoli.com.br\/blog\/wp-json\/wp\/v2\/posts\/2205881\/revisions"}],"wp:featuredmedia":[{"embeddable":true,"href":"https:\/\/www.brognoli.com.br\/blog\/wp-json\/wp\/v2\/media\/2205882"}],"wp:attachment":[{"href":"https:\/\/www.brognoli.com.br\/blog\/wp-json\/wp\/v2\/media?parent=2205881"}],"wp:term":[{"taxonomy":"category","embeddable":true,"href":"https:\/\/www.brognoli.com.br\/blog\/wp-json\/wp\/v2\/categories?post=2205881"},{"taxonomy":"post_tag","embeddable":true,"href":"https:\/\/www.brognoli.com.br\/blog\/wp-json\/wp\/v2\/tags?post=2205881"}],"curies":[{"name":"wp","href":"https:\/\/api.w.org\/{rel}","templated":true}]}}