{"id":2205906,"date":"2020-05-18T17:11:28","date_gmt":"2020-05-18T20:11:28","guid":{"rendered":"https:\/\/api-portal.brognoli.com.br\/mes-do-trabalhador-brognoli-carencia-de-ate-6-meses-na-locacao\/"},"modified":"2020-05-18T17:11:28","modified_gmt":"2020-05-18T20:11:28","slug":"mes-do-trabalhador-brognoli-carencia-de-ate-6-meses-na-locacao","status":"publish","type":"post","link":"https:\/\/www.brognoli.com.br\/blog\/mes-do-trabalhador-brognoli-carencia-de-ate-6-meses-na-locacao\/","title":{"rendered":"M\u00eas do Trabalhador Brognoli: car\u00eancia de at\u00e9 6 meses na loca\u00e7\u00e3o"},"content":{"rendered":"<p><a href=\"https:\/\/www.brognoli.com.br\/semana-do-trabalhador\/?campaignsort=all\" target=\"_blank\" rel=\"noopener\"><img loading=\"lazy\" decoding=\"async\" class=\"aligncenter wp-image-1578579 size-medium\" src=\"https:\/\/www.brognoli.com.br\/wp-content\/uploads\/2020\/05\/Interna-Blog-700x135.png\" alt=\"\" width=\"700\" height=\"135\" \/><\/a><\/p>\n<p>Para comemorar o m\u00eas do trabalhador, trabalhamos muito nesta promo\u00e7\u00e3o! Selecionamos excelentes im\u00f3veis, negociamos com os propriet\u00e1rios e conseguimos car\u00eancias de 1, 2, 3 e at\u00e9 6 meses de aluguel! Al\u00e9m disso, sabemos do momento econ\u00f4mico e de sa\u00fade delicado que estamos passando, devido \u00e0 Covid-19, por isso a Brognoli Florian\u00f3polis preparou esta promo\u00e7\u00e3o com muito carinho, pensando em voc\u00ea e no seu prop\u00f3sito!<\/p>\n<p><strong>Mas como funciona a promo\u00e7\u00e3o?<\/strong><br \/>\nSelecionamos diversos im\u00f3veis para voc\u00ea escolher no site. L\u00e1 voc\u00ea pode ver o selo indicando o per\u00edodo de car\u00eancia de cada um.<br \/>\n\u2192 Acesse <strong><a href=\"https:\/\/www.brognoli.com.br\/semana-do-trabalhador\/?campaignsort=all\" target=\"_blank\" rel=\"noopener\">AQUI<\/a><\/strong>\u00a0e confira!<\/p>\n<p>S\u00e3o im\u00f3veis de v\u00e1rias regi\u00f5es da grande Florian\u00f3polis, residenciais e comerciais. Pensou aluguel Florian\u00f3polis, aluguel casa Florian\u00f3polis, aluguel apartamento Florian\u00f3polis? Essa promo\u00e7\u00e3o \u00e9 para voc\u00ea!<\/p>\n<p><strong>Como agendar a visita ao im\u00f3vel?<\/strong><\/p>\n<ul>\n<li>Voc\u00ea pode fazer na pr\u00f3pria p\u00e1gina do im\u00f3vel (no site) atrav\u00e9s do bot\u00e3o \u201cAgendar Visita\u201d. \u00c9 muito simples, r\u00e1pido e voc\u00ea pode escolher a melhor data e hora para sua visita!<\/li>\n<li>Voc\u00ea tamb\u00e9m pode optar pela visita virtual por chamada de v\u00eddeo. \u00c9 uma modalidade inovadora da Brognoli Florian\u00f3polis. Agende pelo chat ou Whats!<br \/>\n\u2192 WhatsApp: (48) 3029.5000\u2800\u2800\u2800\u2800<br \/>\n\u2192 Chat no <a href=\"https:\/\/www.brognoli.com.br\/\">www.brognoli.com.br<\/a> &#8211; i\u0301cone &#8220;bala\u0303ozinho&#8221; (canto inferior direito)<\/li>\n<\/ul>\n<p><strong>E como alugar o im\u00f3vel?<\/strong><\/p>\n<ul>\n<li>Voc\u00ea pode realizar todo o processo de loca\u00e7\u00e3o pelo WhatsApp, \u00e9 muito f\u00e1cil!\u00a0Mande um WhatsApp para (48) 3029.5000<\/li>\n<li>Se preferir, estamos atendendo nas ag\u00eancias do Kobrasol e Trindade, tomando todas as medidas de seguran\u00e7a e preven\u00e7\u00e3o \u00e0 Covid-19.<\/li>\n<\/ul>\n<p>Alugue seu im\u00f3vel com at\u00e9 180 dias sem precisar pagar o aluguel!<br \/>\nMas lembre-se: a promo\u00e7\u00e3o vai somente at\u00e9 o final de maio. Ent\u00e3o aproveite! Esse \u00e9 o momento certo para voc\u00ea encontrar o seu lar ideal!<\/p>\n<p>Se gostou, compartilhe esse artigo com seus amigos nas redes sociais!<\/p>\n","protected":false},"excerpt":{"rendered":"<p>Para comemorar o m\u00eas do trabalhador, trabalhamos muito nesta promo\u00e7\u00e3o! Selecionamos excelentes im\u00f3veis, negociamos com os propriet\u00e1rios e conseguimos car\u00eancias de 1, 2, 3 e at\u00e9 6 meses de aluguel! [&hellip;]<\/p>\n","protected":false},"author":7,"featured_media":2205907,"comment_status":"closed","ping_status":"closed","sticky":false,"template":"","format":"standard","meta":{"footnotes":""},"categories":[22],"tags":[28,151,29,30,41,94,116,45,46,25,52,32,33],"class_list":["post-2205906","post","type-post","status-publish","format-standard","has-post-thumbnail","hentry","category-destaque","tag-alugar","tag-aluguel","tag-apartamento","tag-brognoli","tag-brognoli-imoveis","tag-brognoli-negocios-imobiliarios","tag-casa","tag-florianopolis","tag-floripa","tag-grande-florianopolis","tag-imobiliaria","tag-imoveis","tag-imovel"],"yoast_head":"<!-- This site is optimized with the Yoast SEO plugin v21.3 - https:\/\/yoast.com\/wordpress\/plugins\/seo\/ -->\n<title>M\u00eas do Trabalhador Brognoli: car\u00eancia de at\u00e9 6 meses na loca\u00e7\u00e3o - Brognoli<\/title>\n<meta name=\"robots\" content=\"index, follow, max-snippet:-1, max-image-preview:large, max-video-preview:-1\" \/>\n<link rel=\"canonical\" href=\"https:\/\/www.brognoli.com.br\/blog\/mes-do-trabalhador-brognoli-carencia-de-ate-6-meses-na-locacao\/\" \/>\n<meta property=\"og:locale\" content=\"pt_BR\" \/>\n<meta property=\"og:type\" content=\"article\" \/>\n<meta property=\"og:title\" content=\"M\u00eas do Trabalhador Brognoli: car\u00eancia de at\u00e9 6 meses na loca\u00e7\u00e3o - Brognoli\" \/>\n<meta property=\"og:description\" content=\"Para comemorar o m\u00eas do trabalhador, trabalhamos muito nesta promo\u00e7\u00e3o! Selecionamos excelentes im\u00f3veis, negociamos com os propriet\u00e1rios e conseguimos car\u00eancias de 1, 2, 3 e at\u00e9 6 meses de aluguel! [&hellip;]\" \/>\n<meta property=\"og:url\" content=\"https:\/\/www.brognoli.com.br\/blog\/mes-do-trabalhador-brognoli-carencia-de-ate-6-meses-na-locacao\/\" \/>\n<meta property=\"og:site_name\" content=\"Brognoli\" \/>\n<meta property=\"article:published_time\" content=\"2020-05-18T20:11:28+00:00\" \/>\n<meta property=\"og:image\" content=\"https:\/\/www.brognoli.com.br\/blog\/wp-content\/uploads\/2022\/10\/Imagem-Miniatura-blog_993x666px_Maio.20_1.png\" \/>\n\t<meta property=\"og:image:width\" content=\"994\" \/>\n\t<meta property=\"og:image:height\" content=\"666\" \/>\n\t<meta property=\"og:image:type\" content=\"image\/png\" \/>\n<meta name=\"author\" content=\"brognoli\" \/>\n<meta name=\"twitter:card\" content=\"summary_large_image\" \/>\n<meta name=\"twitter:label1\" content=\"Escrito por\" \/>\n\t<meta name=\"twitter:data1\" content=\"brognoli\" \/>\n\t<meta name=\"twitter:label2\" content=\"Est. tempo de leitura\" \/>\n\t<meta name=\"twitter:data2\" content=\"2 minutos\" \/>\n<script type=\"application\/ld+json\" class=\"yoast-schema-graph\">{\"@context\":\"https:\/\/schema.org\",\"@graph\":[{\"@type\":\"Article\",\"@id\":\"https:\/\/www.brognoli.com.br\/blog\/mes-do-trabalhador-brognoli-carencia-de-ate-6-meses-na-locacao\/#article\",\"isPartOf\":{\"@id\":\"https:\/\/www.brognoli.com.br\/blog\/mes-do-trabalhador-brognoli-carencia-de-ate-6-meses-na-locacao\/\"},\"author\":{\"name\":\"brognoli\",\"@id\":\"https:\/\/www.brognoli.com.br\/blog\/#\/schema\/person\/87771d6b68b99d9d9db50bfcf109f10c\"},\"headline\":\"M\u00eas do Trabalhador Brognoli: car\u00eancia de at\u00e9 6 meses na loca\u00e7\u00e3o\",\"datePublished\":\"2020-05-18T20:11:28+00:00\",\"dateModified\":\"2020-05-18T20:11:28+00:00\",\"mainEntityOfPage\":{\"@id\":\"https:\/\/www.brognoli.com.br\/blog\/mes-do-trabalhador-brognoli-carencia-de-ate-6-meses-na-locacao\/\"},\"wordCount\":329,\"publisher\":{\"@id\":\"https:\/\/www.brognoli.com.br\/blog\/#organization\"},\"keywords\":[\"Alugar\",\"Aluguel\",\"apartamento\",\"Brognoli\",\"Brognoli Im\u00f3veis\",\"Brognoli Neg\u00f3cios Imobili\u00e1rios\",\"casa\",\"florian\u00f3polis\",\"floripa\",\"Grande Florian\u00f3polis\",\"imobili\u00e1ria\",\"im\u00f3veis\",\"im\u00f3vel\"],\"articleSection\":[\"Destaque\"],\"inLanguage\":\"pt-BR\"},{\"@type\":\"WebPage\",\"@id\":\"https:\/\/www.brognoli.com.br\/blog\/mes-do-trabalhador-brognoli-carencia-de-ate-6-meses-na-locacao\/\",\"url\":\"https:\/\/www.brognoli.com.br\/blog\/mes-do-trabalhador-brognoli-carencia-de-ate-6-meses-na-locacao\/\",\"name\":\"M\u00eas do Trabalhador Brognoli: car\u00eancia de at\u00e9 6 meses na loca\u00e7\u00e3o - Brognoli\",\"isPartOf\":{\"@id\":\"https:\/\/www.brognoli.com.br\/blog\/#website\"},\"datePublished\":\"2020-05-18T20:11:28+00:00\",\"dateModified\":\"2020-05-18T20:11:28+00:00\",\"breadcrumb\":{\"@id\":\"https:\/\/www.brognoli.com.br\/blog\/mes-do-trabalhador-brognoli-carencia-de-ate-6-meses-na-locacao\/#breadcrumb\"},\"inLanguage\":\"pt-BR\",\"potentialAction\":[{\"@type\":\"ReadAction\",\"target\":[\"https:\/\/www.brognoli.com.br\/blog\/mes-do-trabalhador-brognoli-carencia-de-ate-6-meses-na-locacao\/\"]}]},{\"@type\":\"BreadcrumbList\",\"@id\":\"https:\/\/www.brognoli.com.br\/blog\/mes-do-trabalhador-brognoli-carencia-de-ate-6-meses-na-locacao\/#breadcrumb\",\"itemListElement\":[{\"@type\":\"ListItem\",\"position\":1,\"name\":\"In\u00edcio\",\"item\":\"https:\/\/www.brognoli.com.br\/blog\/\"},{\"@type\":\"ListItem\",\"position\":2,\"name\":\"M\u00eas do Trabalhador Brognoli: car\u00eancia de at\u00e9 6 meses na loca\u00e7\u00e3o\"}]},{\"@type\":\"WebSite\",\"@id\":\"https:\/\/www.brognoli.com.br\/blog\/#website\",\"url\":\"https:\/\/www.brognoli.com.br\/blog\/\",\"name\":\"Brognoli\",\"description\":\"Brognoli\",\"publisher\":{\"@id\":\"https:\/\/www.brognoli.com.br\/blog\/#organization\"},\"potentialAction\":[{\"@type\":\"SearchAction\",\"target\":{\"@type\":\"EntryPoint\",\"urlTemplate\":\"https:\/\/www.brognoli.com.br\/blog\/?s={search_term_string}\"},\"query-input\":\"required name=search_term_string\"}],\"inLanguage\":\"pt-BR\"},{\"@type\":\"Organization\",\"@id\":\"https:\/\/www.brognoli.com.br\/blog\/#organization\",\"name\":\"Brognoli\",\"url\":\"https:\/\/www.brognoli.com.br\/blog\/\",\"logo\":{\"@type\":\"ImageObject\",\"inLanguage\":\"pt-BR\",\"@id\":\"https:\/\/www.brognoli.com.br\/blog\/#\/schema\/logo\/image\/\",\"url\":\"https:\/\/www.brognoli.com.br\/blog\/wp-content\/uploads\/2024\/10\/cropped-cropped-BRO_LOGO_3@300x.png\",\"contentUrl\":\"https:\/\/www.brognoli.com.br\/blog\/wp-content\/uploads\/2024\/10\/cropped-cropped-BRO_LOGO_3@300x.png\",\"width\":1762,\"height\":605,\"caption\":\"Brognoli\"},\"image\":{\"@id\":\"https:\/\/www.brognoli.com.br\/blog\/#\/schema\/logo\/image\/\"}},{\"@type\":\"Person\",\"@id\":\"https:\/\/www.brognoli.com.br\/blog\/#\/schema\/person\/87771d6b68b99d9d9db50bfcf109f10c\",\"name\":\"brognoli\",\"image\":{\"@type\":\"ImageObject\",\"inLanguage\":\"pt-BR\",\"@id\":\"https:\/\/www.brognoli.com.br\/blog\/#\/schema\/person\/image\/\",\"url\":\"https:\/\/secure.gravatar.com\/avatar\/a7836fc1468501cb19a0ad1df34b5f85abe16dfce609e03bba719de31c58ea48?s=96&d=mm&r=g\",\"contentUrl\":\"https:\/\/secure.gravatar.com\/avatar\/a7836fc1468501cb19a0ad1df34b5f85abe16dfce609e03bba719de31c58ea48?s=96&d=mm&r=g\",\"caption\":\"brognoli\"},\"url\":\"https:\/\/www.brognoli.com.br\/blog\/author\/brognoli\/\"}]}<\/script>\n<!-- \/ Yoast SEO plugin. -->","yoast_head_json":{"title":"M\u00eas do Trabalhador Brognoli: car\u00eancia de at\u00e9 6 meses na loca\u00e7\u00e3o - Brognoli","robots":{"index":"index","follow":"follow","max-snippet":"max-snippet:-1","max-image-preview":"max-image-preview:large","max-video-preview":"max-video-preview:-1"},"canonical":"https:\/\/www.brognoli.com.br\/blog\/mes-do-trabalhador-brognoli-carencia-de-ate-6-meses-na-locacao\/","og_locale":"pt_BR","og_type":"article","og_title":"M\u00eas do Trabalhador Brognoli: car\u00eancia de at\u00e9 6 meses na loca\u00e7\u00e3o - Brognoli","og_description":"Para comemorar o m\u00eas do trabalhador, trabalhamos muito nesta promo\u00e7\u00e3o! Selecionamos excelentes im\u00f3veis, negociamos com os propriet\u00e1rios e conseguimos car\u00eancias de 1, 2, 3 e at\u00e9 6 meses de aluguel! [&hellip;]","og_url":"https:\/\/www.brognoli.com.br\/blog\/mes-do-trabalhador-brognoli-carencia-de-ate-6-meses-na-locacao\/","og_site_name":"Brognoli","article_published_time":"2020-05-18T20:11:28+00:00","og_image":[{"width":994,"height":666,"url":"https:\/\/www.brognoli.com.br\/blog\/wp-content\/uploads\/2022\/10\/Imagem-Miniatura-blog_993x666px_Maio.20_1.png","type":"image\/png"}],"author":"brognoli","twitter_card":"summary_large_image","twitter_misc":{"Escrito por":"brognoli","Est. tempo de leitura":"2 minutos"},"schema":{"@context":"https:\/\/schema.org","@graph":[{"@type":"Article","@id":"https:\/\/www.brognoli.com.br\/blog\/mes-do-trabalhador-brognoli-carencia-de-ate-6-meses-na-locacao\/#article","isPartOf":{"@id":"https:\/\/www.brognoli.com.br\/blog\/mes-do-trabalhador-brognoli-carencia-de-ate-6-meses-na-locacao\/"},"author":{"name":"brognoli","@id":"https:\/\/www.brognoli.com.br\/blog\/#\/schema\/person\/87771d6b68b99d9d9db50bfcf109f10c"},"headline":"M\u00eas do Trabalhador Brognoli: car\u00eancia de at\u00e9 6 meses na loca\u00e7\u00e3o","datePublished":"2020-05-18T20:11:28+00:00","dateModified":"2020-05-18T20:11:28+00:00","mainEntityOfPage":{"@id":"https:\/\/www.brognoli.com.br\/blog\/mes-do-trabalhador-brognoli-carencia-de-ate-6-meses-na-locacao\/"},"wordCount":329,"publisher":{"@id":"https:\/\/www.brognoli.com.br\/blog\/#organization"},"keywords":["Alugar","Aluguel","apartamento","Brognoli","Brognoli Im\u00f3veis","Brognoli Neg\u00f3cios Imobili\u00e1rios","casa","florian\u00f3polis","floripa","Grande Florian\u00f3polis","imobili\u00e1ria","im\u00f3veis","im\u00f3vel"],"articleSection":["Destaque"],"inLanguage":"pt-BR"},{"@type":"WebPage","@id":"https:\/\/www.brognoli.com.br\/blog\/mes-do-trabalhador-brognoli-carencia-de-ate-6-meses-na-locacao\/","url":"https:\/\/www.brognoli.com.br\/blog\/mes-do-trabalhador-brognoli-carencia-de-ate-6-meses-na-locacao\/","name":"M\u00eas do Trabalhador Brognoli: car\u00eancia de at\u00e9 6 meses na loca\u00e7\u00e3o - Brognoli","isPartOf":{"@id":"https:\/\/www.brognoli.com.br\/blog\/#website"},"datePublished":"2020-05-18T20:11:28+00:00","dateModified":"2020-05-18T20:11:28+00:00","breadcrumb":{"@id":"https:\/\/www.brognoli.com.br\/blog\/mes-do-trabalhador-brognoli-carencia-de-ate-6-meses-na-locacao\/#breadcrumb"},"inLanguage":"pt-BR","potentialAction":[{"@type":"ReadAction","target":["https:\/\/www.brognoli.com.br\/blog\/mes-do-trabalhador-brognoli-carencia-de-ate-6-meses-na-locacao\/"]}]},{"@type":"BreadcrumbList","@id":"https:\/\/www.brognoli.com.br\/blog\/mes-do-trabalhador-brognoli-carencia-de-ate-6-meses-na-locacao\/#breadcrumb","itemListElement":[{"@type":"ListItem","position":1,"name":"In\u00edcio","item":"https:\/\/www.brognoli.com.br\/blog\/"},{"@type":"ListItem","position":2,"name":"M\u00eas do Trabalhador Brognoli: car\u00eancia de at\u00e9 6 meses na loca\u00e7\u00e3o"}]},{"@type":"WebSite","@id":"https:\/\/www.brognoli.com.br\/blog\/#website","url":"https:\/\/www.brognoli.com.br\/blog\/","name":"Brognoli","description":"Brognoli","publisher":{"@id":"https:\/\/www.brognoli.com.br\/blog\/#organization"},"potentialAction":[{"@type":"SearchAction","target":{"@type":"EntryPoint","urlTemplate":"https:\/\/www.brognoli.com.br\/blog\/?s={search_term_string}"},"query-input":"required name=search_term_string"}],"inLanguage":"pt-BR"},{"@type":"Organization","@id":"https:\/\/www.brognoli.com.br\/blog\/#organization","name":"Brognoli","url":"https:\/\/www.brognoli.com.br\/blog\/","logo":{"@type":"ImageObject","inLanguage":"pt-BR","@id":"https:\/\/www.brognoli.com.br\/blog\/#\/schema\/logo\/image\/","url":"https:\/\/www.brognoli.com.br\/blog\/wp-content\/uploads\/2024\/10\/cropped-cropped-BRO_LOGO_3@300x.png","contentUrl":"https:\/\/www.brognoli.com.br\/blog\/wp-content\/uploads\/2024\/10\/cropped-cropped-BRO_LOGO_3@300x.png","width":1762,"height":605,"caption":"Brognoli"},"image":{"@id":"https:\/\/www.brognoli.com.br\/blog\/#\/schema\/logo\/image\/"}},{"@type":"Person","@id":"https:\/\/www.brognoli.com.br\/blog\/#\/schema\/person\/87771d6b68b99d9d9db50bfcf109f10c","name":"brognoli","image":{"@type":"ImageObject","inLanguage":"pt-BR","@id":"https:\/\/www.brognoli.com.br\/blog\/#\/schema\/person\/image\/","url":"https:\/\/secure.gravatar.com\/avatar\/a7836fc1468501cb19a0ad1df34b5f85abe16dfce609e03bba719de31c58ea48?s=96&d=mm&r=g","contentUrl":"https:\/\/secure.gravatar.com\/avatar\/a7836fc1468501cb19a0ad1df34b5f85abe16dfce609e03bba719de31c58ea48?s=96&d=mm&r=g","caption":"brognoli"},"url":"https:\/\/www.brognoli.com.br\/blog\/author\/brognoli\/"}]}},"_links":{"self":[{"href":"https:\/\/www.brognoli.com.br\/blog\/wp-json\/wp\/v2\/posts\/2205906","targetHints":{"allow":["GET"]}}],"collection":[{"href":"https:\/\/www.brognoli.com.br\/blog\/wp-json\/wp\/v2\/posts"}],"about":[{"href":"https:\/\/www.brognoli.com.br\/blog\/wp-json\/wp\/v2\/types\/post"}],"author":[{"embeddable":true,"href":"https:\/\/www.brognoli.com.br\/blog\/wp-json\/wp\/v2\/users\/7"}],"replies":[{"embeddable":true,"href":"https:\/\/www.brognoli.com.br\/blog\/wp-json\/wp\/v2\/comments?post=2205906"}],"version-history":[{"count":0,"href":"https:\/\/www.brognoli.com.br\/blog\/wp-json\/wp\/v2\/posts\/2205906\/revisions"}],"wp:featuredmedia":[{"embeddable":true,"href":"https:\/\/www.brognoli.com.br\/blog\/wp-json\/wp\/v2\/media\/2205907"}],"wp:attachment":[{"href":"https:\/\/www.brognoli.com.br\/blog\/wp-json\/wp\/v2\/media?parent=2205906"}],"wp:term":[{"taxonomy":"category","embeddable":true,"href":"https:\/\/www.brognoli.com.br\/blog\/wp-json\/wp\/v2\/categories?post=2205906"},{"taxonomy":"post_tag","embeddable":true,"href":"https:\/\/www.brognoli.com.br\/blog\/wp-json\/wp\/v2\/tags?post=2205906"}],"curies":[{"name":"wp","href":"https:\/\/api.w.org\/{rel}","templated":true}]}}