{"id":2205923,"date":"2020-07-09T15:02:15","date_gmt":"2020-07-09T18:02:15","guid":{"rendered":"https:\/\/api-portal.brognoli.com.br\/efeito-coronavirus-baixa-do-turismo-afeta-aluguel-de-curta-duracao\/"},"modified":"2020-07-09T15:02:15","modified_gmt":"2020-07-09T18:02:15","slug":"efeito-coronavirus-baixa-do-turismo-afeta-aluguel-de-curta-duracao","status":"publish","type":"post","link":"https:\/\/www.brognoli.com.br\/blog\/efeito-coronavirus-baixa-do-turismo-afeta-aluguel-de-curta-duracao\/","title":{"rendered":"Efeito coronav\u00edrus: baixa do turismo afeta aluguel de curta dura\u00e7\u00e3o"},"content":{"rendered":"\n<p>O aluguel de curta dura\u00e7\u00e3o, tamb\u00e9m conhecido como Shortstay, \u00e9 uma modalidade comum no mercado residencial e ganhou notoriedade nos \u00faltimos anos, impulsionada por plataformas como o Airbnb. Por\u00e9m, com a queda do turismo em Santa Catarina, Brasil e no mundo, ocasionada principalmente pela pandemia do coronav\u00edrus (Covid-19), o aluguel de curta dura\u00e7\u00e3o vem sendo afetado. <\/p>\n\n\n\n<p>Para se ter uma ideia, o turismo \u00e9 respons\u00e1vel por 8,1% do PIB do Brasil e o setor j\u00e1 perdeu R$ 62 bilh\u00f5es desde 11 de mar\u00e7o desse ano, conforme mat\u00e9ria que voc\u00ea confere <a href=\"https:\/\/www1.folha.uol.com.br\/mercado\/2020\/05\/turismo-acumula-perdas-pelo-pais-durante-pandemia-de-coronavirus.shtml\">aqui<\/a>. <\/p>\n\n\n\n<p>Em SC a situa\u00e7\u00e3o n\u00e3o \u00e9 diferente e o setor \u00e9 respons\u00e1vel por 12,5% do PIB catarinense. Ou seja, com menos pessoas viajando, seja a passeio, f\u00e9rias ou \u201cturismo de neg\u00f3cios\u201d, mais dif\u00edcil alugar o im\u00f3vel por um curto per\u00edodo.<\/p>\n\n\n\n<p>Mas se voc\u00ea \u00e9 propriet\u00e1rio de im\u00f3vel e estava apostando nessa modalidade para ganhar dinheiro, o que fazer ent\u00e3o? <\/p>\n\n\n\n<p>Temos uma excelente alternativa: traga seu im\u00f3vel para a Brognoli Florian\u00f3polis! <\/p>\n\n\n\n<p>Aqui voc\u00ea aluga por 1 ano e tem 1 ano de tranquilidade! Imagine, \u00e9 aluguel todo m\u00eas caindo no seu bolso sem a preocupa\u00e7\u00e3o com o mercado do turismo. Aluguel casa Florian\u00f3polis, aluguel apartamento Florian\u00f3polis, aluguel im\u00f3vel Florian\u00f3polis. Voc\u00ea pode alugar na ilha, ganhar dinheiro e contar com os 65 anos da Brognoli Imobili\u00e1ria Florian\u00f3polis.<\/p>\n\n\n\n<p>Al\u00e9m disso temos diversos outros motivos para voc\u00ea trazer seu im\u00f3vel para a Brognoli Floripa. Confira!<\/p>\n\n\n\n<ul class=\"wp-block-list\"><li> Vistoria e cuidado com o seu im\u00f3vel <\/li><li> Precifica\u00e7\u00e3o autom\u00e1tica e inteligente com uso de Intelig\u00eancia Artificial <\/li><\/ul>\n\n\n\n<p>Quer descobrir o valor ideal do aluguel do seu im\u00f3vel e quanto ele ir\u00e1 valorizar nos pr\u00f3ximos 5 anos? <strong><a href=\"https:\/\/calculadora.brognoli.com.br\/\">Acesse, calcule e confira o Poder dos Dados da Brognoli!<\/a><\/strong><\/p>\n\n\n\n<ul class=\"wp-block-list\"><li> 2 op\u00e7\u00f5es de loca\u00e7\u00e3o: curta e longa <\/li><li> A Brognoli Florian\u00f3polis aluga mais r\u00e1pido na ilha, Ingleses, Campeche, Centro, Trindade e em outras regi\u00f5es <\/li><li> Presen\u00e7a em todos os portais de loca\u00e7\u00e3o <\/li><li> E muito mais! <\/li><\/ul>\n\n\n\n<p>Ficou interessado? Ent\u00e3o <strong><a href=\"https:\/\/investidor.brognoli.com.br\/\">descubra o retorno anual esperado do seu im\u00f3vel<\/a><\/strong>!<\/p>\n\n\n\n<p>Voc\u00ea ainda pode enviar um WhatsApp e conversar com a gente &#8211; (48) 3029-5000. Os consultores da Brognoli Floripa v\u00e3o te explicar tudo direitinho.<\/p>\n\n\n\n<p>Se voc\u00ea gostou desse artigo, quer mostrar para um amigo que tenha im\u00f3vel para alugar, compartilhe nas suas redes sociais!<\/p>\n","protected":false},"excerpt":{"rendered":"<p>O aluguel de curta dura\u00e7\u00e3o, tamb\u00e9m conhecido como Shortstay, \u00e9 uma modalidade comum no mercado residencial e ganhou notoriedade nos \u00faltimos anos, impulsionada por plataformas como o Airbnb. Por\u00e9m, com [&hellip;]<\/p>\n","protected":false},"author":7,"featured_media":2205924,"comment_status":"closed","ping_status":"closed","sticky":false,"template":"","format":"standard","meta":{"footnotes":""},"categories":[22],"tags":[28,151,29,30,41,94,45,46,25,52,32],"class_list":["post-2205923","post","type-post","status-publish","format-standard","has-post-thumbnail","hentry","category-destaque","tag-alugar","tag-aluguel","tag-apartamento","tag-brognoli","tag-brognoli-imoveis","tag-brognoli-negocios-imobiliarios","tag-florianopolis","tag-floripa","tag-grande-florianopolis","tag-imobiliaria","tag-imoveis"],"yoast_head":"<!-- This site is optimized with the Yoast SEO plugin v21.3 - https:\/\/yoast.com\/wordpress\/plugins\/seo\/ -->\n<title>Efeito coronav\u00edrus: baixa do turismo afeta aluguel de curta dura\u00e7\u00e3o - Brognoli<\/title>\n<meta name=\"robots\" content=\"index, follow, max-snippet:-1, max-image-preview:large, max-video-preview:-1\" \/>\n<link rel=\"canonical\" href=\"https:\/\/www.brognoli.com.br\/blog\/efeito-coronavirus-baixa-do-turismo-afeta-aluguel-de-curta-duracao\/\" \/>\n<meta property=\"og:locale\" content=\"pt_BR\" \/>\n<meta property=\"og:type\" content=\"article\" \/>\n<meta property=\"og:title\" content=\"Efeito coronav\u00edrus: baixa do turismo afeta aluguel de curta dura\u00e7\u00e3o - Brognoli\" \/>\n<meta property=\"og:description\" content=\"O aluguel de curta dura\u00e7\u00e3o, tamb\u00e9m conhecido como Shortstay, \u00e9 uma modalidade comum no mercado residencial e ganhou notoriedade nos \u00faltimos anos, impulsionada por plataformas como o Airbnb. Por\u00e9m, com [&hellip;]\" \/>\n<meta property=\"og:url\" content=\"https:\/\/www.brognoli.com.br\/blog\/efeito-coronavirus-baixa-do-turismo-afeta-aluguel-de-curta-duracao\/\" \/>\n<meta property=\"og:site_name\" content=\"Brognoli\" \/>\n<meta property=\"article:published_time\" content=\"2020-07-09T18:02:15+00:00\" \/>\n<meta property=\"og:image\" content=\"https:\/\/www.brognoli.com.br\/blog\/wp-content\/uploads\/2022\/10\/Imagem-Miniatura-blog_993x666px_Jul.20_1.png\" \/>\n\t<meta property=\"og:image:width\" content=\"994\" \/>\n\t<meta property=\"og:image:height\" content=\"666\" \/>\n\t<meta property=\"og:image:type\" content=\"image\/png\" \/>\n<meta name=\"author\" content=\"brognoli\" \/>\n<meta name=\"twitter:card\" content=\"summary_large_image\" \/>\n<meta name=\"twitter:label1\" content=\"Escrito por\" \/>\n\t<meta name=\"twitter:data1\" content=\"brognoli\" \/>\n\t<meta name=\"twitter:label2\" content=\"Est. tempo de leitura\" \/>\n\t<meta name=\"twitter:data2\" content=\"2 minutos\" \/>\n<script type=\"application\/ld+json\" class=\"yoast-schema-graph\">{\"@context\":\"https:\/\/schema.org\",\"@graph\":[{\"@type\":\"Article\",\"@id\":\"https:\/\/www.brognoli.com.br\/blog\/efeito-coronavirus-baixa-do-turismo-afeta-aluguel-de-curta-duracao\/#article\",\"isPartOf\":{\"@id\":\"https:\/\/www.brognoli.com.br\/blog\/efeito-coronavirus-baixa-do-turismo-afeta-aluguel-de-curta-duracao\/\"},\"author\":{\"name\":\"brognoli\",\"@id\":\"https:\/\/www.brognoli.com.br\/blog\/#\/schema\/person\/87771d6b68b99d9d9db50bfcf109f10c\"},\"headline\":\"Efeito coronav\u00edrus: baixa do turismo afeta aluguel de curta dura\u00e7\u00e3o\",\"datePublished\":\"2020-07-09T18:02:15+00:00\",\"dateModified\":\"2020-07-09T18:02:15+00:00\",\"mainEntityOfPage\":{\"@id\":\"https:\/\/www.brognoli.com.br\/blog\/efeito-coronavirus-baixa-do-turismo-afeta-aluguel-de-curta-duracao\/\"},\"wordCount\":410,\"publisher\":{\"@id\":\"https:\/\/www.brognoli.com.br\/blog\/#organization\"},\"keywords\":[\"Alugar\",\"Aluguel\",\"apartamento\",\"Brognoli\",\"Brognoli Im\u00f3veis\",\"Brognoli Neg\u00f3cios Imobili\u00e1rios\",\"florian\u00f3polis\",\"floripa\",\"Grande Florian\u00f3polis\",\"imobili\u00e1ria\",\"im\u00f3veis\"],\"articleSection\":[\"Destaque\"],\"inLanguage\":\"pt-BR\"},{\"@type\":\"WebPage\",\"@id\":\"https:\/\/www.brognoli.com.br\/blog\/efeito-coronavirus-baixa-do-turismo-afeta-aluguel-de-curta-duracao\/\",\"url\":\"https:\/\/www.brognoli.com.br\/blog\/efeito-coronavirus-baixa-do-turismo-afeta-aluguel-de-curta-duracao\/\",\"name\":\"Efeito coronav\u00edrus: baixa do turismo afeta aluguel de curta dura\u00e7\u00e3o - Brognoli\",\"isPartOf\":{\"@id\":\"https:\/\/www.brognoli.com.br\/blog\/#website\"},\"datePublished\":\"2020-07-09T18:02:15+00:00\",\"dateModified\":\"2020-07-09T18:02:15+00:00\",\"breadcrumb\":{\"@id\":\"https:\/\/www.brognoli.com.br\/blog\/efeito-coronavirus-baixa-do-turismo-afeta-aluguel-de-curta-duracao\/#breadcrumb\"},\"inLanguage\":\"pt-BR\",\"potentialAction\":[{\"@type\":\"ReadAction\",\"target\":[\"https:\/\/www.brognoli.com.br\/blog\/efeito-coronavirus-baixa-do-turismo-afeta-aluguel-de-curta-duracao\/\"]}]},{\"@type\":\"BreadcrumbList\",\"@id\":\"https:\/\/www.brognoli.com.br\/blog\/efeito-coronavirus-baixa-do-turismo-afeta-aluguel-de-curta-duracao\/#breadcrumb\",\"itemListElement\":[{\"@type\":\"ListItem\",\"position\":1,\"name\":\"In\u00edcio\",\"item\":\"https:\/\/www.brognoli.com.br\/blog\/\"},{\"@type\":\"ListItem\",\"position\":2,\"name\":\"Efeito coronav\u00edrus: baixa do turismo afeta aluguel de curta dura\u00e7\u00e3o\"}]},{\"@type\":\"WebSite\",\"@id\":\"https:\/\/www.brognoli.com.br\/blog\/#website\",\"url\":\"https:\/\/www.brognoli.com.br\/blog\/\",\"name\":\"Brognoli\",\"description\":\"Brognoli\",\"publisher\":{\"@id\":\"https:\/\/www.brognoli.com.br\/blog\/#organization\"},\"potentialAction\":[{\"@type\":\"SearchAction\",\"target\":{\"@type\":\"EntryPoint\",\"urlTemplate\":\"https:\/\/www.brognoli.com.br\/blog\/?s={search_term_string}\"},\"query-input\":\"required name=search_term_string\"}],\"inLanguage\":\"pt-BR\"},{\"@type\":\"Organization\",\"@id\":\"https:\/\/www.brognoli.com.br\/blog\/#organization\",\"name\":\"Brognoli\",\"url\":\"https:\/\/www.brognoli.com.br\/blog\/\",\"logo\":{\"@type\":\"ImageObject\",\"inLanguage\":\"pt-BR\",\"@id\":\"https:\/\/www.brognoli.com.br\/blog\/#\/schema\/logo\/image\/\",\"url\":\"https:\/\/www.brognoli.com.br\/blog\/wp-content\/uploads\/2024\/10\/cropped-cropped-BRO_LOGO_3@300x.png\",\"contentUrl\":\"https:\/\/www.brognoli.com.br\/blog\/wp-content\/uploads\/2024\/10\/cropped-cropped-BRO_LOGO_3@300x.png\",\"width\":1762,\"height\":605,\"caption\":\"Brognoli\"},\"image\":{\"@id\":\"https:\/\/www.brognoli.com.br\/blog\/#\/schema\/logo\/image\/\"}},{\"@type\":\"Person\",\"@id\":\"https:\/\/www.brognoli.com.br\/blog\/#\/schema\/person\/87771d6b68b99d9d9db50bfcf109f10c\",\"name\":\"brognoli\",\"image\":{\"@type\":\"ImageObject\",\"inLanguage\":\"pt-BR\",\"@id\":\"https:\/\/www.brognoli.com.br\/blog\/#\/schema\/person\/image\/\",\"url\":\"https:\/\/secure.gravatar.com\/avatar\/a7836fc1468501cb19a0ad1df34b5f85abe16dfce609e03bba719de31c58ea48?s=96&d=mm&r=g\",\"contentUrl\":\"https:\/\/secure.gravatar.com\/avatar\/a7836fc1468501cb19a0ad1df34b5f85abe16dfce609e03bba719de31c58ea48?s=96&d=mm&r=g\",\"caption\":\"brognoli\"},\"url\":\"https:\/\/www.brognoli.com.br\/blog\/author\/brognoli\/\"}]}<\/script>\n<!-- \/ Yoast SEO plugin. -->","yoast_head_json":{"title":"Efeito coronav\u00edrus: baixa do turismo afeta aluguel de curta dura\u00e7\u00e3o - Brognoli","robots":{"index":"index","follow":"follow","max-snippet":"max-snippet:-1","max-image-preview":"max-image-preview:large","max-video-preview":"max-video-preview:-1"},"canonical":"https:\/\/www.brognoli.com.br\/blog\/efeito-coronavirus-baixa-do-turismo-afeta-aluguel-de-curta-duracao\/","og_locale":"pt_BR","og_type":"article","og_title":"Efeito coronav\u00edrus: baixa do turismo afeta aluguel de curta dura\u00e7\u00e3o - Brognoli","og_description":"O aluguel de curta dura\u00e7\u00e3o, tamb\u00e9m conhecido como Shortstay, \u00e9 uma modalidade comum no mercado residencial e ganhou notoriedade nos \u00faltimos anos, impulsionada por plataformas como o Airbnb. Por\u00e9m, com [&hellip;]","og_url":"https:\/\/www.brognoli.com.br\/blog\/efeito-coronavirus-baixa-do-turismo-afeta-aluguel-de-curta-duracao\/","og_site_name":"Brognoli","article_published_time":"2020-07-09T18:02:15+00:00","og_image":[{"width":994,"height":666,"url":"https:\/\/www.brognoli.com.br\/blog\/wp-content\/uploads\/2022\/10\/Imagem-Miniatura-blog_993x666px_Jul.20_1.png","type":"image\/png"}],"author":"brognoli","twitter_card":"summary_large_image","twitter_misc":{"Escrito por":"brognoli","Est. tempo de leitura":"2 minutos"},"schema":{"@context":"https:\/\/schema.org","@graph":[{"@type":"Article","@id":"https:\/\/www.brognoli.com.br\/blog\/efeito-coronavirus-baixa-do-turismo-afeta-aluguel-de-curta-duracao\/#article","isPartOf":{"@id":"https:\/\/www.brognoli.com.br\/blog\/efeito-coronavirus-baixa-do-turismo-afeta-aluguel-de-curta-duracao\/"},"author":{"name":"brognoli","@id":"https:\/\/www.brognoli.com.br\/blog\/#\/schema\/person\/87771d6b68b99d9d9db50bfcf109f10c"},"headline":"Efeito coronav\u00edrus: baixa do turismo afeta aluguel de curta dura\u00e7\u00e3o","datePublished":"2020-07-09T18:02:15+00:00","dateModified":"2020-07-09T18:02:15+00:00","mainEntityOfPage":{"@id":"https:\/\/www.brognoli.com.br\/blog\/efeito-coronavirus-baixa-do-turismo-afeta-aluguel-de-curta-duracao\/"},"wordCount":410,"publisher":{"@id":"https:\/\/www.brognoli.com.br\/blog\/#organization"},"keywords":["Alugar","Aluguel","apartamento","Brognoli","Brognoli Im\u00f3veis","Brognoli Neg\u00f3cios Imobili\u00e1rios","florian\u00f3polis","floripa","Grande Florian\u00f3polis","imobili\u00e1ria","im\u00f3veis"],"articleSection":["Destaque"],"inLanguage":"pt-BR"},{"@type":"WebPage","@id":"https:\/\/www.brognoli.com.br\/blog\/efeito-coronavirus-baixa-do-turismo-afeta-aluguel-de-curta-duracao\/","url":"https:\/\/www.brognoli.com.br\/blog\/efeito-coronavirus-baixa-do-turismo-afeta-aluguel-de-curta-duracao\/","name":"Efeito coronav\u00edrus: baixa do turismo afeta aluguel de curta dura\u00e7\u00e3o - Brognoli","isPartOf":{"@id":"https:\/\/www.brognoli.com.br\/blog\/#website"},"datePublished":"2020-07-09T18:02:15+00:00","dateModified":"2020-07-09T18:02:15+00:00","breadcrumb":{"@id":"https:\/\/www.brognoli.com.br\/blog\/efeito-coronavirus-baixa-do-turismo-afeta-aluguel-de-curta-duracao\/#breadcrumb"},"inLanguage":"pt-BR","potentialAction":[{"@type":"ReadAction","target":["https:\/\/www.brognoli.com.br\/blog\/efeito-coronavirus-baixa-do-turismo-afeta-aluguel-de-curta-duracao\/"]}]},{"@type":"BreadcrumbList","@id":"https:\/\/www.brognoli.com.br\/blog\/efeito-coronavirus-baixa-do-turismo-afeta-aluguel-de-curta-duracao\/#breadcrumb","itemListElement":[{"@type":"ListItem","position":1,"name":"In\u00edcio","item":"https:\/\/www.brognoli.com.br\/blog\/"},{"@type":"ListItem","position":2,"name":"Efeito coronav\u00edrus: baixa do turismo afeta aluguel de curta dura\u00e7\u00e3o"}]},{"@type":"WebSite","@id":"https:\/\/www.brognoli.com.br\/blog\/#website","url":"https:\/\/www.brognoli.com.br\/blog\/","name":"Brognoli","description":"Brognoli","publisher":{"@id":"https:\/\/www.brognoli.com.br\/blog\/#organization"},"potentialAction":[{"@type":"SearchAction","target":{"@type":"EntryPoint","urlTemplate":"https:\/\/www.brognoli.com.br\/blog\/?s={search_term_string}"},"query-input":"required name=search_term_string"}],"inLanguage":"pt-BR"},{"@type":"Organization","@id":"https:\/\/www.brognoli.com.br\/blog\/#organization","name":"Brognoli","url":"https:\/\/www.brognoli.com.br\/blog\/","logo":{"@type":"ImageObject","inLanguage":"pt-BR","@id":"https:\/\/www.brognoli.com.br\/blog\/#\/schema\/logo\/image\/","url":"https:\/\/www.brognoli.com.br\/blog\/wp-content\/uploads\/2024\/10\/cropped-cropped-BRO_LOGO_3@300x.png","contentUrl":"https:\/\/www.brognoli.com.br\/blog\/wp-content\/uploads\/2024\/10\/cropped-cropped-BRO_LOGO_3@300x.png","width":1762,"height":605,"caption":"Brognoli"},"image":{"@id":"https:\/\/www.brognoli.com.br\/blog\/#\/schema\/logo\/image\/"}},{"@type":"Person","@id":"https:\/\/www.brognoli.com.br\/blog\/#\/schema\/person\/87771d6b68b99d9d9db50bfcf109f10c","name":"brognoli","image":{"@type":"ImageObject","inLanguage":"pt-BR","@id":"https:\/\/www.brognoli.com.br\/blog\/#\/schema\/person\/image\/","url":"https:\/\/secure.gravatar.com\/avatar\/a7836fc1468501cb19a0ad1df34b5f85abe16dfce609e03bba719de31c58ea48?s=96&d=mm&r=g","contentUrl":"https:\/\/secure.gravatar.com\/avatar\/a7836fc1468501cb19a0ad1df34b5f85abe16dfce609e03bba719de31c58ea48?s=96&d=mm&r=g","caption":"brognoli"},"url":"https:\/\/www.brognoli.com.br\/blog\/author\/brognoli\/"}]}},"_links":{"self":[{"href":"https:\/\/www.brognoli.com.br\/blog\/wp-json\/wp\/v2\/posts\/2205923","targetHints":{"allow":["GET"]}}],"collection":[{"href":"https:\/\/www.brognoli.com.br\/blog\/wp-json\/wp\/v2\/posts"}],"about":[{"href":"https:\/\/www.brognoli.com.br\/blog\/wp-json\/wp\/v2\/types\/post"}],"author":[{"embeddable":true,"href":"https:\/\/www.brognoli.com.br\/blog\/wp-json\/wp\/v2\/users\/7"}],"replies":[{"embeddable":true,"href":"https:\/\/www.brognoli.com.br\/blog\/wp-json\/wp\/v2\/comments?post=2205923"}],"version-history":[{"count":0,"href":"https:\/\/www.brognoli.com.br\/blog\/wp-json\/wp\/v2\/posts\/2205923\/revisions"}],"wp:featuredmedia":[{"embeddable":true,"href":"https:\/\/www.brognoli.com.br\/blog\/wp-json\/wp\/v2\/media\/2205924"}],"wp:attachment":[{"href":"https:\/\/www.brognoli.com.br\/blog\/wp-json\/wp\/v2\/media?parent=2205923"}],"wp:term":[{"taxonomy":"category","embeddable":true,"href":"https:\/\/www.brognoli.com.br\/blog\/wp-json\/wp\/v2\/categories?post=2205923"},{"taxonomy":"post_tag","embeddable":true,"href":"https:\/\/www.brognoli.com.br\/blog\/wp-json\/wp\/v2\/tags?post=2205923"}],"curies":[{"name":"wp","href":"https:\/\/api.w.org\/{rel}","templated":true}]}}