{"id":2205955,"date":"2020-11-30T17:52:40","date_gmt":"2020-11-30T20:52:40","guid":{"rendered":"https:\/\/api-portal.brognoli.com.br\/glossario-termos-imobiliarios\/"},"modified":"2020-11-30T17:52:40","modified_gmt":"2020-11-30T20:52:40","slug":"glossario-termos-imobiliarios","status":"publish","type":"post","link":"https:\/\/www.brognoli.com.br\/blog\/glossario-termos-imobiliarios\/","title":{"rendered":"Termos Imobili\u00e1rios para Alugar ou Comprar Im\u00f3veis"},"content":{"rendered":"\n<p>Comprar ou alugar bens imobili\u00e1rios pode ser uma tarefa extremamente exaustiva, independente do tipo do im\u00f3vel. Al\u00e9m de pesquisar, calcular e escolher a casa ou apartamento novo \u00e9 necess\u00e1rio se atentar \u00e0s condi\u00e7\u00f5es impostas na negocia\u00e7\u00e3o, j\u00e1 que existem in\u00fameras particularidades em cada acordo. &nbsp;<\/p>\n\n\n\n<p>Por isso, a Imobili\u00e1ria Brognoli preparou um gloss\u00e1rio com os termos imobili\u00e1rios mais utilizados em contratos, aditivos e documentos, a fim de auxiliar voc\u00ea a interpretar certas atribui\u00e7\u00f5es que podem surgir ao fechar neg\u00f3cio!<\/p>\n\n\n\n<p>Para facilitar ainda mais, o gloss\u00e1rio imobili\u00e1rio est\u00e1 em ordem alfab\u00e9tica.<\/p>\n\n\n\n<p><\/p>\n\n\n\n<p><em>Confira <a rel=\"noreferrer noopener\" href=\"https:\/\/www.brognoli.com.br\/guia-para-alugar-imovel-pela-primeira-vez\/\" target=\"_blank\">aqui<\/a> o nosso Guia Definitivo para Alugar um Im\u00f3vel! Dicas e dados importantes para quem pretende alugar um im\u00f3vel em Santa Catarina.<\/em><\/p>\n\n\n\n<p><\/p>\n\n\n\n<h2 class=\"wp-block-heading\">A<\/h2>\n\n\n\n<h3 class=\"wp-block-heading\">A\u00e7\u00e3o de despejo de im\u00f3vel<\/h3>\n\n\n\n<p>Refere-se \u00e0 a\u00e7\u00e3o judicial pela qual o propriet\u00e1rio de um bem imobili\u00e1rio alugado pretende obter a desocupa\u00e7\u00e3o do im\u00f3vel independente da vontade do locat\u00e1rio.<\/p>\n\n\n\n<p><\/p>\n\n\n\n<h3 class=\"wp-block-heading\">A\u00e7\u00e3o revisional de aluguel<\/h3>\n\n\n\n<p>A\u00e7\u00e3o judicial pela qual o dono do<strong> <\/strong>bem imobili\u00e1rio alugado pede a atualiza\u00e7\u00e3o do valor do aluguel com base no pre\u00e7o de mercado.<\/p>\n\n\n\n<p><\/p>\n\n\n\n<h3 class=\"wp-block-heading\">Ad Corpus<\/h3>\n\n\n\n<p>Forma ou estado em que se encontra. Termo utilizado para representar que a venda cujo pre\u00e7o foi estipulado sobre a propriedade do bem imobili\u00e1rio  como um todo, no mesmo estado em que se encontra.<\/p>\n\n\n\n<p><\/p>\n\n\n\n<h3 class=\"wp-block-heading\">Ad Mensuram<\/h3>\n\n\n\n<p>Por medida. Termo utilizado para representar que o pre\u00e7o de venda foi estabelecido com base na exata \u00e1rea do bem imobili\u00e1rio.<\/p>\n\n\n\n<p><\/p>\n\n\n\n<h3 class=\"wp-block-heading\">Administradora Condominial<\/h3>\n\n\n\n<p>Empresa que presta servi\u00e7os de administra\u00e7\u00e3o de im\u00f3veis em condom\u00ednio, apoio aos termos legais, administrativos e aux\u00edlio \u00e0 administra\u00e7\u00e3o de pessoal.<\/p>\n\n\n\n<p><\/p>\n\n\n\n<p><em>Antes de qualquer coisa, <\/em><a rel=\"noreferrer noopener\" href=\"https:\/\/www.brognoli.com.br\/imoveis\/?sort=newest&amp;search_type=3&amp;search_city=S%C3%83O+JOS%C3%89&amp;search_neighborhood%5B%5D=KOBRASOL&amp;search_min_price=&amp;search_max_price=&amp;search_bedrooms=0&amp;search_garages=0\" target=\"_blank\"><strong><em>confira<\/em><\/strong><\/a><strong><em> <\/em><\/strong><em>todos os im\u00f3veis dispon\u00edveis para aluguel no Kobrasol em S\u00e3o Jos\u00e9 \u2013 Santa Catarina! Tem de tudo, salas comerciais, apartamentos, kitnets, casas, coberturas, residenciais e muito mais!<\/em><\/p>\n\n\n\n<p><\/p>\n\n\n\n<h3 class=\"wp-block-heading\">Agente Financeiro<\/h3>\n\n\n\n<p>Institui\u00e7\u00e3o p\u00fablica ou privada pertencente ao Sistema Financeiro Nacional. Sua fun\u00e7\u00e3o \u00e9 coletar, intermediar e aplicar recursos financeiros pr\u00f3prios ou de terceiros, com autoriza\u00e7\u00e3o do Banco Central do Brasil.<\/p>\n\n\n\n<p><\/p>\n\n\n\n<h3 class=\"wp-block-heading\">Aliena\u00e7\u00e3o Fiduci\u00e1ria<\/h3>\n\n\n\n<p>Ocorre quando se compra o bem imobili\u00e1rio atrav\u00e9s de um financiamento ou parcelamento, e o im\u00f3vel fica em garantia para o pagamento da d\u00edvida. <\/p>\n\n\n\n<p><\/p>\n\n\n\n<h3 class=\"wp-block-heading\">Alvar\u00e1 Judicial<\/h3>\n\n\n\n<p>Consiste em uma ordem (documento), judicial ou administrativa. Assim, caso a referida pessoa provar ser merecedora do direito, poder\u00e1 executar a a\u00e7\u00e3o prevista.<\/p>\n\n\n\n<p><\/p>\n\n\n\n<h3 class=\"wp-block-heading\">Alvar\u00e1 de Constru\u00e7\u00e3o<\/h3>\n\n\n\n<p>Documento emitido por \u00f3rg\u00e3o p\u00fablico competente que autoriza a incorpora\u00e7\u00e3o e\/ou constru\u00e7\u00e3o de projeto arquitet\u00f4nico.<\/p>\n\n\n\n<p><\/p>\n\n\n\n<h3 class=\"wp-block-heading\">Alvenaria<\/h3>\n\n\n\n<p>Pode ter dois significados. Pode se referir ao est\u00e1gio da obra de uma constru\u00e7\u00e3o em que se realiza o fechamento do \u201cesqueleto\u201d do pr\u00e9dio alvenaria com blocos, pedra, tijolos etc. Assim como tamb\u00e9m o conjunto de elementos utilizados na constru\u00e7\u00e3o de uma parede, muro ou alicerce.<\/p>\n\n\n\n<p><\/p>\n\n\n\n<p><em>Fale com um dos consultores da Imobili\u00e1ria Brognoli e fa\u00e7a um <strong><a rel=\"noreferrer noopener\" href=\"https:\/\/www.brognoli.com.br\/dicas-para-aproveitar-melhor-sua-visita-virtual-ao-imovel\/\" target=\"_blank\">tour virtual<\/a><\/strong> para a casa ou o apartamento que quer visitar! E o melhor, voc\u00ea faz tudo isso sem sair de casa, dentro do seu lar, agora super organizado!<\/em><\/p>\n\n\n\n<p><\/p>\n\n\n\n<h3 class=\"wp-block-heading\">Amortiza\u00e7\u00e3o<\/h3>\n\n\n\n<p>Pagamento realizado para reduzir uma d\u00edvida. Ali\u00e1s, a amortiza\u00e7\u00e3o \u00e9 feita por um percentual das parcelas que comp\u00f5em as presta\u00e7\u00f5es do financiamento do bem imobili\u00e1rio.<\/p>\n\n\n\n<p><\/p>\n\n\n\n<h3 class=\"wp-block-heading\">Anuente<\/h3>\n\n\n\n<p>Aquele que est\u00e1 de acordo. Portanto concorda com o descrito no contrato, por exemplo.<\/p>\n\n\n\n<p><\/p>\n\n\n\n<h3 class=\"wp-block-heading\">Apartamento de Cobertura<\/h3>\n\n\n\n<p>\u00c9 o tipo de apartamento do \u00faltimo andar de um pr\u00e9dio, constru\u00eddo sobre a laje de cobertura do mesmo.<\/p>\n\n\n\n<p><\/p>\n\n\n\n<h3 class=\"wp-block-heading\">Apartamento Duplex<\/h3>\n\n\n\n<p>Tipo de apartamento que tem dois andares.<\/p>\n\n\n\n<p><\/p>\n\n\n\n<h3 class=\"wp-block-heading\">Apartamento Tr\u00edplex<\/h3>\n\n\n\n<p>Apartamento com tr\u00eas andares ou pisos.<\/p>\n\n\n\n<p><\/p>\n\n\n\n<p><em>Pensando em alugar uma sala comercial para o seu neg\u00f3cio crescer?! No contrato de aluguel de salas comerciais com a Brognoli Imobili\u00e1ria existem termos que voc\u00ea deve ficar atento!<br>Pois confira <\/em><strong><em><a rel=\"noreferrer noopener\" href=\"https:\/\/www.brognoli.com.br\/imoveis\/?sort=newest&amp;search_type=3&amp;search_category=1629&amp;search_min_price=&amp;search_max_price=&amp;search_bedrooms=0&amp;search_garages=0\" target=\"_blank\">aqui<\/a><\/em><\/strong><em> a sala comercial perfeita para ampliar ainda mais o seu p\u00fablico em Florian\u00f3polis!<\/em><\/p>\n\n\n\n<p>&nbsp;<\/p>\n\n\n\n<h3 class=\"wp-block-heading\">Apart-Hotel<\/h3>\n\n\n\n<p>Pr\u00e9dio de apartamentos com servi\u00e7os de hotelaria, tais como refeit\u00f3rio, lavanderia etc. Parecido com um hotel, entretanto possui cozinha individual ou coletiva.<\/p>\n\n\n\n<p><\/p>\n\n\n\n<h3 class=\"wp-block-heading\">\u00c1rea Comput\u00e1vel<\/h3>\n\n\n\n<p>\u00c1reas que devem ser consideradas em um projeto visando o m\u00e1ximo aproveitamento permitido para constru\u00e7\u00e3o em um terreno. Seja para casas, apartamentos, residenciais ou sala comercial.<\/p>\n\n\n\n<p><\/p>\n\n\n\n<h3 class=\"wp-block-heading\">\u00c1rea Comum<\/h3>\n\n\n\n<p>\u00c1rea de um condom\u00ednio que pode ser utilizada por todos os moradores. S\u00e3o elas corredores, hall de entrada, circula\u00e7\u00e3o da garagem, portaria, sal\u00e3o de festas, bem como locais de lazer.<\/p>\n\n\n\n<p><\/p>\n\n\n\n<h3 class=\"wp-block-heading\">\u00c1rea de Constru\u00e7\u00e3o<\/h3>\n\n\n\n<p>Somat\u00f3rio das \u00e1reas, incluindo paredes e pisos, cobertos ou n\u00e3o, de todos os pavimentos de uma edifica\u00e7\u00e3o.<\/p>\n\n\n\n<p><\/p>\n\n\n\n<h3 class=\"wp-block-heading\">\u00c1rea Edificada<\/h3>\n\n\n\n<p>Se trata da \u00e1rea total coberta de uma edifica\u00e7\u00e3o, exceto, as \u00e1reas de po\u00e7os, vazios e algumas sali\u00eancias (marquises) com exce\u00e7\u00e3o da \u00e1rea do po\u00e7o do elevador, que dever\u00e1 ser considerada no c\u00e1lculo da \u00e1rea edificada de um \u00fanico andar.<\/p>\n\n\n\n<p><\/p>\n\n\n\n<h3 class=\"wp-block-heading\">\u00c1rea n\u00e3o comput\u00e1vel<\/h3>\n\n\n\n<p>Soma das diversas \u00e1reas que n\u00e3o entram no c\u00e1lculo da \u00e1rea m\u00e1xima de constru\u00e7\u00e3o permitida em determinado terreno (\u00e1rea comput\u00e1vel), por\u00e9m, ainda assim deve ser considerada na \u00e1rea total.<\/p>\n\n\n\n<p><\/p>\n\n\n\n<p><em>A cobertura que voc\u00ea sempre quis morar em Florian\u00f3polis, na ilha, te espera. Por isso <\/em><a rel=\"noreferrer noopener\" href=\"https:\/\/www.brognoli.com.br\/imoveis\/?sort=newest&amp;search_type=3&amp;search_city=FLORIAN%C3%93POLIS&amp;search_category=473&amp;search_min_price=&amp;search_max_price=&amp;search_bedrooms=0&amp;search_garages=0\" target=\"_blank\"><strong><em>clique<\/em><\/strong><\/a><strong><em> <\/em><\/strong><em>e confira as coberturas mais espetaculares do Centro, no Estreito e na Trindade!<\/em><\/p>\n\n\n\n<p><\/p>\n\n\n\n<h3 class=\"wp-block-heading\">\u00c1rea Privativa<\/h3>\n\n\n\n<p>\u00c9 a \u00e1rea individual e particular de cada unidade residencial utilizada apenas pelo propriet\u00e1rio de um bem imobili\u00e1rio multifamiliar. Bem como o pr\u00e9dio de uma sala comercial, um apartamento ou um condom\u00ednio residencial.<\/p>\n\n\n\n<p><\/p>\n\n\n\n<h3 class=\"wp-block-heading\">\u00c1rea \u00datil<\/h3>\n\n\n\n<p>Soma das \u00e1reas internas de cada c\u00f4modo do im\u00f3vel, de parede a parede, sem contar sua espessura. Entretanto, no passado era denominada \u201c\u00e1rea de vassoura\u201d.<\/p>\n\n\n\n<p><\/p>\n\n\n\n<h3 class=\"wp-block-heading\">Arrendamento<\/h3>\n\n\n\n<p>Contrato pelo qual algu\u00e9m cede \u00e0 outra pessoa, por determinado per\u00edodo de tempo e pre\u00e7o, o uso e gozo de um bem n\u00e3o fung\u00edvel, geralmente um bem imobili\u00e1rio.<\/p>\n\n\n\n<p><\/p>\n\n\n\n<h3 class=\"wp-block-heading\">Arresto<\/h3>\n\n\n\n<p>Apreens\u00e3o de bens n\u00e3o litigiosos (que n\u00e3o depende de senten\u00e7a) por decis\u00e3o judicial.<\/p>\n\n\n\n<p><\/p>\n\n\n\n<h3 class=\"wp-block-heading\">Avalia\u00e7\u00e3o<\/h3>\n\n\n\n<p>Atividade que envolve a determina\u00e7\u00e3o t\u00e9cnica do valor (pre\u00e7o) de mercado do bem imobili\u00e1rio base na an\u00e1lise de suas caracter\u00edsticas.<\/p>\n\n\n\n<p><\/p>\n\n\n\n<h3 class=\"wp-block-heading\">Averba\u00e7\u00e3o de Im\u00f3veis<\/h3>\n\n\n\n<p>Anota\u00e7\u00e3o realizada pelo Cart\u00f3rio de Registro de Im\u00f3veis de qualquer altera\u00e7\u00e3o referente ao propriet\u00e1rio (pessoal) ou ao im\u00f3vel (real).<\/p>\n\n\n\n<p><\/p>\n\n\n\n<p><em>J\u00e1 sei! Como todo esse papo de ap\u00ea voc\u00ea j\u00e1 quer alugar um, n\u00e3o \u00e9? Ent\u00e3o <\/em><a rel=\"noreferrer noopener\" href=\"https:\/\/www.brognoli.com.br\/imoveis\/?sort=newest&amp;search_type=3&amp;search_city=FLORIAN%C3%93POLIS&amp;search_neighborhood%5B%5D=ESTREITO&amp;search_neighborhood%5B%5D=TRINDADE&amp;search_min_price=&amp;search_max_price=&amp;search_bedrooms=0&amp;search_garages=0\" target=\"_blank\"><strong><em>clique<\/em><\/strong><\/a><em> e veja os melhores im\u00f3veis para alugar na Trindade e no Estreito, em Floripa!<br>E se est\u00e1 pensando em ampliar o seu neg\u00f3cio com um novo estabelecimento comercial, n\u00e3o hesite em nos <\/em><a rel=\"noreferrer noopener\" href=\"https:\/\/atendimento.brognoli.com.br\/\" target=\"_blank\"><strong><em>contatar<\/em><\/strong><\/a><em>!<\/em><\/p>\n\n\n\n<h2 class=\"wp-block-heading\"><\/h2>\n\n\n\n<h2 class=\"wp-block-heading\">B<\/h2>\n\n\n\n<h3 class=\"wp-block-heading\">Benfeitorias (aluguel)<\/h3>\n\n\n\n<p>Remunera\u00e7\u00e3o paga ao locador em raz\u00e3o de um contrato de aluguel.<\/p>\n\n\n\n<p><\/p>\n\n\n\n<h3 class=\"wp-block-heading\">Benfeitorias<\/h3>\n\n\n\n<p>Obras ou reparos realizados em um im\u00f3vel a fim de melhorar seu estado para coloca-lo a venda ou a loca\u00e7\u00e3o.<\/p>\n\n\n\n<p><\/p>\n\n\n\n<p><em>Quer morar onde h\u00e1 seguran\u00e7a, cultura e lazer, como na <\/em><a rel=\"noreferrer noopener\" href=\"https:\/\/www.brognoli.com.br\/imoveis\/?sort=newest&amp;search_type=3&amp;search_city=FLORIAN%C3%93POLIS&amp;search_neighborhood%5B%5D=TRINDADE&amp;search_category=444&amp;search_min_price=&amp;search_max_price=&amp;search_bedrooms=0&amp;search_garages=0\" target=\"_blank\"><strong><em>Trindade<\/em><\/strong><\/a><em> e no <\/em><a rel=\"noreferrer noopener\" href=\"https:\/\/www.brognoli.com.br\/imoveis\/?filtering=off&amp;sort=newest&amp;ini=1&amp;search_type=3&amp;search_category=444&amp;gsearch_city=S%C3%83O+JOS%C3%89%2C+KOBRASOL&amp;search_city=S%C3%83O+JOS%C3%89&amp;search_neighborhood%5B%5D=KOBRASOL\" target=\"_blank\"><strong><em>Kobrasol<\/em><\/strong><\/a><em>? Em Santa Catarina tem os melhores apartamentos para aluguel! Pois <\/em><a rel=\"noreferrer noopener\" href=\"https:\/\/www.brognoli.com.br\/imoveis\/?sort=newest&amp;search_type=3&amp;search_city=FLORIAN%C3%93POLIS&amp;search_category=444&amp;search_min_price=&amp;search_max_price=&amp;search_bedrooms=0&amp;search_garages=0\" target=\"_blank\"><strong><em>clique<\/em><\/strong><\/a><em> e confira!<\/em><\/p>\n\n\n\n<h2 class=\"wp-block-heading\"><\/h2>\n\n\n\n<h2 class=\"wp-block-heading\">C<\/h2>\n\n\n\n<h3 class=\"wp-block-heading\">Cadastro de Im\u00f3veis<\/h3>\n\n\n\n<p>Registro p\u00fablico mantido pela prefeitura dos bens imobili\u00e1rios existentes no munic\u00edpio.<\/p>\n\n\n\n<p><\/p>\n\n\n\n<h3 class=\"wp-block-heading\">Carta de Cr\u00e9dito<\/h3>\n\n\n\n<p>Documento que concede o empr\u00e9stimo de determinada quantia. Entretanto tem validade de 30 dias a 90 dias, podendo ser prorrogado.<\/p>\n\n\n\n<p><\/p>\n\n\n\n<h3 class=\"wp-block-heading\">Cart\u00f3rio de Registro de Im\u00f3veis<\/h3>\n\n\n\n<p>\u00d3rg\u00e3o onde s\u00e3o cadastrados todos os bens imobili\u00e1rios de determinada regi\u00e3o. Portanto, nele \u00e9 poss\u00edvel solicitar todas as informa\u00e7\u00f5es a respeito de cada im\u00f3vel matr\u00edcula, localiza\u00e7\u00e3o, dono, situa\u00e7\u00e3o jur\u00eddica, hist\u00f3rico de todas as modifica\u00e7\u00f5es e propriet\u00e1rios que possa ter tido.<\/p>\n\n\n\n<p><\/p>\n\n\n\n<p><em>A Brognoli Imobili\u00e1ria possui salas comerciais para todos os gostos! Tanto para compra quanto para aluguel. Ficou interessado? Ent\u00e3o clique <\/em><a href=\"https:\/\/www.brognoli.com.br\/imoveis\/?filtering=off&amp;sort=newest&amp;ini=1&amp;search_type=3&amp;search_category=1397&amp;gsearch_city=&amp;search_city=&amp;search_neighborhood%5B%5D=\"><strong><em>a<\/em><\/strong><\/a><strong><em><a rel=\"noreferrer noopener\" href=\"https:\/\/www.brognoli.com.br\/imoveis\/?filtering=off&amp;sort=newest&amp;ini=1&amp;search_type=3&amp;search_category=1397&amp;gsearch_city=&amp;search_city=&amp;search_neighborhood%5B%5D=\" target=\"_blank\">q<\/a><\/em><\/strong><a href=\"https:\/\/www.brognoli.com.br\/imoveis\/?filtering=off&amp;sort=newest&amp;ini=1&amp;search_type=3&amp;search_category=1397&amp;gsearch_city=&amp;search_city=&amp;search_neighborhood%5B%5D=\"><strong><em>ui<\/em><\/strong><\/a><em>, confira, e entre em <\/em><a rel=\"noreferrer noopener\" href=\"https:\/\/atendimento.brognoli.com.br\/\" target=\"_blank\"><strong><em>contato<\/em><\/strong><\/a><em> conosco!<\/em><\/p>\n\n\n\n<p><\/p>\n\n\n\n<h3 class=\"wp-block-heading\">Cart\u00f3rio de T\u00edtulos e Notas<\/h3>\n\n\n\n<p>Entidade privada com reconhecimento p\u00fablico que guarda t\u00edtulos e documentos. Executa registros p\u00fablicos e lavra (redige) contratos de aluguel e compras, e escrituras de bens imobili\u00e1rios.<\/p>\n\n\n\n<p><\/p>\n\n\n\n<h3 class=\"wp-block-heading\">Cau\u00e7\u00e3o<\/h3>\n\n\n\n<p>Dep\u00f3sito de valor como garantia do cumprimento de um contrato.<\/p>\n\n\n\n<p><\/p>\n\n\n\n<h3 class=\"wp-block-heading\">Cedente<\/h3>\n\n\n\n<p>Aquele que cede ou faz cess\u00e3o.<\/p>\n\n\n\n<p><\/p>\n\n\n\n<h3 class=\"wp-block-heading\">Certid\u00e3o de Registro de Im\u00f3veis<\/h3>\n\n\n\n<p>Documento expedido por um Cart\u00f3rio de Registro de Im\u00f3veis, onde \u00e9 poss\u00edvel verificar a descri\u00e7\u00e3o do im\u00f3vel e seu titular\/propriet\u00e1rio. Certamente esta certid\u00e3o pode ser requerida por qualquer pessoa mediante pagamento de uma taxa.<\/p>\n\n\n\n<p><\/p>\n\n\n\n<h3 class=\"wp-block-heading\">Certid\u00e3o<\/h3>\n\n\n\n<p>Documento expedido por um cart\u00f3rio, no qual \u00e9 poss\u00edvel garantir a veracidade das informa\u00e7\u00f5es pessoais (certid\u00e3o de nascimento\/certid\u00e3o de casamento) quanto para o bem imobili\u00e1rio (matr\u00edcula do im\u00f3vel).<\/p>\n\n\n\n<p><\/p>\n\n\n\n<p><em>Pensou em comprar ou alugar um apartamento? Pois voc\u00ea est\u00e1 no lugar certo! Confira apartamentos em Florian\u00f3polis para <\/em><a rel=\"noreferrer noopener\" href=\"https:\/\/www.brognoli.com.br\/imoveis\/?sort=newest&amp;search_type=16&amp;search_city=Florian%C3%B3polis&amp;search_min_price=&amp;search_max_price=&amp;search_bedrooms=0&amp;search_garages=0\" target=\"_blank\"><strong><em>comprar<\/em><\/strong><\/a><em> ou <\/em><a rel=\"noreferrer noopener\" href=\"https:\/\/www.brognoli.com.br\/imoveis\/?sort=newest&amp;search_type=3&amp;search_city=FLORIAN%C3%93POLIS&amp;search_min_price=&amp;search_max_price=&amp;search_bedrooms=0&amp;search_garages=0\" target=\"_blank\"><strong><em>alugar<\/em><\/strong><\/a><em>, nos melhores bairros da ilha!<\/em><\/p>\n\n\n\n<p><\/p>\n\n\n\n<h3 class=\"wp-block-heading\">Cess\u00e3o de Direitos<\/h3>\n\n\n\n<p>Transfer\u00eancia de direitos e obriga\u00e7\u00f5es de uma pessoa para outra, contudo se faz atrav\u00e9s de um acordo celebrado entre ambas as partes.<\/p>\n\n\n\n<p><\/p>\n\n\n\n<h3 class=\"wp-block-heading\">Cess\u00e3o<\/h3>\n\n\n\n<p>Transferir, emprestar. Bem como locar um bem a outra pessoa que \u00e9 propriet\u00e1rio ou titular.<\/p>\n\n\n\n<p><\/p>\n\n\n\n<h3 class=\"wp-block-heading\">Cession\u00e1rio<\/h3>\n\n\n\n<p>Benefici\u00e1rio de uma cess\u00e3o, aquele a quem se faz uma cess\u00e3o.<\/p>\n\n\n\n<p><\/p>\n\n\n\n<h3 class=\"wp-block-heading\">CMI SECOVI<\/h3>\n\n\n\n<p>Associa\u00e7\u00e3o de classe fundada com o objetivo de corresponder os interesses e auxiliar na organiza\u00e7\u00e3o, evolu\u00e7\u00e3o e capacita\u00e7\u00e3o do mercado imobili\u00e1rio.<\/p>\n\n\n\n<p><\/p>\n\n\n\n<h3 class=\"wp-block-heading\">COAF &#8211; Conselho de Controle de Atividades Financeiras<\/h3>\n\n\n\n<p>Trata-se de uma entidade do Minist\u00e9rio da Fazenda, criada como uma Unidade de Intelig\u00eancia Financeira (UIF). Pois atua na preven\u00e7\u00e3o dos crimes de lavagem de dinheiro, segundo a <a href=\"http:\/\/www.planalto.gov.br\/ccivil_03\/leis\/l9613.htm\" target=\"_blank\" rel=\"noreferrer noopener\"><strong>Lei 9.613<\/strong><\/a> de mar\u00e7o de 1998. O COAF atua no territ\u00f3rio brasileiro, contudo se interliga com os v\u00e1rios \u00f3rg\u00e3os internacionais.<\/p>\n\n\n\n<p><\/p>\n\n\n\n<h3 class=\"wp-block-heading\">C\u00f3digo de Obras e Edifica\u00e7\u00f5es<\/h3>\n\n\n\n<p>O C\u00f3digo visa garantir, para seus usu\u00e1rios, a qualidade das edifica\u00e7\u00f5es e instala\u00e7\u00f5es. Principalmente define par\u00e2metros de seguran\u00e7a, conforto ambiental, entre outras determina\u00e7\u00f5es para serem obedecidas no projeto, licenciamento, execu\u00e7\u00e3o e manuten\u00e7\u00e3o do empreendimento.<\/p>\n\n\n\n<p><\/p>\n\n\n\n<p><em>Comprar uma casa num residencial n\u00e3o \u00e9 uma decis\u00e3o f\u00e1cil&#8230; Por\u00e9m voc\u00ea pode contar conosco! Pois n\u00f3s, da Imobili\u00e1ria Brognoli, temos toda a expertise necess\u00e1ria para encontrar o im\u00f3vel que cabe certinho no seu bolso. <a href=\"https:\/\/atendimento.brognoli.com.br\/\" target=\"_blank\" rel=\"noreferrer noopener\"><strong>Fale conosco<\/strong><\/a> e vislumbre o futuro da fam\u00edlia na sua casa nova!<\/em><\/p>\n\n\n\n<p><\/p>\n\n\n\n<h3 class=\"wp-block-heading\">COFECI &#8211; Conselho Federal de Corretores de Im\u00f3veis<\/h3>\n\n\n\n<p>\u00c9 um \u00f3rg\u00e3o fiscalizador da profiss\u00e3o em \u00e2mbito federal, assim, organiza a categoria e impede o mau exerc\u00edcio da atividade profissional. &nbsp;<\/p>\n\n\n\n<p><\/p>\n\n\n\n<h3 class=\"wp-block-heading\">Comiss\u00e3o do im\u00f3vel<\/h3>\n\n\n\n<p>Pagamento recebido pelo corretor de im\u00f3veis, como intermedi\u00e1rio na transa\u00e7\u00e3o imobili\u00e1ria.<\/p>\n\n\n\n<p><\/p>\n\n\n\n<h3 class=\"wp-block-heading\">Comprova\u00e7\u00e3o de Renda<\/h3>\n\n\n\n<p>Exig\u00eancia de uma institui\u00e7\u00e3o financeira, para que o pretendente ao financiamento imobili\u00e1rio comprove com documentos tem receita o suficiente para arcar com as parcelas em quest\u00e3o.<\/p>\n\n\n\n<p><\/p>\n\n\n\n<p><em>A Brognoli Imobili\u00e1ria quer facilitar o seu dia a dia e por isso estamos cada dia mais digitais! Conhe\u00e7a tudo sobre Assinaturas Eletr\u00f4nicas neste <strong><a rel=\"noreferrer noopener\" href=\"https:\/\/www.brognoli.com.br\/assinaturas-eletronicas-trazem-agilidade-e-seguranca\/\" target=\"_blank\">post<\/a>!<\/strong><\/em><\/p>\n\n\n\n<p><\/p>\n\n\n\n<h3 class=\"wp-block-heading\">Condi\u00e7\u00e3o de Compra e Venda de Im\u00f3veis<\/h3>\n\n\n\n<p>Parte do contrato de compra e venda em que o propriet\u00e1rio de um bem, imobili\u00e1rio ou n\u00e3o, assume o compromisso de vend\u00ea-lo ao outro contratante, que, por sua vez, se compromete a compr\u00e1-lo no prazo e pre\u00e7o estipulados.<\/p>\n\n\n\n<p><\/p>\n\n\n\n<h3 class=\"wp-block-heading\">Cons\u00f3rcio<\/h3>\n\n\n\n<p>Cons\u00f3rcio \u00e9 a modalidade de compra baseada na uni\u00e3o de pessoas f\u00edsicas ou jur\u00eddicas &#8211; em grupos, com a finalidade de formar poupan\u00e7a para a aquisi\u00e7\u00e3o de bens m\u00f3veis, im\u00f3veis ou servi\u00e7os. A forma\u00e7\u00e3o desses grupos \u00e9 realizada por uma Administradora de Cons\u00f3rcios, autorizada e fiscalizada pelo Banco Central do Brasil.<\/p>\n\n\n\n<p><\/p>\n\n\n\n<h3 class=\"wp-block-heading\">Cond\u00f4mino<\/h3>\n\n\n\n<p>Dono, juntamente com outros; copropriet\u00e1rio. Portanto \u00e9 a maneira usual de se referir aos membros de um condom\u00ednio.<\/p>\n\n\n\n<p><\/p>\n\n\n\n<h3 class=\"wp-block-heading\">Consolida\u00e7\u00e3o de Propriedade do Im\u00f3vel<\/h3>\n\n\n\n<p>Ato pelo qual h\u00e1 a reuni\u00e3o da mesma pessoa das qualidades de possuidor e de propriet\u00e1rio. Ocorre quando o credor, ent\u00e3o possuidor indireto do bem imobili\u00e1rio, torna-se tamb\u00e9m possuidor direto, em raz\u00e3o da inadimpl\u00eancia do devedor.<\/p>\n\n\n\n<p><\/p>\n\n\n\n<h3 class=\"wp-block-heading\">Constituto Possess\u00f3rio (Cl\u00e1usula Constituti)<\/h3>\n\n\n\n<p>Ocorre a transfer\u00eancia da propriedade, mas n\u00e3o a tradi\u00e7\u00e3o da coisa. O alienante permanece exercendo a posse, por\u00e9m n\u00e3o mais em nome pr\u00f3prio e sim em nome alheio. Assim, o alienante vende o bem, mas continua exercendo a posse como locat\u00e1rio do adquirente, por exemplo.<\/p>\n\n\n\n<p><\/p>\n\n\n\n<h3 class=\"wp-block-heading\">Contrato de Compra e Venda de Im\u00f3veis<\/h3>\n\n\n\n<p>Contrato em que s\u00e3o pactuadas as condi\u00e7\u00f5es de compra e venda de um bem imobili\u00e1rio. Documento pelo qual o vendedor obriga-se a transferir o dom\u00ednio de certo bem ao comprador, no pre\u00e7o, prazo e demais condi\u00e7\u00f5es ajustadas.<\/p>\n\n\n\n<p><\/p>\n\n\n\n<h3 class=\"wp-block-heading\">Contrato de Financiamento<\/h3>\n\n\n\n<p>Documento emitido pela institui\u00e7\u00e3o financeira onde s\u00e3o estabelecidas as condi\u00e7\u00f5es de pagamento, o valor do m\u00fatuo, prazo, al\u00e9m das garantias de um financiamento habitacional.<\/p>\n\n\n\n<p><\/p>\n\n\n\n<h3 class=\"wp-block-heading\">Contrato de Loca\u00e7\u00e3o de Im\u00f3veis<\/h3>\n\n\n\n<p>Documento que estabelece direitos e obriga\u00e7\u00f5es entre locador e locat\u00e1rio, que em troca do uso do im\u00f3vel, se compromete a pagar o valor do aluguel e outras obriga\u00e7\u00f5es estabelecidas no mesmo. Tamb\u00e9m chamado de contrato locat\u00edcio ou contrato de aluguel.<\/p>\n\n\n\n<p><\/p>\n\n\n\n<p><em>O apartamento ou casa dos seus sonhos est\u00e1 esperando por voc\u00ea! Basta falar com a <\/em><a rel=\"noreferrer noopener\" href=\"https:\/\/atendimento.brognoli.com.br\/\" target=\"_blank\"><strong><em>Fabi<\/em><\/strong><\/a><em>, que a Imobili\u00e1ria Brognoli acompanha voc\u00ea em cada etapa do processo.<br>Im\u00f3veis dispon\u00edveis no Estreito, no Centro e na Trindade, na ilha!<\/em><\/p>\n\n\n\n<p><\/p>\n\n\n\n<h3 class=\"wp-block-heading\">Corretagem<\/h3>\n\n\n\n<p>O mesmo que comiss\u00e3o. \u00c9 a remunera\u00e7\u00e3o do corretor de im\u00f3veis.<\/p>\n\n\n\n<p><\/p>\n\n\n\n<h3 class=\"wp-block-heading\">Corretor de Im\u00f3veis<\/h3>\n\n\n\n<p>Profissional respons\u00e1vel por intermediar a rela\u00e7\u00e3o entre vendedor e comprador em uma transa\u00e7\u00e3o imobili\u00e1ria.<\/p>\n\n\n\n<p><\/p>\n\n\n\n<h3 class=\"wp-block-heading\">CRECI<\/h3>\n\n\n\n<p>Conselho Regional de Corretores de Im\u00f3veis.<\/p>\n\n\n\n<p><\/p>\n\n\n\n<h3 class=\"wp-block-heading\">Cr\u00e9dito Associativo<\/h3>\n\n\n\n<p>Modalidade de cr\u00e9dito com recursos do Fundo de Garantia de Tempo de Servi\u00e7o &#8211; FGTS.<\/p>\n\n\n\n<p><\/p>\n\n\n\n<h3 class=\"wp-block-heading\">Cr\u00e9dito Habitacional<\/h3>\n\n\n\n<p>Empr\u00e9stimo concedido pelas institui\u00e7\u00f5es financeiras para comprar, construir, reformar ou financiar casa pr\u00f3pria.<\/p>\n\n\n\n<p><\/p>\n\n\n\n<p><em>Quer morar ou montar o seu neg\u00f3cio onde h\u00e1 com\u00e9rcios, infraestrutura e seguran\u00e7a? No Kobrasol, em S\u00e3o Jos\u00e9 tem isso tudo e muito mais! Apartamento, casa ou sala comercial, voc\u00ea decide, <\/em><a rel=\"noreferrer noopener\" href=\"https:\/\/www.brognoli.com.br\/imoveis\/?filtering=off&amp;sort=newest&amp;ini=1&amp;search_type=3&amp;gsearch_city=S%C3%83O+JOS%C3%89%2C+KOBRASOL&amp;search_city=S%C3%83O+JOS%C3%89&amp;search_neighborhood%5B%5D=KOBRASOL\" target=\"_blank\"><em><strong>acesse<\/strong><\/em><\/a><em> o site da Brognoli Imobili\u00e1ria e confira.<\/em><\/p>\n\n\n\n<p><\/p>\n\n\n\n<h3 class=\"wp-block-heading\">Credor<\/h3>\n\n\n\n<p>Aquele que concede a uma pessoa ou empresa um cr\u00e9dito (empr\u00e9stimo).<\/p>\n\n\n\n<p><\/p>\n\n\n\n<h3 class=\"wp-block-heading\">CUB &#8211; Custo Unit\u00e1rio B\u00e1sico<\/h3>\n\n\n\n<p>Principal indicador do setor da constru\u00e7\u00e3o, o CUB \u00e9 calculado mensalmente pelos Sindicatos da Ind\u00fastria da Constru\u00e7\u00e3o Civil de todo o pa\u00eds. Portanto o seu objetivo b\u00e1sico \u00e9 determinar o custo global da obra e disciplinar o mercado, al\u00e9m de assegurar aos compradores em potencial um par\u00e2metro comparativo \u00e0 realidade dos custos.<\/p>\n\n\n\n<p><\/p>\n\n\n\n<h3 class=\"wp-block-heading\">Curador<\/h3>\n\n\n\n<p>Aquele que exerce a curatela. Portanto \u00e9 a pessoa nomeada para defender interesses, assistir, representar ou defender pessoas incapazes.<\/p>\n\n\n\n<p><\/p>\n\n\n\n<h3 class=\"wp-block-heading\">Curatela<\/h3>\n\n\n\n<p>Institui\u00e7\u00e3o de uma pessoa, denominada curador, com a finalidade de administrar os interesses de outra pessoa que se encontra incapaz de faz\u00ea-lo.<\/p>\n\n\n\n<p><\/p>\n\n\n\n<h3 class=\"wp-block-heading\">Curatelado<\/h3>\n\n\n\n<p>Pessoa submetida \u00e0 curatela.<\/p>\n\n\n\n<p><\/p>\n\n\n\n<p><em>A sala comercial ideal para o seu neg\u00f3cio est\u00e1 mais perto do que voc\u00ea imagina! E a Brognoli Imobili\u00e1ria facilita todas as etapas do processo de aluguel ou compra do im\u00f3vel, basta <\/em><a rel=\"noreferrer noopener\" href=\"https:\/\/atendimento.brognoli.com.br\/\" target=\"_blank\"><strong><em>acessar<\/em><\/strong><\/a><em> e conferir todas as disponibilidades. <\/em><\/p>\n\n\n\n<h2 class=\"wp-block-heading\"><em>&nbsp;<\/em><\/h2>\n\n\n\n<h2 class=\"wp-block-heading\">D<\/h2>\n\n\n\n<h3 class=\"wp-block-heading\">Da\u00e7\u00e3o<\/h3>\n\n\n\n<p>Entregar ao credor uma coisa em pagamento de outra, como um bem imobili\u00e1rio em lugar de dinheiro, para saldar uma d\u00edvida.<\/p>\n\n\n\n<p><\/p>\n\n\n\n<h3 class=\"wp-block-heading\">Den\u00fancia cheia<\/h3>\n\n\n\n<p>Rompimento de contrato de aluguel feito pelo locador, em consequ\u00eancia de infra\u00e7\u00e3o do locat\u00e1rio ou outro motivo previsto em lei.<\/p>\n\n\n\n<p><\/p>\n\n\n\n<h3 class=\"wp-block-heading\">Den\u00fancia vazia<\/h3>\n\n\n\n<p>Rompimento de contrato de aluguel feito pelo locador por conveni\u00eancia pr\u00f3pria, sem necessidade de apresentar justificativas para a retomada do im\u00f3vel.<\/p>\n\n\n\n<p><\/p>\n\n\n\n<h3 class=\"wp-block-heading\">Deprecia\u00e7\u00e3o de Im\u00f3vel<\/h3>\n\n\n\n<p>Perda do valor anterior de mercado de um im\u00f3vel. Ali\u00e1s, a deprecia\u00e7\u00e3o pode ocorrer em fun\u00e7\u00e3o de v\u00e1rios fatores, como mau uso e falta de conserva\u00e7\u00e3o do bem.<\/p>\n\n\n\n<p><\/p>\n\n\n\n<h3 class=\"wp-block-heading\">DIMOB &#8211; Declara\u00e7\u00e3o de Informa\u00e7\u00f5es sobre Atividades Imobili\u00e1rias<\/h3>\n\n\n\n<p>Declara\u00e7\u00e3o que todas as imobili\u00e1rias, construtoras e incorporadoras devem emitir para a Receita Federal, informando os detalhes das transa\u00e7\u00f5es imobili\u00e1rias realizadas.<\/p>\n\n\n\n<p><\/p>\n\n\n\n<h3 class=\"wp-block-heading\">Direito de Prefer\u00eancia<\/h3>\n\n\n\n<p>Direito concedido por lei ao inquilino ou cond\u00f4mino de que seja oferecida primeiramente a ele a compra do bem imobili\u00e1rio que ocupa ou tem parte da propriedade.<\/p>\n\n\n\n<p><\/p>\n\n\n\n<h3 class=\"wp-block-heading\">DOI &#8211; Declara\u00e7\u00e3o de opera\u00e7\u00f5es Imobili\u00e1rias<\/h3>\n\n\n\n<p>A DOI \u00e9 uma obriga\u00e7\u00e3o acess\u00f3ria que dever\u00e1 sobre opera\u00e7\u00f5es envolvendo im\u00f3veis independentemente de seu valor.<\/p>\n\n\n\n<p><\/p>\n\n\n\n<p><em>Procurando um apartamento na Trindade ou no Centro?! Pois clicando <\/em><a rel=\"noreferrer noopener\" href=\"https:\/\/www.brognoli.com.br\/imoveis\/?sort=newest&amp;search_type=3&amp;search_city=FLORIAN%C3%93POLIS&amp;search_min_price=&amp;search_max_price=&amp;search_bedrooms=0&amp;search_garages=0\" target=\"_blank\"><strong><em>aqui<\/em><\/strong><\/a><strong><em> <\/em><\/strong><em>voc\u00ea poder\u00e1 visualizar todos os im\u00f3veis dispon\u00edveis para aluguel e compra nesses, e em outros bairros em Floripa.<\/em><\/p>\n\n\n\n<h2 class=\"wp-block-heading\">&nbsp;<\/h2>\n\n\n\n<h2 class=\"wp-block-heading\">E<\/h2>\n\n\n\n<h3 class=\"wp-block-heading\">Edifica\u00e7\u00e3o Permanente<\/h3>\n\n\n\n<p>Aquela de car\u00e1ter duradouro, bem imobili\u00e1rio como um um pr\u00e9dio, casa, sala comercial, ind\u00fastria etc.<\/p>\n\n\n\n<p><\/p>\n\n\n\n<h3 class=\"wp-block-heading\">Edifica\u00e7\u00e3o<\/h3>\n\n\n\n<p>Obra coberta destinada a abrigar atividade humana ou qualquer instala\u00e7\u00e3o, equipamento e material.<\/p>\n\n\n\n<p><\/p>\n\n\n\n<h3 class=\"wp-block-heading\">Esbulho Possess\u00f3rio<\/h3>\n\n\n\n<p>Ato que utiliza de \u201cfor\u00e7a\u201d e tem como fim desapossar uma pessoa daquilo que lhe pertence ou \u00e9 possuidor.<\/p>\n\n\n\n<p>&nbsp;<\/p>\n\n\n\n<h3 class=\"wp-block-heading\">Escritura Definitiva de Im\u00f3vel<\/h3>\n\n\n\n<p>Ato jur\u00eddico, lavrado em Cart\u00f3rio, onde o vendedor transmite ao comprador a posse e dom\u00ednio de im\u00f3vel, contudo \u00e9 necess\u00e1rio que o pre\u00e7o seja integralizado.<\/p>\n\n\n\n<p><\/p>\n\n\n\n<p><em>Adquirir um bem imobili\u00e1rio pode ser mais simples do que voc\u00ea imagina. Basta ter com quem contar! A Brognoli Imobili\u00e1ria possui mais de 65 anos de experi\u00eancia, construindo e ajudando a construir sonhos.<br>Acesse <\/em><a rel=\"noreferrer noopener\" href=\"https:\/\/www.brognoli.com.br\/imoveis\/?sort=newest&amp;search_type=16&amp;search_city=Florian%C3%B3polis&amp;search_min_price=&amp;search_max_price=&amp;search_bedrooms=0&amp;search_garages=0\" target=\"_blank\"><strong><em>aqui<\/em><\/strong><\/a><em> todos os im\u00f3veis a venda em Florian\u00f3polis.<\/em><\/p>\n\n\n\n<p><\/p>\n\n\n\n<h3 class=\"wp-block-heading\">Evic\u00e7\u00e3o<\/h3>\n\n\n\n<p>Entende-se como a responsabilidade do alienante em indenizar o adquirente pelos efeitos decorrentes da perda, total ou parcial, da coisa adquirida em raz\u00e3o de decis\u00e3o judicial que reconheceu a titularidade do bem a uma terceira pessoa, devido um neg\u00f3cio jur\u00eddico celebrado anteriormente.<\/p>\n\n\n\n<p><\/p>\n\n\n\n<h3 class=\"wp-block-heading\">Execu\u00e7\u00e3o<\/h3>\n\n\n\n<p>Fase do processo que se faz cumprir uma senten\u00e7a judicial.<\/p>\n\n\n\n<p><\/p>\n\n\n\n<h3 class=\"wp-block-heading\">Expropria\u00e7\u00e3o<\/h3>\n\n\n\n<p>Ato de desapossar algu\u00e9m de sua propriedade, mediante processo movido pelo Estado.<\/p>\n\n\n\n<p><\/p>\n\n\n\n<p><em>Veja <\/em><a rel=\"noreferrer noopener\" href=\"https:\/\/www.brognoli.com.br\/ilusao-de-otica-aprenda-4-tecnicas-para-ampliar-ambientes\/\" target=\"_blank\"><strong><em>aqui<\/em><\/strong><\/a><em> as dicas para ampliar ambientes em apartamentos, kitnets e c\u00f4modos pequenos no Kobrasol em S\u00e3o Jos\u00e9, ou no Estreito, em Florian\u00f3polis!<\/em><\/p>\n\n\n\n<h2 class=\"wp-block-heading\"><\/h2>\n\n\n\n<h2 class=\"wp-block-heading\">F<\/h2>\n\n\n\n<h3 class=\"wp-block-heading\">Fachada Pr\u00e9-fabricada<\/h3>\n\n\n\n<p>Refere-se a fachada em concreto pr\u00e9-fabricada, com acabamento final dos dois lados e pronta para instala\u00e7\u00e3o.<\/p>\n\n\n\n<p><\/p>\n\n\n\n<h3 class=\"wp-block-heading\">Fachada<\/h3>\n\n\n\n<p>Utilizado para designar a frente ou qualquer uma das paredes externas que se volta para a rua.<\/p>\n\n\n\n<p><\/p>\n\n\n\n<p><em>Est\u00e1 querendo visitar algum im\u00f3vel com seguran\u00e7a? Ent\u00e3o acesse <\/em><a rel=\"noreferrer noopener\" href=\"https:\/\/atendimento.brognoli.com.br\/\" target=\"_blank\"><strong><em>aqui<\/em><\/strong><\/a><em><strong> <\/strong>e fa\u00e7a j\u00e1 um <\/em><a rel=\"noreferrer noopener\" href=\"https:\/\/www.brognoli.com.br\/dicas-para-aproveitar-melhor-sua-visita-virtual-ao-imovel\/\" target=\"_blank\"><strong><em>tour virtual<\/em><\/strong><\/a><em> pelo residencial ou a cobertura dos seus sonhos nos bairros Estreito e no Centro de Floripa.<\/em><\/p>\n\n\n\n<p>&nbsp;<\/p>\n\n\n\n<h3 class=\"wp-block-heading\">FGTS (Fundo de Garantia do Tempo de Servi\u00e7o)<\/h3>\n\n\n\n<p>Conta poupan\u00e7a aberta pelo empregador em nome do empregado, onde todo m\u00eas o empregador deposita 8% do sal\u00e1rio de seu funcion\u00e1rio com rendimento de 3% ao ano mais a varia\u00e7\u00e3o mensal da TR. Portanto o saldo poder\u00e1 ser resgatado pelo empregado caso ele seja demitido ou queira financiar a casa pr\u00f3pria pelo SFH.<\/p>\n\n\n\n<p><\/p>\n\n\n\n<h3 class=\"wp-block-heading\">Fiador de Im\u00f3vel<\/h3>\n\n\n\n<p>Pessoa que assume as obriga\u00e7\u00f5es (como aluguel, taxas, multas e corre\u00e7\u00e3o) de outro, posteriormente a inadimpl\u00eancia deste.<\/p>\n\n\n\n<p><\/p>\n\n\n\n<h3 class=\"wp-block-heading\">Financiamento Imobili\u00e1rio<\/h3>\n\n\n\n<p>Empr\u00e9stimo concedido por institui\u00e7\u00f5es financeiras para custear a constru\u00e7\u00e3o, reforma ou a compra de um im\u00f3vel.<\/p>\n\n\n\n<p><\/p>\n\n\n\n<h3 class=\"wp-block-heading\">Flat<\/h3>\n\n\n\n<p>Edif\u00edcio administrado por um grupo hoteleiro, n\u00e3o tendo a formalidade caracter\u00edstica de um hotel, mas sim, o objetivo oferecer aos seus h\u00f3spedes ou moradores os servi\u00e7os de hotelaria.<\/p>\n\n\n\n<p><\/p>\n\n\n\n<h3 class=\"wp-block-heading\">Foro<\/h3>\n\n\n\n<p>Possui dos significados. Pode se referir tanto ao Tribunal de Justi\u00e7a; lugar onde funcionam os \u00f3rg\u00e3os do poder judici\u00e1rio; f\u00f3rum; jurisdi\u00e7\u00e3o, al\u00e7ada, poder. Quanto ao privil\u00e9gio, uso e direito garantido pelo tempo ou pela lei.<\/p>\n\n\n\n<p><\/p>\n\n\n\n<p><em>Que tal conferir os im\u00f3veis em bairros onde voc\u00ea e a sua fam\u00edlia sempre quiseram morar em Floripa? Pois veja <\/em><a rel=\"noreferrer noopener\" href=\"https:\/\/www.brognoli.com.br\/imoveis\/?sort=newest&amp;search_type=3&amp;search_city=FLORIAN%C3%93POLIS&amp;search_neighborhood%5B%5D=CENTRO&amp;search_neighborhood%5B%5D=ESTREITO&amp;search_neighborhood%5B%5D=TRINDADE&amp;search_min_price=&amp;search_max_price=&amp;search_bedrooms=0&amp;search_garages=0\" target=\"_blank\"><strong><em>aqui<\/em><\/strong><\/a><em> casas e apartamentos na Trindade, Centro e no Estreito.<\/em><\/p>\n\n\n\n<p><\/p>\n\n\n\n<h3 class=\"wp-block-heading\">Fundo de Reserva<\/h3>\n\n\n\n<p>Recursos depositados sem conta espec\u00edfica do condom\u00ednio e que podem ser utilizados para realiza\u00e7\u00e3o de obras de conserva\u00e7\u00e3o ordin\u00e1ria e extraordin\u00e1ria, al\u00e9m de aplicado na execu\u00e7\u00e3o de benfeitorias nas partes comuns do pr\u00e9dio ou condom\u00ednio.<\/p>\n\n\n\n<p><\/p>\n\n\n\n<p><em>Procurando um apartamento ou casa na Trindade ou no Centro?! Pois clicando <\/em><a rel=\"noreferrer noopener\" href=\"https:\/\/www.brognoli.com.br\/imoveis\/?sort=newest&amp;search_type=3&amp;search_city=FLORIAN%C3%93POLIS&amp;search_min_price=&amp;search_max_price=&amp;search_bedrooms=0&amp;search_garages=0\" target=\"_blank\"><strong><em>aqui<\/em><\/strong><\/a><strong><em> <\/em><\/strong><em>voc\u00ea poder\u00e1 visualizar todos os im\u00f3veis dispon\u00edveis para aluguel e compra nesses, e em outros bairros em Floripa.<\/em><\/p>\n\n\n\n<h2 class=\"wp-block-heading\">&nbsp;<\/h2>\n\n\n\n<h2 class=\"wp-block-heading\">G<\/h2>\n\n\n\n<h3 class=\"wp-block-heading\">Galp\u00e3o<\/h3>\n\n\n\n<p>Constru\u00e7\u00e3o constitu\u00edda de cobertura de telha com os lados (pelo menos um deles) desprovidos de parede; utilizada para dep\u00f3sito e\/ou abrigo de produtos.<\/p>\n\n\n\n<p><\/p>\n\n\n\n<h3 class=\"wp-block-heading\">Ganho de Capital<\/h3>\n\n\n\n<p>Ganho de Capital \u00e9 quando determinado BEM (ou grupo de bens da mesma natureza) for vendido, doado ou transferido por valor superior ao pre\u00e7o de custo. Ou seja, a diferen\u00e7a positiva do pre\u00e7o de venda, doa\u00e7\u00e3o, transfer\u00eancia em rela\u00e7\u00e3o ao custo \u00e9 o Ganho de Capital.<\/p>\n\n\n\n<p><\/p>\n\n\n\n<h3 class=\"wp-block-heading\">GCAP<\/h3>\n\n\n\n<p>Programa de Apura\u00e7\u00e3o dos Ganhos de Capital dispon\u00edvel para download no site da Receita Federal.<\/p>\n\n\n\n<p><\/p>\n\n\n\n<h3 class=\"wp-block-heading\">Gravame<\/h3>\n\n\n\n<p>Restri\u00e7\u00e3o, d\u00edvida que pesa sobre o bem, impedindo a sua transfer\u00eancia.<\/p>\n\n\n\n<p><\/p>\n\n\n\n<p><em>Pensando em pintar as paredes do seu ap\u00ea novinho? <\/em><a rel=\"noreferrer noopener\" href=\"https:\/\/www.brognoli.com.br\/pintura-paredes-internas-melhorar-astral-da-casa\/\" target=\"_blank\"><strong><em>Pinte \u00e0 vontade<\/em><\/strong><\/a><em>\u2026 Pois a Brognoli Imobili\u00e1ria pinta o seu apartamento, casa ou kitnet no Estreito quando o seu contrato de aluguel acabar, conhe\u00e7a e solicite com a <\/em><a rel=\"noreferrer noopener\" href=\"https:\/\/atendimento.brognoli.com.br\/\" target=\"_blank\"><strong><em>Fabi<\/em><\/strong><\/a><em>!&nbsp;<\/em><\/p>\n\n\n\n<h2 class=\"wp-block-heading\"><\/h2>\n\n\n\n<h2 class=\"wp-block-heading\">H<\/h2>\n\n\n\n<h3 class=\"wp-block-heading\">Habite-se<\/h3>\n\n\n\n<p>Autoriza\u00e7\u00e3o concedida pela prefeitura para que se possa ocupar e utilizar um im\u00f3vel rec\u00e9m-constru\u00eddo ou reformado. Entrentanto esta autoriza\u00e7\u00e3o s\u00f3 \u00e9 emitida ap\u00f3s o im\u00f3vel ter sido vistoriado por fiscais de obras, os quais comparam a constru\u00e7\u00e3o com o projeto anteriormente aprovado, e de servi\u00e7os p\u00fablicos (corpo de bombeiros, companhias de luz, g\u00e1s, \u00e1gua e esgotos).<\/p>\n\n\n\n<p><\/p>\n\n\n\n<h3 class=\"wp-block-heading\">Hipoteca<\/h3>\n\n\n\n<p>Utiliza\u00e7\u00e3o de bens imobili\u00e1rios como garantia de pagamento de uma d\u00edvida. O devedor det\u00e9m a propriedade e a posse do im\u00f3vel, que poder\u00e1 ser tomado pelo credor (a quem ou a que se deve dinheiro ou qualquer outro valor) por meio de execu\u00e7\u00e3o judicial ou execu\u00e7\u00e3o extrajudicial.<\/p>\n\n\n\n<p><\/p>\n\n\n\n<p><em>Est\u00e1 pensando em mudar de apartamento? Ent\u00e3o n\u00e3o deixe de conferir os melhores im\u00f3veis para aluguel ou compra no Kobrasol em Santa Catarina. Acesse <\/em><a rel=\"noreferrer noopener\" href=\"https:\/\/www.brognoli.com.br\/imoveis\/?sort=newest&amp;search_type=16&amp;search_category=1418&amp;search_min_price=&amp;search_max_price=&amp;search_bedrooms=0&amp;search_garages=0\" target=\"_blank\"><strong><em>aqui<\/em><\/strong><\/a><em>!<\/em><\/p>\n\n\n\n<h2 class=\"wp-block-heading\">&nbsp;<\/h2>\n\n\n\n<h2 class=\"wp-block-heading\">I<\/h2>\n\n\n\n<h3 class=\"wp-block-heading\">IGP-M<\/h3>\n\n\n\n<p>\u00cdndice Geral dos Pre\u00e7os calculado e divulgado pela Funda\u00e7\u00e3o Get\u00falio Vargas. Nos contratos de compra e venda de im\u00f3veis, por exemplo, o IGP-M \u00e9 um \u00edndice que pode ser utilizado para atualiza\u00e7\u00e3o monet\u00e1ria, principalmente ap\u00f3s a conclus\u00e3o das obras. Entretanto \u00e9 tamb\u00e9m muito utilizado na corre\u00e7\u00e3o do aluguel.<\/p>\n\n\n\n<p><\/p>\n\n\n\n<h3 class=\"wp-block-heading\">Im\u00f3vel Alienado<\/h3>\n\n\n\n<p>Trata-se do bem imobili\u00e1rio que ainda n\u00e3o est\u00e1 completamente quitado pelo comprador.<\/p>\n\n\n\n<p><\/p>\n\n\n\n<h3 class=\"wp-block-heading\">Im\u00f3vel<strong> <\/strong>na<strong> <\/strong>Planta<\/h3>\n\n\n\n<p>Refere-se ao im\u00f3vel comercializado na fase de lan\u00e7amento, ou seja, antes do in\u00edcio de sua constru\u00e7\u00e3o.<\/p>\n\n\n\n<p><\/p>\n\n\n\n<h3 class=\"wp-block-heading\">Impenhorabilidade<\/h3>\n\n\n\n<p>Todo bem m\u00f3vel ou bem imobili\u00e1rio imprescind\u00edvel \u00e0 vida da pessoa devedora, e que n\u00e3o pode ser objeto de penhora pelos seus credores.<\/p>\n\n\n\n<p><\/p>\n\n\n\n<p><em>A nova realidade econ\u00f4mica pede planejamento familiar. Por isso, pense na fam\u00edlia que deseja ter e conquiste o sonho de morar onde h\u00e1 seguran\u00e7a, cultura e lazer. Como na Trindade e no Kobrasol, em Santa Catarina!<br>Confira os im\u00f3veis dispon\u00edveis para compra e aluguel no nosso <\/em><a rel=\"noreferrer noopener\" href=\"https:\/\/www.brognoli.com.br\/imoveis\/?sort=newest&amp;search_type=16&amp;search_category=1418&amp;search_min_price=&amp;search_max_price=&amp;search_bedrooms=0&amp;search_garages=0\" target=\"_blank\"><strong><em>site<\/em><\/strong><\/a><em> e fale conosco.&nbsp;<\/em><\/p>\n\n\n\n<p><\/p>\n\n\n\n<h3 class=\"wp-block-heading\">Inadimpl\u00eancia ou Inadimplemento de Im\u00f3veis<\/h3>\n\n\n\n<p>Descumprimento de uma obriga\u00e7\u00e3o como o pagamento de d\u00edvidas, presta\u00e7\u00f5es imobili\u00e1rias, ou cl\u00e1usulas contratuais.<\/p>\n\n\n\n<p><\/p>\n\n\n\n<h3 class=\"wp-block-heading\">Inalienabilidade<\/h3>\n\n\n\n<p>Qualidade de um bem imobili\u00e1rio que n\u00e3o pode ser transferido a outro propriet\u00e1rio, nem hipotecado.<\/p>\n\n\n\n<p><\/p>\n\n\n\n<h3 class=\"wp-block-heading\">INCC &#8211; \u00cdndice Nacional de Custo da Constru\u00e7\u00e3o<\/h3>\n\n\n\n<p>Elaborado pela Funda\u00e7\u00e3o Get\u00falio Vargas, o \u00edndice tem a finalidade de apurar o reajuste do valor dos im\u00f3veis em constru\u00e7\u00e3o. \u00c9 utilizado como base para a corre\u00e7\u00e3o dos contratos de compra de im\u00f3veis, enquanto a obra est\u00e1 em execu\u00e7\u00e3o.<\/p>\n\n\n\n<p><\/p>\n\n\n\n<h3 class=\"wp-block-heading\">Incomunicabilidade<\/h3>\n\n\n\n<p>Ato de registrar bens im\u00f3veis sem que o c\u00f4njuge tenha direito a reclama\u00e7\u00e3o futura sobre heran\u00e7a.<\/p>\n\n\n\n<p><\/p>\n\n\n\n<h3 class=\"wp-block-heading\">\u00cdndice de Reajuste<\/h3>\n\n\n\n<p>\u00cdndice pactuado em contrato, geralmente um \u00edndice de pre\u00e7os, \u00e9 utilizado para atualiza\u00e7\u00e3o monet\u00e1ria dos valores envolvidos no mesmo. <\/p>\n\n\n\n<p><\/p>\n\n\n\n<p><em>Voc\u00ea tem um sonho e s\u00f3 te falta a sala comercial? Pois ent\u00e3o clique <\/em><a rel=\"noreferrer noopener\" href=\"https:\/\/www.brognoli.com.br\/imoveis\/?sort=newest&amp;search_type=3&amp;search_city=FLORIAN%C3%93POLIS&amp;search_neighborhood%5B%5D=TRINDADE&amp;search_category=1629&amp;search_min_price=&amp;search_max_price=&amp;search_bedrooms=0&amp;search_garages=0\" target=\"_blank\"><strong><em>aqui<\/em><\/strong><\/a><em> e veja as melhores op\u00e7\u00f5es para alugar na Trindade que a Brognoli Imobili\u00e1ria tem para te oferecer.<\/em><\/p>\n\n\n\n<p><\/p>\n\n\n\n<h3 class=\"wp-block-heading\">INPC &#8211; \u00cdndice Nacional de Pre\u00e7os ao Consumidor<\/h3>\n\n\n\n<p>Medido pelo IBGE (Instituto Brasileiro de Geografia e Estat\u00edstica), ele \u00e9 obtido a partir dos \u00cdndices de Pre\u00e7os ao Consumidor regionais e tem como objetivo oferecer a varia\u00e7\u00e3o dos pre\u00e7os no mercado, mostrando, assim, o aumento do custo de vida da popula\u00e7\u00e3o.<\/p>\n\n\n\n<p><\/p>\n\n\n\n<h3 class=\"wp-block-heading\">Inquilino do Im\u00f3vel<\/h3>\n\n\n\n<p>Pessoa que aluga um im\u00f3vel e \u00e9 respons\u00e1vel pelo pagamento do aluguel e demais taxas. Entretanto \u00e9 tamb\u00e9m chamado de locat\u00e1rio.<\/p>\n\n\n\n<p><\/p>\n\n\n\n<h3 class=\"wp-block-heading\">Interveniente<\/h3>\n\n\n\n<p>Que interv\u00e9m. \u00c9 algu\u00e9m que passa a fazer parte de um ato entre duas partes (pessoas ou institui\u00e7\u00f5es).<\/p>\n\n\n\n<p><\/p>\n\n\n\n<h3 class=\"wp-block-heading\">Inventariante<\/h3>\n\n\n\n<p>Pessoa que inventaria ou faz o rol (rela\u00e7\u00e3o, lista) dos bens inventariados. No geral, o inventariante \u00e9 uma pessoa, nomeada pelo juiz para administrar e partilhar uma heran\u00e7a, representando-a ativa e passivamente enquanto esta a\u00e7\u00e3o n\u00e3o \u00e9 finalizada.<\/p>\n\n\n\n<p><\/p>\n\n\n\n<h3 class=\"wp-block-heading\">Invent\u00e1rio<\/h3>\n\n\n\n<p>Rela\u00e7\u00e3o dos bens deixados por algu\u00e9m que morreu e valores ativos e passivos duma sociedade mercantil ou de qualquer entidade econ\u00f4mica; processo, formado em ju\u00edzo competente, com o fim de legalizar a transfer\u00eancia do patrim\u00f4nio do falecido a seus herdeiros e sucessores na propor\u00e7\u00e3o exata de seus direitos mediante a partilha.<\/p>\n\n\n\n<p><\/p>\n\n\n\n<h3 class=\"wp-block-heading\">IPTU<\/h3>\n\n\n\n<p>Sigla de Imposto Predial Territorial Urbano. Tributo municipal cujo fato gerador \u00e9 a propriedade de um bem imobili\u00e1rio territorial urbano. A base de c\u00e1lculo para a cobran\u00e7a do IPTU \u00e9 o valor venal do im\u00f3vel \u2013 valor estimado de venda do bem, que leva em considera\u00e7\u00e3o metragens, localiza\u00e7\u00e3o, destina\u00e7\u00e3o e tipo do im\u00f3vel.<\/p>\n\n\n\n<p><\/p>\n\n\n\n<h3 class=\"wp-block-heading\">Irretrat\u00e1vel<\/h3>\n\n\n\n<p>Que n\u00e3o se pode retratar; imut\u00e1vel, irrevog\u00e1vel.<\/p>\n\n\n\n<p><\/p>\n\n\n\n<p><em>Viu as in\u00fameras op\u00e7\u00f5es de <strong>casas<\/strong> e <strong>apartamentos<\/strong> e ficou d\u00favida?<br>Sem stress! Nosso time e a Fabi v\u00e3o te ajudar a encontrar o lugar ideal para voc\u00ea viver os seus sonhos! Clique <\/em><a href=\"https:\/\/atendimento.brognoli.com.br\/\" target=\"_blank\" rel=\"noreferrer noopener\"><strong><em>aqui<\/em><\/strong><\/a><em>.<\/em><\/p>\n\n\n\n<p><\/p>\n\n\n\n<h3 class=\"wp-block-heading\">Irrevog\u00e1vel<\/h3>\n\n\n\n<p>Que n\u00e3o pode ser cancelado, anulado, declarado sem efeito ou cassado.<\/p>\n\n\n\n<p><\/p>\n\n\n\n<h3 class=\"wp-block-heading\">ITBI<\/h3>\n\n\n\n<p>Imposto de Transmiss\u00e3o de Bens Im\u00f3veis ou Imposto de Transmiss\u00e3o Intervivos em alguns munic\u00edpios. Tributo gerado pela transa\u00e7\u00e3o imobili\u00e1ria e cobrado pela prefeitura sempre que h\u00e1 transmiss\u00e3o de propriedade de bens im\u00f3veis. Contudo, o recolhimento dessa taxa, que varia de acordo com a legisla\u00e7\u00e3o municipal, \u00e9 de responsabilidade do comprador.<\/p>\n\n\n\n<p><\/p>\n\n\n\n<p><em>Imagine come\u00e7ar 2021 de <strong>casa<\/strong> nova? Ent\u00e3o confira <strong>casas<\/strong> para <strong><a href=\"https:\/\/www.brognoli.com.br\/imoveis\/?sort=newest&amp;search_type=3&amp;search_city=FLORIAN%C3%93POLIS&amp;search_min_price=&amp;search_max_price=&amp;search_bedrooms=0&amp;search_garages=0\" target=\"_blank\" rel=\"noreferrer noopener\">aluguel<\/a><\/strong> e <strong><a href=\"https:\/\/www.brognoli.com.br\/imoveis\/?sort=newest&amp;search_type=16&amp;search_category=1418&amp;search_min_price=&amp;search_max_price=&amp;search_bedrooms=0&amp;search_garages=0\" target=\"_blank\" rel=\"noreferrer noopener\">compra<\/a><\/strong> nos bairros <strong>Estreito<\/strong> e <strong>Centro<\/strong> em <strong>Florian\u00f3polis<\/strong>, ou no <strong>Kobrasol<\/strong> em S\u00e3o Jos\u00e9, <strong>Santa<\/strong> <strong>Catarina<\/strong>!<\/em><\/p>\n\n\n\n<h2 class=\"wp-block-heading\"><\/h2>\n\n\n\n<h2 class=\"wp-block-heading\">J<\/h2>\n\n\n\n<h3 class=\"wp-block-heading\">Juro Composto<\/h3>\n\n\n\n<p>Quando o juro \u00e9 somado sobre uma parcela que j\u00e1 cont\u00e9m outros juros.<\/p>\n\n\n\n<p><\/p>\n\n\n\n<h3 class=\"wp-block-heading\">Juros Simples<\/h3>\n\n\n\n<p>Refere-se aos juros que s\u00e3o pagos apenas sobre o valor do principal (ou montante) do empr\u00e9stimo.<\/p>\n\n\n\n<p><\/p>\n\n\n\n<h3 class=\"wp-block-heading\">Juros<\/h3>\n\n\n\n<p>Remunera\u00e7\u00e3o que o tomador de um empr\u00e9stimo paga ao propriet\u00e1rio do capital emprestado.<\/p>\n\n\n\n<p><\/p>\n\n\n\n<h3 class=\"wp-block-heading\">Juros de Mora<\/h3>\n\n\n\n<p>Tratam-se dos juros cobrados como multa por mora (demora, atraso) no pagamento de uma d\u00edvida.<\/p>\n\n\n\n<h2 class=\"wp-block-heading\"><\/h2>\n\n\n\n<h2 class=\"wp-block-heading\">L<\/h2>\n\n\n\n<h3 class=\"wp-block-heading\">Lei de Incorpora\u00e7\u00f5es de Im\u00f3veis<\/h3>\n\n\n\n<p>Refere-se a <a href=\"http:\/\/www.planalto.gov.br\/ccivil_03\/leis\/l4591.htm\" target=\"_blank\" rel=\"noreferrer noopener\"><strong>Lei federal n\u00b0 4.591, de 1964<\/strong><\/a>, que trata sobre condom\u00ednios em edifica\u00e7\u00f5es.<\/p>\n\n\n\n<p><\/p>\n\n\n\n<h3 class=\"wp-block-heading\">Lei do Inquilinato<\/h3>\n\n\n\n<p>\u00c9 a <a href=\"http:\/\/www.planalto.gov.br\/ccivil_03\/leis\/l8245.htm\" target=\"_blank\" rel=\"noreferrer noopener\"><strong>Lei federal n.\u00ba 8.245, de 1991<\/strong><\/a>, que regula a loca\u00e7\u00e3o de <strong>im\u00f3veis<\/strong> <strong>residenciais<\/strong>.<\/p>\n\n\n\n<p><\/p>\n\n\n\n<h3 class=\"wp-block-heading\">Leil\u00e3o<\/h3>\n\n\n\n<p>Venda p\u00fablica de bens e objetos que se entregam a quem oferecer o maior pre\u00e7o.<\/p>\n\n\n\n<p><\/p>\n\n\n\n<h3 class=\"wp-block-heading\">Locador do Im\u00f3vel<\/h3>\n\n\n\n<p>Propriet\u00e1rio ou representante de um <strong>im\u00f3vel<\/strong> que <strong>aluga<\/strong> o mesmo para outra pessoa.<\/p>\n\n\n\n<p><\/p>\n\n\n\n<p><em>Est\u00e1 em d\u00favida se compra ou aluga aquela casa que est\u00e1 de olho? Pois n\u00f3s, da Brognoli Imobili\u00e1ria, podemos te ajudar a tomar essa decis\u00e3o! Temos um time inteiro capacitado ao seu dispor, para voc\u00ea decidir com planejamento e seguran\u00e7a. Clique <strong><a rel=\"noreferrer noopener\" href=\"https:\/\/atendimento.brognoli.com.br\/\" target=\"_blank\">aqui<\/a><\/strong> e converse j\u00e1 conosco.<\/em><\/p>\n\n\n\n<p><\/p>\n\n\n\n<h3 class=\"wp-block-heading\">Locat\u00e1rio do Im\u00f3vel<\/h3>\n\n\n\n<p>Pessoa que aluga bens imobili\u00e1rios. Tamb\u00e9m chamado de inquilino.<\/p>\n\n\n\n<p><\/p>\n\n\n\n<h3 class=\"wp-block-heading\">Loft<\/h3>\n\n\n\n<p>Tipo de apartamento ou casa com planta diferenciada, onde os espa\u00e7os s\u00e3o abertos, integrados e quase sem paredes para delimitar um c\u00f4modo.<\/p>\n\n\n\n<p><\/p>\n\n\n\n<h3 class=\"wp-block-heading\">Loteamento<\/h3>\n\n\n\n<p>Divis\u00e3o da terra em lotes, com exig\u00eancia de abertura ou prolongamento de vias p\u00fablicas.<\/p>\n\n\n\n<h2 class=\"wp-block-heading\"><\/h2>\n\n\n\n<h2 class=\"wp-block-heading\">M<\/h2>\n\n\n\n<h3 class=\"wp-block-heading\">Matr\u00edcula do Im\u00f3vel<\/h3>\n\n\n\n<p>N\u00famero de registrode bens imobili\u00e1rios no cart\u00f3rio desde a sua constru\u00e7\u00e3o.<\/p>\n\n\n\n<p><\/p>\n\n\n\n<h3 class=\"wp-block-heading\">Memorial descritivo<\/h3>\n\n\n\n<p>\u00c9 o grande livro da constru\u00e7\u00e3o. Portanto o documento deve constar qualquer material e equipamento que foi aplicado na obra.<\/p>\n\n\n\n<p><\/p>\n\n\n\n<h3 class=\"wp-block-heading\">Mora<\/h3>\n\n\n\n<p>Demora, atraso na execu\u00e7\u00e3o de uma obriga\u00e7\u00e3o. Est\u00e1 em mora, por exemplo, aquele que n\u00e3o realiza um pagamento na data determinada e assim como quem se recusar a receber um pagamento na forma e prazo estipulados.<\/p>\n\n\n\n<p><\/p>\n\n\n\n<h3 class=\"wp-block-heading\">Multa<\/h3>\n\n\n\n<p>Penalidade imposta \u00e0s pessoas f\u00edsicas e jur\u00eddicas que n\u00e3o cumprem leis, regulamentos, contratos e etc.<\/p>\n\n\n\n<p><\/p>\n\n\n\n<h3 class=\"wp-block-heading\">Mutu\u00e1rio<\/h3>\n\n\n\n<p>Aquele que recebe por empr\u00e9stimo, qualquer coisa fung\u00edvel, portanto algo bem concreto que se desgasta com o tempo.<\/p>\n\n\n\n<h2 class=\"wp-block-heading\">&nbsp;<\/h2>\n\n\n\n<h2 class=\"wp-block-heading\">N<\/h2>\n\n\n\n<h3 class=\"wp-block-heading\">Nota promiss\u00f3ria<\/h3>\n\n\n\n<p>Documento escrito em que algu\u00e9m se compromete a pagar determinado valor para pessoa f\u00edsica ou jur\u00eddica em data espec\u00edfica.<\/p>\n\n\n\n<p><\/p>\n\n\n\n<h3 class=\"wp-block-heading\">Nu-propriet\u00e1rio<\/h3>\n\n\n\n<p>\u00c9 o indiv\u00edduo a quem compete \u00e0 propriedade do bem, mas n\u00e3o o seu uso, que \u00e9 do usufrutu\u00e1rio.<\/p>\n\n\n\n<h2 class=\"wp-block-heading\"><\/h2>\n\n\n\n<h2 class=\"wp-block-heading\">O<\/h2>\n\n\n\n<h3 class=\"wp-block-heading\">\u00d4nus Geral<\/h3>\n\n\n\n<p>Gravar um bem de \u00f4nus real significa instituir sobre ele um encargo que limita, de qualquer forma, o seu exerc\u00edcio.<\/p>\n\n\n\n<p><\/p>\n\n\n\n<h3 class=\"wp-block-heading\">\u00d4nus Pessoal<\/h3>\n\n\n\n<p>D\u00edvida de car\u00e1ter pessoal que pode recair sobre o bem do devedor.<\/p>\n\n\n\n<p><\/p>\n\n\n\n<h3 class=\"wp-block-heading\">Ordem de Despejo de Im\u00f3vel<\/h3>\n\n\n\n<p>Mandado judicial que obriga o locat\u00e1rio (inquilino) a desocupar o im\u00f3vel alugado em determinado prazo.<\/p>\n\n\n\n<p><\/p>\n\n\n\n<h3 class=\"wp-block-heading\">Outorgado<\/h3>\n\n\n\n<p>Aquele para o qual o direito \u00e9 concedido.<\/p>\n\n\n\n<h3 class=\"wp-block-heading\">&nbsp;<\/h3>\n\n\n\n<h3 class=\"wp-block-heading\">Outorgante<\/h3>\n\n\n\n<p>Aquele que aprova, concede, bem como consente o direito.<\/p>\n\n\n\n<h2 class=\"wp-block-heading\"><\/h2>\n\n\n\n<h2 class=\"wp-block-heading\">P<\/h2>\n\n\n\n<h3 class=\"wp-block-heading\">Partilha<\/h3>\n\n\n\n<p>Reparti\u00e7\u00e3o dos bens de uma heran\u00e7a bem como divis\u00e3o de lucros.<\/p>\n\n\n\n<p><\/p>\n\n\n\n<h3 class=\"wp-block-heading\">Pavimento do Im\u00f3vel<\/h3>\n\n\n\n<p>Piso ou andar de uma edifica\u00e7\u00e3o. Assim como quando \u00e9 dado a um piso que recebeu revestimento.<\/p>\n\n\n\n<p><\/p>\n\n\n\n<h3 class=\"wp-block-heading\">P\u00e9-direito Duplo do Im\u00f3vel<\/h3>\n\n\n\n<p>\u00c9 a medida do piso ao teto, por\u00e9m, com o dobro da medida de um p\u00e9-direito padr\u00e3o.<\/p>\n\n\n\n<p><\/p>\n\n\n\n<h3 class=\"wp-block-heading\">P\u00e9-direito Elevado do Im\u00f3vel<\/h3>\n\n\n\n<p>\u00c9 a medida do piso ao teto, por\u00e9m, com medida superior a um p\u00e9-direito padr\u00e3o. Neste caso, possui altura a partir de 3,5m.<\/p>\n\n\n\n<p><\/p>\n\n\n\n<h3 class=\"wp-block-heading\">P\u00e9-direito<\/h3>\n\n\n\n<p>Altura livre do ambiente do piso ao teto, j\u00e1 que o p\u00e9-direito padr\u00e3o varia de 2,5m a 2,9m.<\/p>\n\n\n\n<p><\/p>\n\n\n\n<h3 class=\"wp-block-heading\">Pend\u00eancia<\/h3>\n\n\n\n<p>Tempo durante o qual uma causa ou um recurso est\u00e1 pendente ou correndo.<\/p>\n\n\n\n<p><\/p>\n\n\n\n<h3 class=\"wp-block-heading\">Penhora<\/h3>\n\n\n\n<p>Apreens\u00e3o judicial de bens, valores, dinheiro, direitos, etc., pertencentes ao devedor, em quantidade suficiente para garantir uma execu\u00e7\u00e3o judicial.<\/p>\n\n\n\n<p><\/p>\n\n\n\n<h3 class=\"wp-block-heading\">Permuta<\/h3>\n\n\n\n<p>Troca, interc\u00e2mbio, permuta\u00e7\u00e3o.<\/p>\n\n\n\n<p><\/p>\n\n\n\n<h3 class=\"wp-block-heading\">Planta baixa<\/h3>\n\n\n\n<p>Representa\u00e7\u00e3o geom\u00e9trica ou gr\u00e1fica da proje\u00e7\u00e3o horizontal de uma edifica\u00e7\u00e3o, vista no sentido do teto para o piso, em toda sua extens\u00e3o.<\/p>\n\n\n\n<p><\/p>\n\n\n\n<h3 class=\"wp-block-heading\">Planta de Localiza\u00e7\u00e3o<\/h3>\n\n\n\n<p>Representa\u00e7\u00e3o gr\u00e1fica da posi\u00e7\u00e3o exata de um terreno, e que compreende a regi\u00e3o onde ele est\u00e1 localizado, portanto deve incluir as ruas e terrenos vizinhos.<\/p>\n\n\n\n<p><\/p>\n\n\n\n<h3 class=\"wp-block-heading\">Planta Imobili\u00e1ria<\/h3>\n\n\n\n<p>Representa\u00e7\u00e3o geom\u00e9trica ou gr\u00e1fica da proje\u00e7\u00e3o de um plano, da parte ou do todo de uma edifica\u00e7\u00e3o.<\/p>\n\n\n\n<p><\/p>\n\n\n\n<h3 class=\"wp-block-heading\">Posse Definitiva<\/h3>\n\n\n\n<p>\u00c9 aquela transferida pelo vendedor ao comprador de forma irrevers\u00edvel, embora ocorra somente quando o pre\u00e7o \u00e9 integralmente pago.<\/p>\n\n\n\n<p><\/p>\n\n\n\n<h3 class=\"wp-block-heading\">Posse Prec\u00e1ria<\/h3>\n\n\n\n<p>Trata-se da posse injusta que nasce do abuso de confian\u00e7a (ex.: o inquilino que n\u00e3o devolve a casa ao t\u00e9rmino da loca\u00e7\u00e3o).<\/p>\n\n\n\n<p><\/p>\n\n\n\n<h3 class=\"wp-block-heading\">Posse Provis\u00f3ria<\/h3>\n\n\n\n<p>\u00c9 a posse exercida em car\u00e1ter provis\u00f3rio, tempor\u00e1rio.<\/p>\n\n\n\n<p><\/p>\n\n\n\n<h3 class=\"wp-block-heading\">Pro Soluto<\/h3>\n\n\n\n<p>Quando o t\u00edtulo, por exemplo, uma nota promiss\u00f3ria equivale ao pagamento, por n\u00e3o estar vinculado a nenhum neg\u00f3cio. Nas transa\u00e7\u00f5es imobili\u00e1rias se o alienante aceitar as Notas Promiss\u00f3rias a t\u00edtulo \u201cpro soluto\u201d, a garantia da d\u00edvida n\u00e3o ser\u00e1 o pr\u00f3prio im\u00f3vel, mas sim as pr\u00f3prias notas promiss\u00f3rias, que dever\u00e3o ser executadas para receber o valor devido.<\/p>\n\n\n\n<p><\/p>\n\n\n\n<h3 class=\"wp-block-heading\">Pro Solvendo<\/h3>\n\n\n\n<p>Quando o pagamento de um t\u00edtulo, por exemplo, uma nota promiss\u00f3ria, s\u00f3 estar\u00e1 real e efetivamente quitada depois de resgatado o referido t\u00edtulo por estar vinculado ao neg\u00f3cio. Entretanto, nas transa\u00e7\u00f5es imobili\u00e1rias, caso o alienante aceite o t\u00edtulo \u201cpro solvendo\u201d, em escritura com cl\u00e1usula resolutiva expressa, configurar\u00e1 um neg\u00f3cio jur\u00eddico a ser saldado, n\u00e3o se podendo falar nesse caso em quita\u00e7\u00e3o do pre\u00e7o e, no caso de inadimpl\u00eancia o pr\u00f3prio im\u00f3vel \u00e9 a garantia da d\u00edvida.<\/p>\n\n\n\n<p><\/p>\n\n\n\n<h3 class=\"wp-block-heading\">Procura\u00e7\u00e3o<\/h3>\n\n\n\n<p>Ato pelo qual uma pessoa (outorgante) atribui \u00e0 outra pessoa (outorgado), voluntariamente, os poderes para represent\u00e1-la.<\/p>\n\n\n\n<p><\/p>\n\n\n\n<h3 class=\"wp-block-heading\">Projeto Arquitet\u00f4nico<\/h3>\n\n\n\n<p>\u00c9 o projeto elaborado por um arquiteto para dar forma arquitet\u00f4nica a todos os elementos de uma edifica\u00e7\u00e3o, obedecendo \u00e0s normas t\u00e9cnicas vigentes e condi\u00e7\u00f5es de conforto e ambienta\u00e7\u00e3o de cada uma das suas partes.<\/p>\n\n\n\n<p><\/p>\n\n\n\n<h3 class=\"wp-block-heading\">Projeto Paisag\u00edstico<\/h3>\n\n\n\n<p>Trata-se do projeto ambiental para decorar as \u00e1reas comuns do empreendimento. Estudo dos processos de prepara\u00e7\u00e3o e realiza\u00e7\u00e3o da paisagem como complemento da arquitetura.<\/p>\n\n\n\n<p><\/p>\n\n\n\n<h3 class=\"wp-block-heading\">Promiss\u00e1rio<\/h3>\n\n\n\n<p>\u00c9 quem recebe a promessa de transferir uma propriedade ou bens imobili\u00e1rios.<\/p>\n\n\n\n<p><\/p>\n\n\n\n<h3 class=\"wp-block-heading\">Promitente<\/h3>\n\n\n\n<p>Pessoa que assume uma responsabilidade legal.<\/p>\n\n\n\n<p><\/p>\n\n\n\n<h3 class=\"wp-block-heading\">Proponente<\/h3>\n\n\n\n<p>Quem faz uma proposta.<\/p>\n\n\n\n<h2 class=\"wp-block-heading\">&nbsp;<\/h2>\n\n\n\n<h2 class=\"wp-block-heading\">Q<\/h2>\n\n\n\n<h3 class=\"wp-block-heading\">Quita\u00e7\u00e3o do Im\u00f3vel<\/h3>\n\n\n\n<p>Pode se referir a tr\u00eas significados diferentes. O Ato de quitar, pagar integralmente uma d\u00edvida. A prova de pagamento de d\u00edvida, mediante recibos e\/ou outros documentos. E por fim, o ato escrito no qual o credor declara ter recebido do devedor o pagamento da d\u00edvida, liberando-o dessa obriga\u00e7\u00e3o.<\/p>\n\n\n\n<p><\/p>\n\n\n\n<p><em>A Brognoli Imobili\u00e1ria oferece os melhores im\u00f3veis para aluguel e compra,e voc\u00ea pode fazer todo o processo <a href=\"https:\/\/www.brognoli.com.br\/fabi-assistente-virtual\/\"><strong>virtualmente<\/strong><\/a>! Ent\u00e3o <a href=\"https:\/\/www.brognoli.com.br\/imoveis\/?sort=newest&amp;search_type=3&amp;search_city=S%C3%83O+JOS%C3%89&amp;search_category=444&amp;search_min_price=&amp;search_max_price=&amp;search_bedrooms=0&amp;search_garages=0\"><strong>clique<\/strong><\/a><\/em><strong><em> <\/em><\/strong><em>e conhe\u00e7a os melhores apartamentos no Kobrasol.<\/em><\/p>\n\n\n\n<h2 class=\"wp-block-heading\">&nbsp;<\/h2>\n\n\n\n<h2 class=\"wp-block-heading\">R<\/h2>\n\n\n\n<h3 class=\"wp-block-heading\">Ren\u00fancia de direito de prefer\u00eancia<\/h3>\n\n\n\n<p>Desist\u00eancia do direito de prefer\u00eancia que a lei concede aos inquilinos ou aos cond\u00f4minos (quando o bem for indivis\u00edvel), a fim de exercer a compra de um im\u00f3vel.<\/p>\n\n\n\n<p><\/p>\n\n\n\n<h3 class=\"wp-block-heading\">Ren\u00fancia de Usufruto<\/h3>\n\n\n\n<p>Ato volunt\u00e1rio do usufrutu\u00e1rio em que desiste do direito de usar e gozar durante certo tempo, sob certa condi\u00e7\u00e3o ou vitaliciamente de bens pertencentes a outra pessoa.<\/p>\n\n\n\n<p><\/p>\n\n\n\n<h3 class=\"wp-block-heading\">Rescis\u00e3o<\/h3>\n\n\n\n<p>Rompimento ou anula\u00e7\u00e3o de um contrato.<\/p>\n\n\n\n<p><\/p>\n\n\n\n<h3 class=\"wp-block-heading\">Reserva de Propriedade<\/h3>\n\n\n\n<p>Nos contratos de compra e venda, o vendedor tem o direito de reservar para si a propriedade do bem alienado, at\u00e9 ao cumprimento total ou parcial das obriga\u00e7\u00f5es da outra parte.<\/p>\n\n\n\n<p><\/p>\n\n\n\n<h3 class=\"wp-block-heading\">Retrofit<\/h3>\n\n\n\n<p>Consiste em conservar a estrutura original do edif\u00edcio, entretanto acrescentando a ela materiais e equipamentos modernos.<\/p>\n\n\n\n<p><\/p>\n\n\n\n<p><em>Agende j\u00e1 um <a href=\"https:\/\/www.brognoli.com.br\/dicas-para-aproveitar-melhor-sua-visita-virtual-ao-imovel\/\" target=\"_blank\" rel=\"noreferrer noopener\"><strong>tour virtual<\/strong><\/a> para o apartamento ou kitnet que voc\u00ea est\u00e1 de olho no Centro de Florian\u00f3polis, pois os seus sonhos n\u00e3o podem esperar! Fale com a Fabi, a nossa assistente virtual, <a href=\"https:\/\/atendimento.brognoli.com.br\/\" target=\"_blank\" rel=\"noreferrer noopener\"><strong>aqui<\/strong><\/a>.<\/em><\/p>\n\n\n\n<h2 class=\"wp-block-heading\"><\/h2>\n\n\n\n<h2 class=\"wp-block-heading\">S<\/h2>\n\n\n\n<h3 class=\"wp-block-heading\">Saldo Devedor<\/h3>\n\n\n\n<p>O que resta pagar de uma d\u00edvida. Nos financiamentos imobili\u00e1rios o saldo \u00e9 reajustado mensalmente de acordo com os juros e \u00edndice estipulado em contrato.<\/p>\n\n\n\n<p><\/p>\n\n\n\n<p><em>As condi\u00e7\u00f5es para alugar uma sala comercial na Trindade, em Santa Catarina, s\u00e3o muito acess\u00edveis! Ent\u00e3o clique <a href=\"https:\/\/atendimento.brognoli.com.br\/\" target=\"_blank\" rel=\"noreferrer noopener\"><strong>aqui<\/strong><\/a><\/em><strong><em> <\/em><\/strong><em>e converse com a Fabi para mais detalhes.<\/em><\/p>\n\n\n\n<p><\/p>\n\n\n\n<h3 class=\"wp-block-heading\">Saldo Residual<\/h3>\n\n\n\n<p>\u00c9 o que resta de uma d\u00edvida quando vencido o prazo contratado. Pode ser a mais ou a menos. Se o saldo for negativo, o mutu\u00e1rio pagou a mais e deve receber a quantia de volta. Ent\u00e3o, se positivo, por erros de c\u00e1lculo, o mutu\u00e1rio pagou a menos e ainda deve ao credor.<\/p>\n\n\n\n<h3 class=\"wp-block-heading\">&nbsp;<\/h3>\n\n\n\n<h3 class=\"wp-block-heading\">Seguro<strong> <\/strong>Fian\u00e7a Imobili\u00e1rio<\/h3>\n\n\n\n<p>Modalidade de seguro que substitui o fiador nos contratos de aluguel e garante antecipadamente o pagamento do aluguel e dos encargos.<\/p>\n\n\n\n<p><\/p>\n\n\n\n<h3 class=\"wp-block-heading\">Seguro Inc\u00eandio<\/h3>\n\n\n\n<p>Contrato no qual a seguradora garante uma indeniza\u00e7\u00e3o para os riscos de inc\u00eandio, raio ou explos\u00e3o no im\u00f3vel para garantir a seguran\u00e7a do patrim\u00f4nio do propriet\u00e1rio. Entretanto, as imobili\u00e1rias condicionam o aluguel do im\u00f3vel ao pagamento deste seguro.<\/p>\n\n\n\n<p><\/p>\n\n\n\n<h3 class=\"wp-block-heading\">Sequestro<\/h3>\n\n\n\n<p>Ato de apreender ou depositar um ou mais bens, sobre os quais pese lit\u00edgio (pend\u00eancias, discord\u00e2ncias entre as partes &#8211; autor e r\u00e9u), como forma de garantir que seja entregue, no final de um processo, a quem lhes seja destinado por direito.<\/p>\n\n\n\n<p><\/p>\n\n\n\n<h3 class=\"wp-block-heading\">SFH<\/h3>\n\n\n\n<p>Sistema Financeiro da Habita\u00e7\u00e3o. Este sistema foi criado em 1964 pela Lei n.\u00ba 4.320 a fim de captar recursos para a \u00e1rea habitacional e financiar a constru\u00e7\u00e3o e compra da casa pr\u00f3pria.<\/p>\n\n\n\n<p><\/p>\n\n\n\n<h3 class=\"wp-block-heading\">SFI<\/h3>\n\n\n\n<p>Sistema Financeiro Imobili\u00e1rio. Criado em 1997 pela <a href=\"http:\/\/www.planalto.gov.br\/ccivil_03\/leis\/l9514.htm\" target=\"_blank\" rel=\"noreferrer noopener\"><strong>Lei n.\u00ba 9.514<\/strong><\/a> como alternativa ao Sistema Financeiro da Habita\u00e7\u00e3o e \u00e0 Carteira Hipotec\u00e1ria. O sistema autoriza a securitiza\u00e7\u00e3o dos cr\u00e9ditos imobili\u00e1rios e incorpora a Aliena\u00e7\u00e3o Fiduci\u00e1ria no mercado imobili\u00e1rio.<\/p>\n\n\n\n<p><\/p>\n\n\n\n<h3 class=\"wp-block-heading\">Sinal<\/h3>\n\n\n\n<p>O sinal \u00e9 o valor que o comprador paga, quando acordado, para garantir o neg\u00f3cio, entretanto \u00e9 feito antes mesmo dos processos todos estarem conclu\u00eddos.<\/p>\n\n\n\n<p><\/p>\n\n\n\n<h3 class=\"wp-block-heading\">SINDUSCON &#8211; MG<\/h3>\n\n\n\n<p>Sindicato da Ind\u00fastria da Constru\u00e7\u00e3o Civil no Estado de Minas Gerais<\/p>\n\n\n\n<p><\/p>\n\n\n\n<p><em>Fa\u00e7a j\u00e1 um <a rel=\"noreferrer noopener\" href=\"https:\/\/www.brognoli.com.br\/dicas-para-aproveitar-melhor-sua-visita-virtual-ao-imovel\/\" target=\"_blank\"><strong>tour virtual<\/strong><\/a> pelo residencial ou a cobertura dos seus sonhos nos bairros Estreito e no Centro de Floripa. Acesse <a rel=\"noreferrer noopener\" href=\"https:\/\/atendimento.brognoli.com.br\/\" target=\"_blank\"><strong>aqui<\/strong><\/a>.<\/em><\/p>\n\n\n\n<h2 class=\"wp-block-heading\"><\/h2>\n\n\n\n<h2 class=\"wp-block-heading\">T<\/h2>\n\n\n\n<h3 class=\"wp-block-heading\">Tabela Price<\/h3>\n\n\n\n<p>M\u00e9todo de c\u00e1lculo onde as presta\u00e7\u00f5es s\u00e3o constantes durante todo o financiamento. A Tabela Price \u00e9 igualmente de chamada Sistema Franc\u00eas de Amortiza\u00e7\u00e3o.<\/p>\n\n\n\n<p><\/p>\n\n\n\n<h3 class=\"wp-block-heading\">Taxa de Condom\u00ednio<\/h3>\n\n\n\n<p>Maneira usual de se referir \u00e0 taxa ou encargo de condom\u00ednio. A taxa de condom\u00ednio resulta do rateio das despesas comuns em uma divis\u00e3o de acordo com as propor\u00e7\u00f5es, bem como a cota de cada bem imobili\u00e1rio.<\/p>\n\n\n\n<p><\/p>\n\n\n\n<h3 class=\"wp-block-heading\">Tombamento<\/h3>\n\n\n\n<p>A\u00e7\u00f5es p\u00fablicas com o objetivo de preservar, atrav\u00e9s da aplica\u00e7\u00e3o de legisla\u00e7\u00e3o, bens de valor hist\u00f3rico, cultural, arquitet\u00f4nico, ambiental e afetivo para a popula\u00e7\u00e3o. Portanto impede a descaracteriza\u00e7\u00e3o ou destrui\u00e7\u00e3o dos mesmos &#8211; \u00e9 comum vermos em fachadas antigas, por exemplo.<\/p>\n\n\n\n<p><\/p>\n\n\n\n<p><em>\u00c9 muito f\u00e1cil fechar neg\u00f3cio com a Brognoli Imobili\u00e1ria! Basta acessar o site e escolher o im\u00f3vel que quer visitar, e voc\u00ea pode fazer tudo virtualmente! Casas, apartamentos, residenciais e at\u00e9 salas comerciais. <strong><a rel=\"noreferrer noopener\" href=\"https:\/\/atendimento.brognoli.com.br\/\" target=\"_blank\">Fale<\/a><\/strong> com a gente j\u00e1!<\/em><\/p>\n\n\n\n<p><\/p>\n\n\n\n<h3 class=\"wp-block-heading\">Tributo<\/h3>\n\n\n\n<p>Impostos, taxas e contribui\u00e7\u00f5es de melhoria que pode ser cobrado dos cidad\u00e3os pela Uni\u00e3o, estados, munic\u00edpios e Distrito Federal.<\/p>\n\n\n\n<p>&nbsp;<\/p>\n\n\n\n<h3 class=\"wp-block-heading\">Tutela<\/h3>\n\n\n\n<p>Ato jur\u00eddico pelo qual algu\u00e9m \u00e9 designado para administrar os bens de pessoa menor, portanto pode represent\u00e1-lo nos atos da vida civil.<\/p>\n\n\n\n<p><\/p>\n\n\n\n<h3 class=\"wp-block-heading\">Tutelado<\/h3>\n\n\n\n<p>Pessoa sujeita \u00e0 tutela (prote\u00e7\u00e3o, amparo).<\/p>\n\n\n\n<p><\/p>\n\n\n\n<h3 class=\"wp-block-heading\">Tutor<\/h3>\n\n\n\n<p>Pessoa designada para exercer a tutela.<\/p>\n\n\n\n<h2 class=\"wp-block-heading\"><\/h2>\n\n\n\n<h2 class=\"wp-block-heading\">U<\/h2>\n\n\n\n<h3 class=\"wp-block-heading\">Usucapi\u00e3o<\/h3>\n\n\n\n<p>Aquisi\u00e7\u00e3o de um im\u00f3vel atrav\u00e9s da posse continuada por mais de dez anos, em diferentes situa\u00e7\u00f5es legais.<\/p>\n\n\n\n<p><\/p>\n\n\n\n<h3 class=\"wp-block-heading\">Usufruto<\/h3>\n\n\n\n<p>Direito conferido a algu\u00e9m durante certo tempo, que a autoriza a retirar de algum bem, os \u201cfrutos\u201d que esse bem produz ou propicia.<\/p>\n\n\n\n<p><\/p>\n\n\n\n<h3 class=\"wp-block-heading\">Usufrutu\u00e1rio<\/h3>\n\n\n\n<p>Aquele que recebe o usufruto.<\/p>\n\n\n\n<p><\/p>\n\n\n\n<p><em>As condi\u00e7\u00f5es para alugar uma sala comercial no Kobrasol, em Santa Catarina, s\u00e3o muito acess\u00edveis! Ent\u00e3o clique <a rel=\"noreferrer noopener\" href=\"https:\/\/atendimento.brognoli.com.br\/\" target=\"_blank\"><strong>aqui<\/strong><\/a><\/em><strong><em> <\/em><\/strong><em>e converse com a Fabi para mais detalhes.<\/em><\/p>\n\n\n\n<h2 class=\"wp-block-heading\"><\/h2>\n\n\n\n<h2 class=\"wp-block-heading\">V<\/h2>\n\n\n\n<h3 class=\"wp-block-heading\">Valor de Mercado do Im\u00f3vel<\/h3>\n\n\n\n<p>Representa o valor de compra e venda de um determinado im\u00f3vel, pela intera\u00e7\u00e3o de oferta e procura. Portanto \u00e9 o valor que decorre das leis de mercado.<\/p>\n\n\n\n<p><\/p>\n\n\n\n<h3 class=\"wp-block-heading\">Valor Futuro<\/h3>\n\n\n\n<p>Import\u00e2ncia equivalente \u00e0s quantias que ser\u00e3o recebidas ou pagas no futuro, obtida incluindo-se a taxa de juros que ser\u00e1 aplicada ao longo do prazo de pagamento. Logo, vale lembrar que n\u00e3o \u00e9 poss\u00edvel calcular a corre\u00e7\u00e3o monet\u00e1ria antecipadamente.<\/p>\n\n\n\n<p><\/p>\n\n\n\n<h3 class=\"wp-block-heading\">Valor Locativo de Bens Imobili\u00e1rios<\/h3>\n\n\n\n<p>Valor estimado do aluguel de um im\u00f3vel.<\/p>\n\n\n\n<p><\/p>\n\n\n\n<p><em>Conquiste o lar que voc\u00ea tanto deseja em Florian\u00f3polis com a ajuda da Brognoli Imobili\u00e1ria. Casas e ap\u00eas dispon\u00edveis com parcelas que cabem no seu bolso! Ent\u00e3o <strong><a rel=\"noreferrer noopener\" href=\"http:\/\/Florian\u00f3polis\" target=\"_blank\">acesse<\/a><\/strong> e confira. &nbsp;<\/em><\/p>\n\n\n\n<p><\/p>\n\n\n\n<h3 class=\"wp-block-heading\">Valor Nominal<\/h3>\n\n\n\n<p>Valor expresso em um t\u00edtulo, cuja quantia est\u00e1 determinada e certa. Entretanto o valor nominal n\u00e3o \u00e9 corrigido para compensar o efeito da infla\u00e7\u00e3o, j\u00e1 em um t\u00edtulo de cr\u00e9dito, o valor nominal \u00e9 a quantia que deve ser paga.<\/p>\n\n\n\n<p><\/p>\n\n\n\n<h3 class=\"wp-block-heading\">Valores Reais Imobili\u00e1rios<\/h3>\n\n\n\n<p>Pode ter dois significados. O valor que tenha sido corrigido para compensar o efeito da infla\u00e7\u00e3o (corre\u00e7\u00e3o monet\u00e1ria). Assim como o valor do bem em si, independente de conven\u00e7\u00e3o ou arb\u00edtrio.<\/p>\n\n\n\n<p><\/p>\n\n\n\n<h3 class=\"wp-block-heading\">Valores Venais Imobili\u00e1rios<\/h3>\n\n\n\n<p>Valor atribu\u00eddo pela prefeitura a cada <strong>im\u00f3vel<\/strong>, levando- se em considera\u00e7\u00e3o metragem, localiza\u00e7\u00e3o, destina\u00e7\u00e3o e caracter\u00edsticas.<\/p>\n\n\n\n<p><\/p>\n\n\n\n<h3 class=\"wp-block-heading\">Valoriza\u00e7\u00e3o Imobili\u00e1ria<\/h3>\n\n\n\n<p>Aumento do valor de mercado de um determinado <strong>im\u00f3vel<\/strong>, por exemplo. A valoriza\u00e7\u00e3o pode ocorrer em fun\u00e7\u00e3o de v\u00e1rios fatores, bem como a revitaliza\u00e7\u00e3o e aumento de lan\u00e7amentos <strong>imobili\u00e1rios<\/strong> na regi\u00e3o, momento favor\u00e1vel da atividade econ\u00f4mica do pa\u00eds, melhoras urban\u00edsticas e arquitet\u00f4nicas no local, assim como outros investimentos p\u00fablicos e\/ ou privados.<\/p>\n\n\n\n<p><\/p>\n\n\n\n<h3 class=\"wp-block-heading\">VGV<\/h3>\n\n\n\n<p>Valor geral de vendas, portanto \u00e9 a soma do pre\u00e7o de vendas de todas as unidades de um empreendimento.<\/p>\n\n\n\n<p><\/p>\n\n\n\n<h3 class=\"wp-block-heading\">V\u00edcios Ocultos ou Redibit\u00f3rios<\/h3>\n\n\n\n<p>Trata-se de uma figura do direito civil, comercial e do consumidor, aplicada aos contratos que especifica a exist\u00eancia de um defeito &#8211; de forma oculta nos bens imobili\u00e1rios. E do qual o comprador n\u00e3o poderia tomar conhecimento no ato do fechamento e que torna o seu uso impr\u00f3prio. Ou ainda que garantisse a redu\u00e7\u00e3o do valor pago. \u00c9, portanto, uma lei que garante e protege o adquirente, independente de previs\u00e3o contratual.<\/p>\n\n\n\n<p><\/p>\n\n\n\n<h3 class=\"wp-block-heading\">Vistoria Imobili\u00e1ria <\/h3>\n\n\n\n<p>Poderia significar duas quest\u00f5es distintas. A inspe\u00e7\u00e3o feita pela prefeitura para verificar se os bens imobili\u00e1rios est\u00e3o de acordo com o projeto que foi aprovado. Bem como poderia tratar-se da inspe\u00e7\u00e3o onde os peritos designados pelos agentes financeiros (bancos) efetuam as obras ou im\u00f3veis financiados por essas institui\u00e7\u00f5es.<\/p>\n\n\n\n<p><\/p>\n\n\n\n<p><em>Procurando um lugarzinho s\u00f3 seu para chamar de lar na Trindade ou no Centro?! Pois clicando <strong><a rel=\"noreferrer noopener\" href=\"https:\/\/www.brognoli.com.br\/imoveis\/?sort=newest&amp;search_type=3&amp;search_city=FLORIAN%C3%93POLIS&amp;search_min_price=&amp;search_max_price=&amp;search_bedrooms=0&amp;search_garages=0\" target=\"_blank\">aqui<\/a> <\/strong>voc\u00ea poder\u00e1 visualizar todos os im\u00f3veis dispon\u00edveis para aluguel nesses, e em outros bairros em Floripa.<\/em><\/p>\n\n\n\n<h2 class=\"wp-block-heading\"><\/h2>\n\n\n\n<h2 class=\"wp-block-heading\">Z<\/h2>\n\n\n\n<h3 class=\"wp-block-heading\">Zoneamento<\/h3>\n\n\n\n<p>Divis\u00f3ria de regi\u00f5es urbanas com caracter\u00edsticas espec\u00edficas, como tipos de constru\u00e7\u00e3o permitidos e atividades, dentro de um munic\u00edpio.<\/p>\n\n\n\n<p><\/p>\n\n\n\n<p>Gostou do nosso guia de termos imobili\u00e1rios? Ent\u00e3o agora que est\u00e1 pronto e familiarizado, compartilhe este post com quem est\u00e1 pensando em se mudar em Santa Catarina, talvez ele tamb\u00e9m precise destas informa\u00e7\u00f5es!<\/p>\n","protected":false},"excerpt":{"rendered":"<p>Comprar ou alugar bens imobili\u00e1rios pode ser uma tarefa extremamente exaustiva, independente do tipo do im\u00f3vel. Al\u00e9m de pesquisar, calcular e escolher a casa ou apartamento novo \u00e9 necess\u00e1rio se [&hellip;]<\/p>\n","protected":false},"author":7,"featured_media":2205956,"comment_status":"closed","ping_status":"closed","sticky":false,"template":"","format":"standard","meta":{"footnotes":""},"categories":[57],"tags":[28,151,29,30,116,180,182,216,87,224,45,46,184,52,32,33,185,186,187,189,191,192],"class_list":["post-2205955","post","type-post","status-publish","format-standard","has-post-thumbnail","hentry","category-dicas","tag-alugar","tag-aluguel","tag-apartamento","tag-brognoli","tag-casa","tag-centro","tag-comercial","tag-compra","tag-comprar","tag-estreito","tag-florianopolis","tag-floripa","tag-ilha","tag-imobiliaria","tag-imoveis","tag-imovel","tag-kitnet","tag-kobrasol","tag-lar","tag-residencial","tag-santa-catarina","tag-trindade"],"yoast_head":"<!-- This site is optimized with the Yoast SEO plugin v21.3 - https:\/\/yoast.com\/wordpress\/plugins\/seo\/ -->\n<title>Termos Imobili\u00e1rios para Alugar ou Comprar Im\u00f3veis - Brognoli<\/title>\n<meta name=\"robots\" content=\"index, follow, max-snippet:-1, max-image-preview:large, max-video-preview:-1\" \/>\n<link rel=\"canonical\" href=\"https:\/\/www.brognoli.com.br\/blog\/glossario-termos-imobiliarios\/\" \/>\n<meta property=\"og:locale\" content=\"pt_BR\" \/>\n<meta property=\"og:type\" content=\"article\" \/>\n<meta property=\"og:title\" content=\"Termos Imobili\u00e1rios para Alugar ou Comprar Im\u00f3veis - Brognoli\" \/>\n<meta property=\"og:description\" content=\"Comprar ou alugar bens imobili\u00e1rios pode ser uma tarefa extremamente exaustiva, independente do tipo do im\u00f3vel. Al\u00e9m de pesquisar, calcular e escolher a casa ou apartamento novo \u00e9 necess\u00e1rio se [&hellip;]\" \/>\n<meta property=\"og:url\" content=\"https:\/\/www.brognoli.com.br\/blog\/glossario-termos-imobiliarios\/\" \/>\n<meta property=\"og:site_name\" content=\"Brognoli\" \/>\n<meta property=\"article:published_time\" content=\"2020-11-30T20:52:40+00:00\" \/>\n<meta property=\"og:image\" content=\"https:\/\/www.brognoli.com.br\/blog\/wp-content\/uploads\/2022\/10\/Imagem-Capa-Miniatura_Blog_993x666px_Nov.20_Artigo-2.png\" \/>\n\t<meta property=\"og:image:width\" content=\"994\" \/>\n\t<meta property=\"og:image:height\" content=\"666\" \/>\n\t<meta property=\"og:image:type\" content=\"image\/png\" \/>\n<meta name=\"author\" content=\"brognoli\" \/>\n<meta name=\"twitter:card\" content=\"summary_large_image\" \/>\n<meta name=\"twitter:label1\" content=\"Escrito por\" \/>\n\t<meta name=\"twitter:data1\" content=\"brognoli\" \/>\n\t<meta name=\"twitter:label2\" content=\"Est. tempo de leitura\" \/>\n\t<meta name=\"twitter:data2\" content=\"36 minutos\" \/>\n<script type=\"application\/ld+json\" class=\"yoast-schema-graph\">{\"@context\":\"https:\/\/schema.org\",\"@graph\":[{\"@type\":\"Article\",\"@id\":\"https:\/\/www.brognoli.com.br\/blog\/glossario-termos-imobiliarios\/#article\",\"isPartOf\":{\"@id\":\"https:\/\/www.brognoli.com.br\/blog\/glossario-termos-imobiliarios\/\"},\"author\":{\"name\":\"brognoli\",\"@id\":\"https:\/\/www.brognoli.com.br\/blog\/#\/schema\/person\/87771d6b68b99d9d9db50bfcf109f10c\"},\"headline\":\"Termos Imobili\u00e1rios para Alugar ou Comprar Im\u00f3veis\",\"datePublished\":\"2020-11-30T20:52:40+00:00\",\"dateModified\":\"2020-11-30T20:52:40+00:00\",\"mainEntityOfPage\":{\"@id\":\"https:\/\/www.brognoli.com.br\/blog\/glossario-termos-imobiliarios\/\"},\"wordCount\":7213,\"publisher\":{\"@id\":\"https:\/\/www.brognoli.com.br\/blog\/#organization\"},\"keywords\":[\"Alugar\",\"Aluguel\",\"apartamento\",\"Brognoli\",\"casa\",\"Centro\",\"comercial\",\"compra\",\"Comprar\",\"Estreito\",\"florian\u00f3polis\",\"floripa\",\"ilha\",\"imobili\u00e1ria\",\"im\u00f3veis\",\"im\u00f3vel\",\"Kitnet\",\"Kobrasol\",\"lar\",\"residencial\",\"Santa Catarina\",\"Trindade\"],\"articleSection\":[\"Dicas\"],\"inLanguage\":\"pt-BR\"},{\"@type\":\"WebPage\",\"@id\":\"https:\/\/www.brognoli.com.br\/blog\/glossario-termos-imobiliarios\/\",\"url\":\"https:\/\/www.brognoli.com.br\/blog\/glossario-termos-imobiliarios\/\",\"name\":\"Termos Imobili\u00e1rios para Alugar ou Comprar Im\u00f3veis - Brognoli\",\"isPartOf\":{\"@id\":\"https:\/\/www.brognoli.com.br\/blog\/#website\"},\"datePublished\":\"2020-11-30T20:52:40+00:00\",\"dateModified\":\"2020-11-30T20:52:40+00:00\",\"breadcrumb\":{\"@id\":\"https:\/\/www.brognoli.com.br\/blog\/glossario-termos-imobiliarios\/#breadcrumb\"},\"inLanguage\":\"pt-BR\",\"potentialAction\":[{\"@type\":\"ReadAction\",\"target\":[\"https:\/\/www.brognoli.com.br\/blog\/glossario-termos-imobiliarios\/\"]}]},{\"@type\":\"BreadcrumbList\",\"@id\":\"https:\/\/www.brognoli.com.br\/blog\/glossario-termos-imobiliarios\/#breadcrumb\",\"itemListElement\":[{\"@type\":\"ListItem\",\"position\":1,\"name\":\"In\u00edcio\",\"item\":\"https:\/\/www.brognoli.com.br\/blog\/\"},{\"@type\":\"ListItem\",\"position\":2,\"name\":\"Termos Imobili\u00e1rios para Alugar ou Comprar Im\u00f3veis\"}]},{\"@type\":\"WebSite\",\"@id\":\"https:\/\/www.brognoli.com.br\/blog\/#website\",\"url\":\"https:\/\/www.brognoli.com.br\/blog\/\",\"name\":\"Brognoli\",\"description\":\"Brognoli\",\"publisher\":{\"@id\":\"https:\/\/www.brognoli.com.br\/blog\/#organization\"},\"potentialAction\":[{\"@type\":\"SearchAction\",\"target\":{\"@type\":\"EntryPoint\",\"urlTemplate\":\"https:\/\/www.brognoli.com.br\/blog\/?s={search_term_string}\"},\"query-input\":\"required name=search_term_string\"}],\"inLanguage\":\"pt-BR\"},{\"@type\":\"Organization\",\"@id\":\"https:\/\/www.brognoli.com.br\/blog\/#organization\",\"name\":\"Brognoli\",\"url\":\"https:\/\/www.brognoli.com.br\/blog\/\",\"logo\":{\"@type\":\"ImageObject\",\"inLanguage\":\"pt-BR\",\"@id\":\"https:\/\/www.brognoli.com.br\/blog\/#\/schema\/logo\/image\/\",\"url\":\"https:\/\/www.brognoli.com.br\/blog\/wp-content\/uploads\/2024\/10\/cropped-cropped-BRO_LOGO_3@300x.png\",\"contentUrl\":\"https:\/\/www.brognoli.com.br\/blog\/wp-content\/uploads\/2024\/10\/cropped-cropped-BRO_LOGO_3@300x.png\",\"width\":1762,\"height\":605,\"caption\":\"Brognoli\"},\"image\":{\"@id\":\"https:\/\/www.brognoli.com.br\/blog\/#\/schema\/logo\/image\/\"}},{\"@type\":\"Person\",\"@id\":\"https:\/\/www.brognoli.com.br\/blog\/#\/schema\/person\/87771d6b68b99d9d9db50bfcf109f10c\",\"name\":\"brognoli\",\"image\":{\"@type\":\"ImageObject\",\"inLanguage\":\"pt-BR\",\"@id\":\"https:\/\/www.brognoli.com.br\/blog\/#\/schema\/person\/image\/\",\"url\":\"https:\/\/secure.gravatar.com\/avatar\/a7836fc1468501cb19a0ad1df34b5f85abe16dfce609e03bba719de31c58ea48?s=96&d=mm&r=g\",\"contentUrl\":\"https:\/\/secure.gravatar.com\/avatar\/a7836fc1468501cb19a0ad1df34b5f85abe16dfce609e03bba719de31c58ea48?s=96&d=mm&r=g\",\"caption\":\"brognoli\"},\"url\":\"https:\/\/www.brognoli.com.br\/blog\/author\/brognoli\/\"}]}<\/script>\n<!-- \/ Yoast SEO plugin. -->","yoast_head_json":{"title":"Termos Imobili\u00e1rios para Alugar ou Comprar Im\u00f3veis - Brognoli","robots":{"index":"index","follow":"follow","max-snippet":"max-snippet:-1","max-image-preview":"max-image-preview:large","max-video-preview":"max-video-preview:-1"},"canonical":"https:\/\/www.brognoli.com.br\/blog\/glossario-termos-imobiliarios\/","og_locale":"pt_BR","og_type":"article","og_title":"Termos Imobili\u00e1rios para Alugar ou Comprar Im\u00f3veis - Brognoli","og_description":"Comprar ou alugar bens imobili\u00e1rios pode ser uma tarefa extremamente exaustiva, independente do tipo do im\u00f3vel. Al\u00e9m de pesquisar, calcular e escolher a casa ou apartamento novo \u00e9 necess\u00e1rio se [&hellip;]","og_url":"https:\/\/www.brognoli.com.br\/blog\/glossario-termos-imobiliarios\/","og_site_name":"Brognoli","article_published_time":"2020-11-30T20:52:40+00:00","og_image":[{"width":994,"height":666,"url":"https:\/\/www.brognoli.com.br\/blog\/wp-content\/uploads\/2022\/10\/Imagem-Capa-Miniatura_Blog_993x666px_Nov.20_Artigo-2.png","type":"image\/png"}],"author":"brognoli","twitter_card":"summary_large_image","twitter_misc":{"Escrito por":"brognoli","Est. tempo de leitura":"36 minutos"},"schema":{"@context":"https:\/\/schema.org","@graph":[{"@type":"Article","@id":"https:\/\/www.brognoli.com.br\/blog\/glossario-termos-imobiliarios\/#article","isPartOf":{"@id":"https:\/\/www.brognoli.com.br\/blog\/glossario-termos-imobiliarios\/"},"author":{"name":"brognoli","@id":"https:\/\/www.brognoli.com.br\/blog\/#\/schema\/person\/87771d6b68b99d9d9db50bfcf109f10c"},"headline":"Termos Imobili\u00e1rios para Alugar ou Comprar Im\u00f3veis","datePublished":"2020-11-30T20:52:40+00:00","dateModified":"2020-11-30T20:52:40+00:00","mainEntityOfPage":{"@id":"https:\/\/www.brognoli.com.br\/blog\/glossario-termos-imobiliarios\/"},"wordCount":7213,"publisher":{"@id":"https:\/\/www.brognoli.com.br\/blog\/#organization"},"keywords":["Alugar","Aluguel","apartamento","Brognoli","casa","Centro","comercial","compra","Comprar","Estreito","florian\u00f3polis","floripa","ilha","imobili\u00e1ria","im\u00f3veis","im\u00f3vel","Kitnet","Kobrasol","lar","residencial","Santa Catarina","Trindade"],"articleSection":["Dicas"],"inLanguage":"pt-BR"},{"@type":"WebPage","@id":"https:\/\/www.brognoli.com.br\/blog\/glossario-termos-imobiliarios\/","url":"https:\/\/www.brognoli.com.br\/blog\/glossario-termos-imobiliarios\/","name":"Termos Imobili\u00e1rios para Alugar ou Comprar Im\u00f3veis - Brognoli","isPartOf":{"@id":"https:\/\/www.brognoli.com.br\/blog\/#website"},"datePublished":"2020-11-30T20:52:40+00:00","dateModified":"2020-11-30T20:52:40+00:00","breadcrumb":{"@id":"https:\/\/www.brognoli.com.br\/blog\/glossario-termos-imobiliarios\/#breadcrumb"},"inLanguage":"pt-BR","potentialAction":[{"@type":"ReadAction","target":["https:\/\/www.brognoli.com.br\/blog\/glossario-termos-imobiliarios\/"]}]},{"@type":"BreadcrumbList","@id":"https:\/\/www.brognoli.com.br\/blog\/glossario-termos-imobiliarios\/#breadcrumb","itemListElement":[{"@type":"ListItem","position":1,"name":"In\u00edcio","item":"https:\/\/www.brognoli.com.br\/blog\/"},{"@type":"ListItem","position":2,"name":"Termos Imobili\u00e1rios para Alugar ou Comprar Im\u00f3veis"}]},{"@type":"WebSite","@id":"https:\/\/www.brognoli.com.br\/blog\/#website","url":"https:\/\/www.brognoli.com.br\/blog\/","name":"Brognoli","description":"Brognoli","publisher":{"@id":"https:\/\/www.brognoli.com.br\/blog\/#organization"},"potentialAction":[{"@type":"SearchAction","target":{"@type":"EntryPoint","urlTemplate":"https:\/\/www.brognoli.com.br\/blog\/?s={search_term_string}"},"query-input":"required name=search_term_string"}],"inLanguage":"pt-BR"},{"@type":"Organization","@id":"https:\/\/www.brognoli.com.br\/blog\/#organization","name":"Brognoli","url":"https:\/\/www.brognoli.com.br\/blog\/","logo":{"@type":"ImageObject","inLanguage":"pt-BR","@id":"https:\/\/www.brognoli.com.br\/blog\/#\/schema\/logo\/image\/","url":"https:\/\/www.brognoli.com.br\/blog\/wp-content\/uploads\/2024\/10\/cropped-cropped-BRO_LOGO_3@300x.png","contentUrl":"https:\/\/www.brognoli.com.br\/blog\/wp-content\/uploads\/2024\/10\/cropped-cropped-BRO_LOGO_3@300x.png","width":1762,"height":605,"caption":"Brognoli"},"image":{"@id":"https:\/\/www.brognoli.com.br\/blog\/#\/schema\/logo\/image\/"}},{"@type":"Person","@id":"https:\/\/www.brognoli.com.br\/blog\/#\/schema\/person\/87771d6b68b99d9d9db50bfcf109f10c","name":"brognoli","image":{"@type":"ImageObject","inLanguage":"pt-BR","@id":"https:\/\/www.brognoli.com.br\/blog\/#\/schema\/person\/image\/","url":"https:\/\/secure.gravatar.com\/avatar\/a7836fc1468501cb19a0ad1df34b5f85abe16dfce609e03bba719de31c58ea48?s=96&d=mm&r=g","contentUrl":"https:\/\/secure.gravatar.com\/avatar\/a7836fc1468501cb19a0ad1df34b5f85abe16dfce609e03bba719de31c58ea48?s=96&d=mm&r=g","caption":"brognoli"},"url":"https:\/\/www.brognoli.com.br\/blog\/author\/brognoli\/"}]}},"_links":{"self":[{"href":"https:\/\/www.brognoli.com.br\/blog\/wp-json\/wp\/v2\/posts\/2205955","targetHints":{"allow":["GET"]}}],"collection":[{"href":"https:\/\/www.brognoli.com.br\/blog\/wp-json\/wp\/v2\/posts"}],"about":[{"href":"https:\/\/www.brognoli.com.br\/blog\/wp-json\/wp\/v2\/types\/post"}],"author":[{"embeddable":true,"href":"https:\/\/www.brognoli.com.br\/blog\/wp-json\/wp\/v2\/users\/7"}],"replies":[{"embeddable":true,"href":"https:\/\/www.brognoli.com.br\/blog\/wp-json\/wp\/v2\/comments?post=2205955"}],"version-history":[{"count":0,"href":"https:\/\/www.brognoli.com.br\/blog\/wp-json\/wp\/v2\/posts\/2205955\/revisions"}],"wp:featuredmedia":[{"embeddable":true,"href":"https:\/\/www.brognoli.com.br\/blog\/wp-json\/wp\/v2\/media\/2205956"}],"wp:attachment":[{"href":"https:\/\/www.brognoli.com.br\/blog\/wp-json\/wp\/v2\/media?parent=2205955"}],"wp:term":[{"taxonomy":"category","embeddable":true,"href":"https:\/\/www.brognoli.com.br\/blog\/wp-json\/wp\/v2\/categories?post=2205955"},{"taxonomy":"post_tag","embeddable":true,"href":"https:\/\/www.brognoli.com.br\/blog\/wp-json\/wp\/v2\/tags?post=2205955"}],"curies":[{"name":"wp","href":"https:\/\/api.w.org\/{rel}","templated":true}]}}