{"id":2206113,"date":"2021-10-18T20:55:52","date_gmt":"2021-10-18T23:55:52","guid":{"rendered":"https:\/\/api-portal.brognoli.com.br\/profissional-imobiliario-e-a-modernizacao-do-setor\/"},"modified":"2021-10-18T20:55:52","modified_gmt":"2021-10-18T23:55:52","slug":"profissional-imobiliario-e-a-modernizacao-do-setor","status":"publish","type":"post","link":"https:\/\/www.brognoli.com.br\/blog\/profissional-imobiliario-e-a-modernizacao-do-setor\/","title":{"rendered":"Profissional Imobili\u00e1rio e a Moderniza\u00e7\u00e3o do Setor"},"content":{"rendered":"\n<p>\u00c9 certo que o mercado imobili\u00e1rio demonstrou forte resili\u00eancia e capacidade de adapta\u00e7\u00e3o durante a pandemia, por\u00e9m, certos objetivos s\u00f3 foram concretizados por conta do investimento em capacita\u00e7\u00f5es do profissional imobili\u00e1rio e em moderniza\u00e7\u00e3o do setor.&nbsp;<\/p>\n\n\n\n<p>Alguns dos principais investimentos do segmento na Grande Florian\u00f3polis foram, sem d\u00favidas, na parte tecnol\u00f3gica e no desenvolvimento de automatiza\u00e7\u00e3o de processos imobili\u00e1rios.<\/p>\n\n\n\n<p>Mas a reinven\u00e7\u00e3o do ecossistema s\u00f3 foi veloz como se mostrou por conta de digitaliza\u00e7\u00e3o que j\u00e1 estavam em andamento, como foi o caso da Brognoli Imobili\u00e1ria.&nbsp;<\/p>\n\n\n\n<p>Ent\u00e3o vamos conhecer um pouco da import\u00e2ncia da capacita\u00e7\u00e3o do profissional imobili\u00e1rio e da moderniza\u00e7\u00e3o do setor?&nbsp;<\/p>\n\n\n\n<p><em>Ent\u00e3o, j\u00e1 est\u00e1 imaginando a sua kitnet ou apartamento em Barreiros, Kobrasol e Campinas em S\u00e3o Jos\u00e9 anunciado e vendido r\u00e1pido?&nbsp;<\/em><\/p>\n\n\n\n<p><em>A Brognoli sabe como \u00e9 gratificante fazer uma fam\u00edlia feliz!<br>Assim, quem tiver interesse no seu im\u00f3vel vai poder visit\u00e1-lo pessoalmente e <\/em><a href=\"https:\/\/www.brognoli.com.br\/dicas-para-aproveitar-melhor-sua-visita-virtual-ao-imovel\/\"><strong><em>virtualmente<\/em><\/strong><\/a><strong><em>.<\/em><\/strong><\/p>\n\n\n\n<h2 class=\"wp-block-heading\" id=\"h-diagn-sticos-por-parte-do-profissional-imobili-rio\"><strong>Diagn\u00f3sticos por parte do profissional imobili\u00e1rio<\/strong><\/h2>\n\n\n\n<p>Para promover estrat\u00e9gias assertivas no setor de capta\u00e7\u00e3o, vendas e p\u00f3s-vendas de servi\u00e7os imobili\u00e1rios, \u00e9 indispens\u00e1vel que sejam feitos estudos para obten\u00e7\u00e3o de diagn\u00f3sticos.&nbsp;<\/p>\n\n\n\n<p>Quando falamos em profissionais imobili\u00e1rios, nos dirigimos tamb\u00e9m a profissionais que desenvolvem maneiras de entender quais as dores dos clientes e da pr\u00f3pria imobili\u00e1ria.&nbsp;<\/p>\n\n\n\n<p>Seja onde estiver localizada a imobili\u00e1ria, sempre existem melhorias a serem implantadas, uma vez que as necessidades mudam e a maneira de nos comunicar precisa ser a cada dia mais clara, mais r\u00e1pida e acess\u00edvel.&nbsp;<\/p>\n\n\n\n<p><em>Voc\u00ea quer se despedir dos processos burocr\u00e1ticos e melhorar os fluxos de trabalho da sua imobili\u00e1ria de forma inteligente?<\/em><\/p>\n\n\n\n<p><em>Ent\u00e3o acesse <\/em><a href=\"https:\/\/www.woliver.com.br\/\"><strong><em>https:\/\/www.woliver.com.br\/<\/em><\/strong><\/a><\/p>\n\n\n\n<h2 class=\"wp-block-heading\" id=\"h-mas-como-nos-comunicar-com-um-mercado-que-est-em-constante-evolu-o\"><strong>Mas como nos comunicar com um mercado que est\u00e1 em constante evolu\u00e7\u00e3o?<\/strong><\/h2>\n\n\n\n<p>No caso da Brognoli Imobili\u00e1ria, temos diversas parcerias com startups de tecnologia especializadas em vendas, automatiza\u00e7\u00e3o, qualifica\u00e7\u00e3o de leads e muito mais.&nbsp;<\/p>\n\n\n\n<p>Um exemplo \u00e9 a <a href=\"https:\/\/bloco.digital\/transformacao-digital\/\"><strong>Bloco<\/strong>,<\/a> uma iniciativa do Grupo Brognoli que busca desenvolver cultura de inova\u00e7\u00e3o e acelerar o processo de transforma\u00e7\u00e3o para atender o mercado imobili\u00e1rio.<\/p>\n\n\n\n<p>Atrav\u00e9s de startups, empresas e parceiros como a Bloco, o Grupo Brognoli  tem como objetivo se estabelecer no setor imobili\u00e1rio, entregando solu\u00e7\u00f5es e facilidades. Ao mesmo tempo, busca levar essa expertise para outras empresas do mesmo ramo!<\/p>\n\n\n\n<p>Isso \u00e9 o que o possibilita tornar o mercado mais competitivo e atrativo atrav\u00e9s de conex\u00e3o, tecnologia e, claro, locat\u00e1rios e locadores felizes, vendedores satisfeitos e investidores realizados. &nbsp;<\/p>\n\n\n\n<p><em>Ent\u00e3o, qual \u00e9 a sua dor como profissional imobili\u00e1rio na Grande Florian\u00f3polis?<\/em><\/p>\n\n\n\n<p><em>Saiba que a Brognoli Imobili\u00e1ria tem solu\u00e7\u00f5es assertivas para a sua empresa e pode te auxiliar a desenvolver novos meios de conex\u00e3o com os seus clientes.<\/em><\/p>\n\n\n\n<p><em>Conhe\u00e7a o nosso portal e acesse o nosso marketplace <\/em><a href=\"https:\/\/marketplace.brognoli.com.br\/\"><strong><em>AQUI<\/em><\/strong><\/a><em>.<\/em><\/p>\n\n\n\n<h2 class=\"wp-block-heading\" id=\"h-o-profissional-imobili-rio-e-a-procura-por-solu-es-inovadoras\"><strong>O profissional imobili\u00e1rio e a procura por solu\u00e7\u00f5es inovadoras<\/strong><\/h2>\n\n\n\n<p>O grande aliado da vez s\u00e3o os dados obtidos atrav\u00e9s de buscas online, que indicam diversos aspectos dos usu\u00e1rios, por exemplo, em qual etapa da jornada de compra o cliente em potencial est\u00e1.<\/p>\n\n\n\n<p>Seja um cliente que queira alugar, vender, comprar ou investir, ou, at\u00e9 mesmo imobili\u00e1rias parceiras que desejam ampliar seus ganhos utilizando softwares inovadores que j\u00e1 est\u00e3o dando resultados.&nbsp;<\/p>\n\n\n\n<p>\u00c9 necess\u00e1rio entender os comportamentos destes clientes, a fim de oferecer as melhores condi\u00e7\u00f5es de relacionamento com agilidade e conex\u00f5es reais baseadas em necessidades futuras.<\/p>\n\n\n\n<p>A l\u00f3gica \u00e9 simples: quando os profissionais do setor imobili\u00e1rio conseguem antecipar solu\u00e7\u00f5es para problemas que ainda n\u00e3o existem, estaremos preparados para desafios com poss\u00edveis resolu\u00e7\u00f5es na manga.&nbsp;Ou seja: antecipar problemas \u00e9 tamb\u00e9m antecipar resultados e solu\u00e7\u00f5es e adapta\u00e7\u00e3o a novos cen\u00e1rios.<\/p>\n\n\n\n<p>Contudo, ao unir a tecnologia com os conhecimentos de profissionais imobili\u00e1rios, experts em atendimento e corretagem, \u00e9 imprescind\u00edvel que tenhamos claros os objetivos. Um dos principais objetivos \u00e9 facilitar o manejo das ferramentas tanto pelos experts quanto pelos clientes e facilitar a rela\u00e7\u00e3o entre eles!<\/p>\n\n\n\n<h2 class=\"wp-block-heading\" id=\"h-transforma-o-e-capacita-o-do-profissional-imobili-rio\"><strong>Transforma\u00e7\u00e3o e capacita\u00e7\u00e3o do profissional imobili\u00e1rio<\/strong><\/h2>\n\n\n\n<p>A ideia de um mercado imobili\u00e1rio inflex\u00edvel, que segue a f\u00f3rmula tradicional de visita\u00e7\u00e3o, negocia\u00e7\u00e3o, revis\u00e3o de documentos e fechamento de contrato em cart\u00f3rios \u00e9 ultrapassada e logo vai desaparecer.&nbsp;<\/p>\n\n\n\n<p>No entanto, \u00e9 importante destacar que essa transforma\u00e7\u00e3o busca a proximidade e conex\u00e3o com o cliente, pois, n\u00e3o \u00e9 s\u00f3 do in\u00edcio do contrato que se trata uma moradia!<\/p>\n\n\n\n<p>Isto \u00e9, a imobili\u00e1ria deve estreitar a rela\u00e7\u00e3o com o cliente dando aten\u00e7\u00e3o, rapidez e efici\u00eancia em tudo o que ele precisar em termos de melhorias e negocia\u00e7\u00f5es, integradamente.<\/p>\n\n\n\n<p>Por isso \u00e9 ineg\u00e1vel a import\u00e2ncia de unir os avan\u00e7os tecnol\u00f3gicos com a capacidade de adapta\u00e7\u00e3o dos profissionais imobili\u00e1rios. Profissionais estes que s\u00e3o pe\u00e7as chave para um relacionamento duradouro com seus clientes.&nbsp;<\/p>\n\n\n\n<p>Cursos, capacita\u00e7\u00f5es e inclus\u00e3o s\u00e3o necess\u00e1rios para estabelecer essa uni\u00e3o de processos.&nbsp;<\/p>\n\n\n\n<p>Uma vez que a automatiza\u00e7\u00e3o e a digitaliza\u00e7\u00e3o n\u00e3o podem ter sua implementa\u00e7\u00e3o concretizada sem a\u00e7\u00f5es qualificadas de profissionais imobili\u00e1rios.<\/p>\n\n\n\n<p>Com isso, afirmamos a necessidade de incluir tais profissionais, atendentes e corretores que est\u00e3o em contato direto com clientes, nos processos inovadores e ferramentas que s\u00f3 tem a ampliar as suas possibilidades.<\/p>\n\n\n\n<p><em>Est\u00e1 gostando de ler sobre profissionais de imobili\u00e1rias?<\/em><\/p>\n\n\n\n<p><em>Pois saiba que \u00e9 poss\u00edvel atestar a funcionalidade dos processos digitais atrav\u00e9s do nosso site!<\/em><\/p>\n\n\n\n<p><em>Conhe\u00e7a o nosso <\/em><a href=\"https:\/\/proprietario.brognoli.com.br\/venda-seu-imovel\"><strong><em>portal de vendas<\/em><\/strong><\/a><strong><em> para propriet\u00e1rios<\/em><\/strong><em> de im\u00f3veis em Florian\u00f3polis, S\u00e3o Jos\u00e9 e Palho\u00e7a.<\/em><\/p>\n\n\n\n<p><em>Tem um problema na sua imobili\u00e1ria, que parece n\u00e3o ter solu\u00e7\u00e3o?<\/em><\/p>\n\n\n\n<p><em>Pois, independente se voc\u00ea atua no Campeche, Rio Tavares, Trindade ou no Centro de Florian\u00f3polis, saiba que a Brognoli Imobili\u00e1ria \u00e9 expert no setor imobili\u00e1rio h\u00e1 mais de 65 anos e pode te ajudar!<\/em><\/p>\n\n\n\n<p><em>Ent\u00e3o acesse o nosso marketplace <\/em><a href=\"https:\/\/marketplace.brognoli.com.br\/\"><strong><em>AQUI<\/em><\/strong><\/a><em> e saiba como profissionais do setor imobili\u00e1rio podem evoluir atrav\u00e9s de ferramentas inovadoras.<\/em><\/p>\n\n\n\n<p><strong>Clique AQUI *link para artigo de digitaliza\u00e7\u00e3o* para conhecer a digitaliza\u00e7\u00e3o de processos na Brognoli Imobili\u00e1ria.<\/strong><\/p>\n\n\n\n<h3 class=\"wp-block-heading\" id=\"h-garantia-total-para-quem-quer-investir-na-grande-florian-polis\"><strong>Garantia Total para Quem Quer Investir na Grande Florian\u00f3polis<\/strong><\/h3>\n\n\n\n<p>Se voc\u00ea \u00e9 propriet\u00e1rio de um im\u00f3vel, seja no Kobrasol, Campinas ou Barreiros, e quer investir, ent\u00e3o a modalidade Garantia Total \u00e9 ideal para voc\u00ea!<\/p>\n\n\n\n<p>Considerando que, ao aderir ao Garantia Total, voc\u00ea recebe o valor do aluguel na data certa e tem a certeza de que todas as taxas ser\u00e3o pagas sempre em dia, independente da situa\u00e7\u00e3o do locat\u00e1rio.<\/p>\n\n\n\n<p>Colocando o seu im\u00f3vel \u2013 casa, apartamento, cobertura ou sala comercial \u2013 para alugar com a Brognoli, voc\u00ea n\u00e3o se preocupa com mais nada.<\/p>\n\n\n\n<p>Para tal, fazemos a gest\u00e3o de 100% das contas do im\u00f3vel e garantia contra inadimpl\u00eancias das taxas.<\/p>\n\n\n\n<p>\u2013 Aluguel, condom\u00ednio, IPTU, contas de luz e \u00e1gua, conta de g\u00e1s, taxa de lixo e mais;<\/p>\n\n\n\n<p>\u2013 Recebimento do seu dinheiro todo m\u00eas, em dia, sem depender do pagamento do inquilino. Se o locat\u00e1rio n\u00e3o pagar, a Brognoli paga!<\/p>\n\n\n\n<h4 class=\"wp-block-heading\" id=\"h-vantagens-da-contrata-o-da-garantia-total\"><strong>Vantagens da Contrata\u00e7\u00e3o da Garantia Total<\/strong><\/h4>\n\n\n\n<p>A Garantia Total nas cidades de Palho\u00e7a, S\u00e3o Jos\u00e9 e Florian\u00f3polis, preserva o seu direito de receber os valores no dia correto.<\/p>\n\n\n\n<p>Iinclusive sem depender do locat\u00e1rio, al\u00e9m de outras vantagens exclusivas.<\/p>\n\n\n\n<ul class=\"wp-block-list\"><li>Car\u00eancia de tr\u00eas meses na taxa de administra\u00e7\u00e3o;<br><\/li><li>An\u00fancio online, de gra\u00e7a e com contrato digital;<br><\/li><li>Transa\u00e7\u00f5es muito mais r\u00e1pidas e com garantia total;<br><\/li><li>Recebimento sem depender do pagamento do locat\u00e1rio;<br><\/li><li>Assessoria jur\u00eddica especializada da Brognoli;<br><\/li><li>Ag\u00eancias modelo da ilha e do continente para ampliar a sua experi\u00eancia;<br><\/li><li>An\u00fancio de im\u00f3vel completamente gratuito em plataformas como Brognoli, Useayla, Terraz e mais;<br><\/li><li>App exclusivo para propriet\u00e1rios para gest\u00e3o dos seus im\u00f3veis.<\/li><\/ul>\n\n\n\n<p>Clique <a href=\"https:\/\/proprietario.brognoli.com.br\/garantia-total\"><strong>AQUI<\/strong><\/a> para aderir ao Garantia Total.<\/p>\n\n\n\n<p>Mas ent\u00e3o, gostou de saber como funciona a digitaliza\u00e7\u00e3o de imobili\u00e1rias e a import\u00e2ncia de envolver os profissionais imobili\u00e1rios?<\/p>\n\n\n\n<p>Entre em contato atrav\u00e9s do WhatsApp no n\u00famero (48) 3029-5000, pelo nosso <a href=\"https:\/\/atendimento.brognoli.com.br\/\"><strong>site<\/strong><\/a> ou pessoalmente no Kobrasol \u2013 S\u00e3o Jos\u00e9, ou na Trindade \u2013 Floripa.<\/p>\n\n\n\n<p>Por fim, compartilhe e marque os profissionais imobili\u00e1rios que buscam inova\u00e7\u00e3o.&nbsp;<\/p>\n","protected":false},"excerpt":{"rendered":"<p>\u00c9 certo que o mercado imobili\u00e1rio demonstrou forte resili\u00eancia e capacidade de adapta\u00e7\u00e3o durante a pandemia, por\u00e9m, certos objetivos s\u00f3 foram concretizados por conta do investimento em capacita\u00e7\u00f5es do profissional [&hellip;]<\/p>\n","protected":false},"author":7,"featured_media":2206114,"comment_status":"closed","ping_status":"closed","sticky":false,"template":"","format":"standard","meta":{"footnotes":""},"categories":[21],"tags":[29,30,178,45,46,25,703,52,32,716,188,191,243,717],"class_list":["post-2206113","post","type-post","status-publish","format-standard","has-post-thumbnail","hentry","category-business","tag-apartamento","tag-brognoli","tag-campeche","tag-florianopolis","tag-floripa","tag-grande-florianopolis","tag-ilha-da-magia","tag-imobiliaria","tag-imoveis","tag-modernizacao-imobiliaria","tag-palhoca","tag-santa-catarina","tag-sao-jose","tag-setor-imobiliario"],"yoast_head":"<!-- This site is optimized with the Yoast SEO plugin v21.3 - https:\/\/yoast.com\/wordpress\/plugins\/seo\/ -->\n<title>Profissional Imobili\u00e1rio e a Moderniza\u00e7\u00e3o do Setor - Brognoli<\/title>\n<meta name=\"robots\" content=\"index, follow, max-snippet:-1, max-image-preview:large, max-video-preview:-1\" \/>\n<link rel=\"canonical\" href=\"https:\/\/www.brognoli.com.br\/blog\/profissional-imobiliario-e-a-modernizacao-do-setor\/\" \/>\n<meta property=\"og:locale\" content=\"pt_BR\" \/>\n<meta property=\"og:type\" content=\"article\" \/>\n<meta property=\"og:title\" content=\"Profissional Imobili\u00e1rio e a Moderniza\u00e7\u00e3o do Setor - Brognoli\" \/>\n<meta property=\"og:description\" content=\"\u00c9 certo que o mercado imobili\u00e1rio demonstrou forte resili\u00eancia e capacidade de adapta\u00e7\u00e3o durante a pandemia, por\u00e9m, certos objetivos s\u00f3 foram concretizados por conta do investimento em capacita\u00e7\u00f5es do profissional [&hellip;]\" \/>\n<meta property=\"og:url\" content=\"https:\/\/www.brognoli.com.br\/blog\/profissional-imobiliario-e-a-modernizacao-do-setor\/\" \/>\n<meta property=\"og:site_name\" content=\"Brognoli\" \/>\n<meta property=\"article:published_time\" content=\"2021-10-18T23:55:52+00:00\" \/>\n<meta property=\"og:image\" content=\"https:\/\/www.brognoli.com.br\/blog\/wp-content\/uploads\/2022\/10\/18.10.jpeg\" \/>\n\t<meta property=\"og:image:width\" content=\"626\" \/>\n\t<meta property=\"og:image:height\" content=\"309\" \/>\n\t<meta property=\"og:image:type\" content=\"image\/jpeg\" \/>\n<meta name=\"author\" content=\"brognoli\" \/>\n<meta name=\"twitter:card\" content=\"summary_large_image\" \/>\n<meta name=\"twitter:label1\" content=\"Escrito por\" \/>\n\t<meta name=\"twitter:data1\" content=\"brognoli\" \/>\n\t<meta name=\"twitter:label2\" content=\"Est. tempo de leitura\" \/>\n\t<meta name=\"twitter:data2\" content=\"7 minutos\" \/>\n<script type=\"application\/ld+json\" class=\"yoast-schema-graph\">{\"@context\":\"https:\/\/schema.org\",\"@graph\":[{\"@type\":\"Article\",\"@id\":\"https:\/\/www.brognoli.com.br\/blog\/profissional-imobiliario-e-a-modernizacao-do-setor\/#article\",\"isPartOf\":{\"@id\":\"https:\/\/www.brognoli.com.br\/blog\/profissional-imobiliario-e-a-modernizacao-do-setor\/\"},\"author\":{\"name\":\"brognoli\",\"@id\":\"https:\/\/www.brognoli.com.br\/blog\/#\/schema\/person\/87771d6b68b99d9d9db50bfcf109f10c\"},\"headline\":\"Profissional Imobili\u00e1rio e a Moderniza\u00e7\u00e3o do Setor\",\"datePublished\":\"2021-10-18T23:55:52+00:00\",\"dateModified\":\"2021-10-18T23:55:52+00:00\",\"mainEntityOfPage\":{\"@id\":\"https:\/\/www.brognoli.com.br\/blog\/profissional-imobiliario-e-a-modernizacao-do-setor\/\"},\"wordCount\":1441,\"publisher\":{\"@id\":\"https:\/\/www.brognoli.com.br\/blog\/#organization\"},\"keywords\":[\"apartamento\",\"Brognoli\",\"campeche\",\"florian\u00f3polis\",\"floripa\",\"Grande Florian\u00f3polis\",\"ilha da magia\",\"imobili\u00e1ria\",\"im\u00f3veis\",\"moderniza\u00e7\u00e3o imobili\u00e1ria\",\"Palho\u00e7a\",\"Santa Catarina\",\"S\u00e3o Jos\u00e9\",\"setor imobili\u00e1rio\"],\"articleSection\":[\"Business\"],\"inLanguage\":\"pt-BR\"},{\"@type\":\"WebPage\",\"@id\":\"https:\/\/www.brognoli.com.br\/blog\/profissional-imobiliario-e-a-modernizacao-do-setor\/\",\"url\":\"https:\/\/www.brognoli.com.br\/blog\/profissional-imobiliario-e-a-modernizacao-do-setor\/\",\"name\":\"Profissional Imobili\u00e1rio e a Moderniza\u00e7\u00e3o do Setor - Brognoli\",\"isPartOf\":{\"@id\":\"https:\/\/www.brognoli.com.br\/blog\/#website\"},\"datePublished\":\"2021-10-18T23:55:52+00:00\",\"dateModified\":\"2021-10-18T23:55:52+00:00\",\"breadcrumb\":{\"@id\":\"https:\/\/www.brognoli.com.br\/blog\/profissional-imobiliario-e-a-modernizacao-do-setor\/#breadcrumb\"},\"inLanguage\":\"pt-BR\",\"potentialAction\":[{\"@type\":\"ReadAction\",\"target\":[\"https:\/\/www.brognoli.com.br\/blog\/profissional-imobiliario-e-a-modernizacao-do-setor\/\"]}]},{\"@type\":\"BreadcrumbList\",\"@id\":\"https:\/\/www.brognoli.com.br\/blog\/profissional-imobiliario-e-a-modernizacao-do-setor\/#breadcrumb\",\"itemListElement\":[{\"@type\":\"ListItem\",\"position\":1,\"name\":\"In\u00edcio\",\"item\":\"https:\/\/www.brognoli.com.br\/blog\/\"},{\"@type\":\"ListItem\",\"position\":2,\"name\":\"Profissional Imobili\u00e1rio e a Moderniza\u00e7\u00e3o do Setor\"}]},{\"@type\":\"WebSite\",\"@id\":\"https:\/\/www.brognoli.com.br\/blog\/#website\",\"url\":\"https:\/\/www.brognoli.com.br\/blog\/\",\"name\":\"Brognoli\",\"description\":\"Brognoli\",\"publisher\":{\"@id\":\"https:\/\/www.brognoli.com.br\/blog\/#organization\"},\"potentialAction\":[{\"@type\":\"SearchAction\",\"target\":{\"@type\":\"EntryPoint\",\"urlTemplate\":\"https:\/\/www.brognoli.com.br\/blog\/?s={search_term_string}\"},\"query-input\":\"required name=search_term_string\"}],\"inLanguage\":\"pt-BR\"},{\"@type\":\"Organization\",\"@id\":\"https:\/\/www.brognoli.com.br\/blog\/#organization\",\"name\":\"Brognoli\",\"url\":\"https:\/\/www.brognoli.com.br\/blog\/\",\"logo\":{\"@type\":\"ImageObject\",\"inLanguage\":\"pt-BR\",\"@id\":\"https:\/\/www.brognoli.com.br\/blog\/#\/schema\/logo\/image\/\",\"url\":\"https:\/\/www.brognoli.com.br\/blog\/wp-content\/uploads\/2024\/10\/cropped-cropped-BRO_LOGO_3@300x.png\",\"contentUrl\":\"https:\/\/www.brognoli.com.br\/blog\/wp-content\/uploads\/2024\/10\/cropped-cropped-BRO_LOGO_3@300x.png\",\"width\":1762,\"height\":605,\"caption\":\"Brognoli\"},\"image\":{\"@id\":\"https:\/\/www.brognoli.com.br\/blog\/#\/schema\/logo\/image\/\"}},{\"@type\":\"Person\",\"@id\":\"https:\/\/www.brognoli.com.br\/blog\/#\/schema\/person\/87771d6b68b99d9d9db50bfcf109f10c\",\"name\":\"brognoli\",\"image\":{\"@type\":\"ImageObject\",\"inLanguage\":\"pt-BR\",\"@id\":\"https:\/\/www.brognoli.com.br\/blog\/#\/schema\/person\/image\/\",\"url\":\"https:\/\/secure.gravatar.com\/avatar\/a7836fc1468501cb19a0ad1df34b5f85abe16dfce609e03bba719de31c58ea48?s=96&d=mm&r=g\",\"contentUrl\":\"https:\/\/secure.gravatar.com\/avatar\/a7836fc1468501cb19a0ad1df34b5f85abe16dfce609e03bba719de31c58ea48?s=96&d=mm&r=g\",\"caption\":\"brognoli\"},\"url\":\"https:\/\/www.brognoli.com.br\/blog\/author\/brognoli\/\"}]}<\/script>\n<!-- \/ Yoast SEO plugin. -->","yoast_head_json":{"title":"Profissional Imobili\u00e1rio e a Moderniza\u00e7\u00e3o do Setor - Brognoli","robots":{"index":"index","follow":"follow","max-snippet":"max-snippet:-1","max-image-preview":"max-image-preview:large","max-video-preview":"max-video-preview:-1"},"canonical":"https:\/\/www.brognoli.com.br\/blog\/profissional-imobiliario-e-a-modernizacao-do-setor\/","og_locale":"pt_BR","og_type":"article","og_title":"Profissional Imobili\u00e1rio e a Moderniza\u00e7\u00e3o do Setor - Brognoli","og_description":"\u00c9 certo que o mercado imobili\u00e1rio demonstrou forte resili\u00eancia e capacidade de adapta\u00e7\u00e3o durante a pandemia, por\u00e9m, certos objetivos s\u00f3 foram concretizados por conta do investimento em capacita\u00e7\u00f5es do profissional [&hellip;]","og_url":"https:\/\/www.brognoli.com.br\/blog\/profissional-imobiliario-e-a-modernizacao-do-setor\/","og_site_name":"Brognoli","article_published_time":"2021-10-18T23:55:52+00:00","og_image":[{"width":626,"height":309,"url":"https:\/\/www.brognoli.com.br\/blog\/wp-content\/uploads\/2022\/10\/18.10.jpeg","type":"image\/jpeg"}],"author":"brognoli","twitter_card":"summary_large_image","twitter_misc":{"Escrito por":"brognoli","Est. tempo de leitura":"7 minutos"},"schema":{"@context":"https:\/\/schema.org","@graph":[{"@type":"Article","@id":"https:\/\/www.brognoli.com.br\/blog\/profissional-imobiliario-e-a-modernizacao-do-setor\/#article","isPartOf":{"@id":"https:\/\/www.brognoli.com.br\/blog\/profissional-imobiliario-e-a-modernizacao-do-setor\/"},"author":{"name":"brognoli","@id":"https:\/\/www.brognoli.com.br\/blog\/#\/schema\/person\/87771d6b68b99d9d9db50bfcf109f10c"},"headline":"Profissional Imobili\u00e1rio e a Moderniza\u00e7\u00e3o do Setor","datePublished":"2021-10-18T23:55:52+00:00","dateModified":"2021-10-18T23:55:52+00:00","mainEntityOfPage":{"@id":"https:\/\/www.brognoli.com.br\/blog\/profissional-imobiliario-e-a-modernizacao-do-setor\/"},"wordCount":1441,"publisher":{"@id":"https:\/\/www.brognoli.com.br\/blog\/#organization"},"keywords":["apartamento","Brognoli","campeche","florian\u00f3polis","floripa","Grande Florian\u00f3polis","ilha da magia","imobili\u00e1ria","im\u00f3veis","moderniza\u00e7\u00e3o imobili\u00e1ria","Palho\u00e7a","Santa Catarina","S\u00e3o Jos\u00e9","setor imobili\u00e1rio"],"articleSection":["Business"],"inLanguage":"pt-BR"},{"@type":"WebPage","@id":"https:\/\/www.brognoli.com.br\/blog\/profissional-imobiliario-e-a-modernizacao-do-setor\/","url":"https:\/\/www.brognoli.com.br\/blog\/profissional-imobiliario-e-a-modernizacao-do-setor\/","name":"Profissional Imobili\u00e1rio e a Moderniza\u00e7\u00e3o do Setor - Brognoli","isPartOf":{"@id":"https:\/\/www.brognoli.com.br\/blog\/#website"},"datePublished":"2021-10-18T23:55:52+00:00","dateModified":"2021-10-18T23:55:52+00:00","breadcrumb":{"@id":"https:\/\/www.brognoli.com.br\/blog\/profissional-imobiliario-e-a-modernizacao-do-setor\/#breadcrumb"},"inLanguage":"pt-BR","potentialAction":[{"@type":"ReadAction","target":["https:\/\/www.brognoli.com.br\/blog\/profissional-imobiliario-e-a-modernizacao-do-setor\/"]}]},{"@type":"BreadcrumbList","@id":"https:\/\/www.brognoli.com.br\/blog\/profissional-imobiliario-e-a-modernizacao-do-setor\/#breadcrumb","itemListElement":[{"@type":"ListItem","position":1,"name":"In\u00edcio","item":"https:\/\/www.brognoli.com.br\/blog\/"},{"@type":"ListItem","position":2,"name":"Profissional Imobili\u00e1rio e a Moderniza\u00e7\u00e3o do Setor"}]},{"@type":"WebSite","@id":"https:\/\/www.brognoli.com.br\/blog\/#website","url":"https:\/\/www.brognoli.com.br\/blog\/","name":"Brognoli","description":"Brognoli","publisher":{"@id":"https:\/\/www.brognoli.com.br\/blog\/#organization"},"potentialAction":[{"@type":"SearchAction","target":{"@type":"EntryPoint","urlTemplate":"https:\/\/www.brognoli.com.br\/blog\/?s={search_term_string}"},"query-input":"required name=search_term_string"}],"inLanguage":"pt-BR"},{"@type":"Organization","@id":"https:\/\/www.brognoli.com.br\/blog\/#organization","name":"Brognoli","url":"https:\/\/www.brognoli.com.br\/blog\/","logo":{"@type":"ImageObject","inLanguage":"pt-BR","@id":"https:\/\/www.brognoli.com.br\/blog\/#\/schema\/logo\/image\/","url":"https:\/\/www.brognoli.com.br\/blog\/wp-content\/uploads\/2024\/10\/cropped-cropped-BRO_LOGO_3@300x.png","contentUrl":"https:\/\/www.brognoli.com.br\/blog\/wp-content\/uploads\/2024\/10\/cropped-cropped-BRO_LOGO_3@300x.png","width":1762,"height":605,"caption":"Brognoli"},"image":{"@id":"https:\/\/www.brognoli.com.br\/blog\/#\/schema\/logo\/image\/"}},{"@type":"Person","@id":"https:\/\/www.brognoli.com.br\/blog\/#\/schema\/person\/87771d6b68b99d9d9db50bfcf109f10c","name":"brognoli","image":{"@type":"ImageObject","inLanguage":"pt-BR","@id":"https:\/\/www.brognoli.com.br\/blog\/#\/schema\/person\/image\/","url":"https:\/\/secure.gravatar.com\/avatar\/a7836fc1468501cb19a0ad1df34b5f85abe16dfce609e03bba719de31c58ea48?s=96&d=mm&r=g","contentUrl":"https:\/\/secure.gravatar.com\/avatar\/a7836fc1468501cb19a0ad1df34b5f85abe16dfce609e03bba719de31c58ea48?s=96&d=mm&r=g","caption":"brognoli"},"url":"https:\/\/www.brognoli.com.br\/blog\/author\/brognoli\/"}]}},"_links":{"self":[{"href":"https:\/\/www.brognoli.com.br\/blog\/wp-json\/wp\/v2\/posts\/2206113","targetHints":{"allow":["GET"]}}],"collection":[{"href":"https:\/\/www.brognoli.com.br\/blog\/wp-json\/wp\/v2\/posts"}],"about":[{"href":"https:\/\/www.brognoli.com.br\/blog\/wp-json\/wp\/v2\/types\/post"}],"author":[{"embeddable":true,"href":"https:\/\/www.brognoli.com.br\/blog\/wp-json\/wp\/v2\/users\/7"}],"replies":[{"embeddable":true,"href":"https:\/\/www.brognoli.com.br\/blog\/wp-json\/wp\/v2\/comments?post=2206113"}],"version-history":[{"count":0,"href":"https:\/\/www.brognoli.com.br\/blog\/wp-json\/wp\/v2\/posts\/2206113\/revisions"}],"wp:featuredmedia":[{"embeddable":true,"href":"https:\/\/www.brognoli.com.br\/blog\/wp-json\/wp\/v2\/media\/2206114"}],"wp:attachment":[{"href":"https:\/\/www.brognoli.com.br\/blog\/wp-json\/wp\/v2\/media?parent=2206113"}],"wp:term":[{"taxonomy":"category","embeddable":true,"href":"https:\/\/www.brognoli.com.br\/blog\/wp-json\/wp\/v2\/categories?post=2206113"},{"taxonomy":"post_tag","embeddable":true,"href":"https:\/\/www.brognoli.com.br\/blog\/wp-json\/wp\/v2\/tags?post=2206113"}],"curies":[{"name":"wp","href":"https:\/\/api.w.org\/{rel}","templated":true}]}}