{"id":2206133,"date":"2021-11-18T11:26:27","date_gmt":"2021-11-18T14:26:27","guid":{"rendered":"https:\/\/api-portal.brognoli.com.br\/reajuste-ipca-aluguel\/"},"modified":"2021-11-18T11:26:27","modified_gmt":"2021-11-18T14:26:27","slug":"reajuste-ipca-aluguel","status":"publish","type":"post","link":"https:\/\/www.brognoli.com.br\/blog\/reajuste-ipca-aluguel\/","title":{"rendered":"Entenda Tudo Sobre Reajuste de Aluguel pelo IPCA"},"content":{"rendered":"\n<p>Com a infla\u00e7\u00e3o, voc\u00ea deve ter notado o peso no bolso quanto aos itens b\u00e1sicos e moradia, certo? Por isso, no post de hoje vamos falar sobre o aumento do aluguel e o reajuste conforme o IPCA e IGP-M!<\/p>\n\n\n\n<p>Assim, voc\u00ea vai entender o que \u00e9 reajuste de aluguel, o que \u00e9 o IPCA e como funciona na pr\u00e1tica essa nova forma de reajuste do aluguel.<\/p>\n\n\n\n<p>Mas antes, confira aqui como alugar <a href=\"https:\/\/www.brognoli.com.br\/aluguel-sem-seguro-fianca-ou-fiador-2\/\"><strong>sem fiador<\/strong><\/a> e como lidar com <a href=\"https:\/\/www.brognoli.com.br\/renegociacao-aluguel\/\"><strong>renegocia\u00e7\u00e3o de aluguel<\/strong><\/a>!<\/p>\n\n\n\n<h2 class=\"wp-block-heading\" id=\"h-o-que-reajuste-ipca\"><strong>O que \u00e9 reajuste IPCA<\/strong><\/h2>\n\n\n\n<p>Bom, para come\u00e7o de tudo, quando voc\u00ea entra em um acordo para alugar um im\u00f3vel, uma casa, apartamento ou kitnet, \u00e9 necess\u00e1rio que as partes assinem um contrato de aluguel.&nbsp;<\/p>\n\n\n\n<p>A gente fala sempre sobre a import\u00e2ncia de o <a href=\"https:\/\/www.brognoli.com.br\/checklist-documentos-para-alugar\/\"><strong>contrato<\/strong><\/a> ser redigido por especialistas na \u00e1rea de loca\u00e7\u00e3o, assim a formaliza\u00e7\u00e3o \u00e9 feita de forma justa.&nbsp;<\/p>\n\n\n\n<p>Logo, \u00e9 necess\u00e1rio optar pelo \u00edndice que ser\u00e1 aplicado na hora de reajustar o valor do aluguel, o que pode ser feito uma vez ao ano, na data em que o contrato foi assinado.<\/p>\n\n\n\n<p>Se voc\u00ea tem d\u00favidas em rela\u00e7\u00e3o aos seus direitos e deveres como locador ou locat\u00e1rio de um im\u00f3vel, leia <a href=\"http:\/\/www.planalto.gov.br\/ccivil_03\/leis\/l8245.htm\"><strong>AQUI<\/strong><\/a> o que diz a Lei do Inquilinato.<\/p>\n\n\n\n<p>Al\u00e9m disso, converse com um dos nossos atendentes atrav\u00e9s do WhatsApp no n\u00famero (48) 3029-5000, pelo nosso <a href=\"https:\/\/atendimento.brognoli.com.br\/\"><strong>site<\/strong><\/a> ou pessoalmente no Kobrasol \u2013 S\u00e3o Jos\u00e9, ou na Trindade \u2013 Floripa.<\/p>\n\n\n\n<p><em>Quer morar com a sua fam\u00edlia onde h\u00e1 com\u00e9rcio, lazer e acessibilidade em Santa Catarina?<\/em><\/p>\n\n\n\n<p><em>Pois os bairros Campinas, Kobrasol e Barreiros, em <\/em><a href=\"https:\/\/www.brognoli.com.br\/imoveis\/?sort=newest&amp;search_type=3&amp;search_city=S%C3%83O+JOS%C3%89&amp;search_min_price=&amp;search_max_price=&amp;search_bedrooms=0&amp;search_garages=0\"><strong><em>S\u00e3o Jos\u00e9<\/em><\/strong><\/a><em>, oferecem praticidade e seguran\u00e7a!<\/em><\/p>\n\n\n\n<p><em>J\u00e1 que s\u00e3o lares em bairros com acesso \u00e0s principais rodovias que ligam as cidades de Santa Catarina.<\/em><\/p>\n\n\n\n<h3 class=\"wp-block-heading\" id=\"h-diferen-as-entre-reajuste-ipca-e-igp-m\"><strong>Diferen\u00e7as entre reajuste IPCA e IGP-M<\/strong><\/h3>\n\n\n\n<p>Tradicionalmente, o IGP-M sempre foi o mais utilizado no mercado imobili\u00e1rio entre os \u00edndices de reajuste de aluguel.<\/p>\n\n\n\n<p>Mas o que realmente essas siglas significam?<\/p>\n\n\n\n<p>Bom, ambos s\u00e3o \u00edndices que calculam varia\u00e7\u00f5es de pre\u00e7o, enquanto IPCA significa \u00cdndice Nacional de Pre\u00e7os ao Consumidor Amplo, IGP-M \u00e9 a sigla para \u00cdndice Geral de Pre\u00e7os Mercado.&nbsp;<\/p>\n\n\n\n<p><em>Ache apartamentos no Centro para alugar agora mesmo! Clique <\/em><a href=\"https:\/\/www.brognoli.com.br\/category\/dicas\/decoracao\/\"><strong><em>AQUI<\/em><\/strong><\/a><em> e veja im\u00f3veis neste e em outros bairros de Florian\u00f3polis.<\/em><\/p>\n\n\n\n<p><em>Mas, se tem d\u00favidas sobre <\/em><a href=\"https:\/\/www.brognoli.com.br\/morar-com-amigos-descubra\/\"><strong><em>morar sozinho ou com amigos<\/em><\/strong><\/a><em>, ou, se n\u00e3o sabe bem como escolher um im\u00f3vel, acesse o nosso <\/em><a href=\"https:\/\/marketplace.brognoli.com.br\/?_sfm_o_que_voce_esta_procurando=Quero%20alugar%20um%20im%C3%B3vel&amp;_sfm_solucoes=Aluguel\"><strong><em>marketplace<\/em><\/strong><\/a><em>.<\/em><\/p>\n\n\n\n<p><em>Porque a Brognoli Imobili\u00e1ria quer te ajudar a encontrar o seu ape dos sonhos!<\/em><\/p>\n\n\n\n<h4 class=\"wp-block-heading\" id=\"h-reajuste-ipca\"><strong>Reajuste IPCA<\/strong><\/h4>\n\n\n\n<p>\u00c9 calculado pelo Instituto Brasileiro de Geografia e Estat\u00edstica (IBGE), \u00e9 considerado o \u00edndice oficial de infla\u00e7\u00e3o no Brasil.<\/p>\n\n\n\n<p>Uma vez que mede a varia\u00e7\u00e3o de pre\u00e7os de produtos e servi\u00e7os para o comprador final.<\/p>\n\n\n\n<p><em>Fa\u00e7a j\u00e1 um <\/em><a href=\"https:\/\/www.brognoli.com.br\/dicas-para-aproveitar-melhor-sua-visita-virtual-ao-imovel\/\"><strong><em>tour<\/em><\/strong><\/a><em> <\/em><a href=\"https:\/\/www.brognoli.com.br\/dicas-para-aproveitar-melhor-sua-visita-virtual-ao-imovel\/\"><strong><em>virtual<\/em><\/strong><\/a><em> pelo residencial ou a cobertura dos seus sonhos em Campinas, Barreiros ou no Kobrasol \u2013 <\/em><a href=\"https:\/\/www.brognoli.com.br\/imoveis\/?filtering=off&amp;sort=newest&amp;ini=1&amp;search_type=3&amp;gsearch_city=sao+jose&amp;search_city=sao+jose&amp;search_neighborhood%5B%5D=\"><strong><em>S\u00e3o Jos\u00e9<\/em><\/strong><\/a><em>!<\/em><\/p>\n\n\n\n<p><em>Desse modo, vislumbre o seu futuro e o da sua fam\u00edlia com a ajuda da Brognoli Imobili\u00e1ria!<\/em><\/p>\n\n\n\n<h4 class=\"wp-block-heading\" id=\"h-reajuste-igp-m\"><strong>Reajuste IGP-M<\/strong><\/h4>\n\n\n\n<p>Ele \u00e9 calculado e divulgado mensalmente pelo Instituto Brasileiro de Economia da Funda\u00e7\u00e3o Get\u00falio Vargas (FGV IBRE) e foi concebido para ser uma medida abrangente da varia\u00e7\u00e3o de pre\u00e7os, englobando diversas etapas de uma cadeia produtiva.<\/p>\n\n\n\n<p>Logo, abrange n\u00e3o s\u00f3 os pre\u00e7os que chegam \u00e0 ponta final de venda, como tamb\u00e9m os do meio do processo.<\/p>\n\n\n\n<p>Assim, a principal diferen\u00e7a entre os dois \u00e9 que, enquanto o IPCA considera a varia\u00e7\u00e3o de pre\u00e7os de produtos e servi\u00e7os para o consumidor final, o IGP-M leva em conta a oscila\u00e7\u00e3o de pre\u00e7os em todos os est\u00e1gios de produ\u00e7\u00e3o.&nbsp;<\/p>\n\n\n\n<p><em>Est\u00e1 procurando apartamento para morar em Florian\u00f3polis?<\/em><\/p>\n\n\n\n<p><em>Ent\u00e3o clique <\/em><a href=\"https:\/\/www.brognoli.com.br\/imoveis\/?sort=newest&amp;search_type=3&amp;search_city=FLORIAN%C3%93POLIS&amp;search_min_price=&amp;search_max_price=&amp;search_bedrooms=0&amp;search_garages=0\"><strong><em>AQUI<\/em><\/strong><\/a><em> e conhe\u00e7a os im\u00f3veis no Centro, Trindade, Rio Tavares, Campeche e muito mais!<\/em><\/p>\n\n\n\n<h2 class=\"wp-block-heading\" id=\"h-a-brognoli-imobili-ria-opta-pelo-reajuste-de-aluguel-pelo-ipca\"><strong>A Brognoli Imobili\u00e1ria opta pelo reajuste de aluguel pelo IPCA<\/strong><\/h2>\n\n\n\n<p>Primeiramente, devemos destacar que a mudan\u00e7a dos par\u00e2metros de reajustes para o IPCA est\u00e1 acontecendo porque o uso de outros \u00edndices pode prejudicar o locat\u00e1rio que aluga um im\u00f3vel.<\/p>\n\n\n\n<p>Isso, porque apesar da livre negocia\u00e7\u00e3o entre as partes, os contratos de loca\u00e7\u00e3o precisam considerar a infla\u00e7\u00e3o do prazo da contrata\u00e7\u00e3o.<\/p>\n\n\n\n<p>Logo, os locat\u00e1rios dificilmente conseguir\u00e3o rejeitar um \u00edndice de corre\u00e7\u00e3o imposto pelo locador.<\/p>\n\n\n\n<p>Sendo assim, o reajuste IPCA permite que a renegocia\u00e7\u00e3o desses contratos imobili\u00e1rios seja mais justa, pois esse \u00edndice considera o custo de vida real.&nbsp;<\/p>\n\n\n\n<p><em>Fa\u00e7a j\u00e1 um <\/em><a href=\"https:\/\/www.brognoli.com.br\/dicas-para-aproveitar-melhor-sua-visita-virtual-ao-imovel\/\"><strong><em>tour<\/em><\/strong><\/a><em> <\/em><a href=\"https:\/\/www.brognoli.com.br\/dicas-para-aproveitar-melhor-sua-visita-virtual-ao-imovel\/\"><strong><em>virtual<\/em><\/strong><\/a><em> pelo residencial ou a cobertura dos seus sonhos em Campinas, Barreiros ou no Kobrasol \u2013 <\/em><a href=\"https:\/\/www.brognoli.com.br\/imoveis\/?filtering=off&amp;sort=newest&amp;ini=1&amp;search_type=3&amp;gsearch_city=sao+jose&amp;search_city=sao+jose&amp;search_neighborhood%5B%5D=\"><strong><em>S\u00e3o Jos\u00e9<\/em><\/strong><\/a><em>!<\/em><\/p>\n\n\n\n<p><em>Desse modo, vislumbre o seu futuro e o da sua fam\u00edlia.<\/em><\/p>\n\n\n\n<h4 class=\"wp-block-heading\" id=\"h-reajuste-ipca-e-a-lei\"><strong>Reajuste IPCA e a lei<\/strong><\/h4>\n\n\n\n<p>Por mais que a maioria dos contratos de aluguel, seja em Florian\u00f3polis, S\u00e3o Jos\u00e9 ou Palho\u00e7a, tenham seus reajustes calculados conforme o IGP-M, existe uma grande discuss\u00e3o a respeito da realidade dos brasileiros.<\/p>\n\n\n\n<p>Inclusive, a Lei do Inquilinato prev\u00ea a livre negocia\u00e7\u00e3o do valor do reajuste entre locador e locat\u00e1rio, mas essa livre negocia\u00e7\u00e3o vem trazendo preju\u00edzos \u00e0s duas partes, que na necessidade de fechar o contrato, aceitam qualquer \u00edndice de reajuste.<\/p>\n\n\n\n<p>Por esse motivo, existe uma PL para prever que o reajuste de alugueis seja feito pelo IPCA, e voc\u00ea pode ler tudo <a href=\"https:\/\/www12.senado.leg.br\/noticias\/materias\/2021\/05\/24\/projeto-de-lei-preve-que-reajuste-de-alugueis-seja-feito-pelo-ipca\"><strong>AQUI<\/strong><\/a>.<\/p>\n\n\n\n<p><em>More no Centro de Floripa! Pois no <\/em><a href=\"https:\/\/www.brognoli.com.br\/imoveis\/?sort=newest&amp;search_type=3&amp;search_city=FLORIAN%C3%93POLIS&amp;search_neighborhood%5B%5D=CENTRO&amp;search_min_price=&amp;search_max_price=&amp;search_bedrooms=0&amp;search_garages=0\"><strong><em>Centro<\/em><\/strong><\/a><em> tem acessibilidade, lazer, seguran\u00e7a e paisagens bel\u00edssimas!<\/em><\/p>\n\n\n\n<p><em>Confira <\/em><a href=\"https:\/\/www.brognoli.com.br\/imoveis\/?sort=newest&amp;search_type=3&amp;search_city=FLORIAN%C3%93POLIS&amp;search_min_price=&amp;search_max_price=&amp;search_bedrooms=0&amp;search_garages=0\"><strong><em>aqui<\/em><\/strong><\/a><em> im\u00f3veis para comprar no Centro, na Trindade, Campeche e Rio Tavares, quem sabe voc\u00ea n\u00e3o acha o seu lar num desses bairros de Florian\u00f3polis \u2013 SC.<\/em><em><br><\/em><\/p>\n\n\n\n<h2 class=\"wp-block-heading\" id=\"h-mais-solu-es-para-propriet-rios-de-im-veis-na-grande-florian-polis\"><strong>Mais solu\u00e7\u00f5es para propriet\u00e1rios de im\u00f3veis na Grande Florian\u00f3polis<\/strong><\/h2>\n\n\n\n<p>O Grupo Brognoli conta com parceiros e servi\u00e7os que buscam auxiliar quem deseja investir em melhorias no im\u00f3vel para alugar, seja utilizando o reajuste conforme o IPCA ou IGP-M.<\/p>\n\n\n\n<p>Ent\u00e3o, se voc\u00ea for propriet\u00e1rio de im\u00f3veis e quer mais rentabilidade e seguran\u00e7a nos seus neg\u00f3cios, a gente tem a solu\u00e7\u00e3o!<\/p>\n\n\n\n<p>Assim, <a href=\"https:\/\/marketplace.brognoli.com.br\/?_sfm_o_que_voce_esta_procurando=Quero%20solu%C3%A7%C3%B5es%20para%20o%20meu%20im%C3%B3vel\"><strong>acesse o nosso marketplace<\/strong><\/a> e veja as dezenas de oportunidades para deixar a sua casa, apartamento ou kitnet pronta para receber locat\u00e1rios!&nbsp;<\/p>\n\n\n\n<p><em>Confira kitnets, casas em residenciais, apartamentos e salas comerciais nos bairros Campeche, Rio Tavares, Trindade e no Centro da ilha de <\/em><a href=\"https:\/\/www.brognoli.com.br\/imoveis\/?sort=newest&amp;search_type=3&amp;search_city=FLORIAN%C3%93POLIS&amp;search_min_price=&amp;search_max_price=&amp;search_bedrooms=0&amp;search_garages=0\"><strong><em>Florian\u00f3polis<\/em><\/strong><\/a><em>!<\/em><\/p>\n\n\n\n<p><em>Onde h\u00e1 conforto, seguran\u00e7a e acessibilidade.<\/em><\/p>\n\n\n\n<p><em>Agora, se pretende oferecer mais tranquilidade \u00e0 sua fam\u00edlia morando num lar mais tranquilo, visite virtualmente os bairros Campinas, Kobrasol e Barreiros \u2013 <\/em><a href=\"https:\/\/www.brognoli.com.br\/imoveis\/?sort=newest&amp;search_type=3&amp;search_city=S%C3%83O+JOS%C3%89&amp;search_min_price=&amp;search_max_price=&amp;search_bedrooms=0&amp;search_garages=0\"><strong><em>S\u00e3o Jos\u00e9<\/em><\/strong><\/a><em>!<\/em><\/p>\n\n\n\n<h3 class=\"wp-block-heading\" id=\"h-garantia-total-para-quem-quer-investir-em-s-o-jos\"><strong>Garantia Total para Quem Quer Investir em S\u00e3o Jos\u00e9<\/strong><\/h3>\n\n\n\n<p>Se voc\u00ea \u00e9 propriet\u00e1rio de um im\u00f3vel, seja no Kobrasol, Campinas ou Barreiros, e quer investir, ent\u00e3o a modalidade Garantia Total \u00e9 ideal para voc\u00ea!<\/p>\n\n\n\n<p>Considerando que, ao aderir ao Garantia Total, voc\u00ea recebe o valor do aluguel na data certa e tem a certeza de que todas as taxas ser\u00e3o pagas sempre em dia, independente da situa\u00e7\u00e3o do inquilino.<\/p>\n\n\n\n<p>Colocando o seu im\u00f3vel \u2013 casa, apartamento, cobertura ou sala comercial \u2013 para alugar com a Brognoli, voc\u00ea n\u00e3o se preocupa com mais nada.<\/p>\n\n\n\n<p>Para tal, fazemos a gest\u00e3o de 100% das contas do im\u00f3vel e garantia contra inadimpl\u00eancias das taxas.<\/p>\n\n\n\n<p>\u2013 Aluguel, condom\u00ednio, IPTU, contas de luz e \u00e1gua, conta de g\u00e1s, taxa de lixo e mais;<\/p>\n\n\n\n<p>\u2013 Recebimento do seu dinheiro todo m\u00eas, em dia, sem depender do pagamento do inquilino. Se o locat\u00e1rio n\u00e3o pagar, a Brognoli paga!<\/p>\n\n\n\n<h4 class=\"wp-block-heading\" id=\"h-vantagens-da-contrata-o-da-garantia-total\"><strong>Vantagens da Contrata\u00e7\u00e3o da Garantia Total<\/strong><\/h4>\n\n\n\n<p>A Garantia Total nas cidades de Palho\u00e7a, S\u00e3o Jos\u00e9 e Florian\u00f3polis, preserva o seu direito de receber os valores no dia correto, inclusive sem depender do locat\u00e1rio, al\u00e9m de outras vantagens exclusivas.<\/p>\n\n\n\n<ul class=\"wp-block-list\"><li>Car\u00eancia de tr\u00eas meses na taxa de administra\u00e7\u00e3o;<\/li><li>An\u00fancio online, de gra\u00e7a e com contrato digital;<\/li><li>Transa\u00e7\u00f5es muito mais r\u00e1pidas e com garantia total;<\/li><li>Recebimento sem depender do pagamento do locat\u00e1rio;<\/li><li>Assessoria jur\u00eddica especializada da Brognoli;<\/li><li>Ag\u00eancias modelo da ilha e do continente para ampliar a sua experi\u00eancia;<\/li><li>An\u00fancio de im\u00f3vel completamente gratuito em plataformas como Brognoli, Useayla, Terraz e mais;<\/li><li>App exclusivo para propriet\u00e1rios para gest\u00e3o dos seus im\u00f3veis.<\/li><\/ul>\n\n\n\n<p>Clique <a href=\"https:\/\/proprietario.brognoli.com.br\/garantia-total\"><strong>AQUI<\/strong><\/a> para aderir ao Garantia Total.<\/p>\n\n\n\n<p>Mas ent\u00e3o, curtiu saber como funciona o reajuste de aluguel por IPCA?&nbsp;<\/p>\n\n\n\n<p>Se voc\u00ea tem d\u00favidas sobre o tema ou quer saber como fazer o c\u00e1lculo exato do IPCA, entre em contato atrav\u00e9s do WhatsApp no n\u00famero (48) 3029-5000, pelo nosso <a href=\"https:\/\/atendimento.brognoli.com.br\/\"><strong>site<\/strong><\/a> ou pessoalmente no Kobrasol \u2013 S\u00e3o Jos\u00e9, ou na Trindade \u2013 Floripa.<\/p>\n\n\n\n<p>Pois, compartilhe com quem est\u00e1 em d\u00favida em rela\u00e7\u00e3o a reajustes de aluguel na Grande Florian\u00f3polis.&nbsp;&nbsp;<\/p>\n","protected":false},"excerpt":{"rendered":"<p>Com a infla\u00e7\u00e3o, voc\u00ea deve ter notado o peso no bolso quanto aos itens b\u00e1sicos e moradia, certo? Por isso, no post de hoje vamos falar sobre o aumento do [&hellip;]<\/p>\n","protected":false},"author":7,"featured_media":2206134,"comment_status":"closed","ping_status":"closed","sticky":false,"template":"","format":"standard","meta":{"footnotes":""},"categories":[21,57],"tags":[151,30,691,180,692,52,32,631,693,189,190],"class_list":["post-2206133","post","type-post","status-publish","format-standard","has-post-thumbnail","hentry","category-business","category-dicas","tag-aluguel","tag-brognoli","tag-calculo","tag-centro","tag-igp-m","tag-imobiliaria","tag-imoveis","tag-ipca","tag-reajuste","tag-residencial","tag-rio-tavares"],"yoast_head":"<!-- This site is optimized with the Yoast SEO plugin v21.3 - https:\/\/yoast.com\/wordpress\/plugins\/seo\/ -->\n<title>Entenda Tudo Sobre Reajuste de Aluguel pelo IPCA - Brognoli<\/title>\n<meta name=\"robots\" content=\"index, follow, max-snippet:-1, max-image-preview:large, max-video-preview:-1\" \/>\n<link rel=\"canonical\" href=\"https:\/\/www.brognoli.com.br\/blog\/reajuste-ipca-aluguel\/\" \/>\n<meta property=\"og:locale\" content=\"pt_BR\" \/>\n<meta property=\"og:type\" content=\"article\" \/>\n<meta property=\"og:title\" content=\"Entenda Tudo Sobre Reajuste de Aluguel pelo IPCA - Brognoli\" \/>\n<meta property=\"og:description\" content=\"Com a infla\u00e7\u00e3o, voc\u00ea deve ter notado o peso no bolso quanto aos itens b\u00e1sicos e moradia, certo? Por isso, no post de hoje vamos falar sobre o aumento do [&hellip;]\" \/>\n<meta property=\"og:url\" content=\"https:\/\/www.brognoli.com.br\/blog\/reajuste-ipca-aluguel\/\" \/>\n<meta property=\"og:site_name\" content=\"Brognoli\" \/>\n<meta property=\"article:published_time\" content=\"2021-11-18T14:26:27+00:00\" \/>\n<meta property=\"og:image\" content=\"https:\/\/www.brognoli.com.br\/blog\/wp-content\/uploads\/2022\/10\/business-asian-lesbian-lgbtq-women-couple-account-home-scaled-1.jpg\" \/>\n\t<meta property=\"og:image:width\" content=\"2560\" \/>\n\t<meta property=\"og:image:height\" content=\"1707\" \/>\n\t<meta property=\"og:image:type\" content=\"image\/jpeg\" \/>\n<meta name=\"author\" content=\"brognoli\" \/>\n<meta name=\"twitter:card\" content=\"summary_large_image\" \/>\n<meta name=\"twitter:label1\" content=\"Escrito por\" \/>\n\t<meta name=\"twitter:data1\" content=\"brognoli\" \/>\n\t<meta name=\"twitter:label2\" content=\"Est. tempo de leitura\" \/>\n\t<meta name=\"twitter:data2\" content=\"7 minutos\" \/>\n<script type=\"application\/ld+json\" class=\"yoast-schema-graph\">{\"@context\":\"https:\/\/schema.org\",\"@graph\":[{\"@type\":\"Article\",\"@id\":\"https:\/\/www.brognoli.com.br\/blog\/reajuste-ipca-aluguel\/#article\",\"isPartOf\":{\"@id\":\"https:\/\/www.brognoli.com.br\/blog\/reajuste-ipca-aluguel\/\"},\"author\":{\"name\":\"brognoli\",\"@id\":\"https:\/\/www.brognoli.com.br\/blog\/#\/schema\/person\/87771d6b68b99d9d9db50bfcf109f10c\"},\"headline\":\"Entenda Tudo Sobre Reajuste de Aluguel pelo IPCA\",\"datePublished\":\"2021-11-18T14:26:27+00:00\",\"dateModified\":\"2021-11-18T14:26:27+00:00\",\"mainEntityOfPage\":{\"@id\":\"https:\/\/www.brognoli.com.br\/blog\/reajuste-ipca-aluguel\/\"},\"wordCount\":1483,\"publisher\":{\"@id\":\"https:\/\/www.brognoli.com.br\/blog\/#organization\"},\"keywords\":[\"Aluguel\",\"Brognoli\",\"c\u00e1lculo\",\"Centro\",\"IGP-M\",\"imobili\u00e1ria\",\"im\u00f3veis\",\"IPCA\",\"reajuste\",\"residencial\",\"Rio Tavares\"],\"articleSection\":[\"Business\",\"Dicas\"],\"inLanguage\":\"pt-BR\"},{\"@type\":\"WebPage\",\"@id\":\"https:\/\/www.brognoli.com.br\/blog\/reajuste-ipca-aluguel\/\",\"url\":\"https:\/\/www.brognoli.com.br\/blog\/reajuste-ipca-aluguel\/\",\"name\":\"Entenda Tudo Sobre Reajuste de Aluguel pelo IPCA - Brognoli\",\"isPartOf\":{\"@id\":\"https:\/\/www.brognoli.com.br\/blog\/#website\"},\"datePublished\":\"2021-11-18T14:26:27+00:00\",\"dateModified\":\"2021-11-18T14:26:27+00:00\",\"breadcrumb\":{\"@id\":\"https:\/\/www.brognoli.com.br\/blog\/reajuste-ipca-aluguel\/#breadcrumb\"},\"inLanguage\":\"pt-BR\",\"potentialAction\":[{\"@type\":\"ReadAction\",\"target\":[\"https:\/\/www.brognoli.com.br\/blog\/reajuste-ipca-aluguel\/\"]}]},{\"@type\":\"BreadcrumbList\",\"@id\":\"https:\/\/www.brognoli.com.br\/blog\/reajuste-ipca-aluguel\/#breadcrumb\",\"itemListElement\":[{\"@type\":\"ListItem\",\"position\":1,\"name\":\"In\u00edcio\",\"item\":\"https:\/\/www.brognoli.com.br\/blog\/\"},{\"@type\":\"ListItem\",\"position\":2,\"name\":\"Entenda Tudo Sobre Reajuste de Aluguel pelo IPCA\"}]},{\"@type\":\"WebSite\",\"@id\":\"https:\/\/www.brognoli.com.br\/blog\/#website\",\"url\":\"https:\/\/www.brognoli.com.br\/blog\/\",\"name\":\"Brognoli\",\"description\":\"Brognoli\",\"publisher\":{\"@id\":\"https:\/\/www.brognoli.com.br\/blog\/#organization\"},\"potentialAction\":[{\"@type\":\"SearchAction\",\"target\":{\"@type\":\"EntryPoint\",\"urlTemplate\":\"https:\/\/www.brognoli.com.br\/blog\/?s={search_term_string}\"},\"query-input\":\"required name=search_term_string\"}],\"inLanguage\":\"pt-BR\"},{\"@type\":\"Organization\",\"@id\":\"https:\/\/www.brognoli.com.br\/blog\/#organization\",\"name\":\"Brognoli\",\"url\":\"https:\/\/www.brognoli.com.br\/blog\/\",\"logo\":{\"@type\":\"ImageObject\",\"inLanguage\":\"pt-BR\",\"@id\":\"https:\/\/www.brognoli.com.br\/blog\/#\/schema\/logo\/image\/\",\"url\":\"https:\/\/www.brognoli.com.br\/blog\/wp-content\/uploads\/2024\/10\/cropped-cropped-BRO_LOGO_3@300x.png\",\"contentUrl\":\"https:\/\/www.brognoli.com.br\/blog\/wp-content\/uploads\/2024\/10\/cropped-cropped-BRO_LOGO_3@300x.png\",\"width\":1762,\"height\":605,\"caption\":\"Brognoli\"},\"image\":{\"@id\":\"https:\/\/www.brognoli.com.br\/blog\/#\/schema\/logo\/image\/\"}},{\"@type\":\"Person\",\"@id\":\"https:\/\/www.brognoli.com.br\/blog\/#\/schema\/person\/87771d6b68b99d9d9db50bfcf109f10c\",\"name\":\"brognoli\",\"image\":{\"@type\":\"ImageObject\",\"inLanguage\":\"pt-BR\",\"@id\":\"https:\/\/www.brognoli.com.br\/blog\/#\/schema\/person\/image\/\",\"url\":\"https:\/\/secure.gravatar.com\/avatar\/a7836fc1468501cb19a0ad1df34b5f85abe16dfce609e03bba719de31c58ea48?s=96&d=mm&r=g\",\"contentUrl\":\"https:\/\/secure.gravatar.com\/avatar\/a7836fc1468501cb19a0ad1df34b5f85abe16dfce609e03bba719de31c58ea48?s=96&d=mm&r=g\",\"caption\":\"brognoli\"},\"url\":\"https:\/\/www.brognoli.com.br\/blog\/author\/brognoli\/\"}]}<\/script>\n<!-- \/ Yoast SEO plugin. -->","yoast_head_json":{"title":"Entenda Tudo Sobre Reajuste de Aluguel pelo IPCA - Brognoli","robots":{"index":"index","follow":"follow","max-snippet":"max-snippet:-1","max-image-preview":"max-image-preview:large","max-video-preview":"max-video-preview:-1"},"canonical":"https:\/\/www.brognoli.com.br\/blog\/reajuste-ipca-aluguel\/","og_locale":"pt_BR","og_type":"article","og_title":"Entenda Tudo Sobre Reajuste de Aluguel pelo IPCA - Brognoli","og_description":"Com a infla\u00e7\u00e3o, voc\u00ea deve ter notado o peso no bolso quanto aos itens b\u00e1sicos e moradia, certo? Por isso, no post de hoje vamos falar sobre o aumento do [&hellip;]","og_url":"https:\/\/www.brognoli.com.br\/blog\/reajuste-ipca-aluguel\/","og_site_name":"Brognoli","article_published_time":"2021-11-18T14:26:27+00:00","og_image":[{"width":2560,"height":1707,"url":"https:\/\/www.brognoli.com.br\/blog\/wp-content\/uploads\/2022\/10\/business-asian-lesbian-lgbtq-women-couple-account-home-scaled-1.jpg","type":"image\/jpeg"}],"author":"brognoli","twitter_card":"summary_large_image","twitter_misc":{"Escrito por":"brognoli","Est. tempo de leitura":"7 minutos"},"schema":{"@context":"https:\/\/schema.org","@graph":[{"@type":"Article","@id":"https:\/\/www.brognoli.com.br\/blog\/reajuste-ipca-aluguel\/#article","isPartOf":{"@id":"https:\/\/www.brognoli.com.br\/blog\/reajuste-ipca-aluguel\/"},"author":{"name":"brognoli","@id":"https:\/\/www.brognoli.com.br\/blog\/#\/schema\/person\/87771d6b68b99d9d9db50bfcf109f10c"},"headline":"Entenda Tudo Sobre Reajuste de Aluguel pelo IPCA","datePublished":"2021-11-18T14:26:27+00:00","dateModified":"2021-11-18T14:26:27+00:00","mainEntityOfPage":{"@id":"https:\/\/www.brognoli.com.br\/blog\/reajuste-ipca-aluguel\/"},"wordCount":1483,"publisher":{"@id":"https:\/\/www.brognoli.com.br\/blog\/#organization"},"keywords":["Aluguel","Brognoli","c\u00e1lculo","Centro","IGP-M","imobili\u00e1ria","im\u00f3veis","IPCA","reajuste","residencial","Rio Tavares"],"articleSection":["Business","Dicas"],"inLanguage":"pt-BR"},{"@type":"WebPage","@id":"https:\/\/www.brognoli.com.br\/blog\/reajuste-ipca-aluguel\/","url":"https:\/\/www.brognoli.com.br\/blog\/reajuste-ipca-aluguel\/","name":"Entenda Tudo Sobre Reajuste de Aluguel pelo IPCA - Brognoli","isPartOf":{"@id":"https:\/\/www.brognoli.com.br\/blog\/#website"},"datePublished":"2021-11-18T14:26:27+00:00","dateModified":"2021-11-18T14:26:27+00:00","breadcrumb":{"@id":"https:\/\/www.brognoli.com.br\/blog\/reajuste-ipca-aluguel\/#breadcrumb"},"inLanguage":"pt-BR","potentialAction":[{"@type":"ReadAction","target":["https:\/\/www.brognoli.com.br\/blog\/reajuste-ipca-aluguel\/"]}]},{"@type":"BreadcrumbList","@id":"https:\/\/www.brognoli.com.br\/blog\/reajuste-ipca-aluguel\/#breadcrumb","itemListElement":[{"@type":"ListItem","position":1,"name":"In\u00edcio","item":"https:\/\/www.brognoli.com.br\/blog\/"},{"@type":"ListItem","position":2,"name":"Entenda Tudo Sobre Reajuste de Aluguel pelo IPCA"}]},{"@type":"WebSite","@id":"https:\/\/www.brognoli.com.br\/blog\/#website","url":"https:\/\/www.brognoli.com.br\/blog\/","name":"Brognoli","description":"Brognoli","publisher":{"@id":"https:\/\/www.brognoli.com.br\/blog\/#organization"},"potentialAction":[{"@type":"SearchAction","target":{"@type":"EntryPoint","urlTemplate":"https:\/\/www.brognoli.com.br\/blog\/?s={search_term_string}"},"query-input":"required name=search_term_string"}],"inLanguage":"pt-BR"},{"@type":"Organization","@id":"https:\/\/www.brognoli.com.br\/blog\/#organization","name":"Brognoli","url":"https:\/\/www.brognoli.com.br\/blog\/","logo":{"@type":"ImageObject","inLanguage":"pt-BR","@id":"https:\/\/www.brognoli.com.br\/blog\/#\/schema\/logo\/image\/","url":"https:\/\/www.brognoli.com.br\/blog\/wp-content\/uploads\/2024\/10\/cropped-cropped-BRO_LOGO_3@300x.png","contentUrl":"https:\/\/www.brognoli.com.br\/blog\/wp-content\/uploads\/2024\/10\/cropped-cropped-BRO_LOGO_3@300x.png","width":1762,"height":605,"caption":"Brognoli"},"image":{"@id":"https:\/\/www.brognoli.com.br\/blog\/#\/schema\/logo\/image\/"}},{"@type":"Person","@id":"https:\/\/www.brognoli.com.br\/blog\/#\/schema\/person\/87771d6b68b99d9d9db50bfcf109f10c","name":"brognoli","image":{"@type":"ImageObject","inLanguage":"pt-BR","@id":"https:\/\/www.brognoli.com.br\/blog\/#\/schema\/person\/image\/","url":"https:\/\/secure.gravatar.com\/avatar\/a7836fc1468501cb19a0ad1df34b5f85abe16dfce609e03bba719de31c58ea48?s=96&d=mm&r=g","contentUrl":"https:\/\/secure.gravatar.com\/avatar\/a7836fc1468501cb19a0ad1df34b5f85abe16dfce609e03bba719de31c58ea48?s=96&d=mm&r=g","caption":"brognoli"},"url":"https:\/\/www.brognoli.com.br\/blog\/author\/brognoli\/"}]}},"_links":{"self":[{"href":"https:\/\/www.brognoli.com.br\/blog\/wp-json\/wp\/v2\/posts\/2206133","targetHints":{"allow":["GET"]}}],"collection":[{"href":"https:\/\/www.brognoli.com.br\/blog\/wp-json\/wp\/v2\/posts"}],"about":[{"href":"https:\/\/www.brognoli.com.br\/blog\/wp-json\/wp\/v2\/types\/post"}],"author":[{"embeddable":true,"href":"https:\/\/www.brognoli.com.br\/blog\/wp-json\/wp\/v2\/users\/7"}],"replies":[{"embeddable":true,"href":"https:\/\/www.brognoli.com.br\/blog\/wp-json\/wp\/v2\/comments?post=2206133"}],"version-history":[{"count":0,"href":"https:\/\/www.brognoli.com.br\/blog\/wp-json\/wp\/v2\/posts\/2206133\/revisions"}],"wp:featuredmedia":[{"embeddable":true,"href":"https:\/\/www.brognoli.com.br\/blog\/wp-json\/wp\/v2\/media\/2206134"}],"wp:attachment":[{"href":"https:\/\/www.brognoli.com.br\/blog\/wp-json\/wp\/v2\/media?parent=2206133"}],"wp:term":[{"taxonomy":"category","embeddable":true,"href":"https:\/\/www.brognoli.com.br\/blog\/wp-json\/wp\/v2\/categories?post=2206133"},{"taxonomy":"post_tag","embeddable":true,"href":"https:\/\/www.brognoli.com.br\/blog\/wp-json\/wp\/v2\/tags?post=2206133"}],"curies":[{"name":"wp","href":"https:\/\/api.w.org\/{rel}","templated":true}]}}