{"id":2206179,"date":"2022-01-14T14:55:28","date_gmt":"2022-01-14T17:55:28","guid":{"rendered":"https:\/\/api-portal.brognoli.com.br\/devo-alugar-meu-apartamento-mobiliado\/"},"modified":"2022-01-14T14:55:28","modified_gmt":"2022-01-14T17:55:28","slug":"devo-alugar-meu-apartamento-mobiliado","status":"publish","type":"post","link":"https:\/\/www.brognoli.com.br\/blog\/devo-alugar-meu-apartamento-mobiliado\/","title":{"rendered":"Devo Alugar Meu Apartamento Mobiliado?"},"content":{"rendered":"\n<p>A pr\u00e1tica de alugar um apartamento mobiliado ao inv\u00e9s de um vazio \u00e9 muito comum no exterior, j\u00e1 que oferece vantagens tanto para quem aluga, quanto para quem \u00e9 dono do im\u00f3vel.<\/p>\n\n\n\n<p>Seja uma casa, apartamento, kitnet ou sala comercial equipada, aluga-la montadinha, pronta para uso, pode ser um grande diferencial para quem tem pressa em alugar ou para quem n\u00e3o quer investir em m\u00f3veis.&nbsp;<\/p>\n\n\n\n<p>Antes de tudo, leia o nosso post sobre <a href=\"https:\/\/www.brognoli.com.br\/receber-aluguel-antecipado-2\/\"><strong>recebimento antecipado do aluguel<\/strong><\/a> e <a href=\"https:\/\/www.brognoli.com.br\/solucoes-para-alugar-seu-imovel-rapido\/\"><strong>solu\u00e7\u00f5es para alugar o seu im\u00f3vel mais r\u00e1pido<\/strong><\/a>.&nbsp;<\/p>\n\n\n\n<p>Ent\u00e3o, vamos ler conosco sobre os motivos pelos quais voc\u00ea pode e deve alugar o seu apartamento mobiliado?&nbsp;<\/p>\n\n\n\n<h2 class=\"wp-block-heading\" id=\"h-apartamento-mobiliado-vale-mais\"><strong>Apartamento Mobiliado Vale Mais<\/strong><\/h2>\n\n\n\n<p>Essa \u00e9 uma das maiores vantagens para quem \u00e9 dono de apartamentos mobiliados!<\/p>\n\n\n\n<p>Por possuir mob\u00edlia \u2013 seja cozinha completa, quartos com arm\u00e1rios embutidos e cama, ou outros c\u00f4modos \u2013 o im\u00f3vel passa a ser mais bem valorizado.<\/p>\n\n\n\n<p>Contudo, \u00e9 claro que a valoriza\u00e7\u00e3o depende de muitos fatores, mas geralmente, esse \u00e9 um fator que contribui positivamente para determinar quanto vale o aluguel do apartamento.<\/p>\n\n\n\n<p>Inclusive, quanto melhor o estado dos m\u00f3veis no apartamento mobiliado, mais rent\u00e1vel o im\u00f3vel residencial ou sala comercial ser\u00e1.&nbsp;<\/p>\n\n\n\n<p>Se torne hoje mesmo um parceiro da Brognoli Imobili\u00e1ria e use o <a href=\"https:\/\/proprietario.brognoli.com.br\/app-proprietario-brognoli\"><strong>App exclusivo de propriet\u00e1rios<\/strong><\/a>!<\/p>\n\n\n\n<p>Com ele voc\u00ea faz a gest\u00e3o completa dos seus im\u00f3veis e entra em contato com a gente de modo muito mais simples, r\u00e1pido e f\u00e1cil.<\/p>\n\n\n\n<p><em>Quer anunciar o seu apartamento mobiliado sem dificuldade em alugar e com garantia de retorno em Florian\u00f3polis, S\u00e3o Jos\u00e9 e Palho\u00e7a \u2013 Grande Florian\u00f3polis?<\/em><\/p>\n\n\n\n<p><em><br><\/em><em>Voc\u00ea consegue anunciar facilmente lares em residenciais, apartamentos, kitnets e tudo o que voc\u00ea possa imaginar!<\/em><em><br><\/em><em>Estamos ativos em <\/em><a href=\"https:\/\/www.brognoli.com.br\/imoveis\/?sort=newest&amp;search_type=3&amp;search_city=PALHO%C3%87A&amp;search_min_price=&amp;search_max_price=&amp;search_bedrooms=0&amp;search_garages=0\"><strong><em>Floripa<\/em><\/strong><\/a><em>, <\/em><a href=\"https:\/\/www.brognoli.com.br\/imoveis\/?sort=newest&amp;search_type=3&amp;search_city=S%C3%83O+JOS%C3%89&amp;search_min_price=&amp;search_max_price=&amp;search_bedrooms=0&amp;search_garages=0\"><strong><em>S\u00e3o Jos\u00e9<\/em><\/strong><\/a><em>, <\/em><a href=\"https:\/\/www.brognoli.com.br\/imoveis\/?sort=newest&amp;search_type=3&amp;search_city=PALHO%C3%87A&amp;search_min_price=&amp;search_max_price=&amp;search_bedrooms=0&amp;search_garages=0\"><strong><em>Palho\u00e7a<\/em><\/strong><\/a><em> e muito mais!<\/em><\/p>\n\n\n\n<p><a href=\"http:\/\/atendimento.brognoli.com.br\/\"><strong>Chame<\/strong><\/a> a Brognoli Imobili\u00e1ria agora mesmo, converse com nosso atendente e deixe a Brog achar solu\u00e7\u00f5es para as suas dificuldades em alugar o apartamento no Rio Tavares, Campeche, Trindade ou no Centro de Florian\u00f3polis \u2013 SC!<\/p>\n\n\n\n<h2 class=\"wp-block-heading\" id=\"h-quem-n-o-quer-comprar-m-veis-se-interessa-por-apartamentos-mobiliados\"><strong>Quem n\u00e3o Quer Comprar M\u00f3veis Se Interessa por Apartamentos Mobiliados<\/strong><\/h2>\n\n\n\n<p>A maioria dos im\u00f3veis dispon\u00edveis hoje no mercado est\u00e3o vazios, prontos para receberem os m\u00f3veis pr\u00f3prios do novo morador.&nbsp;<\/p>\n\n\n\n<p>Por esse motivo, quem busca aluguel e n\u00e3o tem um perfil de investidor, provavelmente n\u00e3o vai querer investir em m\u00f3veis tamb\u00e9m.<\/p>\n\n\n\n<p>E \u00e9 exatamente por isso que um apartamento mobiliado pode atrair grandemente esse p\u00fablico!&nbsp;<\/p>\n\n\n\n<p>Justamente para n\u00e3o assumir as responsabilidades de um im\u00f3vel pr\u00f3prio \u2014 como a aquisi\u00e7\u00e3o de mesas, cadeiras, camas, guarda-roupas, especialmente pessoas mais jovens, v\u00e3o querer alugar o seu apartamento mobiliado.&nbsp;<\/p>\n\n\n\n<p><em>Ficou animado em colocar o seu apartamento mobiliado para alugar na Grande Florian\u00f3polis?&nbsp;&nbsp;<\/em><\/p>\n\n\n\n<p><em>Ent\u00e3o <\/em><a href=\"https:\/\/www.brognoli.com.br\/imoveis\/?sort=newest&amp;search_type=3&amp;search_city=FLORIAN%C3%93POLIS&amp;search_neighborhood%5B%5D=TRINDADE&amp;search_category=1629&amp;search_min_price=&amp;search_max_price=&amp;search_bedrooms=0&amp;search_garages=0\"><strong><em>confira<\/em><\/strong><\/a><em> como s\u00e3o vistos os im\u00f3veis nos bairros mais buscados de Floripa, na Trindade, Centro, Rio Tavares e Campeche.<\/em><\/p>\n\n\n\n<p><em>Por fim, n\u00e3o se esque\u00e7a de olhar im\u00f3veis no Kobrasol, Campinas e Barreiros \u2013 <\/em><a href=\"https:\/\/www.brognoli.com.br\/imoveis\/?sort=newest&amp;search_type=3&amp;search_city=S%C3%83O+JOS%C3%89&amp;search_min_price=&amp;search_max_price=&amp;search_bedrooms=0&amp;search_garages=0\"><strong><em>S\u00e3o Jos\u00e9<\/em><\/strong><\/a><em>, quem sabe voc\u00ea n\u00e3o encontra um im\u00f3vel para morar enquanto o seu \u00e9 ocupado.<\/em><\/p>\n\n\n\n<h2 class=\"wp-block-heading\" id=\"h-apartamentos-mobiliados-casam-bem-com-o-short-stay\"><strong>Apartamentos Mobiliados Casam Bem com o Short Stay<\/strong><\/h2>\n\n\n\n<p>Loca\u00e7\u00e3o short stay, ou por curta temporada, \u00e9 uma \u00f3tima op\u00e7\u00e3o para quem quer ter mais controle do seu im\u00f3vel.<\/p>\n\n\n\n<p>J\u00e1 que os contratos tem um curto per\u00edodo de tempo e \u00e9 poss\u00edvel retirar o anuncio do ar quando quiser utilizar voc\u00ea mesmo o seu im\u00f3vel.&nbsp;<\/p>\n\n\n\n<p>Pensando assim, se o seu apartamento for mobiliado, as chances de voc\u00ea aluga-lo por curta temporada duplicam!<\/p>\n\n\n\n<p>Uma vez que pessoas que est\u00e3o apenas de passagem por Floripa, S\u00e3o Jos\u00e9 ou Palho\u00e7a n\u00e3o v\u00e3o comprar m\u00f3veis para us\u00e1-los apenas por alguns meses.&nbsp;<\/p>\n\n\n\n<p>Assim, voc\u00ea vai ter interessados por short stay e loca\u00e7\u00e3o tradicional.<\/p>\n\n\n\n<p><em>Tem d\u00favidas se aluga sozinho ou com uma imobili\u00e1ria?<\/em><\/p>\n\n\n\n<p><em>Saiba que com a Brognoli Imobili\u00e1ria voc\u00ea vai ter an\u00fancio sem custo, seguran\u00e7a no seu neg\u00f3cio, assist\u00eancia jur\u00eddica e atendimento sempre que precisar!<\/em><\/p>\n\n\n\n<p><em>Clique <\/em><a href=\"https:\/\/marketplace.brognoli.com.br\/?_sfm_o_que_voce_esta_procurando=Quero%20solu%C3%A7%C3%B5es%20para%20o%20meu%20im%C3%B3vel\"><strong><em>AQUI<\/em><\/strong><\/a><em> e veja as nossas solu\u00e7\u00f5es para propriet\u00e1rios de im\u00f3veis na Grande Florian\u00f3polis.<\/em><\/p>\n\n\n\n<h3 class=\"wp-block-heading\" id=\"h-aluguel-short-stay-com-a-b-homy\"><strong>Aluguel Short Stay com a B.Homy<\/strong><\/h3>\n\n\n\n<p>Ficou interessado em alugar o seu apartamento mobiliado? Ent\u00e3o conhe\u00e7a a B. Homy!<\/p>\n\n\n\n<p>\u00c9 uma empresa que gerencia im\u00f3veis nas principais plataformas de loca\u00e7\u00e3o por temporada, como o Airbnb, o Booking.com e outros.<\/p>\n\n\n\n<p>Assim, em parceria com a Brognoli, oferece todo o suporte para voc\u00ea alugar o seu apartamento mobiliado por curta temporada, sem se preocupar por maneiras de anunciar o im\u00f3vel ou por burocracias!<\/p>\n\n\n\n<h4 class=\"wp-block-heading\" id=\"h-como-funciona\"><strong>Como funciona?&nbsp;<\/strong><\/h4>\n\n\n\n<ol class=\"wp-block-list\"><li>Realizamos a avalia\u00e7\u00e3o do seu im\u00f3vel sem custo, para tal, voc\u00ea preenche um cadastro <a href=\"https:\/\/locatario.brognoli.com.br\/bhomy\"><strong>aqui<\/strong><\/a> e n\u00f3s entramos em contato;<\/li><li>Produzimos fotos profissionais, de qualidade, e fazemos a divulga\u00e7\u00e3o do seu im\u00f3vel, tamb\u00e9m sem custo;<\/li><li>Quando o seu im\u00f3vel recebe uma proposta, n\u00f3s cuidamos de tudo, desde o atendimento do h\u00f3spede ou locat\u00e1rio, at\u00e9 a sua sa\u00edda;<\/li><li>Caso necess\u00e1rio, \u00e9 poss\u00edvel solicitar limpeza e manuten\u00e7\u00e3o de todo o im\u00f3vel, assim voc\u00ea teu o seu im\u00f3vel resguardado de qualquer dano.&nbsp;<\/li><\/ol>\n\n\n\n<p>O seu im\u00f3vel ser\u00e1 divulgado nas principais plataformas de loca\u00e7\u00e3o por curta temporada, ter\u00e1 mais propostas e, consequentemente, mais lucro com o seu im\u00f3vel.&nbsp;<\/p>\n\n\n\n<p>Independente se o im\u00f3vel \u00e9 no Campeche, Rio Tavares, Trindade ou no Centro de Florian\u00f3polis, a gente cuida como se fosse nosso!<\/p>\n\n\n\n<p>Ent\u00e3o clique <a href=\"https:\/\/locatario.brognoli.com.br\/bhomy\"><strong>AQUI<\/strong><\/a>, preencha o seu cadastro e comece a investir na Grande Florian\u00f3polis.&nbsp;<\/p>\n\n\n\n<p><em>Acesse o nosso <\/em><a href=\"https:\/\/marketplace.brognoli.com.br\/?_sfm_o_que_voce_esta_procurando=Quero%20solu%C3%A7%C3%B5es%20para%20o%20meu%20im%C3%B3vel&amp;_sfm_solucoes=Loca%C3%A7%C3%A3o%20por%20temporada\"><strong><em>marketplace<\/em><\/strong><\/a><em>, veja todos os benef\u00edcios de se tornar nosso parceiro na Grande Florian\u00f3polis e se junte \u00e0s mais de setenta mil pessoas que procuram a Brognoli Imobili\u00e1ria para investir em im\u00f3veis.&nbsp;<\/em><\/p>\n\n\n\n<h2 class=\"wp-block-heading\" id=\"h-cuidados-ao-alugar-o-seu-apartamento-mobiliado\"><strong>Cuidados ao Alugar o Seu Apartamento Mobiliado<\/strong><\/h2>\n\n\n\n<p>Os apartamentos mobiliados exigem um cuidado maior com as vistorias, tanto para a parte que aluga quanto para o dono do im\u00f3vel.&nbsp;<\/p>\n\n\n\n<p>Assim, \u00e9 imprescind\u00edvel contar com uma imobili\u00e1ria de confian\u00e7a para fazer o laudo completo do estado dos m\u00f3veis e objetos da casa no Campeche, Rio Tavares, Trindade ou no Centro de Florian\u00f3polis.&nbsp;<\/p>\n\n\n\n<p>N\u00f3s j\u00e1 falamos no blog sobre a import\u00e2ncia da <a href=\"https:\/\/www.brognoli.com.br\/rigor-na-vistoria-seguranca-para-locador-e-locatario\/\"><strong>vistoria<\/strong><\/a>, e, nesse caso, o cuidado deve ser dobrado por ser uma estadia r\u00e1pida, evitando a depreda\u00e7\u00e3o ou mau uso dos bens do propriet\u00e1rio do im\u00f3vel.&nbsp;<\/p>\n\n\n\n<p><em>Tem uma casa mobiliada para alugar, mas n\u00e3o sabe por onde come\u00e7ar?<\/em><\/p>\n\n\n\n<p><em>Ent\u00e3o <\/em><a href=\"http:\/\/atendimento.brognoli.com.br\/\"><strong><em>chame<\/em><\/strong><\/a><em> a Brognoli Imobili\u00e1ria agora mesmo, converse com nosso atendente e deixe a Brog achar solu\u00e7\u00f5es para o seu im\u00f3vel no Kobrasol, Campinas ou Barreiros em S\u00e3o Jos\u00e9!<\/em><\/p>\n\n\n\n<h2 class=\"wp-block-heading\" id=\"h-mais-solu-es-para-propriet-rios-de-apartamentos-mobiliados-na-grande-florian-polis\"><strong>Mais Solu\u00e7\u00f5es para Propriet\u00e1rios de Apartamentos Mobiliados na Grande Florian\u00f3polis<\/strong><\/h2>\n\n\n\n<p>Est\u00e1 tendo dificuldade de alugar o seu apartamento mobiliado?&nbsp;<\/p>\n\n\n\n<p>Pois, o Grupo Brognoli conta com parceiros e servi\u00e7os que buscam auxiliar quem deseja investir em melhorias no im\u00f3vel para alugar, inclusive para quem deseja reformar apartamentos para alugar.<\/p>\n\n\n\n<p>Seja no modelo tradicional ou no <a href=\"https:\/\/www.brognoli.com.br\/aluguel-short-stay-pros-proprietarios-2\/\"><strong>modelo shortstay<\/strong><\/a> (aluguel por temporada)!<\/p>\n\n\n\n<p>Ent\u00e3o, se voc\u00ea for propriet\u00e1rio de im\u00f3veis e quer mais rentabilidade, <a href=\"https:\/\/marketplace.brognoli.com.br\/?_sfm_o_que_voce_esta_procurando=Quero%20solu%C3%A7%C3%B5es%20para%20o%20meu%20im%C3%B3vel\"><strong>acesse o nosso marketplace<\/strong><\/a> e veja as dezenas de solu\u00e7\u00f5es para propriet\u00e1rios.&nbsp;<\/p>\n\n\n\n<p>Pois, temos mais de 120 mil acessos ao nosso portal e mais de 70 mil pessoas que procuram a Brognoli Imobili\u00e1ria todo ano para alugar ou comprar im\u00f3veis.<\/p>\n\n\n\n<p><em>Confira kitnets, casas em residenciais, apartamentos e salas comerciais nos bairros Campeche, Rio Tavares, Trindade e no Centro da ilha de <\/em><a href=\"https:\/\/www.brognoli.com.br\/imoveis\/?sort=newest&amp;search_type=3&amp;search_city=FLORIAN%C3%93POLIS&amp;search_min_price=&amp;search_max_price=&amp;search_bedrooms=0&amp;search_garages=0\"><strong><em>Florian\u00f3polis<\/em><\/strong><\/a><em>!<\/em><\/p>\n\n\n\n<p><em>Onde h\u00e1 conforto, seguran\u00e7a e acessibilidade.<\/em><\/p>\n\n\n\n<p><em>Agora, se pretende oferecer mais tranquilidade \u00e0 sua fam\u00edlia morando num lar mais tranquilo, visite virtualmente os bairros Campinas, Kobrasol e Barreiros \u2013 <\/em><a href=\"https:\/\/www.brognoli.com.br\/imoveis\/?sort=newest&amp;search_type=3&amp;search_city=S%C3%83O+JOS%C3%89&amp;search_min_price=&amp;search_max_price=&amp;search_bedrooms=0&amp;search_garages=0\"><strong><em>S\u00e3o Jos\u00e9<\/em><\/strong><\/a><em>!<\/em><\/p>\n\n\n\n<h3 class=\"wp-block-heading\" id=\"h-garantia-total-para-quem-quer-investir\"><strong>Garantia Total para Quem Quer Investir&nbsp;<\/strong><\/h3>\n\n\n\n<p>Se voc\u00ea \u00e9 propriet\u00e1rio de um im\u00f3vel, seja no Kobrasol, Campinas ou Barreiros \u2013 SJ, e quer investir, ent\u00e3o a modalidade Garantia Total \u00e9 ideal para voc\u00ea!<\/p>\n\n\n\n<p>Considerando que, ao aderir ao Garantia Total, voc\u00ea recebe o valor do aluguel na data certa e tem a certeza de que todas as taxas ser\u00e3o pagas sempre em dia, independente da situa\u00e7\u00e3o do inquilino.<\/p>\n\n\n\n<p>Colocando o seu im\u00f3vel \u2013 casa, apartamento, cobertura ou sala comercial \u2013 para alugar com a Brognoli, voc\u00ea n\u00e3o se preocupa com mais nada.<\/p>\n\n\n\n<p>Para tal, fazemos a gest\u00e3o de 100% das contas do im\u00f3vel e garantia contra inadimpl\u00eancias das taxas.<\/p>\n\n\n\n<p>\u2013 Aluguel, condom\u00ednio, IPTU, contas de luz e \u00e1gua, conta de g\u00e1s, taxa de lixo e mais;<\/p>\n\n\n\n<p>\u2013 Recebimento do seu dinheiro todo m\u00eas, em dia, sem depender do pagamento do inquilino. Se o locat\u00e1rio n\u00e3o pagar, a Brognoli paga!<\/p>\n\n\n\n<p><em>Tenha um apartamento para investir no Centro de Floripa! Pois no centro tem acessibilidade, lazer e seguran\u00e7a!<\/em><\/p>\n\n\n\n<p><em>Confira <\/em><a href=\"https:\/\/www.brognoli.com.br\/imoveis\/?sort=newest&amp;search_type=3&amp;search_city=FLORIAN%C3%93POLIS&amp;search_min_price=&amp;search_max_price=&amp;search_bedrooms=0&amp;search_garages=0\"><strong><em>aqui<\/em><\/strong><\/a><em> im\u00f3veis para comprar no Centro, na Trindade, Campeche e Rio Tavares, quem sabe voc\u00ea n\u00e3o acha o seu lar num desses bairros de Florian\u00f3polis \u2013 SC.<\/em><\/p>\n\n\n\n<h4 class=\"wp-block-heading\" id=\"h-vantagens-da-contrata-o-da-garantia-total\"><strong>Vantagens da Contrata\u00e7\u00e3o da Garantia Total<\/strong><\/h4>\n\n\n\n<p>A Garantia Total nas cidades de Palho\u00e7a, S\u00e3o Jos\u00e9 e Florian\u00f3polis, preserva o seu direito de receber os valores no dia correto, inclusive sem depender do locat\u00e1rio, al\u00e9m de outras vantagens exclusivas.<\/p>\n\n\n\n<ul class=\"wp-block-list\"><li>Car\u00eancia de tr\u00eas meses na taxa de administra\u00e7\u00e3o;<\/li><li>An\u00fancio online, de gra\u00e7a e com contrato digital;<\/li><li>Transa\u00e7\u00f5es muito mais r\u00e1pidas e com garantia total;<\/li><li>Recebimento sem depender do pagamento do locat\u00e1rio;<\/li><li>Assessoria jur\u00eddica especializada da Brognoli;<\/li><li>Ag\u00eancias modelo da ilha e do continente para ampliar a sua experi\u00eancia;<\/li><li>An\u00fancio de im\u00f3vel completamente gratuito em plataformas como Brognoli, Useayla, Terraz e mais;<\/li><li>App exclusivo para propriet\u00e1rios para gest\u00e3o dos seus im\u00f3veis.<\/li><\/ul>\n\n\n\n<p>Clique <a href=\"https:\/\/proprietario.brognoli.com.br\/garantia-total\"><strong>AQUI<\/strong><\/a> para aderir ao Garantia Total.<\/p>\n\n\n\n<p>Entre em contato atrav\u00e9s do WhatsApp no n\u00famero (48) 3029-5000, pelo nosso <a href=\"https:\/\/atendimento.brognoli.com.br\/\"><strong>site<\/strong><\/a> ou pessoalmente no Kobrasol \u2013 S\u00e3o Jos\u00e9, ou na Trindade \u2013 Floripa.<\/p>\n\n\n\n<p>E, ent\u00e3o, empolgado para alugar o seu apartamento mobiliado com a Brognoli Imobili\u00e1ria?&nbsp;<\/p>\n","protected":false},"excerpt":{"rendered":"<p>A pr\u00e1tica de alugar um apartamento mobiliado ao inv\u00e9s de um vazio \u00e9 muito comum no exterior, j\u00e1 que oferece vantagens tanto para quem aluga, quanto para quem \u00e9 dono [&hellip;]<\/p>\n","protected":false},"author":7,"featured_media":2206180,"comment_status":"closed","ping_status":"closed","sticky":false,"template":"","format":"standard","meta":{"footnotes":""},"categories":[21,57],"tags":[],"class_list":["post-2206179","post","type-post","status-publish","format-standard","has-post-thumbnail","hentry","category-business","category-dicas"],"yoast_head":"<!-- This site is optimized with the Yoast SEO plugin v21.3 - https:\/\/yoast.com\/wordpress\/plugins\/seo\/ -->\n<title>Devo Alugar Meu Apartamento Mobiliado? - Brognoli<\/title>\n<meta name=\"robots\" content=\"index, follow, max-snippet:-1, max-image-preview:large, max-video-preview:-1\" \/>\n<link rel=\"canonical\" href=\"https:\/\/www.brognoli.com.br\/blog\/devo-alugar-meu-apartamento-mobiliado\/\" \/>\n<meta property=\"og:locale\" content=\"pt_BR\" \/>\n<meta property=\"og:type\" content=\"article\" \/>\n<meta property=\"og:title\" content=\"Devo Alugar Meu Apartamento Mobiliado? - Brognoli\" \/>\n<meta property=\"og:description\" content=\"A pr\u00e1tica de alugar um apartamento mobiliado ao inv\u00e9s de um vazio \u00e9 muito comum no exterior, j\u00e1 que oferece vantagens tanto para quem aluga, quanto para quem \u00e9 dono [&hellip;]\" \/>\n<meta property=\"og:url\" content=\"https:\/\/www.brognoli.com.br\/blog\/devo-alugar-meu-apartamento-mobiliado\/\" \/>\n<meta property=\"og:site_name\" content=\"Brognoli\" \/>\n<meta property=\"article:published_time\" content=\"2022-01-14T17:55:28+00:00\" \/>\n<meta property=\"og:image\" content=\"https:\/\/www.brognoli.com.br\/blog\/wp-content\/uploads\/2022\/10\/full-length-portrait-happy-smiling-husband-wife-dancing-together-home-light-room-with-kitchen-set-fridge-window-background-happy-couple-scaled-1.jpg\" \/>\n\t<meta property=\"og:image:width\" content=\"2560\" \/>\n\t<meta property=\"og:image:height\" content=\"1707\" \/>\n\t<meta property=\"og:image:type\" content=\"image\/jpeg\" \/>\n<meta name=\"author\" content=\"brognoli\" \/>\n<meta name=\"twitter:card\" content=\"summary_large_image\" \/>\n<meta name=\"twitter:label1\" content=\"Escrito por\" \/>\n\t<meta name=\"twitter:data1\" content=\"brognoli\" \/>\n\t<meta name=\"twitter:label2\" content=\"Est. tempo de leitura\" \/>\n\t<meta name=\"twitter:data2\" content=\"9 minutos\" \/>\n<script type=\"application\/ld+json\" class=\"yoast-schema-graph\">{\"@context\":\"https:\/\/schema.org\",\"@graph\":[{\"@type\":\"Article\",\"@id\":\"https:\/\/www.brognoli.com.br\/blog\/devo-alugar-meu-apartamento-mobiliado\/#article\",\"isPartOf\":{\"@id\":\"https:\/\/www.brognoli.com.br\/blog\/devo-alugar-meu-apartamento-mobiliado\/\"},\"author\":{\"name\":\"brognoli\",\"@id\":\"https:\/\/www.brognoli.com.br\/blog\/#\/schema\/person\/87771d6b68b99d9d9db50bfcf109f10c\"},\"headline\":\"Devo Alugar Meu Apartamento Mobiliado?\",\"datePublished\":\"2022-01-14T17:55:28+00:00\",\"dateModified\":\"2022-01-14T17:55:28+00:00\",\"mainEntityOfPage\":{\"@id\":\"https:\/\/www.brognoli.com.br\/blog\/devo-alugar-meu-apartamento-mobiliado\/\"},\"wordCount\":1714,\"publisher\":{\"@id\":\"https:\/\/www.brognoli.com.br\/blog\/#organization\"},\"articleSection\":[\"Business\",\"Dicas\"],\"inLanguage\":\"pt-BR\"},{\"@type\":\"WebPage\",\"@id\":\"https:\/\/www.brognoli.com.br\/blog\/devo-alugar-meu-apartamento-mobiliado\/\",\"url\":\"https:\/\/www.brognoli.com.br\/blog\/devo-alugar-meu-apartamento-mobiliado\/\",\"name\":\"Devo Alugar Meu Apartamento Mobiliado? - Brognoli\",\"isPartOf\":{\"@id\":\"https:\/\/www.brognoli.com.br\/blog\/#website\"},\"datePublished\":\"2022-01-14T17:55:28+00:00\",\"dateModified\":\"2022-01-14T17:55:28+00:00\",\"breadcrumb\":{\"@id\":\"https:\/\/www.brognoli.com.br\/blog\/devo-alugar-meu-apartamento-mobiliado\/#breadcrumb\"},\"inLanguage\":\"pt-BR\",\"potentialAction\":[{\"@type\":\"ReadAction\",\"target\":[\"https:\/\/www.brognoli.com.br\/blog\/devo-alugar-meu-apartamento-mobiliado\/\"]}]},{\"@type\":\"BreadcrumbList\",\"@id\":\"https:\/\/www.brognoli.com.br\/blog\/devo-alugar-meu-apartamento-mobiliado\/#breadcrumb\",\"itemListElement\":[{\"@type\":\"ListItem\",\"position\":1,\"name\":\"In\u00edcio\",\"item\":\"https:\/\/www.brognoli.com.br\/blog\/\"},{\"@type\":\"ListItem\",\"position\":2,\"name\":\"Devo Alugar Meu Apartamento Mobiliado?\"}]},{\"@type\":\"WebSite\",\"@id\":\"https:\/\/www.brognoli.com.br\/blog\/#website\",\"url\":\"https:\/\/www.brognoli.com.br\/blog\/\",\"name\":\"Brognoli\",\"description\":\"Brognoli\",\"publisher\":{\"@id\":\"https:\/\/www.brognoli.com.br\/blog\/#organization\"},\"potentialAction\":[{\"@type\":\"SearchAction\",\"target\":{\"@type\":\"EntryPoint\",\"urlTemplate\":\"https:\/\/www.brognoli.com.br\/blog\/?s={search_term_string}\"},\"query-input\":\"required name=search_term_string\"}],\"inLanguage\":\"pt-BR\"},{\"@type\":\"Organization\",\"@id\":\"https:\/\/www.brognoli.com.br\/blog\/#organization\",\"name\":\"Brognoli\",\"url\":\"https:\/\/www.brognoli.com.br\/blog\/\",\"logo\":{\"@type\":\"ImageObject\",\"inLanguage\":\"pt-BR\",\"@id\":\"https:\/\/www.brognoli.com.br\/blog\/#\/schema\/logo\/image\/\",\"url\":\"https:\/\/www.brognoli.com.br\/blog\/wp-content\/uploads\/2024\/10\/cropped-cropped-BRO_LOGO_3@300x.png\",\"contentUrl\":\"https:\/\/www.brognoli.com.br\/blog\/wp-content\/uploads\/2024\/10\/cropped-cropped-BRO_LOGO_3@300x.png\",\"width\":1762,\"height\":605,\"caption\":\"Brognoli\"},\"image\":{\"@id\":\"https:\/\/www.brognoli.com.br\/blog\/#\/schema\/logo\/image\/\"}},{\"@type\":\"Person\",\"@id\":\"https:\/\/www.brognoli.com.br\/blog\/#\/schema\/person\/87771d6b68b99d9d9db50bfcf109f10c\",\"name\":\"brognoli\",\"image\":{\"@type\":\"ImageObject\",\"inLanguage\":\"pt-BR\",\"@id\":\"https:\/\/www.brognoli.com.br\/blog\/#\/schema\/person\/image\/\",\"url\":\"https:\/\/secure.gravatar.com\/avatar\/a7836fc1468501cb19a0ad1df34b5f85abe16dfce609e03bba719de31c58ea48?s=96&d=mm&r=g\",\"contentUrl\":\"https:\/\/secure.gravatar.com\/avatar\/a7836fc1468501cb19a0ad1df34b5f85abe16dfce609e03bba719de31c58ea48?s=96&d=mm&r=g\",\"caption\":\"brognoli\"},\"url\":\"https:\/\/www.brognoli.com.br\/blog\/author\/brognoli\/\"}]}<\/script>\n<!-- \/ Yoast SEO plugin. -->","yoast_head_json":{"title":"Devo Alugar Meu Apartamento Mobiliado? - Brognoli","robots":{"index":"index","follow":"follow","max-snippet":"max-snippet:-1","max-image-preview":"max-image-preview:large","max-video-preview":"max-video-preview:-1"},"canonical":"https:\/\/www.brognoli.com.br\/blog\/devo-alugar-meu-apartamento-mobiliado\/","og_locale":"pt_BR","og_type":"article","og_title":"Devo Alugar Meu Apartamento Mobiliado? - Brognoli","og_description":"A pr\u00e1tica de alugar um apartamento mobiliado ao inv\u00e9s de um vazio \u00e9 muito comum no exterior, j\u00e1 que oferece vantagens tanto para quem aluga, quanto para quem \u00e9 dono [&hellip;]","og_url":"https:\/\/www.brognoli.com.br\/blog\/devo-alugar-meu-apartamento-mobiliado\/","og_site_name":"Brognoli","article_published_time":"2022-01-14T17:55:28+00:00","og_image":[{"width":2560,"height":1707,"url":"https:\/\/www.brognoli.com.br\/blog\/wp-content\/uploads\/2022\/10\/full-length-portrait-happy-smiling-husband-wife-dancing-together-home-light-room-with-kitchen-set-fridge-window-background-happy-couple-scaled-1.jpg","type":"image\/jpeg"}],"author":"brognoli","twitter_card":"summary_large_image","twitter_misc":{"Escrito por":"brognoli","Est. tempo de leitura":"9 minutos"},"schema":{"@context":"https:\/\/schema.org","@graph":[{"@type":"Article","@id":"https:\/\/www.brognoli.com.br\/blog\/devo-alugar-meu-apartamento-mobiliado\/#article","isPartOf":{"@id":"https:\/\/www.brognoli.com.br\/blog\/devo-alugar-meu-apartamento-mobiliado\/"},"author":{"name":"brognoli","@id":"https:\/\/www.brognoli.com.br\/blog\/#\/schema\/person\/87771d6b68b99d9d9db50bfcf109f10c"},"headline":"Devo Alugar Meu Apartamento Mobiliado?","datePublished":"2022-01-14T17:55:28+00:00","dateModified":"2022-01-14T17:55:28+00:00","mainEntityOfPage":{"@id":"https:\/\/www.brognoli.com.br\/blog\/devo-alugar-meu-apartamento-mobiliado\/"},"wordCount":1714,"publisher":{"@id":"https:\/\/www.brognoli.com.br\/blog\/#organization"},"articleSection":["Business","Dicas"],"inLanguage":"pt-BR"},{"@type":"WebPage","@id":"https:\/\/www.brognoli.com.br\/blog\/devo-alugar-meu-apartamento-mobiliado\/","url":"https:\/\/www.brognoli.com.br\/blog\/devo-alugar-meu-apartamento-mobiliado\/","name":"Devo Alugar Meu Apartamento Mobiliado? - Brognoli","isPartOf":{"@id":"https:\/\/www.brognoli.com.br\/blog\/#website"},"datePublished":"2022-01-14T17:55:28+00:00","dateModified":"2022-01-14T17:55:28+00:00","breadcrumb":{"@id":"https:\/\/www.brognoli.com.br\/blog\/devo-alugar-meu-apartamento-mobiliado\/#breadcrumb"},"inLanguage":"pt-BR","potentialAction":[{"@type":"ReadAction","target":["https:\/\/www.brognoli.com.br\/blog\/devo-alugar-meu-apartamento-mobiliado\/"]}]},{"@type":"BreadcrumbList","@id":"https:\/\/www.brognoli.com.br\/blog\/devo-alugar-meu-apartamento-mobiliado\/#breadcrumb","itemListElement":[{"@type":"ListItem","position":1,"name":"In\u00edcio","item":"https:\/\/www.brognoli.com.br\/blog\/"},{"@type":"ListItem","position":2,"name":"Devo Alugar Meu Apartamento Mobiliado?"}]},{"@type":"WebSite","@id":"https:\/\/www.brognoli.com.br\/blog\/#website","url":"https:\/\/www.brognoli.com.br\/blog\/","name":"Brognoli","description":"Brognoli","publisher":{"@id":"https:\/\/www.brognoli.com.br\/blog\/#organization"},"potentialAction":[{"@type":"SearchAction","target":{"@type":"EntryPoint","urlTemplate":"https:\/\/www.brognoli.com.br\/blog\/?s={search_term_string}"},"query-input":"required name=search_term_string"}],"inLanguage":"pt-BR"},{"@type":"Organization","@id":"https:\/\/www.brognoli.com.br\/blog\/#organization","name":"Brognoli","url":"https:\/\/www.brognoli.com.br\/blog\/","logo":{"@type":"ImageObject","inLanguage":"pt-BR","@id":"https:\/\/www.brognoli.com.br\/blog\/#\/schema\/logo\/image\/","url":"https:\/\/www.brognoli.com.br\/blog\/wp-content\/uploads\/2024\/10\/cropped-cropped-BRO_LOGO_3@300x.png","contentUrl":"https:\/\/www.brognoli.com.br\/blog\/wp-content\/uploads\/2024\/10\/cropped-cropped-BRO_LOGO_3@300x.png","width":1762,"height":605,"caption":"Brognoli"},"image":{"@id":"https:\/\/www.brognoli.com.br\/blog\/#\/schema\/logo\/image\/"}},{"@type":"Person","@id":"https:\/\/www.brognoli.com.br\/blog\/#\/schema\/person\/87771d6b68b99d9d9db50bfcf109f10c","name":"brognoli","image":{"@type":"ImageObject","inLanguage":"pt-BR","@id":"https:\/\/www.brognoli.com.br\/blog\/#\/schema\/person\/image\/","url":"https:\/\/secure.gravatar.com\/avatar\/a7836fc1468501cb19a0ad1df34b5f85abe16dfce609e03bba719de31c58ea48?s=96&d=mm&r=g","contentUrl":"https:\/\/secure.gravatar.com\/avatar\/a7836fc1468501cb19a0ad1df34b5f85abe16dfce609e03bba719de31c58ea48?s=96&d=mm&r=g","caption":"brognoli"},"url":"https:\/\/www.brognoli.com.br\/blog\/author\/brognoli\/"}]}},"_links":{"self":[{"href":"https:\/\/www.brognoli.com.br\/blog\/wp-json\/wp\/v2\/posts\/2206179","targetHints":{"allow":["GET"]}}],"collection":[{"href":"https:\/\/www.brognoli.com.br\/blog\/wp-json\/wp\/v2\/posts"}],"about":[{"href":"https:\/\/www.brognoli.com.br\/blog\/wp-json\/wp\/v2\/types\/post"}],"author":[{"embeddable":true,"href":"https:\/\/www.brognoli.com.br\/blog\/wp-json\/wp\/v2\/users\/7"}],"replies":[{"embeddable":true,"href":"https:\/\/www.brognoli.com.br\/blog\/wp-json\/wp\/v2\/comments?post=2206179"}],"version-history":[{"count":0,"href":"https:\/\/www.brognoli.com.br\/blog\/wp-json\/wp\/v2\/posts\/2206179\/revisions"}],"wp:featuredmedia":[{"embeddable":true,"href":"https:\/\/www.brognoli.com.br\/blog\/wp-json\/wp\/v2\/media\/2206180"}],"wp:attachment":[{"href":"https:\/\/www.brognoli.com.br\/blog\/wp-json\/wp\/v2\/media?parent=2206179"}],"wp:term":[{"taxonomy":"category","embeddable":true,"href":"https:\/\/www.brognoli.com.br\/blog\/wp-json\/wp\/v2\/categories?post=2206179"},{"taxonomy":"post_tag","embeddable":true,"href":"https:\/\/www.brognoli.com.br\/blog\/wp-json\/wp\/v2\/tags?post=2206179"}],"curies":[{"name":"wp","href":"https:\/\/api.w.org\/{rel}","templated":true}]}}