{"id":2206213,"date":"2022-03-18T12:00:00","date_gmt":"2022-03-18T15:00:00","guid":{"rendered":"https:\/\/api-portal.brognoli.com.br\/mercado-imobiliario-comercial\/"},"modified":"2022-03-18T12:00:00","modified_gmt":"2022-03-18T15:00:00","slug":"mercado-imobiliario-comercial","status":"publish","type":"post","link":"https:\/\/www.brognoli.com.br\/blog\/mercado-imobiliario-comercial\/","title":{"rendered":"Mercado Imobili\u00e1rio Comercial em 2022"},"content":{"rendered":"\n<p>Se voc\u00ea \u00e9 um investidor nato ou est\u00e1 com d\u00favidas se aplica em im\u00f3veis, hoje vamos falar sobre o mercado imobili\u00e1rio comercial em 2022! Um nicho do setor que n\u00e3o para de crescer.&nbsp;<\/p>\n\n\n\n<p>Inclusive, a Brognoli Imobili\u00e1ria tem corretores parceiros prontos para te ajudar a escolher o im\u00f3vel que mais vai te trazer retorno.&nbsp;<\/p>\n\n\n\n<p><strong>Pensando em adquirir um im\u00f3vel? Fa\u00e7a j\u00e1 um <\/strong><a href=\"https:\/\/www.brognoli.com.br\/dicas-para-aproveitar-melhor-sua-visita-virtual-ao-imovel\/\"><strong>tour<\/strong><\/a><strong> virtual<\/strong><strong><em> <\/em><\/strong><strong>pelo im\u00f3vel pronto para investir no<\/strong><strong><em> <\/em><\/strong><a href=\"https:\/\/www.brognoli.com.br\/imoveis\/?sort=newest&amp;search_type=16&amp;search_city=Florian%C3%B3polis&amp;search_neighborhood%5B%5D=Campeche&amp;search_neighborhood%5B%5D=Saco+Dos+Lim%C3%B5es&amp;search_min_price=&amp;search_max_price=&amp;search_bedrooms=0&amp;search_garages=0\"><strong>Kobrasol, Barreiros e Campinas \u2013 S\u00e3o Jos\u00e9<\/strong><\/a><strong><em>.<\/em><\/strong><strong>&nbsp;<\/strong><\/p>\n\n\n\n<p>Ali\u00e1s, j\u00e1 visite a p\u00e1gina dos <a href=\"https:\/\/proprietario.brognoli.com.br\/venda-seu-imovel\"><strong>corretores<\/strong><\/a> e vislumbre o futuro que te aguarda.&nbsp;<\/p>\n\n\n\n<h2 class=\"wp-block-heading\" id=\"h-o-que-mais-vale-a-pena-mercado-imobili-rio-comercial-ou-residencial\"><strong>O que mais vale a pena, mercado imobili\u00e1rio comercial ou residencial?&nbsp;<\/strong><\/h2>\n\n\n\n<p>Antes de tudo, vamos come\u00e7ar do come\u00e7o?<\/p>\n\n\n\n<p>Podemos dizer que o mercado dos im\u00f3veis comerciais est\u00e1 levemente mais aquecido, uma vez que a tend\u00eancia do empreendedorismo e o fim das restri\u00e7\u00f5es t\u00eam feito as pessoas recorrerem a escrit\u00f3rios.<\/p>\n\n\n\n<p><strong>Voc\u00ea sabia que a Brognoli Imobili\u00e1ria tem salas comerciais prontas para comprar e investir no Campeche, Rio Tavares, Centro e Trindade? Saiba mais clicando na nossa assistente virtual no rodap\u00e9 da p\u00e1gina.&nbsp;<\/strong><\/p>\n\n\n\n<p>Ali\u00e1s, especialmente em grandes centros urbanos, os contratos de aluguel s\u00e3o mais longos, o que faz com que a rentabilidade sob os im\u00f3veis esteja garantida por mais tempo.&nbsp;<\/p>\n\n\n\n<p>Contudo, quando se tem uma casa, apartamento, kitnet ou sobrado em condom\u00ednio, dificilmente o im\u00f3vel ficar\u00e1 vazio.&nbsp;<\/p>\n\n\n\n<p>Ainda mais se o im\u00f3vel estiver localizado na Palho\u00e7a, S\u00e3o Jos\u00e9 ou Florian\u00f3polis, \u00f3timas cidades para se morar e investir.&nbsp;<\/p>\n\n\n\n<h3 class=\"wp-block-heading\" id=\"h-o-que-considerar-ao-fazer-a-escolha-entre-mercado-imobili-rio-comercial-ou-residencial\"><strong>O que considerar ao fazer a escolha entre mercado imobili\u00e1rio comercial ou residencial&nbsp;<\/strong><\/h3>\n\n\n\n<p>Assim como quem procura uma casa, quem procura um im\u00f3vel comercial para comprar, valorizar e faturar com o aluguel, estes s\u00e3o os principais pontos a serem considerados:<\/p>\n\n\n\n<ul class=\"wp-block-list\"><li>Localiza\u00e7\u00e3o da propriedade;<\/li><li>Estacionamento no pr\u00e9dio;<\/li><li>Boa infraestrutura;<\/li><li>Hall decorado e confort\u00e1vel;<\/li><li>Seguran\u00e7a e manuten\u00e7\u00e3o em dia;<\/li><li>Instala\u00e7\u00f5es inteligentes e sustent\u00e1veis;<\/li><li>Documenta\u00e7\u00e3o impec\u00e1vel.<\/li><\/ul>\n\n\n\n<p>Por fim, voc\u00ea sabe que de documenta\u00e7\u00e3o a Brognoli Imobili\u00e1ria entende, n\u00e3o? J\u00e1 que ofertamos assist\u00eancia jur\u00eddica em todas as transa\u00e7\u00f5es!&nbsp;<\/p>\n\n\n\n<p><strong>O tour virtual que a Brognoli Imobili\u00e1ria oferece garante seguran\u00e7a e rapidez nas compras, vendas e alugu\u00e9is de im\u00f3veis! Invista no Campeche, Centro, Rio Tavares, Trindade e muito mais em Florian\u00f3polis.&nbsp;<\/strong><\/p>\n\n\n\n<p>Falando nisso, voc\u00ea pode dar uma olhada no post sobre <a href=\"https:\/\/www.brognoli.com.br\/checklist-documentos-de-imovel-a-venda-e-locacao\/\"><strong>documenta\u00e7\u00e3o de compra e venda de im\u00f3veis<\/strong><\/a>.&nbsp;<\/p>\n\n\n\n<h2 class=\"wp-block-heading\" id=\"h-mercado-imobili-rio-comercial-e-o-fim-das-restri-es\"><strong>Mercado imobili\u00e1rio comercial e o fim das restri\u00e7\u00f5es<\/strong><\/h2>\n\n\n\n<p>A diminui\u00e7\u00e3o das restri\u00e7\u00f5es da pandemia da Covid-19 aumentou a expectativa de comerciantes e empres\u00e1rios em rela\u00e7\u00e3o ao futuro e provocou o retorno da movimenta\u00e7\u00e3o no mercado imobili\u00e1rio comercial e residencial.<\/p>\n\n\n\n<p>Al\u00e9m disso, a imuniza\u00e7\u00e3o da popula\u00e7\u00e3o oferece seguran\u00e7a e garantia de sa\u00fade no retorno presencial ao trabalho, por este motivo temos uma mudan\u00e7a grande em rela\u00e7\u00e3o ao interessado.&nbsp;<\/p>\n\n\n\n<p><strong>Pensando em adquirir um im\u00f3vel comercial? Fa\u00e7a j\u00e1 um <\/strong><a href=\"https:\/\/www.brognoli.com.br\/dicas-para-aproveitar-melhor-sua-visita-virtual-ao-imovel\/\"><strong>tour<\/strong><\/a><strong> virtual<\/strong><strong><em> <\/em><\/strong><strong>pelo im\u00f3vel pronto para investir no<\/strong><strong><em> <\/em><\/strong><a href=\"https:\/\/www.brognoli.com.br\/imoveis\/?sort=newest&amp;search_type=16&amp;search_city=Florian%C3%B3polis&amp;search_neighborhood%5B%5D=Campeche&amp;search_neighborhood%5B%5D=Saco+Dos+Lim%C3%B5es&amp;search_min_price=&amp;search_max_price=&amp;search_bedrooms=0&amp;search_garages=0\"><strong>Kobrasol, Barreiros e Campinas \u2013 S\u00e3o Jos\u00e9<\/strong><\/a><strong><em>.<\/em><\/strong><strong>&nbsp;<\/strong><\/p>\n\n\n\n<p>Muitos empres\u00e1rios retornam ao local de trabalho, com novas ideias de investimento, gerando mais oportunidade de emprego e, consequentemente, de loca\u00e7\u00f5es.&nbsp;<\/p>\n\n\n\n<p>Inclusive, n\u00e3o s\u00f3 em rela\u00e7\u00e3o \u00e0 loca\u00e7\u00e3o, agora tamb\u00e9m \u00e9 um bom momento para valorizar o im\u00f3vel e fazer uma boa venda.&nbsp;<\/p>\n\n\n\n<h2 class=\"wp-block-heading\" id=\"h-o-novo-perfil-do-consumidor-do-mercado-imobili-rio-comercial\"><strong>O novo perfil do consumidor do mercado imobili\u00e1rio comercial<\/strong><\/h2>\n\n\n\n<p>Como citado anteriormente, houve uma mudan\u00e7a de perfil de quem procura um im\u00f3vel para loca\u00e7\u00e3o ou para comprar e investir nele.&nbsp;<\/p>\n\n\n\n<p>Isso porque muitos jovens est\u00e3o procurando <a href=\"https:\/\/startupemfloripa.brognoli.com.br\/\"><strong>salas ou lojas para desenvolver uma atividade comercial nova<\/strong><\/a>, e essa, especificamente, \u00e9 uma tend\u00eancia que cresce desde o come\u00e7o da pandemia.<\/p>\n\n\n\n<p><strong>Converse hoje mesmo com o corretor de im\u00f3veis que mais combina com voc\u00ea e invista no Kobrasol, Barreiros, Campinas \u2013 S\u00e3o Jos\u00e9.<\/strong><\/p>\n\n\n\n<p>Al\u00e9m disso, muitos setores se reinventaram, apostando em tecnologias para se manter ativos, e o comercio imobili\u00e1rio com certeza \u00e9 um deles.&nbsp;<\/p>\n\n\n\n<p>Ali\u00e1s, veja como o futuro do <a href=\"https:\/\/www.brognoli.com.br\/profissional-imobiliario-e-a-modernizacao-do-setor\/\"><strong>setor imobili\u00e1rio<\/strong><\/a> est\u00e1 baseado nos desafios que tivemos por conta da Covid-19.&nbsp;<\/p>\n\n\n\n<figure class=\"wp-block-embed\"><div class=\"wp-block-embed__wrapper\">\nhttps:\/\/www.freepik.com\/free-photo\/view-modern-office_1006070.htm#query=sala%20comercial&#038;position=35&#038;from_view=search\n<\/div><\/figure>\n\n\n\n<h2 class=\"wp-block-heading\" id=\"h-os-pr-ximos-anos-do-mercado-imobili-rio-comercial\"><strong>Os pr\u00f3ximos anos do mercado imobili\u00e1rio comercial<\/strong><\/h2>\n\n\n\n<p>Com o que apresentamos, \u00e9 fato que o mercado imobili\u00e1rio comercial tende a se recuperar totalmente nos pr\u00f3ximos meses.<\/p>\n\n\n\n<p><strong>Veja im\u00f3veis comerciais e residenciais no <\/strong><a href=\"https:\/\/www.brognoli.com.br\/imoveis\/?sort=newest&amp;search_type=16&amp;search_city=Florian%C3%B3polis&amp;search_neighborhood%5B%5D=Campeche&amp;search_neighborhood%5B%5D=Saco+Dos+Lim%C3%B5es&amp;search_min_price=&amp;search_max_price=&amp;search_bedrooms=0&amp;search_garages=0\"><strong>Campeche, Rio Tavares, Ribeir\u00e3o da Ilha<\/strong><\/a><strong> e muito mais, o metro quadrado mais valorizado do sul da ilha te espera para voc\u00ea investir!&nbsp;<\/strong><\/p>\n\n\n\n<p>Pensando assim, logo o setor vai atingir um n\u00edvel de maturidade relevante na economia do pa\u00eds \u2013 que esperamos que possa reerguer nos pr\u00f3ximos quatro anos.&nbsp;<\/p>\n\n\n\n<p>Por fim, destacamos que a Brognoli Imobili\u00e1ria recomenda com base em fatos da realidade do nosso pa\u00eds, uma vez que queremos ver parceiros felizes e vivendo bem!<\/p>\n\n\n\n<h2 class=\"wp-block-heading\" id=\"h-brognoli-imobili-ria-a-sua-parceira-na-grande-florian-polis\"><strong>Brognoli Imobili\u00e1ria \u00e9 a sua parceira na Grande Florian\u00f3polis<\/strong><\/h2>\n\n\n\n<p>Com as recentes obras vi\u00e1rias e a proximidade de novas, as perspectivas para o futuro em bairros como o Campeche, Rio Tavares e em torno do sul da ilha s\u00e3o \u00f3timas!&nbsp;<\/p>\n\n\n\n<p>Por isso, <a href=\"https:\/\/www.nsctotal.com.br\/noticias\/florianopolis-e-a-terceira-capital-com-maior-alta-no-preco-de-imoveis-no-pais-veja-os\"><strong>investir em terrenos ou lotes na regi\u00e3o<\/strong><\/a>, e n\u00e3o s\u00f3 em apartamentos e casas constru\u00eddas, \u00e9 uma decis\u00e3o inteligente.<\/p>\n\n\n\n<p>Considerando que a tend\u00eancia \u00e9 que esses e outros bairros <strong>continuem <\/strong><a href=\"https:\/\/www.brognoli.com.br\/valorizacao-imobiliaria-leste-sul-floripa-2\/\"><strong>em valoriza\u00e7\u00e3o<\/strong><\/a>, especialmente se comparado a outras regi\u00f5es da cidade com menos disponibilidade de terrenos e expans\u00e3o mais limitada.<\/p>\n\n\n\n<p><strong>Veja dicas para voc\u00ea ter seu <\/strong><a href=\"https:\/\/www.brognoli.com.br\/analise-de-credito-para-comprar-imovel\/\"><strong>financiamento facilitado<\/strong><\/a><strong> e investir em salas comerciais mais valorizadas do sul da ilha.&nbsp;<\/strong><\/p>\n\n\n\n<p>Voc\u00ea pode acessar o <a href=\"https:\/\/marketplace.brognoli.com.br\/\"><strong>nosso Marketplace<\/strong><\/a> e falar com nossos atendentes e corretores e im\u00f3veis, prontos para conversar contigo e solucionar as suas d\u00favidas.&nbsp;<\/p>\n\n\n\n<h2 class=\"wp-block-heading\" id=\"h-aproveite-a-garantia-total-da-brognoli-imobili-ria\"><strong>Aproveite a Garantia Total da Brognoli Imobili\u00e1ria<\/strong><\/h2>\n\n\n\n<p>Se voc\u00ea \u00e9 propriet\u00e1rio de um im\u00f3vel pronto, seja no Campeche, Rio Tavares, Ribeir\u00e3o da Ilha ou Novo Campeche, e quer investir, ent\u00e3o a modalidade Garantia Total \u00e9 ideal para voc\u00ea!&nbsp;<\/p>\n\n\n\n<p>Aderindo ao Garantia Total, voc\u00ea recebe o valor do aluguel na data certa e tem a certeza de que todas as taxas ser\u00e3o pagas sempre em dia.<\/p>\n\n\n\n<p><strong>Voc\u00ea sabia que a Brognoli Imobili\u00e1ria tem <\/strong><a href=\"https:\/\/www.brognoli.com.br\/imoveis\/?sort=newest&amp;search_type=3&amp;search_city=FLORIAN%C3%93POLIS&amp;search_neighborhood%5B%5D=CAMPECHE&amp;search_neighborhood%5B%5D=CENTRO&amp;search_neighborhood%5B%5D=RIO+TAVARES&amp;search_neighborhood%5B%5D=TRINDADE&amp;search_min_price=&amp;search_max_price=&amp;search_bedrooms=0&amp;search_garages=0\"><strong>im\u00f3veis dispon\u00edveis no Campeche, Trindade, Centro e Rio Tavares? <\/strong><\/a><strong>I<\/strong><strong>nclusive existem apartamentos acess\u00edveis com tr\u00eas dormit\u00f3rios nas principais ruas e avenidas.<\/strong><\/p>\n\n\n\n<p>Colocando o seu im\u00f3vel \u2013 casa, apartamento, cobertura ou sala comercial \u2013 para alugar com a Brognoli, voc\u00ea n\u00e3o se preocupa com mais nada.<\/p>\n\n\n\n<p>Para tal, fazemos a gest\u00e3o de 100% das contas do im\u00f3vel e garantia contra inadimpl\u00eancias das taxas.<\/p>\n\n\n\n<p>\u2013 Aluguel, condom\u00ednio, IPTU, contas de luz e \u00e1gua, conta de g\u00e1s, taxa de lixo e mais;<\/p>\n\n\n\n<p>\u2013 Recebimento do seu dinheiro todo m\u00eas, em dia, sem depender do pagamento do inquilino. Se o locat\u00e1rio n\u00e3o pagar, a Brognoli paga!<\/p>\n\n\n\n<h4 class=\"wp-block-heading\" id=\"h-vantagens-da-contrata-o-da-garantia-total\"><strong>Vantagens da contrata\u00e7\u00e3o da Garantia Total<\/strong><\/h4>\n\n\n\n<p>A Garantia Total nas cidades de Palho\u00e7a, S\u00e3o Jos\u00e9 e Florian\u00f3polis, preserva o seu direito de receber os valores no dia correto.<\/p>\n\n\n\n<p>Inclusive sem depender do locat\u00e1rio, al\u00e9m de outras vantagens exclusivas.<\/p>\n\n\n\n<ul class=\"wp-block-list\"><li>Car\u00eancia de tr\u00eas meses na taxa de administra\u00e7\u00e3o;<\/li><li>An\u00fancio online, de gra\u00e7a e com contrato digital;<\/li><li>Transa\u00e7\u00f5es muito mais r\u00e1pidas e com garantia total;<\/li><li>Recebimento sem depender do pagamento do locat\u00e1rio;<\/li><li>Assessoria jur\u00eddica especializada da Brognoli;<\/li><li>Ag\u00eancias modelo da ilha e do continente para ampliar a sua experi\u00eancia;<\/li><li>An\u00fancio de im\u00f3vel completamente gratuito em plataformas como Brognoli, Useayla, Terraz e mais;<\/li><li>App exclusivo para propriet\u00e1rios para gest\u00e3o dos seus im\u00f3veis.&nbsp;<\/li><\/ul>\n\n\n\n<p>Clique <a href=\"https:\/\/proprietario.brognoli.com.br\/garantia-total\"><strong>AQUI<\/strong><\/a> para aderir ao Garantia Total sendo universit\u00e1rio que vai comprar um im\u00f3vel.&nbsp;<\/p>\n\n\n\n<p>Se voc\u00ea tem alguma d\u00favida, fale com a <a href=\"https:\/\/atendimento.brognoli.com.br\/\"><strong>Fabi<\/strong><\/a> ou visite a gente numa de nossas ag\u00eancias no Kobrasol, em S\u00e3o Jos\u00e9, ou na Trindade, em Florian\u00f3polis.<\/p>\n\n\n\n<p>Gostou de saber mais sobre o mercado imobili\u00e1rio comercial? Ent\u00e3o compartilhe com quem quer investir na Grande Florian\u00f3polis.&nbsp;<\/p>\n","protected":false},"excerpt":{"rendered":"<p>Se voc\u00ea \u00e9 um investidor nato ou est\u00e1 com d\u00favidas se aplica em im\u00f3veis, hoje vamos falar sobre o mercado imobili\u00e1rio comercial em 2022! Um nicho do setor que n\u00e3o [&hellip;]<\/p>\n","protected":false},"author":7,"featured_media":2206214,"comment_status":"closed","ping_status":"closed","sticky":false,"template":"","format":"standard","meta":{"footnotes":""},"categories":[632],"tags":[],"class_list":["post-2206213","post","type-post","status-publish","format-standard","has-post-thumbnail","hentry","category-mercado-imobiliario"],"yoast_head":"<!-- This site is optimized with the Yoast SEO plugin v21.3 - https:\/\/yoast.com\/wordpress\/plugins\/seo\/ -->\n<title>Mercado Imobili\u00e1rio Comercial em 2022 - Brognoli<\/title>\n<meta name=\"robots\" content=\"index, follow, max-snippet:-1, max-image-preview:large, max-video-preview:-1\" \/>\n<link rel=\"canonical\" href=\"https:\/\/www.brognoli.com.br\/blog\/mercado-imobiliario-comercial\/\" \/>\n<meta property=\"og:locale\" content=\"pt_BR\" \/>\n<meta property=\"og:type\" content=\"article\" \/>\n<meta property=\"og:title\" content=\"Mercado Imobili\u00e1rio Comercial em 2022 - Brognoli\" \/>\n<meta property=\"og:description\" content=\"Se voc\u00ea \u00e9 um investidor nato ou est\u00e1 com d\u00favidas se aplica em im\u00f3veis, hoje vamos falar sobre o mercado imobili\u00e1rio comercial em 2022! Um nicho do setor que n\u00e3o [&hellip;]\" \/>\n<meta property=\"og:url\" content=\"https:\/\/www.brognoli.com.br\/blog\/mercado-imobiliario-comercial\/\" \/>\n<meta property=\"og:site_name\" content=\"Brognoli\" \/>\n<meta property=\"article:published_time\" content=\"2022-03-18T15:00:00+00:00\" \/>\n<meta property=\"og:image\" content=\"https:\/\/www.brognoli.com.br\/blog\/wp-content\/uploads\/2022\/10\/group-people-working-out-business-plan-office-scaled-1.jpg\" \/>\n\t<meta property=\"og:image:width\" content=\"2560\" \/>\n\t<meta property=\"og:image:height\" content=\"1707\" \/>\n\t<meta property=\"og:image:type\" content=\"image\/jpeg\" \/>\n<meta name=\"author\" content=\"brognoli\" \/>\n<meta name=\"twitter:card\" content=\"summary_large_image\" \/>\n<meta name=\"twitter:label1\" content=\"Escrito por\" \/>\n\t<meta name=\"twitter:data1\" content=\"brognoli\" \/>\n\t<meta name=\"twitter:label2\" content=\"Est. tempo de leitura\" \/>\n\t<meta name=\"twitter:data2\" content=\"7 minutos\" \/>\n<script type=\"application\/ld+json\" class=\"yoast-schema-graph\">{\"@context\":\"https:\/\/schema.org\",\"@graph\":[{\"@type\":\"Article\",\"@id\":\"https:\/\/www.brognoli.com.br\/blog\/mercado-imobiliario-comercial\/#article\",\"isPartOf\":{\"@id\":\"https:\/\/www.brognoli.com.br\/blog\/mercado-imobiliario-comercial\/\"},\"author\":{\"name\":\"brognoli\",\"@id\":\"https:\/\/www.brognoli.com.br\/blog\/#\/schema\/person\/87771d6b68b99d9d9db50bfcf109f10c\"},\"headline\":\"Mercado Imobili\u00e1rio Comercial em 2022\",\"datePublished\":\"2022-03-18T15:00:00+00:00\",\"dateModified\":\"2022-03-18T15:00:00+00:00\",\"mainEntityOfPage\":{\"@id\":\"https:\/\/www.brognoli.com.br\/blog\/mercado-imobiliario-comercial\/\"},\"wordCount\":1409,\"publisher\":{\"@id\":\"https:\/\/www.brognoli.com.br\/blog\/#organization\"},\"articleSection\":[\"Mercado Imobili\u00e1rio\"],\"inLanguage\":\"pt-BR\"},{\"@type\":\"WebPage\",\"@id\":\"https:\/\/www.brognoli.com.br\/blog\/mercado-imobiliario-comercial\/\",\"url\":\"https:\/\/www.brognoli.com.br\/blog\/mercado-imobiliario-comercial\/\",\"name\":\"Mercado Imobili\u00e1rio Comercial em 2022 - Brognoli\",\"isPartOf\":{\"@id\":\"https:\/\/www.brognoli.com.br\/blog\/#website\"},\"datePublished\":\"2022-03-18T15:00:00+00:00\",\"dateModified\":\"2022-03-18T15:00:00+00:00\",\"breadcrumb\":{\"@id\":\"https:\/\/www.brognoli.com.br\/blog\/mercado-imobiliario-comercial\/#breadcrumb\"},\"inLanguage\":\"pt-BR\",\"potentialAction\":[{\"@type\":\"ReadAction\",\"target\":[\"https:\/\/www.brognoli.com.br\/blog\/mercado-imobiliario-comercial\/\"]}]},{\"@type\":\"BreadcrumbList\",\"@id\":\"https:\/\/www.brognoli.com.br\/blog\/mercado-imobiliario-comercial\/#breadcrumb\",\"itemListElement\":[{\"@type\":\"ListItem\",\"position\":1,\"name\":\"In\u00edcio\",\"item\":\"https:\/\/www.brognoli.com.br\/blog\/\"},{\"@type\":\"ListItem\",\"position\":2,\"name\":\"Mercado Imobili\u00e1rio Comercial em 2022\"}]},{\"@type\":\"WebSite\",\"@id\":\"https:\/\/www.brognoli.com.br\/blog\/#website\",\"url\":\"https:\/\/www.brognoli.com.br\/blog\/\",\"name\":\"Brognoli\",\"description\":\"Brognoli\",\"publisher\":{\"@id\":\"https:\/\/www.brognoli.com.br\/blog\/#organization\"},\"potentialAction\":[{\"@type\":\"SearchAction\",\"target\":{\"@type\":\"EntryPoint\",\"urlTemplate\":\"https:\/\/www.brognoli.com.br\/blog\/?s={search_term_string}\"},\"query-input\":\"required name=search_term_string\"}],\"inLanguage\":\"pt-BR\"},{\"@type\":\"Organization\",\"@id\":\"https:\/\/www.brognoli.com.br\/blog\/#organization\",\"name\":\"Brognoli\",\"url\":\"https:\/\/www.brognoli.com.br\/blog\/\",\"logo\":{\"@type\":\"ImageObject\",\"inLanguage\":\"pt-BR\",\"@id\":\"https:\/\/www.brognoli.com.br\/blog\/#\/schema\/logo\/image\/\",\"url\":\"https:\/\/www.brognoli.com.br\/blog\/wp-content\/uploads\/2024\/10\/cropped-cropped-BRO_LOGO_3@300x.png\",\"contentUrl\":\"https:\/\/www.brognoli.com.br\/blog\/wp-content\/uploads\/2024\/10\/cropped-cropped-BRO_LOGO_3@300x.png\",\"width\":1762,\"height\":605,\"caption\":\"Brognoli\"},\"image\":{\"@id\":\"https:\/\/www.brognoli.com.br\/blog\/#\/schema\/logo\/image\/\"}},{\"@type\":\"Person\",\"@id\":\"https:\/\/www.brognoli.com.br\/blog\/#\/schema\/person\/87771d6b68b99d9d9db50bfcf109f10c\",\"name\":\"brognoli\",\"image\":{\"@type\":\"ImageObject\",\"inLanguage\":\"pt-BR\",\"@id\":\"https:\/\/www.brognoli.com.br\/blog\/#\/schema\/person\/image\/\",\"url\":\"https:\/\/secure.gravatar.com\/avatar\/a7836fc1468501cb19a0ad1df34b5f85abe16dfce609e03bba719de31c58ea48?s=96&d=mm&r=g\",\"contentUrl\":\"https:\/\/secure.gravatar.com\/avatar\/a7836fc1468501cb19a0ad1df34b5f85abe16dfce609e03bba719de31c58ea48?s=96&d=mm&r=g\",\"caption\":\"brognoli\"},\"url\":\"https:\/\/www.brognoli.com.br\/blog\/author\/brognoli\/\"}]}<\/script>\n<!-- \/ Yoast SEO plugin. -->","yoast_head_json":{"title":"Mercado Imobili\u00e1rio Comercial em 2022 - Brognoli","robots":{"index":"index","follow":"follow","max-snippet":"max-snippet:-1","max-image-preview":"max-image-preview:large","max-video-preview":"max-video-preview:-1"},"canonical":"https:\/\/www.brognoli.com.br\/blog\/mercado-imobiliario-comercial\/","og_locale":"pt_BR","og_type":"article","og_title":"Mercado Imobili\u00e1rio Comercial em 2022 - Brognoli","og_description":"Se voc\u00ea \u00e9 um investidor nato ou est\u00e1 com d\u00favidas se aplica em im\u00f3veis, hoje vamos falar sobre o mercado imobili\u00e1rio comercial em 2022! Um nicho do setor que n\u00e3o [&hellip;]","og_url":"https:\/\/www.brognoli.com.br\/blog\/mercado-imobiliario-comercial\/","og_site_name":"Brognoli","article_published_time":"2022-03-18T15:00:00+00:00","og_image":[{"width":2560,"height":1707,"url":"https:\/\/www.brognoli.com.br\/blog\/wp-content\/uploads\/2022\/10\/group-people-working-out-business-plan-office-scaled-1.jpg","type":"image\/jpeg"}],"author":"brognoli","twitter_card":"summary_large_image","twitter_misc":{"Escrito por":"brognoli","Est. tempo de leitura":"7 minutos"},"schema":{"@context":"https:\/\/schema.org","@graph":[{"@type":"Article","@id":"https:\/\/www.brognoli.com.br\/blog\/mercado-imobiliario-comercial\/#article","isPartOf":{"@id":"https:\/\/www.brognoli.com.br\/blog\/mercado-imobiliario-comercial\/"},"author":{"name":"brognoli","@id":"https:\/\/www.brognoli.com.br\/blog\/#\/schema\/person\/87771d6b68b99d9d9db50bfcf109f10c"},"headline":"Mercado Imobili\u00e1rio Comercial em 2022","datePublished":"2022-03-18T15:00:00+00:00","dateModified":"2022-03-18T15:00:00+00:00","mainEntityOfPage":{"@id":"https:\/\/www.brognoli.com.br\/blog\/mercado-imobiliario-comercial\/"},"wordCount":1409,"publisher":{"@id":"https:\/\/www.brognoli.com.br\/blog\/#organization"},"articleSection":["Mercado Imobili\u00e1rio"],"inLanguage":"pt-BR"},{"@type":"WebPage","@id":"https:\/\/www.brognoli.com.br\/blog\/mercado-imobiliario-comercial\/","url":"https:\/\/www.brognoli.com.br\/blog\/mercado-imobiliario-comercial\/","name":"Mercado Imobili\u00e1rio Comercial em 2022 - Brognoli","isPartOf":{"@id":"https:\/\/www.brognoli.com.br\/blog\/#website"},"datePublished":"2022-03-18T15:00:00+00:00","dateModified":"2022-03-18T15:00:00+00:00","breadcrumb":{"@id":"https:\/\/www.brognoli.com.br\/blog\/mercado-imobiliario-comercial\/#breadcrumb"},"inLanguage":"pt-BR","potentialAction":[{"@type":"ReadAction","target":["https:\/\/www.brognoli.com.br\/blog\/mercado-imobiliario-comercial\/"]}]},{"@type":"BreadcrumbList","@id":"https:\/\/www.brognoli.com.br\/blog\/mercado-imobiliario-comercial\/#breadcrumb","itemListElement":[{"@type":"ListItem","position":1,"name":"In\u00edcio","item":"https:\/\/www.brognoli.com.br\/blog\/"},{"@type":"ListItem","position":2,"name":"Mercado Imobili\u00e1rio Comercial em 2022"}]},{"@type":"WebSite","@id":"https:\/\/www.brognoli.com.br\/blog\/#website","url":"https:\/\/www.brognoli.com.br\/blog\/","name":"Brognoli","description":"Brognoli","publisher":{"@id":"https:\/\/www.brognoli.com.br\/blog\/#organization"},"potentialAction":[{"@type":"SearchAction","target":{"@type":"EntryPoint","urlTemplate":"https:\/\/www.brognoli.com.br\/blog\/?s={search_term_string}"},"query-input":"required name=search_term_string"}],"inLanguage":"pt-BR"},{"@type":"Organization","@id":"https:\/\/www.brognoli.com.br\/blog\/#organization","name":"Brognoli","url":"https:\/\/www.brognoli.com.br\/blog\/","logo":{"@type":"ImageObject","inLanguage":"pt-BR","@id":"https:\/\/www.brognoli.com.br\/blog\/#\/schema\/logo\/image\/","url":"https:\/\/www.brognoli.com.br\/blog\/wp-content\/uploads\/2024\/10\/cropped-cropped-BRO_LOGO_3@300x.png","contentUrl":"https:\/\/www.brognoli.com.br\/blog\/wp-content\/uploads\/2024\/10\/cropped-cropped-BRO_LOGO_3@300x.png","width":1762,"height":605,"caption":"Brognoli"},"image":{"@id":"https:\/\/www.brognoli.com.br\/blog\/#\/schema\/logo\/image\/"}},{"@type":"Person","@id":"https:\/\/www.brognoli.com.br\/blog\/#\/schema\/person\/87771d6b68b99d9d9db50bfcf109f10c","name":"brognoli","image":{"@type":"ImageObject","inLanguage":"pt-BR","@id":"https:\/\/www.brognoli.com.br\/blog\/#\/schema\/person\/image\/","url":"https:\/\/secure.gravatar.com\/avatar\/a7836fc1468501cb19a0ad1df34b5f85abe16dfce609e03bba719de31c58ea48?s=96&d=mm&r=g","contentUrl":"https:\/\/secure.gravatar.com\/avatar\/a7836fc1468501cb19a0ad1df34b5f85abe16dfce609e03bba719de31c58ea48?s=96&d=mm&r=g","caption":"brognoli"},"url":"https:\/\/www.brognoli.com.br\/blog\/author\/brognoli\/"}]}},"_links":{"self":[{"href":"https:\/\/www.brognoli.com.br\/blog\/wp-json\/wp\/v2\/posts\/2206213","targetHints":{"allow":["GET"]}}],"collection":[{"href":"https:\/\/www.brognoli.com.br\/blog\/wp-json\/wp\/v2\/posts"}],"about":[{"href":"https:\/\/www.brognoli.com.br\/blog\/wp-json\/wp\/v2\/types\/post"}],"author":[{"embeddable":true,"href":"https:\/\/www.brognoli.com.br\/blog\/wp-json\/wp\/v2\/users\/7"}],"replies":[{"embeddable":true,"href":"https:\/\/www.brognoli.com.br\/blog\/wp-json\/wp\/v2\/comments?post=2206213"}],"version-history":[{"count":0,"href":"https:\/\/www.brognoli.com.br\/blog\/wp-json\/wp\/v2\/posts\/2206213\/revisions"}],"wp:featuredmedia":[{"embeddable":true,"href":"https:\/\/www.brognoli.com.br\/blog\/wp-json\/wp\/v2\/media\/2206214"}],"wp:attachment":[{"href":"https:\/\/www.brognoli.com.br\/blog\/wp-json\/wp\/v2\/media?parent=2206213"}],"wp:term":[{"taxonomy":"category","embeddable":true,"href":"https:\/\/www.brognoli.com.br\/blog\/wp-json\/wp\/v2\/categories?post=2206213"},{"taxonomy":"post_tag","embeddable":true,"href":"https:\/\/www.brognoli.com.br\/blog\/wp-json\/wp\/v2\/tags?post=2206213"}],"curies":[{"name":"wp","href":"https:\/\/api.w.org\/{rel}","templated":true}]}}