{"id":2206233,"date":"2022-04-26T16:21:01","date_gmt":"2022-04-26T19:21:01","guid":{"rendered":"https:\/\/api-portal.brognoli.com.br\/ipca-e-o-impacto-nos-precos-do-aluguel\/"},"modified":"2022-04-26T16:21:01","modified_gmt":"2022-04-26T19:21:01","slug":"ipca-e-o-impacto-nos-precos-do-aluguel","status":"publish","type":"post","link":"https:\/\/www.brognoli.com.br\/blog\/ipca-e-o-impacto-nos-precos-do-aluguel\/","title":{"rendered":"IPCA e o Impacto nos Pre\u00e7os do Aluguel"},"content":{"rendered":"\n<p>Saber como o pre\u00e7o do aluguel no Brasil \u00e9 calculado \u00e9 importante porque traz clareza na hora de considerar alugar um im\u00f3vel, seja uma casa, apartamento ou kitnet. Por isso, hoje vamos falar sobre o IPCA!<\/p>\n\n\n\n<p>Afinal, existe uma l\u00f3gica por tr\u00e1s do valor que o mercado prop\u00f5e, ou seja, al\u00e9m de levar em conta os atributos e a localiza\u00e7\u00e3o do im\u00f3vel, \u00e9 necess\u00e1rio aplicar um \u00edndice oficial.<\/p>\n\n\n\n<p>Ali\u00e1s, se voc\u00ea vai alugar pela primeira vez, se informe mais lendo estes posts:<\/p>\n\n\n\n<p><a href=\"https:\/\/www.brognoli.com.br\/alugar-imovel-sem-fiador-deposito-caucao-seguro-fianca\/\"><strong>Como alugar sem fiador ou garantia<\/strong><\/a>;<\/p>\n\n\n\n<p><a href=\"https:\/\/www.brognoli.com.br\/lei-do-inquilinato-direitos-deveres\/\"><strong>Lei do inquilinato<\/strong><\/a>;<\/p>\n\n\n\n<p><a href=\"https:\/\/www.brognoli.com.br\/e-melhor-comprar-ou-alugar-um-imovel\/\"><strong>Comprar ou alugar um im\u00f3vel?<\/strong><\/a><\/p>\n\n\n\n<p><strong>Sabia que a Brognoli Imobili\u00e1ria tem im\u00f3veis prontos para alugar no Campeche, Rio Tavares, Centro e Trindade? Saiba mais clicando na nossa assistente virtual no rodap\u00e9 da p\u00e1gina.&nbsp;<\/strong><\/p>\n\n\n\n<h2 class=\"wp-block-heading\" id=\"h-o-que-ipca\"><strong>O que \u00e9 IPCA<\/strong><\/h2>\n\n\n\n<p>A sigla IPCA significa \u00cdndice Nacional de Pre\u00e7os ao Consumidor Amplo, e seu objetivo \u00e9 medir a varia\u00e7\u00e3o de pre\u00e7os de um conjunto de produtos.<\/p>\n\n\n\n<p>Assim, o IPCA serve para constatar se houve um aumento ou diminui\u00e7\u00e3o no custo de vida e no poder de compra da popula\u00e7\u00e3o.<\/p>\n\n\n\n<p><strong>Voc\u00ea sabia que a Brognoli Imobili\u00e1ria tem im\u00f3veis prontos dispon\u00edveis para todos os gostos e p\u00fablicos, inclusive terrenos no Campeche, Rio Tavares, Centro e Trindade? Saiba mais clicando na nossa assistente virtual no rodap\u00e9 da p\u00e1gina.&nbsp;<\/strong><\/p>\n\n\n\n<h3 class=\"wp-block-heading\" id=\"h-como-o-ipca-calculado\"><strong>Como o IPCA \u00e9 calculado<\/strong><\/h3>\n\n\n\n<p>O IPCA tem como foco as fam\u00edlias cuja renda mensal varia de 1 a 40 sal\u00e1rios m\u00ednimos e, para chegar \u00e0 porcentagem, o<a href=\"https:\/\/www.ibge.gov.br\/indicadores#ipca\"> <strong>IBGE<\/strong><\/a> define uma cesta de produtos que ser\u00e1 avaliada ao longo de 30 dias.<\/p>\n\n\n\n<p><strong>Que tal alugar uma casa em condom\u00ednio? Fa\u00e7a j\u00e1 um<\/strong><a href=\"https:\/\/www.brognoli.com.br\/dicas-para-aproveitar-melhor-sua-visita-virtual-ao-imovel\/\"><strong> <\/strong><strong>tour<\/strong><\/a><strong> virtual<\/strong><strong><em> <\/em><\/strong><strong>pelo im\u00f3vel pronto para morar no Kobrasol, Barreiros e Campinas \u2013 S\u00e3o Jos\u00e9.<\/strong><\/p>\n\n\n\n<p>Logo, este conjunto inclui desde os itens mais b\u00e1sicos, como arroz e feij\u00e3o, at\u00e9 consultas m\u00e9dicas e atividades de lazer.<\/p>\n\n\n\n<p>Todavia, cada elemento pode apresentar um peso diferente no c\u00e1lculo, uma vez que a influ\u00eancia \u00e9 determinada de acordo com a incid\u00eancia de cada um no contexto das fam\u00edlias.<\/p>\n\n\n\n<p>Por fim, quanto mais comum no or\u00e7amento for um item, maior ser\u00e1 sua relev\u00e2ncia na porcentagem final.<\/p>\n\n\n\n<h3 class=\"wp-block-heading\" id=\"h-ipca-e-a-rela-o-com-investimentos\"><strong>IPCA e a rela\u00e7\u00e3o com investimentos<\/strong><\/h3>\n\n\n\n<p>Como indicador oficial da infla\u00e7\u00e3o no pa\u00eds, o IPCA cumpre um papel essencial na economia do Brasil e precisa ser acompanhado de perto.<\/p>\n\n\n\n<p><strong>Pensando em alugar um im\u00f3vel? Saiba que no Kobrasol, Barreiros e Campinas \u2013 S\u00e3o Jos\u00e9 h\u00e1 kitnets, apartamentos, casas em condom\u00ednios, coberturas e salas comerciais!<\/strong><\/p>\n\n\n\n<p>Assim, se a infla\u00e7\u00e3o est\u00e1 em 9,3%, por exemplo, o ideal \u00e9 encontrar ativos que remunerem pelo menos esse valor, sob pena de perder dinheiro ao longo do tempo.<\/p>\n\n\n\n<p>Ent\u00e3o, entende-se que a infla\u00e7\u00e3o \u00e9 t\u00e3o determinante que algumas aplica\u00e7\u00f5es h\u00edbridas ou p\u00f3s-fixadas a usam como indicador de rendimento \u2013 \u00c9 o caso de alguns pap\u00e9is do Tesouro Direto \u2013 e isso quer dizer que os t\u00edtulos IPCA+, com vencimento de curto, m\u00e9dio e longo prazo, remuneram em torno de 4,5% acrescidos da infla\u00e7\u00e3o do per\u00edodo.<\/p>\n\n\n\n<h3 class=\"wp-block-heading\" id=\"h-ipca-e-a-taxa-selic\"><strong>IPCA e a taxa Selic<\/strong><\/h3>\n\n\n\n<p>Quando o IPCA est\u00e1 alto, uma das formas de cont\u00ea-lo \u00e9 aumentar a<a href=\"https:\/\/www.bcb.gov.br\/controleinflacao\/taxaselic\"> <strong>Selic<\/strong><\/a>.<\/p>\n\n\n\n<p>Contudo, isso tem efeitos colaterais consider\u00e1veis apesar de ser \u00fatil no controle da infla\u00e7\u00e3o.<\/p>\n\n\n\n<p><strong>Tem d\u00favidas se aluga um apartamento na Palho\u00e7a, S\u00e3o Jos\u00e9 ou Floripa? Converse hoje mesmo com o corretor de im\u00f3veis que mais combina com voc\u00ea. Clique no \u00edcone da Fabi!<\/strong><\/p>\n\n\n\n<p>Afinal, com juros maiores, h\u00e1 uma retra\u00e7\u00e3o no cr\u00e9dito e mais pessoas investem, tirando dinheiro de circula\u00e7\u00e3o e estancando o aumento nos pre\u00e7os.<\/p>\n\n\n\n<p>Ali\u00e1s, isso \u00e9 especialmente \u00fatil em momentos como o atual, em que o Congresso Nacional aprovou um aux\u00edlio emergencial para conter os efeitos financeiros da pandemia.<\/p>\n\n\n\n<p>Dessa forma, a medida foi essencial, mas a inje\u00e7\u00e3o de dinheiro no mercado em um per\u00edodo de suspens\u00e3o produtiva ajudou no aumento da infla\u00e7\u00e3o.<\/p>\n\n\n\n<h2 class=\"wp-block-heading\" id=\"h-igp-m-e-o-mercado-imobili-rio\"><strong>IGP-M e o mercado imobili\u00e1rio<\/strong><\/h2>\n\n\n\n<p>O \u00edndice Geral de Pre\u00e7os-Mercado, ou IGP-M possui um forte impacto no mercado imobili\u00e1rio.<\/p>\n\n\n\n<p><strong>A Brog tem im\u00f3veis prontos e terrenos no Campeche, Rio Tavares, Centro e Trindade. Saiba mais clicando na nossa assistente virtual no rodap\u00e9 da p\u00e1gina.<\/strong><\/p>\n\n\n\n<p>Isso porque o<a href=\"https:\/\/portal.fgv.br\/noticias\/igpm-resultados-2022\"> <strong>IGP-M<\/strong><\/a> \u00e9 o principal \u00edndice utilizado no reajuste anual de aluguel e uma vez ao ano o dono do im\u00f3vel corrige o valor mensal cobrado aos inquilinos com base no \u00edndice do ano anterior.<\/p>\n\n\n\n<p>Contudo, se o IGP-M teve uma leve defla\u00e7\u00e3o no ano anterior, a tend\u00eancia seria que o valor fosse mantido, correto? Mas, outros fatores s\u00e3o levados pelo propriet\u00e1rio e um aumento pode sim ocorrer.<\/p>\n\n\n\n<p>Assim, al\u00e9m do aluguel, outras contas no dia a dia do brasileiro podem sofrer influ\u00eancia desse indicador como luz, escolas e planos de sa\u00fade.<\/p>\n\n\n\n<h2 class=\"wp-block-heading\" id=\"h-brognoli-imobili-ria-e-ipca\"><strong>Brognoli Imobili\u00e1ria e IPCA<\/strong><\/h2>\n\n\n\n<p>Primeiramente, devemos destacar que a mudan\u00e7a dos par\u00e2metros de reajustes para o IPCA est\u00e1 acontecendo porque o uso de outros \u00edndices pode prejudicar o locat\u00e1rio que aluga um im\u00f3vel.<\/p>\n\n\n\n<p><strong>Preocupado se aluga um im\u00f3vel em Floripa? Pois saiba tudo sobre o<\/strong><a href=\"https:\/\/www.brognoli.com.br\/custo-de-vida-floripa\/\"><strong> <\/strong><strong>custo de vida na ilha<\/strong><\/a><strong> agora mesmo!<\/strong><\/p>\n\n\n\n<p>Isso porque apesar da livre negocia\u00e7\u00e3o entre as partes, os contratos de loca\u00e7\u00e3o precisam considerar a infla\u00e7\u00e3o do prazo da contrata\u00e7\u00e3o.<\/p>\n\n\n\n<p>Logo, os locat\u00e1rios dificilmente conseguir\u00e3o rejeitar um \u00edndice de corre\u00e7\u00e3o imposto pelo locador.<\/p>\n\n\n\n<p>Sendo assim, o reajuste IPCA permite que a renegocia\u00e7\u00e3o desses contratos imobili\u00e1rios seja mais justa, pois esse \u00edndice considera o custo de vida real.<\/p>\n\n\n\n<h2 class=\"wp-block-heading\" id=\"h-reajuste-do-aluguel\"><strong>Reajuste do aluguel<\/strong><\/h2>\n\n\n\n<p>Por mais que a maioria dos contratos de aluguel, seja em Florian\u00f3polis, S\u00e3o Jos\u00e9 ou Palho\u00e7a, tenham seus reajustes calculados conforme o IGP-M, existe uma grande discuss\u00e3o a respeito da realidade dos brasileiros.<\/p>\n\n\n\n<p>Inclusive, a<a href=\"http:\/\/www.planalto.gov.br\/ccivil_03\/leis\/l8245.htm\"> <strong>Lei do Inquilinato<\/strong><\/a> prev\u00ea a livre negocia\u00e7\u00e3o do valor do reajuste entre locador e locat\u00e1rio, mas essa livre negocia\u00e7\u00e3o vem trazendo preju\u00edzos \u00e0s duas partes, que na necessidade de fechar o contrato, aceitam qualquer \u00edndice de reajuste.<\/p>\n\n\n\n<h2 class=\"wp-block-heading\" id=\"h-solu-es-brognoli-alugu-is\"><strong>Solu\u00e7\u00f5es Brognoli Alugu\u00e9i<\/strong>s<\/h2>\n\n\n\n<p>O Grupo Brognoli conta com parceiros e servi\u00e7os que buscam auxiliar quem deseja investir em melhorias no im\u00f3vel para alugar, seja utilizando o reajuste conforme o IPCA ou IGP-M.<\/p>\n\n\n\n<p>Ent\u00e3o, se voc\u00ea for propriet\u00e1rio de im\u00f3veis e quer mais rentabilidade e seguran\u00e7a nos seus neg\u00f3cios, a gente tem a solu\u00e7\u00e3o!<\/p>\n\n\n\n<p>Mas, se voc\u00ea deseja alugar um im\u00f3vel, vamos ficar mais que felizes em te atender e encontrar o im\u00f3vel perfeito para voc\u00ea morar com a sua fam\u00edlia.<\/p>\n\n\n\n<p><strong>Procurando solu\u00e7\u00f5es para o seu im\u00f3vel pr\u00f3prio ou quer alugar a casa dos seus sonhos na Palho\u00e7a, S\u00e3o Jos\u00e9 ou Florian\u00f3polis? Acesse agora o nosso<\/strong><a href=\"https:\/\/marketplace.brognoli.com.br\/\"><strong> <\/strong><strong>marketplace<\/strong><\/a><strong>.<\/strong><\/p>\n\n\n\n<h2 class=\"wp-block-heading\" id=\"h-aproveite-a-garantia-total-para-propriet-rios\"><strong>Aproveite a Garantia Total para propriet\u00e1rios<\/strong><\/h2>\n\n\n\n<p>Se voc\u00ea j\u00e1 \u00e9 propriet\u00e1rio de um im\u00f3vel, seja no Campeche, Rio Tavares, Ribeir\u00e3o da Ilha ou Novo Campeche, e quer investir, ent\u00e3o a modalidade Garantia Total \u00e9 ideal para voc\u00ea!<\/p>\n\n\n\n<p>Pois, aderindo ao Garantia Total, voc\u00ea recebe o valor do aluguel na data certa e tem a certeza de que todas as taxas ser\u00e3o pagas sempre em dia.<\/p>\n\n\n\n<p><strong>Voc\u00ea sabia que a Brognoli Imobili\u00e1ria tem<\/strong><a href=\"https:\/\/www.brognoli.com.br\/imoveis\/?sort=newest&amp;search_type=3&amp;search_city=FLORIAN%C3%93POLIS&amp;search_neighborhood%5B%5D=CAMPECHE&amp;search_neighborhood%5B%5D=CENTRO&amp;search_neighborhood%5B%5D=RIO+TAVARES&amp;search_neighborhood%5B%5D=TRINDADE&amp;search_min_price=&amp;search_max_price=&amp;search_bedrooms=0&amp;search_garages=0\"><strong> im\u00f3veis dispon\u00edveis no Campeche, Trindade, Centro e Rio Tavares?<\/strong><\/a><strong> Inclusive existem apartamentos acess\u00edveis com tr\u00eas dormit\u00f3rios nas principais ruas e avenidas.<\/strong><\/p>\n\n\n\n<p>Assim, colocando o seu im\u00f3vel \u2013 casa, apartamento, cobertura ou sala comercial \u2013 para alugar com a Brognoli, voc\u00ea n\u00e3o se preocupa com mais nada.<\/p>\n\n\n\n<p>Para tal, fazemos a gest\u00e3o de 100% das contas do im\u00f3vel e garantia contra inadimpl\u00eancias das taxas.<\/p>\n\n\n\n<p>\u2013 Aluguel, condom\u00ednio, IPTU, contas de luz e \u00e1gua, conta de g\u00e1s, taxa de lixo e mais;<\/p>\n\n\n\n<p>\u2013 Recebimento do seu dinheiro todo m\u00eas, em dia, sem depender do pagamento do inquilino. Se o locat\u00e1rio n\u00e3o pagar, a Brognoli paga!<\/p>\n\n\n\n<h3 class=\"wp-block-heading\" id=\"h-vantagens-da-contrata-o-da-garantia-total\"><strong>Vantagens da contrata\u00e7\u00e3o da Garantia Total<\/strong><\/h3>\n\n\n\n<p>A Garantia Total nas cidades de Palho\u00e7a, S\u00e3o Jos\u00e9 e Florian\u00f3polis, preserva o seu direito de receber os valores no dia correto.<\/p>\n\n\n\n<p>Inclusive sem depender do locat\u00e1rio, al\u00e9m de outras vantagens exclusivas.<\/p>\n\n\n\n<p>\u00b7 &nbsp; &nbsp; &nbsp; &nbsp; Car\u00eancia de tr\u00eas meses na taxa de administra\u00e7\u00e3o;<\/p>\n\n\n\n<p>\u00b7 &nbsp; &nbsp; &nbsp; &nbsp; An\u00fancio online, de gra\u00e7a e com contrato digital;<\/p>\n\n\n\n<p>\u00b7 &nbsp; &nbsp; &nbsp; &nbsp; Transa\u00e7\u00f5es muito mais r\u00e1pidas e com garantia total;<\/p>\n\n\n\n<p>\u00b7 &nbsp; &nbsp; &nbsp; &nbsp; Recebimento sem depender do pagamento do locat\u00e1rio;<\/p>\n\n\n\n<p>\u00b7 &nbsp; &nbsp; &nbsp; &nbsp; Assessoria jur\u00eddica especializada da Brognoli;<\/p>\n\n\n\n<p>\u00b7 &nbsp; &nbsp; &nbsp; &nbsp; Ag\u00eancias modelo da ilha e do continente para ampliar a sua experi\u00eancia;<\/p>\n\n\n\n<p>\u00b7 &nbsp; &nbsp; &nbsp; &nbsp; An\u00fancio de im\u00f3vel completamente gratuito em plataformas como Brognoli, Useayla, Terraz e mais;<\/p>\n\n\n\n<p>\u00b7 &nbsp; &nbsp; &nbsp; &nbsp; App exclusivo para propriet\u00e1rios para gest\u00e3o dos seus im\u00f3veis.<\/p>\n\n\n\n<p>Clique<a href=\"https:\/\/proprietario.brognoli.com.br\/garantia-total\"> <strong>AQUI<\/strong><\/a> para aderir ao Garantia Total sendo universit\u00e1rio que vai comprar um im\u00f3vel.<\/p>\n\n\n\n<p>Se voc\u00ea tem alguma d\u00favida, fale com a <a href=\"https:\/\/atendimento.brognoli.com.br\/\"><strong>Fabi<\/strong><\/a> ou visite a gente numa de nossas ag\u00eancias no Kobrasol, em S\u00e3o Jos\u00e9, ou na Trindade, em Florian\u00f3polis.<\/p>\n\n\n\n<p>Curtiu saber como funcionam os \u00edndices de reajuste? Envie para quem quer saber mais sobre o IGP-M e o IPCA.<\/p>\n","protected":false},"excerpt":{"rendered":"<p>Saber como o pre\u00e7o do aluguel no Brasil \u00e9 calculado \u00e9 importante porque traz clareza na hora de considerar alugar um im\u00f3vel, seja uma casa, apartamento ou kitnet. Por isso, [&hellip;]<\/p>\n","protected":false},"author":7,"featured_media":2206234,"comment_status":"closed","ping_status":"closed","sticky":false,"template":"","format":"standard","meta":{"footnotes":""},"categories":[632],"tags":[629,151,30,41,630,33,631,39,633,634,256],"class_list":["post-2206233","post","type-post","status-publish","format-standard","has-post-thumbnail","hentry","category-mercado-imobiliario","tag-alugar-imovel","tag-aluguel","tag-brognoli","tag-brognoli-imoveis","tag-igpm","tag-imovel","tag-ipca","tag-mercado-imobiliario","tag-preco-aluguel","tag-taxa-selic","tag-venda"],"yoast_head":"<!-- This site is optimized with the Yoast SEO plugin v21.3 - https:\/\/yoast.com\/wordpress\/plugins\/seo\/ -->\n<title>IPCA e o Impacto nos Pre\u00e7os do Aluguel - Brognoli<\/title>\n<meta name=\"robots\" content=\"index, follow, max-snippet:-1, max-image-preview:large, max-video-preview:-1\" \/>\n<link rel=\"canonical\" href=\"https:\/\/www.brognoli.com.br\/blog\/ipca-e-o-impacto-nos-precos-do-aluguel\/\" \/>\n<meta property=\"og:locale\" content=\"pt_BR\" \/>\n<meta property=\"og:type\" content=\"article\" \/>\n<meta property=\"og:title\" content=\"IPCA e o Impacto nos Pre\u00e7os do Aluguel - Brognoli\" \/>\n<meta property=\"og:description\" content=\"Saber como o pre\u00e7o do aluguel no Brasil \u00e9 calculado \u00e9 importante porque traz clareza na hora de considerar alugar um im\u00f3vel, seja uma casa, apartamento ou kitnet. Por isso, [&hellip;]\" \/>\n<meta property=\"og:url\" content=\"https:\/\/www.brognoli.com.br\/blog\/ipca-e-o-impacto-nos-precos-do-aluguel\/\" \/>\n<meta property=\"og:site_name\" content=\"Brognoli\" \/>\n<meta property=\"article:published_time\" content=\"2022-04-26T19:21:01+00:00\" \/>\n<meta property=\"og:image\" content=\"https:\/\/www.brognoli.com.br\/blog\/wp-content\/uploads\/2022\/10\/business-woman-working-finance-accounting-analyze-financi-1-scaled-1.jpg\" \/>\n\t<meta property=\"og:image:width\" content=\"2560\" \/>\n\t<meta property=\"og:image:height\" content=\"1709\" \/>\n\t<meta property=\"og:image:type\" content=\"image\/jpeg\" \/>\n<meta name=\"author\" content=\"brognoli\" \/>\n<meta name=\"twitter:card\" content=\"summary_large_image\" \/>\n<meta name=\"twitter:label1\" content=\"Escrito por\" \/>\n\t<meta name=\"twitter:data1\" content=\"brognoli\" \/>\n\t<meta name=\"twitter:label2\" content=\"Est. tempo de leitura\" \/>\n\t<meta name=\"twitter:data2\" content=\"8 minutos\" \/>\n<script type=\"application\/ld+json\" class=\"yoast-schema-graph\">{\"@context\":\"https:\/\/schema.org\",\"@graph\":[{\"@type\":\"Article\",\"@id\":\"https:\/\/www.brognoli.com.br\/blog\/ipca-e-o-impacto-nos-precos-do-aluguel\/#article\",\"isPartOf\":{\"@id\":\"https:\/\/www.brognoli.com.br\/blog\/ipca-e-o-impacto-nos-precos-do-aluguel\/\"},\"author\":{\"name\":\"brognoli\",\"@id\":\"https:\/\/www.brognoli.com.br\/blog\/#\/schema\/person\/87771d6b68b99d9d9db50bfcf109f10c\"},\"headline\":\"IPCA e o Impacto nos Pre\u00e7os do Aluguel\",\"datePublished\":\"2022-04-26T19:21:01+00:00\",\"dateModified\":\"2022-04-26T19:21:01+00:00\",\"mainEntityOfPage\":{\"@id\":\"https:\/\/www.brognoli.com.br\/blog\/ipca-e-o-impacto-nos-precos-do-aluguel\/\"},\"wordCount\":1587,\"publisher\":{\"@id\":\"https:\/\/www.brognoli.com.br\/blog\/#organization\"},\"keywords\":[\"alugar imovel\",\"Aluguel\",\"Brognoli\",\"Brognoli Im\u00f3veis\",\"IGPM\",\"im\u00f3vel\",\"IPCA\",\"mercado imobili\u00e1rio\",\"pre\u00e7o aluguel\",\"taxa selic\",\"venda\"],\"articleSection\":[\"Mercado Imobili\u00e1rio\"],\"inLanguage\":\"pt-BR\"},{\"@type\":\"WebPage\",\"@id\":\"https:\/\/www.brognoli.com.br\/blog\/ipca-e-o-impacto-nos-precos-do-aluguel\/\",\"url\":\"https:\/\/www.brognoli.com.br\/blog\/ipca-e-o-impacto-nos-precos-do-aluguel\/\",\"name\":\"IPCA e o Impacto nos Pre\u00e7os do Aluguel - Brognoli\",\"isPartOf\":{\"@id\":\"https:\/\/www.brognoli.com.br\/blog\/#website\"},\"datePublished\":\"2022-04-26T19:21:01+00:00\",\"dateModified\":\"2022-04-26T19:21:01+00:00\",\"breadcrumb\":{\"@id\":\"https:\/\/www.brognoli.com.br\/blog\/ipca-e-o-impacto-nos-precos-do-aluguel\/#breadcrumb\"},\"inLanguage\":\"pt-BR\",\"potentialAction\":[{\"@type\":\"ReadAction\",\"target\":[\"https:\/\/www.brognoli.com.br\/blog\/ipca-e-o-impacto-nos-precos-do-aluguel\/\"]}]},{\"@type\":\"BreadcrumbList\",\"@id\":\"https:\/\/www.brognoli.com.br\/blog\/ipca-e-o-impacto-nos-precos-do-aluguel\/#breadcrumb\",\"itemListElement\":[{\"@type\":\"ListItem\",\"position\":1,\"name\":\"In\u00edcio\",\"item\":\"https:\/\/www.brognoli.com.br\/blog\/\"},{\"@type\":\"ListItem\",\"position\":2,\"name\":\"IPCA e o Impacto nos Pre\u00e7os do Aluguel\"}]},{\"@type\":\"WebSite\",\"@id\":\"https:\/\/www.brognoli.com.br\/blog\/#website\",\"url\":\"https:\/\/www.brognoli.com.br\/blog\/\",\"name\":\"Brognoli\",\"description\":\"Brognoli\",\"publisher\":{\"@id\":\"https:\/\/www.brognoli.com.br\/blog\/#organization\"},\"potentialAction\":[{\"@type\":\"SearchAction\",\"target\":{\"@type\":\"EntryPoint\",\"urlTemplate\":\"https:\/\/www.brognoli.com.br\/blog\/?s={search_term_string}\"},\"query-input\":\"required name=search_term_string\"}],\"inLanguage\":\"pt-BR\"},{\"@type\":\"Organization\",\"@id\":\"https:\/\/www.brognoli.com.br\/blog\/#organization\",\"name\":\"Brognoli\",\"url\":\"https:\/\/www.brognoli.com.br\/blog\/\",\"logo\":{\"@type\":\"ImageObject\",\"inLanguage\":\"pt-BR\",\"@id\":\"https:\/\/www.brognoli.com.br\/blog\/#\/schema\/logo\/image\/\",\"url\":\"https:\/\/www.brognoli.com.br\/blog\/wp-content\/uploads\/2024\/10\/cropped-cropped-BRO_LOGO_3@300x.png\",\"contentUrl\":\"https:\/\/www.brognoli.com.br\/blog\/wp-content\/uploads\/2024\/10\/cropped-cropped-BRO_LOGO_3@300x.png\",\"width\":1762,\"height\":605,\"caption\":\"Brognoli\"},\"image\":{\"@id\":\"https:\/\/www.brognoli.com.br\/blog\/#\/schema\/logo\/image\/\"}},{\"@type\":\"Person\",\"@id\":\"https:\/\/www.brognoli.com.br\/blog\/#\/schema\/person\/87771d6b68b99d9d9db50bfcf109f10c\",\"name\":\"brognoli\",\"image\":{\"@type\":\"ImageObject\",\"inLanguage\":\"pt-BR\",\"@id\":\"https:\/\/www.brognoli.com.br\/blog\/#\/schema\/person\/image\/\",\"url\":\"https:\/\/secure.gravatar.com\/avatar\/a7836fc1468501cb19a0ad1df34b5f85abe16dfce609e03bba719de31c58ea48?s=96&d=mm&r=g\",\"contentUrl\":\"https:\/\/secure.gravatar.com\/avatar\/a7836fc1468501cb19a0ad1df34b5f85abe16dfce609e03bba719de31c58ea48?s=96&d=mm&r=g\",\"caption\":\"brognoli\"},\"url\":\"https:\/\/www.brognoli.com.br\/blog\/author\/brognoli\/\"}]}<\/script>\n<!-- \/ Yoast SEO plugin. -->","yoast_head_json":{"title":"IPCA e o Impacto nos Pre\u00e7os do Aluguel - Brognoli","robots":{"index":"index","follow":"follow","max-snippet":"max-snippet:-1","max-image-preview":"max-image-preview:large","max-video-preview":"max-video-preview:-1"},"canonical":"https:\/\/www.brognoli.com.br\/blog\/ipca-e-o-impacto-nos-precos-do-aluguel\/","og_locale":"pt_BR","og_type":"article","og_title":"IPCA e o Impacto nos Pre\u00e7os do Aluguel - Brognoli","og_description":"Saber como o pre\u00e7o do aluguel no Brasil \u00e9 calculado \u00e9 importante porque traz clareza na hora de considerar alugar um im\u00f3vel, seja uma casa, apartamento ou kitnet. Por isso, [&hellip;]","og_url":"https:\/\/www.brognoli.com.br\/blog\/ipca-e-o-impacto-nos-precos-do-aluguel\/","og_site_name":"Brognoli","article_published_time":"2022-04-26T19:21:01+00:00","og_image":[{"width":2560,"height":1709,"url":"https:\/\/www.brognoli.com.br\/blog\/wp-content\/uploads\/2022\/10\/business-woman-working-finance-accounting-analyze-financi-1-scaled-1.jpg","type":"image\/jpeg"}],"author":"brognoli","twitter_card":"summary_large_image","twitter_misc":{"Escrito por":"brognoli","Est. tempo de leitura":"8 minutos"},"schema":{"@context":"https:\/\/schema.org","@graph":[{"@type":"Article","@id":"https:\/\/www.brognoli.com.br\/blog\/ipca-e-o-impacto-nos-precos-do-aluguel\/#article","isPartOf":{"@id":"https:\/\/www.brognoli.com.br\/blog\/ipca-e-o-impacto-nos-precos-do-aluguel\/"},"author":{"name":"brognoli","@id":"https:\/\/www.brognoli.com.br\/blog\/#\/schema\/person\/87771d6b68b99d9d9db50bfcf109f10c"},"headline":"IPCA e o Impacto nos Pre\u00e7os do Aluguel","datePublished":"2022-04-26T19:21:01+00:00","dateModified":"2022-04-26T19:21:01+00:00","mainEntityOfPage":{"@id":"https:\/\/www.brognoli.com.br\/blog\/ipca-e-o-impacto-nos-precos-do-aluguel\/"},"wordCount":1587,"publisher":{"@id":"https:\/\/www.brognoli.com.br\/blog\/#organization"},"keywords":["alugar imovel","Aluguel","Brognoli","Brognoli Im\u00f3veis","IGPM","im\u00f3vel","IPCA","mercado imobili\u00e1rio","pre\u00e7o aluguel","taxa selic","venda"],"articleSection":["Mercado Imobili\u00e1rio"],"inLanguage":"pt-BR"},{"@type":"WebPage","@id":"https:\/\/www.brognoli.com.br\/blog\/ipca-e-o-impacto-nos-precos-do-aluguel\/","url":"https:\/\/www.brognoli.com.br\/blog\/ipca-e-o-impacto-nos-precos-do-aluguel\/","name":"IPCA e o Impacto nos Pre\u00e7os do Aluguel - Brognoli","isPartOf":{"@id":"https:\/\/www.brognoli.com.br\/blog\/#website"},"datePublished":"2022-04-26T19:21:01+00:00","dateModified":"2022-04-26T19:21:01+00:00","breadcrumb":{"@id":"https:\/\/www.brognoli.com.br\/blog\/ipca-e-o-impacto-nos-precos-do-aluguel\/#breadcrumb"},"inLanguage":"pt-BR","potentialAction":[{"@type":"ReadAction","target":["https:\/\/www.brognoli.com.br\/blog\/ipca-e-o-impacto-nos-precos-do-aluguel\/"]}]},{"@type":"BreadcrumbList","@id":"https:\/\/www.brognoli.com.br\/blog\/ipca-e-o-impacto-nos-precos-do-aluguel\/#breadcrumb","itemListElement":[{"@type":"ListItem","position":1,"name":"In\u00edcio","item":"https:\/\/www.brognoli.com.br\/blog\/"},{"@type":"ListItem","position":2,"name":"IPCA e o Impacto nos Pre\u00e7os do Aluguel"}]},{"@type":"WebSite","@id":"https:\/\/www.brognoli.com.br\/blog\/#website","url":"https:\/\/www.brognoli.com.br\/blog\/","name":"Brognoli","description":"Brognoli","publisher":{"@id":"https:\/\/www.brognoli.com.br\/blog\/#organization"},"potentialAction":[{"@type":"SearchAction","target":{"@type":"EntryPoint","urlTemplate":"https:\/\/www.brognoli.com.br\/blog\/?s={search_term_string}"},"query-input":"required name=search_term_string"}],"inLanguage":"pt-BR"},{"@type":"Organization","@id":"https:\/\/www.brognoli.com.br\/blog\/#organization","name":"Brognoli","url":"https:\/\/www.brognoli.com.br\/blog\/","logo":{"@type":"ImageObject","inLanguage":"pt-BR","@id":"https:\/\/www.brognoli.com.br\/blog\/#\/schema\/logo\/image\/","url":"https:\/\/www.brognoli.com.br\/blog\/wp-content\/uploads\/2024\/10\/cropped-cropped-BRO_LOGO_3@300x.png","contentUrl":"https:\/\/www.brognoli.com.br\/blog\/wp-content\/uploads\/2024\/10\/cropped-cropped-BRO_LOGO_3@300x.png","width":1762,"height":605,"caption":"Brognoli"},"image":{"@id":"https:\/\/www.brognoli.com.br\/blog\/#\/schema\/logo\/image\/"}},{"@type":"Person","@id":"https:\/\/www.brognoli.com.br\/blog\/#\/schema\/person\/87771d6b68b99d9d9db50bfcf109f10c","name":"brognoli","image":{"@type":"ImageObject","inLanguage":"pt-BR","@id":"https:\/\/www.brognoli.com.br\/blog\/#\/schema\/person\/image\/","url":"https:\/\/secure.gravatar.com\/avatar\/a7836fc1468501cb19a0ad1df34b5f85abe16dfce609e03bba719de31c58ea48?s=96&d=mm&r=g","contentUrl":"https:\/\/secure.gravatar.com\/avatar\/a7836fc1468501cb19a0ad1df34b5f85abe16dfce609e03bba719de31c58ea48?s=96&d=mm&r=g","caption":"brognoli"},"url":"https:\/\/www.brognoli.com.br\/blog\/author\/brognoli\/"}]}},"_links":{"self":[{"href":"https:\/\/www.brognoli.com.br\/blog\/wp-json\/wp\/v2\/posts\/2206233","targetHints":{"allow":["GET"]}}],"collection":[{"href":"https:\/\/www.brognoli.com.br\/blog\/wp-json\/wp\/v2\/posts"}],"about":[{"href":"https:\/\/www.brognoli.com.br\/blog\/wp-json\/wp\/v2\/types\/post"}],"author":[{"embeddable":true,"href":"https:\/\/www.brognoli.com.br\/blog\/wp-json\/wp\/v2\/users\/7"}],"replies":[{"embeddable":true,"href":"https:\/\/www.brognoli.com.br\/blog\/wp-json\/wp\/v2\/comments?post=2206233"}],"version-history":[{"count":0,"href":"https:\/\/www.brognoli.com.br\/blog\/wp-json\/wp\/v2\/posts\/2206233\/revisions"}],"wp:featuredmedia":[{"embeddable":true,"href":"https:\/\/www.brognoli.com.br\/blog\/wp-json\/wp\/v2\/media\/2206234"}],"wp:attachment":[{"href":"https:\/\/www.brognoli.com.br\/blog\/wp-json\/wp\/v2\/media?parent=2206233"}],"wp:term":[{"taxonomy":"category","embeddable":true,"href":"https:\/\/www.brognoli.com.br\/blog\/wp-json\/wp\/v2\/categories?post=2206233"},{"taxonomy":"post_tag","embeddable":true,"href":"https:\/\/www.brognoli.com.br\/blog\/wp-json\/wp\/v2\/tags?post=2206233"}],"curies":[{"name":"wp","href":"https:\/\/api.w.org\/{rel}","templated":true}]}}