{"id":2206261,"date":"2022-05-10T14:21:28","date_gmt":"2022-05-10T17:21:28","guid":{"rendered":"https:\/\/api-portal.brognoli.com.br\/fazer-jardim-inverno-quintal\/"},"modified":"2022-05-10T14:21:28","modified_gmt":"2022-05-10T17:21:28","slug":"fazer-jardim-inverno-quintal","status":"publish","type":"post","link":"https:\/\/www.brognoli.com.br\/blog\/fazer-jardim-inverno-quintal\/","title":{"rendered":"Jardim no quintal: veja aqui como fazer o seu!"},"content":{"rendered":"\n<p>Um dos maiores sonhos e desejos \u00e9 obter um jardim no quintal, para aproveitar o maior contato com a natureza e harmonia &#8211; seja em um espa\u00e7o maior ou reduzido.<\/p>\n\n\n\n<p>Mas, como come\u00e7a? Veja aqui algumas dicas de como fazer um jardim no quintal, indica\u00e7\u00f5es do que pode ser inserido nesse espa\u00e7o e muito mais!<\/p>\n\n\n\n<h2 class=\"wp-block-heading\" id=\"h-jardim-no-quintal-como-fazer-o-seu\">Jardim no quintal: como fazer o seu?<\/h2>\n\n\n\n<p>Primeiro, tudo isso depender\u00e1 da quantidade de espa\u00e7o dispon\u00edvel e de quais s\u00e3o os objetivos ao cultivar novas plantas ou at\u00e9 mesmo \u00e1rvores. Confira algumas op\u00e7\u00f5es abaixo:<\/p>\n\n\n\n<h3 class=\"wp-block-heading\" id=\"h-jardim-cimentado\">Jardim cimentado<\/h3>\n\n\n\n<p>Para os quintais cimentados e sem nenhum peda\u00e7o de terra dispon\u00edvel, a melhor op\u00e7\u00e3o s\u00e3o os vasos de cer\u00e2mica ou de barro.<\/p>\n\n\n\n<p>Assim, podem ser dispostos nas paredes, no ch\u00e3o ou at\u00e9 mesmo pendentes no teto.<\/p>\n\n\n\n<p>\u00c9 uma boa ideia colocar v\u00e1rias esp\u00e9cies de plantas, flores diferenciadas e inserir a personalidade dos moradores do espa\u00e7o.<\/p>\n\n\n\n<h3 class=\"wp-block-heading\" id=\"h-jardim-com-pedras\">Jardim com pedras<\/h3>\n\n\n\n<p>Uma ideia que pode ser complementada nos jardins cimentados, o uso de pedras enfeita e d\u00e1 um visual mais natural para o local.<\/p>\n\n\n\n<p>Depois de cobrir o espa\u00e7o desejado com as pedrinhas, comece a decora\u00e7\u00e3o local com os vasos conforme desejar, sejam eles menores, maiores, com cadeiras de balan\u00e7o e at\u00e9 banquetinhas para aproveitar mais o local.<\/p>\n\n\n\n<h3 class=\"wp-block-heading\" id=\"h-jardim-lateral-ou-suspenso\">Jardim lateral ou suspenso<\/h3>\n\n\n\n<p>N\u00e3o tem muito espa\u00e7o ou mora em apartamento?<\/p>\n\n\n\n<p>Isso n\u00e3o \u00e9 um problema! O jardim lateral ou suspenso \u00e9 a solu\u00e7\u00e3o ideal para cultivar plantinhas e ainda assim n\u00e3o poluir o ambiente de sua casa.<\/p>\n\n\n\n<p>Voc\u00ea pode inserir na parede decks de madeira, pendurar neles alguns vasos e at\u00e9 revestimentos diferenciados.<\/p>\n\n\n\n<p>Aqui o que conta \u00e9 a sua criatividade na hora de inovar!<\/p>\n\n\n\n<h3 class=\"wp-block-heading\" id=\"h-jardim-com-fontes\">Jardim com fontes<\/h3>\n\n\n\n<p>Ideia indicada para quem possui mais espa\u00e7o em casa, o jardim com fonte pode ser uma ideia interessante para quem quer ter maior contato com a natureza.<\/p>\n\n\n\n<p>Ao inserir uma fonte ou um laguinho, h\u00e1 a possibilidade de colocar peixes de diferentes esp\u00e9cies, caramujos e at\u00e9 refrescar os p\u00e9s durante os dias mais quentes.<\/p>\n\n\n\n<h3 class=\"wp-block-heading\" id=\"h-jardim-de-inverno\">Jardim de inverno<\/h3>\n\n\n\n<p>Modelo adotado em locais mais frios ou com espa\u00e7o reduzido, os jardins de inverno costumam ser acoplados \u00e0 \u00e1rea interna da casa, \u00e0 sala ou \u00e0 lavanderia, por exemplo.<\/p>\n\n\n\n<p>Para fazer o seu jardim de inverno basta ter criatividade, saber cultivar as esp\u00e9cies mais prop\u00edcias para o ambiente, al\u00e9m de ter aten\u00e7\u00e3o \u00e0 limpeza, principalmente pela proximidade dos outros c\u00f4modos da casa.<\/p>\n\n\n\n<h3 class=\"wp-block-heading\" id=\"h-caminho-no-jardim\">Caminho no jardim<\/h3>\n\n\n\n<p>Que tal fazer um caminho em seu jardim? Seja por meio de pedrinhas diferenciadas, blocos maiores, concretos em forma de pezinhos ou at\u00e9 mesmo em madeira, s\u00e3o muitas as op\u00e7\u00f5es!<\/p>\n\n\n\n<p>Essa \u00e9 uma ideia interessante para quem quer inserir mais personalidade ao ambiente, seja ele muito espa\u00e7oso ou reduzido.<\/p>\n\n\n\n<h2 class=\"wp-block-heading\" id=\"h-dicas-de-decora-o\">Dicas de decora\u00e7\u00e3o<\/h2>\n\n\n\n<h3 class=\"wp-block-heading\" id=\"h-plantas-maiores\">Plantas maiores<\/h3>\n\n\n\n<p>Confira abaixo quais s\u00e3o as esp\u00e9cies de plantas mais recomendadas para jardins que possuem mais disponibilidade de espa\u00e7o:<\/p>\n\n\n\n<ul class=\"wp-block-list\"><li>Cactos: f\u00e1ceis de cuidar e com baixa manuten\u00e7\u00e3o, os cactos s\u00e3o uma das esp\u00e9cies mais queridinhas para quem quer enfeitar ainda mais o seu quintal;<\/li><li>\u00c1rvore do viajante: com um aspecto \u00fanico e folhagem expansiva, essa esp\u00e9cie ama o contato com o sol e calor extremo;<\/li><li>Brom\u00e9lias: de f\u00e1cil cultivo, as brom\u00e9lias possuem cores e folhas \u00fanicas que enfeitam qualquer local em que s\u00e3o inseridas, al\u00e9m de que amam o calor e a umidade.<\/li><\/ul>\n\n\n\n<h3 class=\"wp-block-heading\" id=\"h-plantas-menores\">Plantas menores<\/h3>\n\n\n\n<ul class=\"wp-block-list\"><li>Suculentas: ideais para quem tem pouco espa\u00e7o e n\u00e3o quer se comprometer com muitos cuidados, as suculentas s\u00e3o encontradas em v\u00e1rias esp\u00e9cies e estilos;<\/li><li>Violeta: com cultivo simples, elas s\u00e3o s\u00e3o pequenas e f\u00e1ceis de cultivar, al\u00e9m de sua beleza \u00fanica que serve para decorar qualquer cantinho em que forem inseridas;<\/li><li>Beg\u00f4nias: ideais para climas quentes, costumam florescer o ano todo em v\u00e1rias colora\u00e7\u00f5es &#8211; amarelas, brancas, vermelhas e at\u00e9 rosadas.<\/li><\/ul>\n\n\n\n<h3 class=\"wp-block-heading\" id=\"h-plantas-para-jardim-de-inverno\">Plantas para jardim de inverno<\/h3>\n\n\n\n<ul class=\"wp-block-list\"><li>Peper\u00f4mia: uma folhagem redonda e verde clara, ela \u00e9 bem parecida com as samambaias. \u00c9 indicada para vasos suspensos;<\/li><li>Flor de maio: uma planta que adora luz, ela \u00e9 ideal para jardins de invernos com ilumina\u00e7\u00e3o externa e sombra em alguns momentos do dia. \u00c9 indicada para jardins verticais;<\/li><li>Zamioculca: resistente e com forte colora\u00e7\u00e3o verde, ela pode ser cultivada tanto em vasos quanto direto na terra, tudo vai depender do espa\u00e7o dispon\u00edvel. \u00c9 mais usada em ambientes fechados.<\/li><\/ul>\n\n\n\n<p>Agora que voc\u00ea j\u00e1 sabe como montar o seu jardim ideal, n\u00e3o perca tempo e sinta-se mais feliz com esse contato mais \u00edntimo e \u00fanico com a natureza em sua pr\u00f3pria casa!<\/p>\n\n\n\n<h3 class=\"wp-block-heading\" id=\"h-invista-na-ilumina-o\">Invista na ilumina\u00e7\u00e3o<\/h3>\n\n\n\n<p>Muitos jardins possuem um charme \u00fanico pela ilumina\u00e7\u00e3o muito bem elaborada introduzida, principalmente pela valoriza\u00e7\u00e3o do paisagismo.<\/p>\n\n\n\n<p>Usar spots no ch\u00e3o, lumin\u00e1rias pendentes ou at\u00e9 mesmo l\u00e2mpadas de led bem posicionadas s\u00e3o \u00f3timas ideias para dar maior destaque ao espa\u00e7o.<\/p>\n\n\n\n<h3 class=\"wp-block-heading\" id=\"h-reaproveite-lou-as-e-outros-artefatos-da-casa\">Reaproveite lou\u00e7as e outros artefatos da casa<\/h3>\n\n\n\n<p>Possui um prato quebrado que n\u00e3o sabe o que fazer? Uma tigela que era da sua tatarav\u00f3 mas que tem valor sentimental? V\u00e1rios potes de conserva sem uso?<\/p>\n\n\n\n<p>Que tal utiliz\u00e1-los para enfeitar ainda mais o seu lindo jardim? Basta encontrar o local perfeito para posicion\u00e1-los e assim, investir em plantinhas e flores que caibam corretamente.<\/p>\n","protected":false},"excerpt":{"rendered":"<p>Um dos maiores sonhos e desejos \u00e9 obter um jardim no quintal, para aproveitar o maior contato com a natureza e harmonia &#8211; seja em um espa\u00e7o maior ou reduzido. [&hellip;]<\/p>\n","protected":false},"author":7,"featured_media":2206262,"comment_status":"closed","ping_status":"closed","sticky":false,"template":"","format":"standard","meta":{"footnotes":""},"categories":[57],"tags":[41,94,241,718],"class_list":["post-2206261","post","type-post","status-publish","format-standard","has-post-thumbnail","hentry","category-dicas","tag-brognoli-imoveis","tag-brognoli-negocios-imobiliarios","tag-jardim","tag-jardim-quintal"],"yoast_head":"<!-- This site is optimized with the Yoast SEO plugin v21.3 - https:\/\/yoast.com\/wordpress\/plugins\/seo\/ -->\n<title>Jardim no quintal: veja aqui como fazer o seu! - Brognoli<\/title>\n<meta name=\"robots\" content=\"index, follow, max-snippet:-1, max-image-preview:large, max-video-preview:-1\" \/>\n<link rel=\"canonical\" href=\"https:\/\/www.brognoli.com.br\/blog\/fazer-jardim-inverno-quintal\/\" \/>\n<meta property=\"og:locale\" content=\"pt_BR\" \/>\n<meta property=\"og:type\" content=\"article\" \/>\n<meta property=\"og:title\" content=\"Jardim no quintal: veja aqui como fazer o seu! - Brognoli\" \/>\n<meta property=\"og:description\" content=\"Um dos maiores sonhos e desejos \u00e9 obter um jardim no quintal, para aproveitar o maior contato com a natureza e harmonia &#8211; seja em um espa\u00e7o maior ou reduzido. [&hellip;]\" \/>\n<meta property=\"og:url\" content=\"https:\/\/www.brognoli.com.br\/blog\/fazer-jardim-inverno-quintal\/\" \/>\n<meta property=\"og:site_name\" content=\"Brognoli\" \/>\n<meta property=\"article:published_time\" content=\"2022-05-10T17:21:28+00:00\" \/>\n<meta property=\"og:image\" content=\"https:\/\/www.brognoli.com.br\/blog\/wp-content\/uploads\/2022\/10\/giovanna-oliveira-silva-zicaV_6T6xg-unsplash-scaled-1.jpg\" \/>\n\t<meta property=\"og:image:width\" content=\"2560\" \/>\n\t<meta property=\"og:image:height\" content=\"1707\" \/>\n\t<meta property=\"og:image:type\" content=\"image\/jpeg\" \/>\n<meta name=\"author\" content=\"brognoli\" \/>\n<meta name=\"twitter:card\" content=\"summary_large_image\" \/>\n<meta name=\"twitter:label1\" content=\"Escrito por\" \/>\n\t<meta name=\"twitter:data1\" content=\"brognoli\" \/>\n\t<meta name=\"twitter:label2\" content=\"Est. tempo de leitura\" \/>\n\t<meta name=\"twitter:data2\" content=\"5 minutos\" \/>\n<script type=\"application\/ld+json\" class=\"yoast-schema-graph\">{\"@context\":\"https:\/\/schema.org\",\"@graph\":[{\"@type\":\"Article\",\"@id\":\"https:\/\/www.brognoli.com.br\/blog\/fazer-jardim-inverno-quintal\/#article\",\"isPartOf\":{\"@id\":\"https:\/\/www.brognoli.com.br\/blog\/fazer-jardim-inverno-quintal\/\"},\"author\":{\"name\":\"brognoli\",\"@id\":\"https:\/\/www.brognoli.com.br\/blog\/#\/schema\/person\/87771d6b68b99d9d9db50bfcf109f10c\"},\"headline\":\"Jardim no quintal: veja aqui como fazer o seu!\",\"datePublished\":\"2022-05-10T17:21:28+00:00\",\"dateModified\":\"2022-05-10T17:21:28+00:00\",\"mainEntityOfPage\":{\"@id\":\"https:\/\/www.brognoli.com.br\/blog\/fazer-jardim-inverno-quintal\/\"},\"wordCount\":916,\"publisher\":{\"@id\":\"https:\/\/www.brognoli.com.br\/blog\/#organization\"},\"keywords\":[\"Brognoli Im\u00f3veis\",\"Brognoli Neg\u00f3cios Imobili\u00e1rios\",\"jardim\",\"Jardim quintal\"],\"articleSection\":[\"Dicas\"],\"inLanguage\":\"pt-BR\"},{\"@type\":\"WebPage\",\"@id\":\"https:\/\/www.brognoli.com.br\/blog\/fazer-jardim-inverno-quintal\/\",\"url\":\"https:\/\/www.brognoli.com.br\/blog\/fazer-jardim-inverno-quintal\/\",\"name\":\"Jardim no quintal: veja aqui como fazer o seu! - Brognoli\",\"isPartOf\":{\"@id\":\"https:\/\/www.brognoli.com.br\/blog\/#website\"},\"datePublished\":\"2022-05-10T17:21:28+00:00\",\"dateModified\":\"2022-05-10T17:21:28+00:00\",\"breadcrumb\":{\"@id\":\"https:\/\/www.brognoli.com.br\/blog\/fazer-jardim-inverno-quintal\/#breadcrumb\"},\"inLanguage\":\"pt-BR\",\"potentialAction\":[{\"@type\":\"ReadAction\",\"target\":[\"https:\/\/www.brognoli.com.br\/blog\/fazer-jardim-inverno-quintal\/\"]}]},{\"@type\":\"BreadcrumbList\",\"@id\":\"https:\/\/www.brognoli.com.br\/blog\/fazer-jardim-inverno-quintal\/#breadcrumb\",\"itemListElement\":[{\"@type\":\"ListItem\",\"position\":1,\"name\":\"In\u00edcio\",\"item\":\"https:\/\/www.brognoli.com.br\/blog\/\"},{\"@type\":\"ListItem\",\"position\":2,\"name\":\"Jardim no quintal: veja aqui como fazer o seu!\"}]},{\"@type\":\"WebSite\",\"@id\":\"https:\/\/www.brognoli.com.br\/blog\/#website\",\"url\":\"https:\/\/www.brognoli.com.br\/blog\/\",\"name\":\"Brognoli\",\"description\":\"Brognoli\",\"publisher\":{\"@id\":\"https:\/\/www.brognoli.com.br\/blog\/#organization\"},\"potentialAction\":[{\"@type\":\"SearchAction\",\"target\":{\"@type\":\"EntryPoint\",\"urlTemplate\":\"https:\/\/www.brognoli.com.br\/blog\/?s={search_term_string}\"},\"query-input\":\"required name=search_term_string\"}],\"inLanguage\":\"pt-BR\"},{\"@type\":\"Organization\",\"@id\":\"https:\/\/www.brognoli.com.br\/blog\/#organization\",\"name\":\"Brognoli\",\"url\":\"https:\/\/www.brognoli.com.br\/blog\/\",\"logo\":{\"@type\":\"ImageObject\",\"inLanguage\":\"pt-BR\",\"@id\":\"https:\/\/www.brognoli.com.br\/blog\/#\/schema\/logo\/image\/\",\"url\":\"https:\/\/www.brognoli.com.br\/blog\/wp-content\/uploads\/2024\/10\/cropped-cropped-BRO_LOGO_3@300x.png\",\"contentUrl\":\"https:\/\/www.brognoli.com.br\/blog\/wp-content\/uploads\/2024\/10\/cropped-cropped-BRO_LOGO_3@300x.png\",\"width\":1762,\"height\":605,\"caption\":\"Brognoli\"},\"image\":{\"@id\":\"https:\/\/www.brognoli.com.br\/blog\/#\/schema\/logo\/image\/\"}},{\"@type\":\"Person\",\"@id\":\"https:\/\/www.brognoli.com.br\/blog\/#\/schema\/person\/87771d6b68b99d9d9db50bfcf109f10c\",\"name\":\"brognoli\",\"image\":{\"@type\":\"ImageObject\",\"inLanguage\":\"pt-BR\",\"@id\":\"https:\/\/www.brognoli.com.br\/blog\/#\/schema\/person\/image\/\",\"url\":\"https:\/\/secure.gravatar.com\/avatar\/a7836fc1468501cb19a0ad1df34b5f85abe16dfce609e03bba719de31c58ea48?s=96&d=mm&r=g\",\"contentUrl\":\"https:\/\/secure.gravatar.com\/avatar\/a7836fc1468501cb19a0ad1df34b5f85abe16dfce609e03bba719de31c58ea48?s=96&d=mm&r=g\",\"caption\":\"brognoli\"},\"url\":\"https:\/\/www.brognoli.com.br\/blog\/author\/brognoli\/\"}]}<\/script>\n<!-- \/ Yoast SEO plugin. -->","yoast_head_json":{"title":"Jardim no quintal: veja aqui como fazer o seu! - Brognoli","robots":{"index":"index","follow":"follow","max-snippet":"max-snippet:-1","max-image-preview":"max-image-preview:large","max-video-preview":"max-video-preview:-1"},"canonical":"https:\/\/www.brognoli.com.br\/blog\/fazer-jardim-inverno-quintal\/","og_locale":"pt_BR","og_type":"article","og_title":"Jardim no quintal: veja aqui como fazer o seu! - Brognoli","og_description":"Um dos maiores sonhos e desejos \u00e9 obter um jardim no quintal, para aproveitar o maior contato com a natureza e harmonia &#8211; seja em um espa\u00e7o maior ou reduzido. [&hellip;]","og_url":"https:\/\/www.brognoli.com.br\/blog\/fazer-jardim-inverno-quintal\/","og_site_name":"Brognoli","article_published_time":"2022-05-10T17:21:28+00:00","og_image":[{"width":2560,"height":1707,"url":"https:\/\/www.brognoli.com.br\/blog\/wp-content\/uploads\/2022\/10\/giovanna-oliveira-silva-zicaV_6T6xg-unsplash-scaled-1.jpg","type":"image\/jpeg"}],"author":"brognoli","twitter_card":"summary_large_image","twitter_misc":{"Escrito por":"brognoli","Est. tempo de leitura":"5 minutos"},"schema":{"@context":"https:\/\/schema.org","@graph":[{"@type":"Article","@id":"https:\/\/www.brognoli.com.br\/blog\/fazer-jardim-inverno-quintal\/#article","isPartOf":{"@id":"https:\/\/www.brognoli.com.br\/blog\/fazer-jardim-inverno-quintal\/"},"author":{"name":"brognoli","@id":"https:\/\/www.brognoli.com.br\/blog\/#\/schema\/person\/87771d6b68b99d9d9db50bfcf109f10c"},"headline":"Jardim no quintal: veja aqui como fazer o seu!","datePublished":"2022-05-10T17:21:28+00:00","dateModified":"2022-05-10T17:21:28+00:00","mainEntityOfPage":{"@id":"https:\/\/www.brognoli.com.br\/blog\/fazer-jardim-inverno-quintal\/"},"wordCount":916,"publisher":{"@id":"https:\/\/www.brognoli.com.br\/blog\/#organization"},"keywords":["Brognoli Im\u00f3veis","Brognoli Neg\u00f3cios Imobili\u00e1rios","jardim","Jardim quintal"],"articleSection":["Dicas"],"inLanguage":"pt-BR"},{"@type":"WebPage","@id":"https:\/\/www.brognoli.com.br\/blog\/fazer-jardim-inverno-quintal\/","url":"https:\/\/www.brognoli.com.br\/blog\/fazer-jardim-inverno-quintal\/","name":"Jardim no quintal: veja aqui como fazer o seu! - Brognoli","isPartOf":{"@id":"https:\/\/www.brognoli.com.br\/blog\/#website"},"datePublished":"2022-05-10T17:21:28+00:00","dateModified":"2022-05-10T17:21:28+00:00","breadcrumb":{"@id":"https:\/\/www.brognoli.com.br\/blog\/fazer-jardim-inverno-quintal\/#breadcrumb"},"inLanguage":"pt-BR","potentialAction":[{"@type":"ReadAction","target":["https:\/\/www.brognoli.com.br\/blog\/fazer-jardim-inverno-quintal\/"]}]},{"@type":"BreadcrumbList","@id":"https:\/\/www.brognoli.com.br\/blog\/fazer-jardim-inverno-quintal\/#breadcrumb","itemListElement":[{"@type":"ListItem","position":1,"name":"In\u00edcio","item":"https:\/\/www.brognoli.com.br\/blog\/"},{"@type":"ListItem","position":2,"name":"Jardim no quintal: veja aqui como fazer o seu!"}]},{"@type":"WebSite","@id":"https:\/\/www.brognoli.com.br\/blog\/#website","url":"https:\/\/www.brognoli.com.br\/blog\/","name":"Brognoli","description":"Brognoli","publisher":{"@id":"https:\/\/www.brognoli.com.br\/blog\/#organization"},"potentialAction":[{"@type":"SearchAction","target":{"@type":"EntryPoint","urlTemplate":"https:\/\/www.brognoli.com.br\/blog\/?s={search_term_string}"},"query-input":"required name=search_term_string"}],"inLanguage":"pt-BR"},{"@type":"Organization","@id":"https:\/\/www.brognoli.com.br\/blog\/#organization","name":"Brognoli","url":"https:\/\/www.brognoli.com.br\/blog\/","logo":{"@type":"ImageObject","inLanguage":"pt-BR","@id":"https:\/\/www.brognoli.com.br\/blog\/#\/schema\/logo\/image\/","url":"https:\/\/www.brognoli.com.br\/blog\/wp-content\/uploads\/2024\/10\/cropped-cropped-BRO_LOGO_3@300x.png","contentUrl":"https:\/\/www.brognoli.com.br\/blog\/wp-content\/uploads\/2024\/10\/cropped-cropped-BRO_LOGO_3@300x.png","width":1762,"height":605,"caption":"Brognoli"},"image":{"@id":"https:\/\/www.brognoli.com.br\/blog\/#\/schema\/logo\/image\/"}},{"@type":"Person","@id":"https:\/\/www.brognoli.com.br\/blog\/#\/schema\/person\/87771d6b68b99d9d9db50bfcf109f10c","name":"brognoli","image":{"@type":"ImageObject","inLanguage":"pt-BR","@id":"https:\/\/www.brognoli.com.br\/blog\/#\/schema\/person\/image\/","url":"https:\/\/secure.gravatar.com\/avatar\/a7836fc1468501cb19a0ad1df34b5f85abe16dfce609e03bba719de31c58ea48?s=96&d=mm&r=g","contentUrl":"https:\/\/secure.gravatar.com\/avatar\/a7836fc1468501cb19a0ad1df34b5f85abe16dfce609e03bba719de31c58ea48?s=96&d=mm&r=g","caption":"brognoli"},"url":"https:\/\/www.brognoli.com.br\/blog\/author\/brognoli\/"}]}},"_links":{"self":[{"href":"https:\/\/www.brognoli.com.br\/blog\/wp-json\/wp\/v2\/posts\/2206261","targetHints":{"allow":["GET"]}}],"collection":[{"href":"https:\/\/www.brognoli.com.br\/blog\/wp-json\/wp\/v2\/posts"}],"about":[{"href":"https:\/\/www.brognoli.com.br\/blog\/wp-json\/wp\/v2\/types\/post"}],"author":[{"embeddable":true,"href":"https:\/\/www.brognoli.com.br\/blog\/wp-json\/wp\/v2\/users\/7"}],"replies":[{"embeddable":true,"href":"https:\/\/www.brognoli.com.br\/blog\/wp-json\/wp\/v2\/comments?post=2206261"}],"version-history":[{"count":0,"href":"https:\/\/www.brognoli.com.br\/blog\/wp-json\/wp\/v2\/posts\/2206261\/revisions"}],"wp:featuredmedia":[{"embeddable":true,"href":"https:\/\/www.brognoli.com.br\/blog\/wp-json\/wp\/v2\/media\/2206262"}],"wp:attachment":[{"href":"https:\/\/www.brognoli.com.br\/blog\/wp-json\/wp\/v2\/media?parent=2206261"}],"wp:term":[{"taxonomy":"category","embeddable":true,"href":"https:\/\/www.brognoli.com.br\/blog\/wp-json\/wp\/v2\/categories?post=2206261"},{"taxonomy":"post_tag","embeddable":true,"href":"https:\/\/www.brognoli.com.br\/blog\/wp-json\/wp\/v2\/tags?post=2206261"}],"curies":[{"name":"wp","href":"https:\/\/api.w.org\/{rel}","templated":true}]}}