{"id":2206265,"date":"2022-05-17T12:27:27","date_gmt":"2022-05-17T15:27:27","guid":{"rendered":"https:\/\/api-portal.brognoli.com.br\/decoracao-da-area-externa-ideias-para-se-inspirar\/"},"modified":"2022-05-17T12:27:27","modified_gmt":"2022-05-17T15:27:27","slug":"decoracao-da-area-externa-ideias-para-se-inspirar","status":"publish","type":"post","link":"https:\/\/www.brognoli.com.br\/blog\/decoracao-da-area-externa-ideias-para-se-inspirar\/","title":{"rendered":"Decora\u00e7\u00e3o da \u00c1rea Externa: Ideias para Se Inspirar"},"content":{"rendered":"\n<p>Alguns dizem que Decora\u00e7\u00e3o \u00e9 a voz do ambiente, a gente concorda! A disposi\u00e7\u00e3o de objetos em um lugar carrega uma mensagem que \u00e9 passada a todos que o frequentam. Em outras palavras, uma boa combina\u00e7\u00e3o, ideias e inspira\u00e7\u00f5es, fazem toda a diferen\u00e7a. E na decora\u00e7\u00e3o da \u00e1rea externa n\u00e3o \u00e9 diferente!<\/p>\n\n\n\n<p>Se voc\u00ea tem uma \u00e1rea externa em casa e busca ideias de decora\u00e7\u00e3o para se inspirar, est\u00e1 no lugar certo!<\/p>\n\n\n\n<p>Leia tamb\u00e9m estes outros posts sobre decora\u00e7\u00e3o:<\/p>\n\n\n\n<p><a href=\"https:\/\/www.brognoli.com.br\/iluminar-ambientes-fechados\/\"><strong>Ilumina\u00e7\u00e3o de ambientes<\/strong><\/a><strong>;<\/strong><\/p>\n\n\n\n<p><a href=\"https:\/\/www.brognoli.com.br\/como-decorar-o-seu-quarto-pequeno\/\"><strong>Decor para quartos pequenos<\/strong><\/a><strong>;<\/strong><\/p>\n\n\n\n<p><a href=\"https:\/\/www.brognoli.com.br\/economia-elegancia-decoracao\/\"><strong>Unindo eleg\u00e2ncia e economia<\/strong><\/a><strong>.<\/strong><\/p>\n\n\n\n<p><strong>Tem um im\u00f3vel pr\u00f3prio? Ent\u00e3o<\/strong><a href=\"https:\/\/proprietario.brognoli.com.br\/garantia-total\/\"><strong> <\/strong><strong>alugue o seu im\u00f3vel mais r\u00e1pido<\/strong><\/a><strong> em Florian\u00f3polis, Palho\u00e7a ou S\u00e3o Jos\u00e9, com a ajuda da Brognoli Imobili\u00e1ria.<\/strong><\/p>\n\n\n\n<h2 class=\"wp-block-heading\" id=\"h-decora-o-da-rea-externa-com-plantas-e-jardins\"><strong>Decora\u00e7\u00e3o da \u00c1rea Externa com Plantas e Jardins<\/strong><\/h2>\n\n\n\n<p>Come\u00e7amos pelas \u00e1reas verdes na decora\u00e7\u00e3o da \u00e1rea externa, uma excelente pedida! Al\u00e9m disso, as plantas carregam consigo algumas propriedades que as tornam importantes como a purifica\u00e7\u00e3o do ar, melhoria da sa\u00fade mental, do corpo e do meio ambiente.&nbsp;&nbsp;<\/p>\n\n\n\n<h3 class=\"wp-block-heading\" id=\"h-plantas\">\u00b7 &nbsp; &nbsp; &nbsp; &nbsp; <strong>Plantas<\/strong><\/h3>\n\n\n\n<p>Uma ideia \u00e9 ter plantas no jardim! Cactos e suculentas, Ant\u00fario, Espada-de-s\u00e3o-jorge, Pata-de-elefante e Crassula s\u00e3o \u00f3timas esp\u00e9cies para a \u00e1rea externa;<\/p>\n\n\n\n<h3 class=\"wp-block-heading\" id=\"h-jardim-pequeno\">\u00b7 &nbsp; &nbsp; &nbsp; &nbsp; <strong>Jardim pequeno&nbsp;&nbsp;<\/strong><\/h3>\n\n\n\n<p>Com pouco espa\u00e7o, voc\u00ea pode contar com v\u00e1rios tipos de flores, plantas ou \u00e1rvores, basta criar uma harmonia entre as esp\u00e9cies, assim como disponibilizar a quantidade de luz solar necess\u00e1ria;<\/p>\n\n\n\n<h3 class=\"wp-block-heading\" id=\"h-jardim-vertical\">\u00b7 &nbsp; &nbsp; &nbsp; &nbsp; <strong>Jardim vertical<\/strong><\/h3>\n\n\n\n<p>Outra ideia de decera\u00e7\u00e3o da \u00e1rea externa \u00e9 um Jardim Vertical. Em estruturas de madeira ou metal, em paredes ou muros, voc\u00ea pode ter jardins suspensos cultivando diversas plantas como samambaias, Colar-de-p\u00e9rolas, Flor-de-coral entre outras;<\/p>\n\n\n\n<p><a href=\"https:\/\/casavogue.globo.com\/Smart\/noticia\/2021\/05\/veja-o-passo-passo-para-criar-um-jardim-vertical-em-qualquer-parede-da-sua-casa.html\">Confira<\/a> esse passo a passo para fazer Jardim Vertical!<\/p>\n\n\n\n<h3 class=\"wp-block-heading\" id=\"h-jardim-externo\">\u00b7 &nbsp; &nbsp; &nbsp; &nbsp; <strong>Jardim externo<\/strong><\/h3>\n\n\n\n<p>Esse tipo de jardim \u00e9 para quem tem bastante espa\u00e7o para usar na decora\u00e7\u00e3o da \u00e1rea externa. Nele, voc\u00ea pode plantar \u00e1rvores e ter sombra abundante no ver\u00e3o! Al\u00e9m disso, pode investir em pergolados com trepadeiras, criar canteiros com diversidade de cores e muito mais.<\/p>\n\n\n\n<p><strong>Converse hoje mesmo com o corretor de im\u00f3veis que mais combina com voc\u00ea e more em Florian\u00f3polis! Im\u00f3veis no Campeche, Trindade, Centro, Rio Tavares e muito mais.<\/strong><\/p>\n\n\n\n<h2 class=\"wp-block-heading\" id=\"h-rea-externa-colorida\"><strong>\u00c1rea Externa Colorida<\/strong><\/h2>\n\n\n\n<p>E falando em cores, que tal plantar algumas plantas de flora\u00e7\u00e3o, como estrel\u00edcia e jasmim, para contrastar com o verde?!<\/p>\n\n\n\n<p>Juntamente com elas, outra ideia \u00e9 pintar as paredes com colora\u00e7\u00f5es complementares ao verde e aos tons dos m\u00f3veis. Essas cores dar\u00e3o vida e um toque todo especial a decora\u00e7\u00e3o da \u00e1rea externa.<\/p>\n\n\n\n<p><strong>Veja im\u00f3veis comerciais e residenciais no<\/strong><a href=\"https:\/\/www.brognoli.com.br\/imoveis\/?sort=newest&amp;search_type=16&amp;search_city=Florian%C3%B3polis&amp;search_neighborhood%5B%5D=Campeche&amp;search_neighborhood%5B%5D=Saco+Dos+Lim%C3%B5es&amp;search_min_price=&amp;search_max_price=&amp;search_bedrooms=0&amp;search_garages=0\"><strong> Campeche, Rio Tavares, Ribeir\u00e3o da Ilha<\/strong><\/a><strong> e muito mais, o metro quadrado mais valorizado do sul da ilha te espera para voc\u00ea investir!<\/strong><\/p>\n\n\n\n<h2 class=\"wp-block-heading\" id=\"h-ilumina-o\"><strong>Ilumina\u00e7\u00e3o<\/strong><\/h2>\n\n\n\n<p>Primeiramente, nem s\u00f3 de sol se vive a \u00e1rea externa! Usar o ambiente a noite, pode ser maravilhoso tamb\u00e9m, e \u00e9 a\u00ed que entra a ideia de ilumina\u00e7\u00e3o como decora\u00e7\u00e3o da \u00e1rea externa.<\/p>\n\n\n\n<p>Voc\u00ea pode investir em uma boa ilumina\u00e7\u00e3o, como postes de jardim, lumn\u00e1rias e varal de l\u00e2mpadas. Al\u00e9m disso, projetores de luzes brancas, inseridos estrategicamente em pontos do ambiente, podem dar um toque agrad\u00e1vel e moderno ao espa\u00e7o.&nbsp;&nbsp;<\/p>\n\n\n\n<p>Ideia extra: escolha modelos de l\u00e2mpadas mais econ\u00f4micos e sustent\u00e1veis.<\/p>\n\n\n\n<p><strong>Se voc\u00ea quer investir em im\u00f3veis, saiba que a Trindade, Centro e Campeche s\u00e3o bairros \u00f3timos com boa valoriza\u00e7\u00e3o. Fale conosco agora mesmo.<\/strong><\/p>\n\n\n\n<h2 class=\"wp-block-heading\" id=\"h-rea-para-refei-es-ao-ar-livre\"><strong>\u00c1rea para Refei\u00e7\u00f5es ao Ar Livre<\/strong><\/h2>\n\n\n\n<p>Fazer refei\u00e7\u00f5es ao ar livre \u00e9 uma del\u00edcia, seja em fam\u00edlia, casal, com os amigos ou sozinho mesmo. Juntamente com este prazer, vem a oportunidade de fazer a decora\u00e7\u00e3o da \u00e1rea externa!&nbsp;&nbsp;<\/p>\n\n\n\n<p>Voc\u00ea pode colocar bancadas, bancos, mesas, cadeiras, futons e criar um belo espa\u00e7o externo de refei\u00e7\u00f5es. Claro, n\u00e3o exagere nos itens! Mas crie um nicho especial, que seja confort\u00e1vel, gere sensa\u00e7\u00e3o de relaxamento e seja convidativo.&nbsp;<\/p>\n\n\n\n<p>Ent\u00e3o quanto a mob\u00edlia, voc\u00ea pode investir nas de madeira, pl\u00e1stico e PVC. E ainda, para n\u00e3o roubar tanto espa\u00e7o, existem mesas e cadeiras dobr\u00e1veis, banquinhos etc que v\u00e3o fazer a diferen\u00e7a na decora\u00e7\u00e3o da \u00e1rea externa.<\/p>\n\n\n\n<p><strong>Que tal alugar um im\u00f3vel em condom\u00ednio? Fa\u00e7a j\u00e1 um<\/strong><a href=\"https:\/\/www.brognoli.com.br\/dicas-para-aproveitar-melhor-sua-visita-virtual-ao-imovel\/\"><strong> tour<\/strong><\/a><strong> virtualpelo im\u00f3vel pronto para morar no Kobrasol, Barreiros ou Campinas \u2013 S\u00e3o Jos\u00e9.<\/strong><\/p>\n\n\n\n<h2 class=\"wp-block-heading\" id=\"h-decora-o-da-rea-externa-com-pedras\"><strong>Decora\u00e7\u00e3o da \u00c1rea Externa com Pedras<\/strong><\/h2>\n\n\n\n<p>Se engana quem pensa que pedra s\u00f3 combina com ambientes r\u00fasticos. Al\u00e9m disso, se engana quem pensa que s\u00f3 servem para ficarem espalhadas no ch\u00e3o da \u00e1rea externa. Existem pedras decorativas e diversas possibilidades de aplica\u00e7\u00f5es, que podem deixar a decora\u00e7\u00e3o da \u00e1rea externa mais moderna, clean e bonita.<\/p>\n\n\n\n<p>Uma ideia em conta \u00e9 fazer caminhos no jardim no lugar da cal\u00e7ada, delimitando espa\u00e7os. Logo depois, \u00e9 incluir as pedras em detalhes e pequenos elementos como na lareira ou churrasqueira, em um quadro em mosaico ou at\u00e9 mesmo em um Jardim de inverno.<\/p>\n\n\n\n<p><a href=\"https:\/\/br.pinterest.com\/cidavasco02\/jardim-com-pedras\/\">VEJA<\/a> mais ideias de jardim com pedras.<\/p>\n\n\n\n<p><strong>Que tal buscar a casa que voc\u00ea tanto sonha no Centro, Trindade ou no Campeche em Floripa? Seja para comprar ou alugar, a Brognoli \u00e9 a solu\u00e7\u00e3o!<\/strong><\/p>\n\n\n\n<h2 class=\"wp-block-heading\" id=\"h-\"><strong>&nbsp;<\/strong><\/h2>\n\n\n\n<h2 class=\"wp-block-heading\" id=\"h-decora-o-da-rea-externa-com-deck-de-madeira\"><strong>Decora\u00e7\u00e3o da \u00c1rea Externa com deck de madeira<\/strong><\/h2>\n\n\n\n<p>O deck de madeira \u00e9 um sucesso quando se trata de decora\u00e7\u00e3o da \u00e1rea externa. Se voc\u00ea tem uma casa, por si s\u00f3 ele j\u00e1 um belo elemento decorativo. Portanto, beleza, sofistica\u00e7\u00e3o e aconchego voc\u00ea j\u00e1 tem.<\/p>\n\n\n\n<p>Igualmente, voc\u00ea pode se utilizar de recursos como mob\u00edlia e plantas para deixar o deck ainda mais lindo.<\/p>\n\n\n\n<p>Quanto a mob\u00edlia, um sof\u00e1 cai muito bem, poltronas e redes de descanso combinam muito com a madeira do deck e as cl\u00e1ssicas cadeiras harmonizam de forma \u00fanica.<\/p>\n\n\n\n<p>Outra ideia s\u00e3o plantas para \u00e1rea externa, tais como as que j\u00e1 mencionamos acima. Ainda, voc\u00ea pode se utilizar de plantas artificiais que d\u00e3o ideia de natureza \u00e0 \u00e1rea externa, mas n\u00e3o requerem cuidados.<\/p>\n\n\n\n<h2 class=\"wp-block-heading\" id=\"h-aproveite-a-garantia-total-para-propriet-rio\"><strong>Aproveite a Garantia Total para propriet\u00e1rio<\/strong><\/h2>\n\n\n\n<p>Se voc\u00ea j\u00e1 \u00e9 propriet\u00e1rio de um im\u00f3vel pronto, seja na Palho\u00e7a, S\u00e3o Jos\u00e9 ou em Floripa, e quer investir, ent\u00e3o a modalidade Garantia Total \u00e9 ideal para voc\u00ea!<\/p>\n\n\n\n<p>Pois, aderindo ao Garantia Total, voc\u00ea recebe o valor do aluguel na data certa e tem a certeza de que todas as taxas ser\u00e3o pagas sempre em dia.<\/p>\n\n\n\n<p><strong>Voc\u00ea sabia que a Brognoli Imobili\u00e1ria tem casas e apartamentos no Kobrasol, Campinas e Barreiros?<\/strong><\/p>\n\n\n\n<p>Assim, colocando o seu im\u00f3vel \u2013 casa, apartamento, cobertura ou sala comercial \u2013 para alugar com a Brognoli, voc\u00ea n\u00e3o se preocupa com mais nada.<\/p>\n\n\n\n<p>Para tal, fazemos a gest\u00e3o de 100% das contas do im\u00f3vel e garantia contra inadimpl\u00eancias das taxas.<\/p>\n\n\n\n<p>\u2013 Aluguel, condom\u00ednio, IPTU, contas de luz e \u00e1gua, conta de g\u00e1s, taxa de lixo e mais;<\/p>\n\n\n\n<p>\u2013 Recebimento do seu dinheiro todo m\u00eas, em dia, sem depender do pagamento do inquilino. Se o locat\u00e1rio n\u00e3o pagar, a Brognoli paga!<\/p>\n\n\n\n<h3 class=\"wp-block-heading\" id=\"h-vantagens-da-contrata-o-da-garantia-total\">\u00b7 &nbsp; &nbsp; &nbsp; &nbsp; <strong>Vantagens da contrata\u00e7\u00e3o da Garantia Total<\/strong><\/h3>\n\n\n\n<p>A Garantia Total nas cidades de Palho\u00e7a, S\u00e3o Jos\u00e9 e Florian\u00f3polis, preserva o seu direito de receber os valores no dia correto.<\/p>\n\n\n\n<p>Inclusive sem depender do locat\u00e1rio, al\u00e9m de outras vantagens exclusivas.<\/p>\n\n\n\n<ul class=\"wp-block-list\"><li>Car\u00eancia de tr\u00eas meses na taxa de administra\u00e7\u00e3o;<\/li><li>An\u00fancio online, de gra\u00e7a e com contrato digital;<\/li><li>Transa\u00e7\u00f5es muito mais r\u00e1pidas e com garantia total;<\/li><li>Recebimento sem depender do pagamento do locat\u00e1rio;<\/li><li>Assessoria jur\u00eddica especializada da Brognoli;<\/li><li>Ag\u00eancias modelo da ilha e do continente para ampliar a sua experi\u00eancia;<\/li><li>An\u00fancio de im\u00f3vel completamente gratuito em plataformas como Brognoli, Useayla, Terraz e mais;<\/li><li>App exclusivo para propriet\u00e1rios para gest\u00e3o dos seus im\u00f3veis.<\/li><\/ul>\n\n\n\n<p>Clique<a href=\"https:\/\/proprietario.brognoli.com.br\/garantia-total\"> <strong>AQUI<\/strong><\/a> para aderir ao Garantia Total sendo universit\u00e1rio que vai comprar um im\u00f3vel.<\/p>\n\n\n\n<p>Se voc\u00ea tem alguma d\u00favida, fale com a<a href=\"https:\/\/atendimento.brognoli.com.br\/\"> <strong>Fabi<\/strong><\/a> ou visite a gente numa de nossas ag\u00eancias no Kobrasol, em S\u00e3o Jos\u00e9, ou na Trindade, em Florian\u00f3polis.<\/p>\n\n\n\n<p>Ent\u00e3o, agora que voc\u00ea j\u00e1 tem muitas inspira\u00e7\u00f5es para a sua \u00e1rea externa, que tal botar em pr\u00e1tica?! E ainda, que tal enviar este artigo para um familiar ou amigo?!<\/p>\n\n\n\n<p>At\u00e9 a pr\u00f3xima.<\/p>\n","protected":false},"excerpt":{"rendered":"<p>Alguns dizem que Decora\u00e7\u00e3o \u00e9 a voz do ambiente, a gente concorda! A disposi\u00e7\u00e3o de objetos em um lugar carrega uma mensagem que \u00e9 passada a todos que o frequentam. [&hellip;]<\/p>\n","protected":false},"author":7,"featured_media":2206266,"comment_status":"closed","ping_status":"closed","sticky":false,"template":"","format":"standard","meta":{"footnotes":""},"categories":[770],"tags":[734,41,94,735,55,241,215],"class_list":["post-2206265","post","type-post","status-publish","format-standard","has-post-thumbnail","hentry","category-dicasdecoracao","tag-area-externa","tag-brognoli-imoveis","tag-brognoli-negocios-imobiliarios","tag-deck-madeira","tag-decoracao","tag-jardim","tag-plantas"],"yoast_head":"<!-- This site is optimized with the Yoast SEO plugin v21.3 - https:\/\/yoast.com\/wordpress\/plugins\/seo\/ -->\n<title>Decora\u00e7\u00e3o da \u00c1rea Externa: Ideias para Se Inspirar - Brognoli<\/title>\n<meta name=\"robots\" content=\"index, follow, max-snippet:-1, max-image-preview:large, max-video-preview:-1\" \/>\n<link rel=\"canonical\" href=\"https:\/\/www.brognoli.com.br\/blog\/decoracao-da-area-externa-ideias-para-se-inspirar\/\" \/>\n<meta property=\"og:locale\" content=\"pt_BR\" \/>\n<meta property=\"og:type\" content=\"article\" \/>\n<meta property=\"og:title\" content=\"Decora\u00e7\u00e3o da \u00c1rea Externa: Ideias para Se Inspirar - Brognoli\" \/>\n<meta property=\"og:description\" content=\"Alguns dizem que Decora\u00e7\u00e3o \u00e9 a voz do ambiente, a gente concorda! A disposi\u00e7\u00e3o de objetos em um lugar carrega uma mensagem que \u00e9 passada a todos que o frequentam. [&hellip;]\" \/>\n<meta property=\"og:url\" content=\"https:\/\/www.brognoli.com.br\/blog\/decoracao-da-area-externa-ideias-para-se-inspirar\/\" \/>\n<meta property=\"og:site_name\" content=\"Brognoli\" \/>\n<meta property=\"article:published_time\" content=\"2022-05-17T15:27:27+00:00\" \/>\n<meta property=\"og:image\" content=\"https:\/\/www.brognoli.com.br\/blog\/wp-content\/uploads\/2022\/10\/beautiful-natural-plant-relax-zone-modern-garden-design_100800-2974.jpg\" \/>\n\t<meta property=\"og:image:width\" content=\"740\" \/>\n\t<meta property=\"og:image:height\" content=\"493\" \/>\n\t<meta property=\"og:image:type\" content=\"image\/jpeg\" \/>\n<meta name=\"author\" content=\"brognoli\" \/>\n<meta name=\"twitter:card\" content=\"summary_large_image\" \/>\n<meta name=\"twitter:label1\" content=\"Escrito por\" \/>\n\t<meta name=\"twitter:data1\" content=\"brognoli\" \/>\n\t<meta name=\"twitter:label2\" content=\"Est. tempo de leitura\" \/>\n\t<meta name=\"twitter:data2\" content=\"7 minutos\" \/>\n<script type=\"application\/ld+json\" class=\"yoast-schema-graph\">{\"@context\":\"https:\/\/schema.org\",\"@graph\":[{\"@type\":\"Article\",\"@id\":\"https:\/\/www.brognoli.com.br\/blog\/decoracao-da-area-externa-ideias-para-se-inspirar\/#article\",\"isPartOf\":{\"@id\":\"https:\/\/www.brognoli.com.br\/blog\/decoracao-da-area-externa-ideias-para-se-inspirar\/\"},\"author\":{\"name\":\"brognoli\",\"@id\":\"https:\/\/www.brognoli.com.br\/blog\/#\/schema\/person\/87771d6b68b99d9d9db50bfcf109f10c\"},\"headline\":\"Decora\u00e7\u00e3o da \u00c1rea Externa: Ideias para Se Inspirar\",\"datePublished\":\"2022-05-17T15:27:27+00:00\",\"dateModified\":\"2022-05-17T15:27:27+00:00\",\"mainEntityOfPage\":{\"@id\":\"https:\/\/www.brognoli.com.br\/blog\/decoracao-da-area-externa-ideias-para-se-inspirar\/\"},\"wordCount\":1436,\"publisher\":{\"@id\":\"https:\/\/www.brognoli.com.br\/blog\/#organization\"},\"keywords\":[\"\u00c1rea externa\",\"Brognoli Im\u00f3veis\",\"Brognoli Neg\u00f3cios Imobili\u00e1rios\",\"deck madeira\",\"decora\u00e7\u00e3o\",\"jardim\",\"plantas\"],\"articleSection\":[\"Decora\u00e7\u00e3o\"],\"inLanguage\":\"pt-BR\"},{\"@type\":\"WebPage\",\"@id\":\"https:\/\/www.brognoli.com.br\/blog\/decoracao-da-area-externa-ideias-para-se-inspirar\/\",\"url\":\"https:\/\/www.brognoli.com.br\/blog\/decoracao-da-area-externa-ideias-para-se-inspirar\/\",\"name\":\"Decora\u00e7\u00e3o da \u00c1rea Externa: Ideias para Se Inspirar - Brognoli\",\"isPartOf\":{\"@id\":\"https:\/\/www.brognoli.com.br\/blog\/#website\"},\"datePublished\":\"2022-05-17T15:27:27+00:00\",\"dateModified\":\"2022-05-17T15:27:27+00:00\",\"breadcrumb\":{\"@id\":\"https:\/\/www.brognoli.com.br\/blog\/decoracao-da-area-externa-ideias-para-se-inspirar\/#breadcrumb\"},\"inLanguage\":\"pt-BR\",\"potentialAction\":[{\"@type\":\"ReadAction\",\"target\":[\"https:\/\/www.brognoli.com.br\/blog\/decoracao-da-area-externa-ideias-para-se-inspirar\/\"]}]},{\"@type\":\"BreadcrumbList\",\"@id\":\"https:\/\/www.brognoli.com.br\/blog\/decoracao-da-area-externa-ideias-para-se-inspirar\/#breadcrumb\",\"itemListElement\":[{\"@type\":\"ListItem\",\"position\":1,\"name\":\"In\u00edcio\",\"item\":\"https:\/\/www.brognoli.com.br\/blog\/\"},{\"@type\":\"ListItem\",\"position\":2,\"name\":\"Decora\u00e7\u00e3o da \u00c1rea Externa: Ideias para Se Inspirar\"}]},{\"@type\":\"WebSite\",\"@id\":\"https:\/\/www.brognoli.com.br\/blog\/#website\",\"url\":\"https:\/\/www.brognoli.com.br\/blog\/\",\"name\":\"Brognoli\",\"description\":\"Brognoli\",\"publisher\":{\"@id\":\"https:\/\/www.brognoli.com.br\/blog\/#organization\"},\"potentialAction\":[{\"@type\":\"SearchAction\",\"target\":{\"@type\":\"EntryPoint\",\"urlTemplate\":\"https:\/\/www.brognoli.com.br\/blog\/?s={search_term_string}\"},\"query-input\":\"required name=search_term_string\"}],\"inLanguage\":\"pt-BR\"},{\"@type\":\"Organization\",\"@id\":\"https:\/\/www.brognoli.com.br\/blog\/#organization\",\"name\":\"Brognoli\",\"url\":\"https:\/\/www.brognoli.com.br\/blog\/\",\"logo\":{\"@type\":\"ImageObject\",\"inLanguage\":\"pt-BR\",\"@id\":\"https:\/\/www.brognoli.com.br\/blog\/#\/schema\/logo\/image\/\",\"url\":\"https:\/\/www.brognoli.com.br\/blog\/wp-content\/uploads\/2024\/10\/cropped-cropped-BRO_LOGO_3@300x.png\",\"contentUrl\":\"https:\/\/www.brognoli.com.br\/blog\/wp-content\/uploads\/2024\/10\/cropped-cropped-BRO_LOGO_3@300x.png\",\"width\":1762,\"height\":605,\"caption\":\"Brognoli\"},\"image\":{\"@id\":\"https:\/\/www.brognoli.com.br\/blog\/#\/schema\/logo\/image\/\"}},{\"@type\":\"Person\",\"@id\":\"https:\/\/www.brognoli.com.br\/blog\/#\/schema\/person\/87771d6b68b99d9d9db50bfcf109f10c\",\"name\":\"brognoli\",\"image\":{\"@type\":\"ImageObject\",\"inLanguage\":\"pt-BR\",\"@id\":\"https:\/\/www.brognoli.com.br\/blog\/#\/schema\/person\/image\/\",\"url\":\"https:\/\/secure.gravatar.com\/avatar\/a7836fc1468501cb19a0ad1df34b5f85abe16dfce609e03bba719de31c58ea48?s=96&d=mm&r=g\",\"contentUrl\":\"https:\/\/secure.gravatar.com\/avatar\/a7836fc1468501cb19a0ad1df34b5f85abe16dfce609e03bba719de31c58ea48?s=96&d=mm&r=g\",\"caption\":\"brognoli\"},\"url\":\"https:\/\/www.brognoli.com.br\/blog\/author\/brognoli\/\"}]}<\/script>\n<!-- \/ Yoast SEO plugin. -->","yoast_head_json":{"title":"Decora\u00e7\u00e3o da \u00c1rea Externa: Ideias para Se Inspirar - Brognoli","robots":{"index":"index","follow":"follow","max-snippet":"max-snippet:-1","max-image-preview":"max-image-preview:large","max-video-preview":"max-video-preview:-1"},"canonical":"https:\/\/www.brognoli.com.br\/blog\/decoracao-da-area-externa-ideias-para-se-inspirar\/","og_locale":"pt_BR","og_type":"article","og_title":"Decora\u00e7\u00e3o da \u00c1rea Externa: Ideias para Se Inspirar - Brognoli","og_description":"Alguns dizem que Decora\u00e7\u00e3o \u00e9 a voz do ambiente, a gente concorda! A disposi\u00e7\u00e3o de objetos em um lugar carrega uma mensagem que \u00e9 passada a todos que o frequentam. [&hellip;]","og_url":"https:\/\/www.brognoli.com.br\/blog\/decoracao-da-area-externa-ideias-para-se-inspirar\/","og_site_name":"Brognoli","article_published_time":"2022-05-17T15:27:27+00:00","og_image":[{"width":740,"height":493,"url":"https:\/\/www.brognoli.com.br\/blog\/wp-content\/uploads\/2022\/10\/beautiful-natural-plant-relax-zone-modern-garden-design_100800-2974.jpg","type":"image\/jpeg"}],"author":"brognoli","twitter_card":"summary_large_image","twitter_misc":{"Escrito por":"brognoli","Est. tempo de leitura":"7 minutos"},"schema":{"@context":"https:\/\/schema.org","@graph":[{"@type":"Article","@id":"https:\/\/www.brognoli.com.br\/blog\/decoracao-da-area-externa-ideias-para-se-inspirar\/#article","isPartOf":{"@id":"https:\/\/www.brognoli.com.br\/blog\/decoracao-da-area-externa-ideias-para-se-inspirar\/"},"author":{"name":"brognoli","@id":"https:\/\/www.brognoli.com.br\/blog\/#\/schema\/person\/87771d6b68b99d9d9db50bfcf109f10c"},"headline":"Decora\u00e7\u00e3o da \u00c1rea Externa: Ideias para Se Inspirar","datePublished":"2022-05-17T15:27:27+00:00","dateModified":"2022-05-17T15:27:27+00:00","mainEntityOfPage":{"@id":"https:\/\/www.brognoli.com.br\/blog\/decoracao-da-area-externa-ideias-para-se-inspirar\/"},"wordCount":1436,"publisher":{"@id":"https:\/\/www.brognoli.com.br\/blog\/#organization"},"keywords":["\u00c1rea externa","Brognoli Im\u00f3veis","Brognoli Neg\u00f3cios Imobili\u00e1rios","deck madeira","decora\u00e7\u00e3o","jardim","plantas"],"articleSection":["Decora\u00e7\u00e3o"],"inLanguage":"pt-BR"},{"@type":"WebPage","@id":"https:\/\/www.brognoli.com.br\/blog\/decoracao-da-area-externa-ideias-para-se-inspirar\/","url":"https:\/\/www.brognoli.com.br\/blog\/decoracao-da-area-externa-ideias-para-se-inspirar\/","name":"Decora\u00e7\u00e3o da \u00c1rea Externa: Ideias para Se Inspirar - Brognoli","isPartOf":{"@id":"https:\/\/www.brognoli.com.br\/blog\/#website"},"datePublished":"2022-05-17T15:27:27+00:00","dateModified":"2022-05-17T15:27:27+00:00","breadcrumb":{"@id":"https:\/\/www.brognoli.com.br\/blog\/decoracao-da-area-externa-ideias-para-se-inspirar\/#breadcrumb"},"inLanguage":"pt-BR","potentialAction":[{"@type":"ReadAction","target":["https:\/\/www.brognoli.com.br\/blog\/decoracao-da-area-externa-ideias-para-se-inspirar\/"]}]},{"@type":"BreadcrumbList","@id":"https:\/\/www.brognoli.com.br\/blog\/decoracao-da-area-externa-ideias-para-se-inspirar\/#breadcrumb","itemListElement":[{"@type":"ListItem","position":1,"name":"In\u00edcio","item":"https:\/\/www.brognoli.com.br\/blog\/"},{"@type":"ListItem","position":2,"name":"Decora\u00e7\u00e3o da \u00c1rea Externa: Ideias para Se Inspirar"}]},{"@type":"WebSite","@id":"https:\/\/www.brognoli.com.br\/blog\/#website","url":"https:\/\/www.brognoli.com.br\/blog\/","name":"Brognoli","description":"Brognoli","publisher":{"@id":"https:\/\/www.brognoli.com.br\/blog\/#organization"},"potentialAction":[{"@type":"SearchAction","target":{"@type":"EntryPoint","urlTemplate":"https:\/\/www.brognoli.com.br\/blog\/?s={search_term_string}"},"query-input":"required name=search_term_string"}],"inLanguage":"pt-BR"},{"@type":"Organization","@id":"https:\/\/www.brognoli.com.br\/blog\/#organization","name":"Brognoli","url":"https:\/\/www.brognoli.com.br\/blog\/","logo":{"@type":"ImageObject","inLanguage":"pt-BR","@id":"https:\/\/www.brognoli.com.br\/blog\/#\/schema\/logo\/image\/","url":"https:\/\/www.brognoli.com.br\/blog\/wp-content\/uploads\/2024\/10\/cropped-cropped-BRO_LOGO_3@300x.png","contentUrl":"https:\/\/www.brognoli.com.br\/blog\/wp-content\/uploads\/2024\/10\/cropped-cropped-BRO_LOGO_3@300x.png","width":1762,"height":605,"caption":"Brognoli"},"image":{"@id":"https:\/\/www.brognoli.com.br\/blog\/#\/schema\/logo\/image\/"}},{"@type":"Person","@id":"https:\/\/www.brognoli.com.br\/blog\/#\/schema\/person\/87771d6b68b99d9d9db50bfcf109f10c","name":"brognoli","image":{"@type":"ImageObject","inLanguage":"pt-BR","@id":"https:\/\/www.brognoli.com.br\/blog\/#\/schema\/person\/image\/","url":"https:\/\/secure.gravatar.com\/avatar\/a7836fc1468501cb19a0ad1df34b5f85abe16dfce609e03bba719de31c58ea48?s=96&d=mm&r=g","contentUrl":"https:\/\/secure.gravatar.com\/avatar\/a7836fc1468501cb19a0ad1df34b5f85abe16dfce609e03bba719de31c58ea48?s=96&d=mm&r=g","caption":"brognoli"},"url":"https:\/\/www.brognoli.com.br\/blog\/author\/brognoli\/"}]}},"_links":{"self":[{"href":"https:\/\/www.brognoli.com.br\/blog\/wp-json\/wp\/v2\/posts\/2206265","targetHints":{"allow":["GET"]}}],"collection":[{"href":"https:\/\/www.brognoli.com.br\/blog\/wp-json\/wp\/v2\/posts"}],"about":[{"href":"https:\/\/www.brognoli.com.br\/blog\/wp-json\/wp\/v2\/types\/post"}],"author":[{"embeddable":true,"href":"https:\/\/www.brognoli.com.br\/blog\/wp-json\/wp\/v2\/users\/7"}],"replies":[{"embeddable":true,"href":"https:\/\/www.brognoli.com.br\/blog\/wp-json\/wp\/v2\/comments?post=2206265"}],"version-history":[{"count":0,"href":"https:\/\/www.brognoli.com.br\/blog\/wp-json\/wp\/v2\/posts\/2206265\/revisions"}],"wp:featuredmedia":[{"embeddable":true,"href":"https:\/\/www.brognoli.com.br\/blog\/wp-json\/wp\/v2\/media\/2206266"}],"wp:attachment":[{"href":"https:\/\/www.brognoli.com.br\/blog\/wp-json\/wp\/v2\/media?parent=2206265"}],"wp:term":[{"taxonomy":"category","embeddable":true,"href":"https:\/\/www.brognoli.com.br\/blog\/wp-json\/wp\/v2\/categories?post=2206265"},{"taxonomy":"post_tag","embeddable":true,"href":"https:\/\/www.brognoli.com.br\/blog\/wp-json\/wp\/v2\/tags?post=2206265"}],"curies":[{"name":"wp","href":"https:\/\/api.w.org\/{rel}","templated":true}]}}