{"id":2206287,"date":"2022-06-27T14:38:33","date_gmt":"2022-06-27T17:38:33","guid":{"rendered":"https:\/\/api-portal.brognoli.com.br\/inquilino-aluguel-atrasado\/"},"modified":"2022-06-27T14:38:33","modified_gmt":"2022-06-27T17:38:33","slug":"inquilino-aluguel-atrasado","status":"publish","type":"post","link":"https:\/\/www.brognoli.com.br\/blog\/inquilino-aluguel-atrasado\/","title":{"rendered":"Atraso no aluguel: o que fazer?"},"content":{"rendered":"\n<p>Um dos problemas comumente enfrentados pelo setor imobili\u00e1rio \u00e9 sem d\u00favidas o atraso nos alugu\u00e9is.<\/p>\n\n\n\n<p>Ter que lidar com essa quest\u00e3o \u00e9 complicado, principalmente para o locador, que espera esse dinheiro como complemento de renda ou at\u00e9 para sustento pr\u00f3prio.<\/p>\n\n\n\n<p>Continue lendo esse artigo e saiba o que deve ser feito em casos do n\u00e3o pagamento por parte do inquilino, quais s\u00e3o as recomenda\u00e7\u00f5es e fique ligado!<\/p>\n\n\n\n<h2 class=\"wp-block-heading\" id=\"h-inquilino-com-aluguel-atrasado-o-que-fazer\">Inquilino com aluguel atrasado: o que fazer?<\/h2>\n\n\n\n<p>S\u00e3o v\u00e1rios os motivos que podem levar com que o inquilino n\u00e3o consiga realizar o pagamento do aluguel, por\u00e9m, de qualquer maneira, o locador est\u00e1 contando com isso e precisa receber o mesmo.<\/p>\n\n\n\n<p>Algumas das raz\u00f5es mais comuns, s\u00e3o:<\/p>\n\n\n\n<h3 class=\"wp-block-heading\" id=\"h-problemas-financeiros\">Problemas financeiros<\/h3>\n\n\n\n<p>Talvez a principal causa, a falta de dinheiro costuma ser o maior motivo para a falta de pagamento.<\/p>\n\n\n\n<p>Nesse caso em espec\u00edfico, \u00e9 poss\u00edvel realizar negocia\u00e7\u00f5es, seja por meio de parcelas mais leves ou mais espa\u00e7adas.<\/p>\n\n\n\n<h3 class=\"wp-block-heading\" id=\"h-falta-de-aten-o\">Falta de aten\u00e7\u00e3o<\/h3>\n\n\n\n<p>Muitas pessoas simplesmente se esquecem do pagamento do aluguel, sendo assim, pode ser uma ideia interessante que o locador envie lembretes antes do vencimento.<\/p>\n\n\n\n<p>Assim, ambos se ajudam e evitam problemas mais graves no futuro.<\/p>\n\n\n\n<h3 class=\"wp-block-heading\" id=\"h-infelicidade-da-rela-o-locador-e-locat-rio\">Infelicidade da rela\u00e7\u00e3o locador e locat\u00e1rio<\/h3>\n\n\n\n<p>Muitas vezes o locador pode estar usando da \u201cfalta de pagamento\u201d como uma maneira de conseguir aten\u00e7\u00e3o para algo maior, seja uma reforma precisa, um descontentamento com o condom\u00ednio e tantas outras possibilidades.<\/p>\n\n\n\n<p>Nesse caso, recomenda-se que debates peri\u00f3dicos sejam feitos entre ambas as partes, avaliando poss\u00edveis melhorias e acordos.<\/p>\n\n\n\n<h2 class=\"wp-block-heading\" id=\"h-como-cobrar-aluguel-atrasado\">Como cobrar aluguel atrasado?<\/h2>\n\n\n\n<p>Existem algumas maneiras recomendadas para que o dono do im\u00f3vel possa realizar a cobran\u00e7a do aluguel. Veja algumas delas abaixo:<\/p>\n\n\n\n<h3 class=\"wp-block-heading\" id=\"h-entre-em-contato-com-o-locat-rio\">Entre em contato com o locat\u00e1rio<\/h3>\n\n\n\n<p>Por mais simples que pare\u00e7a, muitas vezes uma simples conversa educada e r\u00e1pida pode solucionar a quest\u00e3o.<\/p>\n\n\n\n<p>Tente debater sobre qual o motivo do n\u00e3o pagamento, crie poss\u00edveis solu\u00e7\u00f5es ou negocia\u00e7\u00f5es para que seja feito.<\/p>\n\n\n\n<p>Caso essa ideia n\u00e3o surta nenhum resultado, vale a pena tentar contato novamente.<\/p>\n\n\n\n<h3 class=\"wp-block-heading\" id=\"h-notifica-o-extrajudicial\">Notifica\u00e7\u00e3o extrajudicial<\/h3>\n\n\n\n<p>Em casos mais extremos, vale a pena tirar eventuais d\u00favidas com o seu advogado de confian\u00e7a e assim, elaborar uma notifica\u00e7\u00e3o extrajudicial.<\/p>\n\n\n\n<p>Assim, o profissional far\u00e1 o registro desse documento em cart\u00f3rio, depois disso, deve-se informar o locat\u00e1rio de forma oficial sobre essa d\u00edvida.&nbsp;<\/p>\n\n\n\n<h3 class=\"wp-block-heading\" id=\"h-protesto-ao-devedor\">Protesto ao devedor<\/h3>\n\n\n\n<p>Se o inadimplente n\u00e3o realizar o pagamento da d\u00edvida depois de receber a notifica\u00e7\u00e3o, \u00e9 o momento de falar com seu advogado mais uma vez.<\/p>\n\n\n\n<p>O inquilino tem o tempo de tr\u00eas dias para efetuar o pagamento ap\u00f3s receber a notifica\u00e7\u00e3o, caso contr\u00e1rio, seu nome estar\u00e1 ativo nos \u00f3rg\u00e3os de prote\u00e7\u00e3o ao cr\u00e9dito como o SERASA ou SPC.<\/p>\n\n\n\n<h3 class=\"wp-block-heading\" id=\"h-execu-o-judicial-do-d-bito\">Execu\u00e7\u00e3o judicial do d\u00e9bito<\/h3>\n\n\n\n<p>Por fim, cabe ao advogado iniciar todo o processo para a cobran\u00e7a do d\u00e9bito diretamente do inquilino.<\/p>\n\n\n\n<h2 class=\"wp-block-heading\" id=\"h-o-que-acontece-quando-n-o-h-o-pagamento-do-aluguel\">O que acontece quando n\u00e3o h\u00e1 o pagamento do aluguel?<\/h2>\n\n\n\n<p>A lei possui v\u00e1rias a\u00e7\u00f5es que s\u00e3o adotadas depois que o pagamento n\u00e3o foi pago mesmo com o nome do inquilino sujo.&nbsp;<\/p>\n\n\n\n<p>Nesse caso:<\/p>\n\n\n\n<h3 class=\"wp-block-heading\" id=\"h-penhora-do-sal-rio\">Penhora do sal\u00e1rio<\/h3>\n\n\n\n<p>Conforme determina\u00e7\u00e3o do STF, o locat\u00e1rio que n\u00e3o realizar o pagamento do aluguel pode ter at\u00e9 10% de seu sal\u00e1rio penhorado &#8211; nesse caso s\u00f3 \u00e9 aplicado aos que foram cobrados e n\u00e3o tiveram nenhum retorno;<\/p>\n\n\n\n<h3 class=\"wp-block-heading\" id=\"h-a-o-de-despejo\">A\u00e7\u00e3o de despejo<\/h3>\n\n\n\n<p>Caso o propriet\u00e1rio n\u00e3o deseje mais alugar o im\u00f3vel para o indiv\u00edduo, h\u00e1 a possibilidade de solicitar a rescis\u00e3o do contrato, entrando assim com uma a\u00e7\u00e3o espec\u00edfica de pagamento da quantia atrasada.<\/p>\n\n\n\n<p>O inquilino recebe o im\u00f3vel de volta, al\u00e9m dos valores atrasados com corre\u00e7\u00f5es.<\/p>\n\n\n\n<p>Mas, \u00e9 poss\u00edvel que o inquilino evite a a\u00e7\u00e3o de despejo ao realizar o pagamento dos valores atrasados em at\u00e9 15 dias ap\u00f3s a cita\u00e7\u00e3o judicial.<\/p>\n\n\n\n<p>O pedido de despejo deve acontecer em at\u00e9 60 dias depois do atraso de pagamento, por\u00e9m, o dono do im\u00f3vel pode entrar com a a\u00e7\u00e3o no dia posterior da falta de pagamento.<\/p>\n\n\n\n<h3 class=\"wp-block-heading\" id=\"h-liminar-para-o-despejo\">Liminar para o despejo<\/h3>\n\n\n\n<p>O propriet\u00e1rio possui a possibilidade de conseguir uma liminar para retirar o inquilino do im\u00f3vel, mas, alguns requisitos precisam ser atendidos, como:<\/p>\n\n\n\n<ul class=\"wp-block-list\"><li>N\u00e3o ter no contrato de loca\u00e7\u00e3o nenhum tipo de garantia como: seguro fian\u00e7a, cau\u00e7\u00e3o, fiador e outras possibilidades;<\/li><li>Falta de pagamento de aluguel e acess\u00f3rios como a conta de consumo, condom\u00ednio e outros;<\/li><li>\u00c9 preciso que seja prestado o cau\u00e7\u00e3o pelo locador no valor que equivale a 3 meses de aluguel.<\/li><\/ul>\n\n\n\n<p>Assim, tamb\u00e9m existe a possibilidade do inquilino evitar a sa\u00edda do im\u00f3vel ao efetuar o pagamento judicial do total devido, desde que seja no prazo de 15 dias da desocupa\u00e7\u00e3o.<\/p>\n\n\n\n<h2 class=\"wp-block-heading\" id=\"h-lei-do-inquilinato-o-que-fazer\">Lei do inquilinato: o que fazer?<\/h2>\n\n\n\n<p>Conforme a lei do inquilinato, existem algumas a\u00e7\u00f5es que podem ser executadas quando n\u00e3o h\u00e1 mais solu\u00e7\u00f5es para a quest\u00e3o do aluguel atrasado.<\/p>\n\n\n\n<p>Uma das mais famosas est\u00e1 localizada no artigo 9, onde t\u00eam-se a abordagem de quando o aluguel pode ser desfeito, incluindo a falta de pagamento.<\/p>\n\n\n\n<p>Enquanto isso, o artigo 59 aborda a possibilidade do dono de solicitar que o im\u00f3vel seja desocupado em 15 dias quando n\u00e3o h\u00e1 a quita\u00e7\u00e3o do aluguel.<\/p>\n\n\n\n<p>Mas, \u00e9 claro que existem outros meios al\u00e9m do despejo: o propriet\u00e1rio pode aplicar uma multa, onde deve ser paga al\u00e9m da quantia devedora do aluguel.<\/p>\n\n\n\n<p>Nesse caso, cabe ao locador definir qual ser\u00e1 o valor da multa aplicada.<\/p>\n\n\n\n<p>Al\u00e9m disso, h\u00e1 a possibilidade de utilizar a garantia do contrato, onde t\u00eam-se informa\u00e7\u00f5es mais completas sobre o que deve ser executado e instru\u00e7\u00f5es.<\/p>\n\n\n\n<h2 class=\"wp-block-heading\" id=\"h-perguntas-frequentes-saiba-mais\">Perguntas frequentes: saiba mais!<\/h2>\n\n\n\n<h3 class=\"wp-block-heading\" id=\"h-quanto-tempo-um-inquilino-pode-atrasar-o-aluguel\">Quanto tempo um inquilino pode atrasar o aluguel?<\/h3>\n\n\n\n<p>Conforme a lei do inquilinato, o locat\u00e1rio que n\u00e3o realizar o pagamento em at\u00e9 15 dias pode ser convocado a sair do local.<\/p>\n\n\n\n<h3 class=\"wp-block-heading\" id=\"h-quantas-vezes-o-inquilino-pode-atrasar-o-aluguel\">Quantas vezes o inquilino pode atrasar o aluguel?<\/h3>\n\n\n\n<p>N\u00e3o h\u00e1 bem ao certo um limite de vezes em que o inquilino pode atrasar o aluguel.<\/p>\n\n\n\n<h3 class=\"wp-block-heading\" id=\"h-o-que-fazer-quando-o-inquilino-n-o-paga-o-aluguel-e-n-o-entrega-as-chaves\">O que fazer quando o inquilino n\u00e3o paga o aluguel e n\u00e3o entrega as chaves?<\/h3>\n\n\n\n<p>Nesse caso, \u00e9 recomendado procurar um advogado para que o caso seja resolvido por via judicial.<\/p>\n\n\n\n<h2 class=\"wp-block-heading\" id=\"h-garantia-total-brognoli-como-funciona\">Garantia Total Brognoli: Como funciona?<\/h2>\n\n\n\n<p>Voc\u00ea sabia que por meio da Garantia Total Brognoli tem-se total seguran\u00e7a em casos em que o inquilino n\u00e3o realizar o pagamento do aluguel e de demais taxas?<\/p>\n\n\n\n<p>Para isso, basta entrar em contato com um de nossos especialistas e verificar como funciona o processo de contrata\u00e7\u00e3o, que \u00e9 mais f\u00e1cil e simples do que voc\u00ea imagina.<\/p>\n\n\n\n<p><a href=\"https:\/\/proprietario.brognoli.com.br\/garantia-total\/\">Clique aqui<\/a> e confira informa\u00e7\u00f5es completas sobre esse servi\u00e7o, quais s\u00e3o os custos cobertos e n\u00e3o perca tempo para realizar a contrata\u00e7\u00e3o do seu!<\/p>\n","protected":false},"excerpt":{"rendered":"<p>Um dos problemas comumente enfrentados pelo setor imobili\u00e1rio \u00e9 sem d\u00favidas o atraso nos alugu\u00e9is. Ter que lidar com essa quest\u00e3o \u00e9 complicado, principalmente para o locador, que espera esse [&hellip;]<\/p>\n","protected":false},"author":7,"featured_media":2206288,"comment_status":"closed","ping_status":"closed","sticky":false,"template":"","format":"standard","meta":{"footnotes":""},"categories":[57],"tags":[28,151,29,682,41,32,33],"class_list":["post-2206287","post","type-post","status-publish","format-standard","has-post-thumbnail","hentry","category-dicas","tag-alugar","tag-aluguel","tag-apartamento","tag-atraso-no-aluguel","tag-brognoli-imoveis","tag-imoveis","tag-imovel"],"yoast_head":"<!-- This site is optimized with the Yoast SEO plugin v21.3 - https:\/\/yoast.com\/wordpress\/plugins\/seo\/ -->\n<title>Atraso no aluguel: o que fazer? - Brognoli<\/title>\n<meta name=\"robots\" content=\"index, follow, max-snippet:-1, max-image-preview:large, max-video-preview:-1\" \/>\n<link rel=\"canonical\" href=\"https:\/\/www.brognoli.com.br\/blog\/inquilino-aluguel-atrasado\/\" \/>\n<meta property=\"og:locale\" content=\"pt_BR\" \/>\n<meta property=\"og:type\" content=\"article\" \/>\n<meta property=\"og:title\" content=\"Atraso no aluguel: o que fazer? - Brognoli\" \/>\n<meta property=\"og:description\" content=\"Um dos problemas comumente enfrentados pelo setor imobili\u00e1rio \u00e9 sem d\u00favidas o atraso nos alugu\u00e9is. Ter que lidar com essa quest\u00e3o \u00e9 complicado, principalmente para o locador, que espera esse [&hellip;]\" \/>\n<meta property=\"og:url\" content=\"https:\/\/www.brognoli.com.br\/blog\/inquilino-aluguel-atrasado\/\" \/>\n<meta property=\"og:site_name\" content=\"Brognoli\" \/>\n<meta property=\"article:published_time\" content=\"2022-06-27T17:38:33+00:00\" \/>\n<meta property=\"og:image\" content=\"https:\/\/www.brognoli.com.br\/blog\/wp-content\/uploads\/2022\/10\/horizontal-astonished-man-looking-wrist-watch-touching-his-head-being-late-posing-isolated-gray-scaled-1.jpg\" \/>\n\t<meta property=\"og:image:width\" content=\"2560\" \/>\n\t<meta property=\"og:image:height\" content=\"1707\" \/>\n\t<meta property=\"og:image:type\" content=\"image\/jpeg\" \/>\n<meta name=\"author\" content=\"brognoli\" \/>\n<meta name=\"twitter:card\" content=\"summary_large_image\" \/>\n<meta name=\"twitter:label1\" content=\"Escrito por\" \/>\n\t<meta name=\"twitter:data1\" content=\"brognoli\" \/>\n\t<meta name=\"twitter:label2\" content=\"Est. tempo de leitura\" \/>\n\t<meta name=\"twitter:data2\" content=\"6 minutos\" \/>\n<script type=\"application\/ld+json\" class=\"yoast-schema-graph\">{\"@context\":\"https:\/\/schema.org\",\"@graph\":[{\"@type\":\"Article\",\"@id\":\"https:\/\/www.brognoli.com.br\/blog\/inquilino-aluguel-atrasado\/#article\",\"isPartOf\":{\"@id\":\"https:\/\/www.brognoli.com.br\/blog\/inquilino-aluguel-atrasado\/\"},\"author\":{\"name\":\"brognoli\",\"@id\":\"https:\/\/www.brognoli.com.br\/blog\/#\/schema\/person\/87771d6b68b99d9d9db50bfcf109f10c\"},\"headline\":\"Atraso no aluguel: o que fazer?\",\"datePublished\":\"2022-06-27T17:38:33+00:00\",\"dateModified\":\"2022-06-27T17:38:33+00:00\",\"mainEntityOfPage\":{\"@id\":\"https:\/\/www.brognoli.com.br\/blog\/inquilino-aluguel-atrasado\/\"},\"wordCount\":1175,\"publisher\":{\"@id\":\"https:\/\/www.brognoli.com.br\/blog\/#organization\"},\"keywords\":[\"Alugar\",\"Aluguel\",\"apartamento\",\"Atraso no aluguel\",\"Brognoli Im\u00f3veis\",\"im\u00f3veis\",\"im\u00f3vel\"],\"articleSection\":[\"Dicas\"],\"inLanguage\":\"pt-BR\"},{\"@type\":\"WebPage\",\"@id\":\"https:\/\/www.brognoli.com.br\/blog\/inquilino-aluguel-atrasado\/\",\"url\":\"https:\/\/www.brognoli.com.br\/blog\/inquilino-aluguel-atrasado\/\",\"name\":\"Atraso no aluguel: o que fazer? - Brognoli\",\"isPartOf\":{\"@id\":\"https:\/\/www.brognoli.com.br\/blog\/#website\"},\"datePublished\":\"2022-06-27T17:38:33+00:00\",\"dateModified\":\"2022-06-27T17:38:33+00:00\",\"breadcrumb\":{\"@id\":\"https:\/\/www.brognoli.com.br\/blog\/inquilino-aluguel-atrasado\/#breadcrumb\"},\"inLanguage\":\"pt-BR\",\"potentialAction\":[{\"@type\":\"ReadAction\",\"target\":[\"https:\/\/www.brognoli.com.br\/blog\/inquilino-aluguel-atrasado\/\"]}]},{\"@type\":\"BreadcrumbList\",\"@id\":\"https:\/\/www.brognoli.com.br\/blog\/inquilino-aluguel-atrasado\/#breadcrumb\",\"itemListElement\":[{\"@type\":\"ListItem\",\"position\":1,\"name\":\"In\u00edcio\",\"item\":\"https:\/\/www.brognoli.com.br\/blog\/\"},{\"@type\":\"ListItem\",\"position\":2,\"name\":\"Atraso no aluguel: o que fazer?\"}]},{\"@type\":\"WebSite\",\"@id\":\"https:\/\/www.brognoli.com.br\/blog\/#website\",\"url\":\"https:\/\/www.brognoli.com.br\/blog\/\",\"name\":\"Brognoli\",\"description\":\"Brognoli\",\"publisher\":{\"@id\":\"https:\/\/www.brognoli.com.br\/blog\/#organization\"},\"potentialAction\":[{\"@type\":\"SearchAction\",\"target\":{\"@type\":\"EntryPoint\",\"urlTemplate\":\"https:\/\/www.brognoli.com.br\/blog\/?s={search_term_string}\"},\"query-input\":\"required name=search_term_string\"}],\"inLanguage\":\"pt-BR\"},{\"@type\":\"Organization\",\"@id\":\"https:\/\/www.brognoli.com.br\/blog\/#organization\",\"name\":\"Brognoli\",\"url\":\"https:\/\/www.brognoli.com.br\/blog\/\",\"logo\":{\"@type\":\"ImageObject\",\"inLanguage\":\"pt-BR\",\"@id\":\"https:\/\/www.brognoli.com.br\/blog\/#\/schema\/logo\/image\/\",\"url\":\"https:\/\/www.brognoli.com.br\/blog\/wp-content\/uploads\/2024\/10\/cropped-cropped-BRO_LOGO_3@300x.png\",\"contentUrl\":\"https:\/\/www.brognoli.com.br\/blog\/wp-content\/uploads\/2024\/10\/cropped-cropped-BRO_LOGO_3@300x.png\",\"width\":1762,\"height\":605,\"caption\":\"Brognoli\"},\"image\":{\"@id\":\"https:\/\/www.brognoli.com.br\/blog\/#\/schema\/logo\/image\/\"}},{\"@type\":\"Person\",\"@id\":\"https:\/\/www.brognoli.com.br\/blog\/#\/schema\/person\/87771d6b68b99d9d9db50bfcf109f10c\",\"name\":\"brognoli\",\"image\":{\"@type\":\"ImageObject\",\"inLanguage\":\"pt-BR\",\"@id\":\"https:\/\/www.brognoli.com.br\/blog\/#\/schema\/person\/image\/\",\"url\":\"https:\/\/secure.gravatar.com\/avatar\/a7836fc1468501cb19a0ad1df34b5f85abe16dfce609e03bba719de31c58ea48?s=96&d=mm&r=g\",\"contentUrl\":\"https:\/\/secure.gravatar.com\/avatar\/a7836fc1468501cb19a0ad1df34b5f85abe16dfce609e03bba719de31c58ea48?s=96&d=mm&r=g\",\"caption\":\"brognoli\"},\"url\":\"https:\/\/www.brognoli.com.br\/blog\/author\/brognoli\/\"}]}<\/script>\n<!-- \/ Yoast SEO plugin. -->","yoast_head_json":{"title":"Atraso no aluguel: o que fazer? - Brognoli","robots":{"index":"index","follow":"follow","max-snippet":"max-snippet:-1","max-image-preview":"max-image-preview:large","max-video-preview":"max-video-preview:-1"},"canonical":"https:\/\/www.brognoli.com.br\/blog\/inquilino-aluguel-atrasado\/","og_locale":"pt_BR","og_type":"article","og_title":"Atraso no aluguel: o que fazer? - Brognoli","og_description":"Um dos problemas comumente enfrentados pelo setor imobili\u00e1rio \u00e9 sem d\u00favidas o atraso nos alugu\u00e9is. Ter que lidar com essa quest\u00e3o \u00e9 complicado, principalmente para o locador, que espera esse [&hellip;]","og_url":"https:\/\/www.brognoli.com.br\/blog\/inquilino-aluguel-atrasado\/","og_site_name":"Brognoli","article_published_time":"2022-06-27T17:38:33+00:00","og_image":[{"width":2560,"height":1707,"url":"https:\/\/www.brognoli.com.br\/blog\/wp-content\/uploads\/2022\/10\/horizontal-astonished-man-looking-wrist-watch-touching-his-head-being-late-posing-isolated-gray-scaled-1.jpg","type":"image\/jpeg"}],"author":"brognoli","twitter_card":"summary_large_image","twitter_misc":{"Escrito por":"brognoli","Est. tempo de leitura":"6 minutos"},"schema":{"@context":"https:\/\/schema.org","@graph":[{"@type":"Article","@id":"https:\/\/www.brognoli.com.br\/blog\/inquilino-aluguel-atrasado\/#article","isPartOf":{"@id":"https:\/\/www.brognoli.com.br\/blog\/inquilino-aluguel-atrasado\/"},"author":{"name":"brognoli","@id":"https:\/\/www.brognoli.com.br\/blog\/#\/schema\/person\/87771d6b68b99d9d9db50bfcf109f10c"},"headline":"Atraso no aluguel: o que fazer?","datePublished":"2022-06-27T17:38:33+00:00","dateModified":"2022-06-27T17:38:33+00:00","mainEntityOfPage":{"@id":"https:\/\/www.brognoli.com.br\/blog\/inquilino-aluguel-atrasado\/"},"wordCount":1175,"publisher":{"@id":"https:\/\/www.brognoli.com.br\/blog\/#organization"},"keywords":["Alugar","Aluguel","apartamento","Atraso no aluguel","Brognoli Im\u00f3veis","im\u00f3veis","im\u00f3vel"],"articleSection":["Dicas"],"inLanguage":"pt-BR"},{"@type":"WebPage","@id":"https:\/\/www.brognoli.com.br\/blog\/inquilino-aluguel-atrasado\/","url":"https:\/\/www.brognoli.com.br\/blog\/inquilino-aluguel-atrasado\/","name":"Atraso no aluguel: o que fazer? - Brognoli","isPartOf":{"@id":"https:\/\/www.brognoli.com.br\/blog\/#website"},"datePublished":"2022-06-27T17:38:33+00:00","dateModified":"2022-06-27T17:38:33+00:00","breadcrumb":{"@id":"https:\/\/www.brognoli.com.br\/blog\/inquilino-aluguel-atrasado\/#breadcrumb"},"inLanguage":"pt-BR","potentialAction":[{"@type":"ReadAction","target":["https:\/\/www.brognoli.com.br\/blog\/inquilino-aluguel-atrasado\/"]}]},{"@type":"BreadcrumbList","@id":"https:\/\/www.brognoli.com.br\/blog\/inquilino-aluguel-atrasado\/#breadcrumb","itemListElement":[{"@type":"ListItem","position":1,"name":"In\u00edcio","item":"https:\/\/www.brognoli.com.br\/blog\/"},{"@type":"ListItem","position":2,"name":"Atraso no aluguel: o que fazer?"}]},{"@type":"WebSite","@id":"https:\/\/www.brognoli.com.br\/blog\/#website","url":"https:\/\/www.brognoli.com.br\/blog\/","name":"Brognoli","description":"Brognoli","publisher":{"@id":"https:\/\/www.brognoli.com.br\/blog\/#organization"},"potentialAction":[{"@type":"SearchAction","target":{"@type":"EntryPoint","urlTemplate":"https:\/\/www.brognoli.com.br\/blog\/?s={search_term_string}"},"query-input":"required name=search_term_string"}],"inLanguage":"pt-BR"},{"@type":"Organization","@id":"https:\/\/www.brognoli.com.br\/blog\/#organization","name":"Brognoli","url":"https:\/\/www.brognoli.com.br\/blog\/","logo":{"@type":"ImageObject","inLanguage":"pt-BR","@id":"https:\/\/www.brognoli.com.br\/blog\/#\/schema\/logo\/image\/","url":"https:\/\/www.brognoli.com.br\/blog\/wp-content\/uploads\/2024\/10\/cropped-cropped-BRO_LOGO_3@300x.png","contentUrl":"https:\/\/www.brognoli.com.br\/blog\/wp-content\/uploads\/2024\/10\/cropped-cropped-BRO_LOGO_3@300x.png","width":1762,"height":605,"caption":"Brognoli"},"image":{"@id":"https:\/\/www.brognoli.com.br\/blog\/#\/schema\/logo\/image\/"}},{"@type":"Person","@id":"https:\/\/www.brognoli.com.br\/blog\/#\/schema\/person\/87771d6b68b99d9d9db50bfcf109f10c","name":"brognoli","image":{"@type":"ImageObject","inLanguage":"pt-BR","@id":"https:\/\/www.brognoli.com.br\/blog\/#\/schema\/person\/image\/","url":"https:\/\/secure.gravatar.com\/avatar\/a7836fc1468501cb19a0ad1df34b5f85abe16dfce609e03bba719de31c58ea48?s=96&d=mm&r=g","contentUrl":"https:\/\/secure.gravatar.com\/avatar\/a7836fc1468501cb19a0ad1df34b5f85abe16dfce609e03bba719de31c58ea48?s=96&d=mm&r=g","caption":"brognoli"},"url":"https:\/\/www.brognoli.com.br\/blog\/author\/brognoli\/"}]}},"_links":{"self":[{"href":"https:\/\/www.brognoli.com.br\/blog\/wp-json\/wp\/v2\/posts\/2206287","targetHints":{"allow":["GET"]}}],"collection":[{"href":"https:\/\/www.brognoli.com.br\/blog\/wp-json\/wp\/v2\/posts"}],"about":[{"href":"https:\/\/www.brognoli.com.br\/blog\/wp-json\/wp\/v2\/types\/post"}],"author":[{"embeddable":true,"href":"https:\/\/www.brognoli.com.br\/blog\/wp-json\/wp\/v2\/users\/7"}],"replies":[{"embeddable":true,"href":"https:\/\/www.brognoli.com.br\/blog\/wp-json\/wp\/v2\/comments?post=2206287"}],"version-history":[{"count":0,"href":"https:\/\/www.brognoli.com.br\/blog\/wp-json\/wp\/v2\/posts\/2206287\/revisions"}],"wp:featuredmedia":[{"embeddable":true,"href":"https:\/\/www.brognoli.com.br\/blog\/wp-json\/wp\/v2\/media\/2206288"}],"wp:attachment":[{"href":"https:\/\/www.brognoli.com.br\/blog\/wp-json\/wp\/v2\/media?parent=2206287"}],"wp:term":[{"taxonomy":"category","embeddable":true,"href":"https:\/\/www.brognoli.com.br\/blog\/wp-json\/wp\/v2\/categories?post=2206287"},{"taxonomy":"post_tag","embeddable":true,"href":"https:\/\/www.brognoli.com.br\/blog\/wp-json\/wp\/v2\/tags?post=2206287"}],"curies":[{"name":"wp","href":"https:\/\/api.w.org\/{rel}","templated":true}]}}