{"id":2206456,"date":"2022-09-05T14:13:24","date_gmt":"2022-09-05T17:13:24","guid":{"rendered":"https:\/\/api-portal.brognoli.com.br\/dicas-de-decoracao-corporativa-escritorio\/"},"modified":"2022-09-05T14:13:24","modified_gmt":"2022-09-05T17:13:24","slug":"dicas-de-decoracao-corporativa-escritorio","status":"publish","type":"post","link":"https:\/\/www.brognoli.com.br\/blog\/dicas-de-decoracao-corporativa-escritorio\/","title":{"rendered":"Decora\u00e7\u00e3o corporativa: dicas para inovar o espa\u00e7o!"},"content":{"rendered":"\n<p>Um dos momentos mais aguardados \u00e9 a hora de come\u00e7ar a decora\u00e7\u00e3o de um local, principalmente pela possibilidade de deixar a criatividade aflorar e enfeitar o local com a personalidade individual.<\/p>\n\n\n\n<p>Mas, pode ser que algumas d\u00favidas surjam quando a quest\u00e3o \u00e9 a decora\u00e7\u00e3o corporativa, afinal, \u00e9 exigido mais seriedade e impon\u00eancia.<\/p>\n\n\n\n<p>Confira abaixo mais dicas de como \u201cenfeitar\u201d esse espa\u00e7o, quais s\u00e3o os cuidados necess\u00e1rios, dicas para inovar e muito mais!<\/p>\n\n\n\n<h2 class=\"wp-block-heading\" id=\"h-decora-o-corporativa-dicas\">Decora\u00e7\u00e3o corporativa: dicas!<\/h2>\n\n\n\n<h3 class=\"wp-block-heading\" id=\"h-1-aproveite-a-ilumina-o-local\">1 &#8211; Aproveite a ilumina\u00e7\u00e3o local<\/h3>\n\n\n\n<p>Antes de come\u00e7ar a inserir m\u00f3veis, pintar paredes ou tantas outras a\u00e7\u00f5es, \u00e9 primordial observar e aproveitar a ilumina\u00e7\u00e3o local do espa\u00e7o.<\/p>\n\n\n\n<p>Assim, al\u00e9m de economizar com luz artificial, \u00e9 poss\u00edvel selecionar m\u00f3veis espec\u00edficos para a localidade, inserir uma mob\u00edlia condizente e muito mais.<\/p>\n\n\n\n<p>Por isso, tenha aten\u00e7\u00e3o:<\/p>\n\n\n\n<ul class=\"wp-block-list\"><li>Janelas de grande porte;<\/li><li>Espa\u00e7os feitos de vidro;<\/li><li>Portas que tenham bastante luminosidade.<\/li><\/ul>\n\n\n\n<p>E esteja sempre atento aos detalhes! Muitos deles podem passar despercebidos, mas, que fazem totalmente a diferen\u00e7a na hora de decorar o local.<\/p>\n\n\n\n<h3 class=\"wp-block-heading\" id=\"h-2-aposte-em-espa-os-unificados\">2 &#8211; Aposte em espa\u00e7os unificados<\/h3>\n\n\n\n<p>Outra grande tend\u00eancia que tem ganhado cada vez mais espa\u00e7o na decora\u00e7\u00e3o empresarial s\u00e3o os c\u00f4modos unificados.<\/p>\n\n\n\n<p>Que tal derrubar as paredes daquele espa\u00e7o e fazer uma grande sala conjunta? Assim, voc\u00ea promove a integra\u00e7\u00e3o entre todos os funcion\u00e1rios, principalmente quando h\u00e1 a necessidade de trabalho em equipe.<\/p>\n\n\n\n<p>A principal aposta \u00e9 investir em esta\u00e7\u00f5es de trabalho, acomodando v\u00e1rias pessoas ao mesmo tempo de maneira muito confort\u00e1vel.<\/p>\n\n\n\n<p>No caso da necessidade de privacidade, fazer divis\u00f3rias com vidro \u00e9 outra ideia interessante, isolando cantinhos estrat\u00e9gicos sem perder a tem\u00e1tica inicial.<\/p>\n\n\n\n<h3 class=\"wp-block-heading\" id=\"h-3-n-o-esque-a-das-plantas\">3 &#8211; N\u00e3o esque\u00e7a das plantas!<\/h3>\n\n\n\n<p>Independente de qual \u00e9 o estilo do seu neg\u00f3cio, as plantas s\u00e3o \u00f3timas ideias para inserir no espa\u00e7o empresarial, proporcionando um espa\u00e7o mais leve e descontra\u00eddo.<\/p>\n\n\n\n<p>Com suas cores, texturas e at\u00e9 mesmo cheiro, podem trazer um toque de natureza para o c\u00f4modo, \u00f3timo para relaxar e proporcionar pontos estrat\u00e9gicos de descanso.<\/p>\n\n\n\n<p>Mas, tenha cuidado para posicion\u00e1-las de modo que n\u00e3o atrapalhem a passagem das pessoas<\/p>\n\n\n\n<p>A dica \u00e9 investir em jardins verticais, vasos nos cantinhos ou jardineiras em sacadas, se dispon\u00edveis.<\/p>\n\n\n\n<h3 class=\"wp-block-heading\" id=\"h-4-foco-no-espa-o-das-paredes\">4 &#8211; Foco no espa\u00e7o das paredes<\/h3>\n\n\n\n<p>Seja o espa\u00e7o pequeno, ou n\u00e3o, utilizar o espa\u00e7o da parede \u00e9 uma \u00f3tima pedida, assim, voc\u00ea pode:<\/p>\n\n\n\n<ul class=\"wp-block-list\"><li>Inserir quadros e murais;<\/li><li>Pendurar avisos e normas empresariais;<\/li><li>Criar uma parede com jogos como dardos ou de eventos sazonais;<\/li><li>Coloque prateleiras ou estantes.<\/li><\/ul>\n\n\n\n<p>S\u00e3o muitas as possibilidades quando as paredes est\u00e3o vazias, por isso, pense bem e use a criatividade ao seu favor para ampliar o espa\u00e7o e o que ser\u00e1 ali inserido.<\/p>\n\n\n\n<h3 class=\"wp-block-heading\" id=\"h-5-m-veis-funcionais\">5 &#8211; M\u00f3veis funcionais<\/h3>\n\n\n\n<p>Principalmente em espa\u00e7os reduzidos, \u00e9 interessante apostar em m\u00f3veis funcionais, aproveitando assim os cantinhos, at\u00e9 aqueles escondidos e claro, deixando o ambiente mais moderno.<\/p>\n\n\n\n<p>Confira abaixo algumas ideias para se inspirar:<\/p>\n\n\n\n<ul class=\"wp-block-list\"><li>Mesas com gavetas embutidas;<\/li><li>Prateleiras e nichos embutidos;<\/li><li>Estantes ou mesas desmont\u00e1veis para a cozinha ou outros c\u00f4modos;<\/li><li>Banquinhos mont\u00e1veis.<\/li><\/ul>\n\n\n\n<p>S\u00e3o muitas as possibilidades para inovar no ambiente, ter um espa\u00e7o mais confort\u00e1vel e proveitoso.<\/p>\n\n\n\n<h3 class=\"wp-block-heading\" id=\"h-6-lembre-se-da-ergonomia\">6 &#8211; Lembre-se da ergonomia<\/h3>\n\n\n\n<p>De nada adianta um ambiente e decora\u00e7\u00e3o excepcional sem o b\u00e1sico: conforto e as condi\u00e7\u00f5es essenciais para que o indiv\u00edduo trabalhe de maneira correta.<\/p>\n\n\n\n<p>Por isso, lembre-se de escolher tanto m\u00f3veis, acess\u00f3rios, cadeiras e todos os detalhes para que sejam ergon\u00f4micos e proporcionem qualidade de vida para o colaborador.<\/p>\n\n\n\n<p>Assim, voc\u00ea ter\u00e1 muito mais produtividade, foco e resultados em sua equipe.<\/p>\n\n\n\n<h3 class=\"wp-block-heading\" id=\"h-7-escolha-as-cores-corretas\">7 &#8211; Escolha as cores corretas!<\/h3>\n\n\n\n<p>Seja para representar a paleta de colora\u00e7\u00f5es da companhia, obter mais conforto ou um ambiente mais acolhedor, as cores s\u00e3o important\u00edssimas na usabilidade do espa\u00e7o.<\/p>\n\n\n\n<p>Isso acontece porque interferem diretamente na qualidade de produ\u00e7\u00e3o, na aten\u00e7\u00e3o e at\u00e9 mesmo na criatividade de quem est\u00e1 ali no espa\u00e7o.<\/p>\n\n\n\n<p>Portanto, tenha esse cuidado no momento de escolher qual ser\u00e1 a pintura daquela parede maior, quais ser\u00e3o os elementos complementares e muito mais!<\/p>\n\n\n\n<p>Todos os detalhes fazem muita diferen\u00e7a na experi\u00eancia do trabalhador da sua empresa, portanto, ter aten\u00e7\u00e3o e cuidado na hora de escolher o que ser\u00e1 inserido no ambiente corporativo \u00e9 super importante.<\/p>\n\n\n\n<p>Continue acompanhando nosso blog Brognoli, aqui voc\u00ea recebe atualiza\u00e7\u00f5es valiosas sobre d\u00e9cor, mercado imobili\u00e1rio, dicas para casa e muito mais!&nbsp;<\/p>\n","protected":false},"excerpt":{"rendered":"<p>Um dos momentos mais aguardados \u00e9 a hora de come\u00e7ar a decora\u00e7\u00e3o de um local, principalmente pela possibilidade de deixar a criatividade aflorar e enfeitar o local com a personalidade [&hellip;]<\/p>\n","protected":false},"author":7,"featured_media":2206457,"comment_status":"closed","ping_status":"closed","sticky":false,"template":"","format":"standard","meta":{"footnotes":""},"categories":[57,24,652],"tags":[55,23],"class_list":["post-2206456","post","type-post","status-publish","format-standard","has-post-thumbnail","hentry","category-dicas","category-dicas-decor","category-imovel","tag-decoracao","tag-dicas"],"yoast_head":"<!-- This site is optimized with the Yoast SEO plugin v21.3 - https:\/\/yoast.com\/wordpress\/plugins\/seo\/ -->\n<title>Decora\u00e7\u00e3o corporativa: dicas para inovar o espa\u00e7o! - Brognoli<\/title>\n<meta name=\"robots\" content=\"index, follow, max-snippet:-1, max-image-preview:large, max-video-preview:-1\" \/>\n<link rel=\"canonical\" href=\"https:\/\/www.brognoli.com.br\/blog\/dicas-de-decoracao-corporativa-escritorio\/\" \/>\n<meta property=\"og:locale\" content=\"pt_BR\" \/>\n<meta property=\"og:type\" content=\"article\" \/>\n<meta property=\"og:title\" content=\"Decora\u00e7\u00e3o corporativa: dicas para inovar o espa\u00e7o! - Brognoli\" \/>\n<meta property=\"og:description\" content=\"Um dos momentos mais aguardados \u00e9 a hora de come\u00e7ar a decora\u00e7\u00e3o de um local, principalmente pela possibilidade de deixar a criatividade aflorar e enfeitar o local com a personalidade [&hellip;]\" \/>\n<meta property=\"og:url\" content=\"https:\/\/www.brognoli.com.br\/blog\/dicas-de-decoracao-corporativa-escritorio\/\" \/>\n<meta property=\"og:site_name\" content=\"Brognoli\" \/>\n<meta property=\"article:published_time\" content=\"2022-09-05T17:13:24+00:00\" \/>\n<meta property=\"og:image\" content=\"https:\/\/www.brognoli.com.br\/blog\/wp-content\/uploads\/2022\/10\/vintage-business-customer-background-light-scaled-1.jpg\" \/>\n\t<meta property=\"og:image:width\" content=\"2560\" \/>\n\t<meta property=\"og:image:height\" content=\"1709\" \/>\n\t<meta property=\"og:image:type\" content=\"image\/jpeg\" \/>\n<meta name=\"author\" content=\"brognoli\" \/>\n<meta name=\"twitter:card\" content=\"summary_large_image\" \/>\n<meta name=\"twitter:label1\" content=\"Escrito por\" \/>\n\t<meta name=\"twitter:data1\" content=\"brognoli\" \/>\n\t<meta name=\"twitter:label2\" content=\"Est. tempo de leitura\" \/>\n\t<meta name=\"twitter:data2\" content=\"4 minutos\" \/>\n<script type=\"application\/ld+json\" class=\"yoast-schema-graph\">{\"@context\":\"https:\/\/schema.org\",\"@graph\":[{\"@type\":\"Article\",\"@id\":\"https:\/\/www.brognoli.com.br\/blog\/dicas-de-decoracao-corporativa-escritorio\/#article\",\"isPartOf\":{\"@id\":\"https:\/\/www.brognoli.com.br\/blog\/dicas-de-decoracao-corporativa-escritorio\/\"},\"author\":{\"name\":\"brognoli\",\"@id\":\"https:\/\/www.brognoli.com.br\/blog\/#\/schema\/person\/87771d6b68b99d9d9db50bfcf109f10c\"},\"headline\":\"Decora\u00e7\u00e3o corporativa: dicas para inovar o espa\u00e7o!\",\"datePublished\":\"2022-09-05T17:13:24+00:00\",\"dateModified\":\"2022-09-05T17:13:24+00:00\",\"mainEntityOfPage\":{\"@id\":\"https:\/\/www.brognoli.com.br\/blog\/dicas-de-decoracao-corporativa-escritorio\/\"},\"wordCount\":770,\"publisher\":{\"@id\":\"https:\/\/www.brognoli.com.br\/blog\/#organization\"},\"keywords\":[\"decora\u00e7\u00e3o\",\"dicas\"],\"articleSection\":[\"Dicas\",\"Dicas &amp; Decor\",\"Im\u00f3vel\"],\"inLanguage\":\"pt-BR\"},{\"@type\":\"WebPage\",\"@id\":\"https:\/\/www.brognoli.com.br\/blog\/dicas-de-decoracao-corporativa-escritorio\/\",\"url\":\"https:\/\/www.brognoli.com.br\/blog\/dicas-de-decoracao-corporativa-escritorio\/\",\"name\":\"Decora\u00e7\u00e3o corporativa: dicas para inovar o espa\u00e7o! - Brognoli\",\"isPartOf\":{\"@id\":\"https:\/\/www.brognoli.com.br\/blog\/#website\"},\"datePublished\":\"2022-09-05T17:13:24+00:00\",\"dateModified\":\"2022-09-05T17:13:24+00:00\",\"breadcrumb\":{\"@id\":\"https:\/\/www.brognoli.com.br\/blog\/dicas-de-decoracao-corporativa-escritorio\/#breadcrumb\"},\"inLanguage\":\"pt-BR\",\"potentialAction\":[{\"@type\":\"ReadAction\",\"target\":[\"https:\/\/www.brognoli.com.br\/blog\/dicas-de-decoracao-corporativa-escritorio\/\"]}]},{\"@type\":\"BreadcrumbList\",\"@id\":\"https:\/\/www.brognoli.com.br\/blog\/dicas-de-decoracao-corporativa-escritorio\/#breadcrumb\",\"itemListElement\":[{\"@type\":\"ListItem\",\"position\":1,\"name\":\"In\u00edcio\",\"item\":\"https:\/\/www.brognoli.com.br\/blog\/\"},{\"@type\":\"ListItem\",\"position\":2,\"name\":\"Decora\u00e7\u00e3o corporativa: dicas para inovar o espa\u00e7o!\"}]},{\"@type\":\"WebSite\",\"@id\":\"https:\/\/www.brognoli.com.br\/blog\/#website\",\"url\":\"https:\/\/www.brognoli.com.br\/blog\/\",\"name\":\"Brognoli\",\"description\":\"Brognoli\",\"publisher\":{\"@id\":\"https:\/\/www.brognoli.com.br\/blog\/#organization\"},\"potentialAction\":[{\"@type\":\"SearchAction\",\"target\":{\"@type\":\"EntryPoint\",\"urlTemplate\":\"https:\/\/www.brognoli.com.br\/blog\/?s={search_term_string}\"},\"query-input\":\"required name=search_term_string\"}],\"inLanguage\":\"pt-BR\"},{\"@type\":\"Organization\",\"@id\":\"https:\/\/www.brognoli.com.br\/blog\/#organization\",\"name\":\"Brognoli\",\"url\":\"https:\/\/www.brognoli.com.br\/blog\/\",\"logo\":{\"@type\":\"ImageObject\",\"inLanguage\":\"pt-BR\",\"@id\":\"https:\/\/www.brognoli.com.br\/blog\/#\/schema\/logo\/image\/\",\"url\":\"https:\/\/www.brognoli.com.br\/blog\/wp-content\/uploads\/2024\/10\/cropped-cropped-BRO_LOGO_3@300x.png\",\"contentUrl\":\"https:\/\/www.brognoli.com.br\/blog\/wp-content\/uploads\/2024\/10\/cropped-cropped-BRO_LOGO_3@300x.png\",\"width\":1762,\"height\":605,\"caption\":\"Brognoli\"},\"image\":{\"@id\":\"https:\/\/www.brognoli.com.br\/blog\/#\/schema\/logo\/image\/\"}},{\"@type\":\"Person\",\"@id\":\"https:\/\/www.brognoli.com.br\/blog\/#\/schema\/person\/87771d6b68b99d9d9db50bfcf109f10c\",\"name\":\"brognoli\",\"image\":{\"@type\":\"ImageObject\",\"inLanguage\":\"pt-BR\",\"@id\":\"https:\/\/www.brognoli.com.br\/blog\/#\/schema\/person\/image\/\",\"url\":\"https:\/\/secure.gravatar.com\/avatar\/a7836fc1468501cb19a0ad1df34b5f85abe16dfce609e03bba719de31c58ea48?s=96&d=mm&r=g\",\"contentUrl\":\"https:\/\/secure.gravatar.com\/avatar\/a7836fc1468501cb19a0ad1df34b5f85abe16dfce609e03bba719de31c58ea48?s=96&d=mm&r=g\",\"caption\":\"brognoli\"},\"url\":\"https:\/\/www.brognoli.com.br\/blog\/author\/brognoli\/\"}]}<\/script>\n<!-- \/ Yoast SEO plugin. -->","yoast_head_json":{"title":"Decora\u00e7\u00e3o corporativa: dicas para inovar o espa\u00e7o! - Brognoli","robots":{"index":"index","follow":"follow","max-snippet":"max-snippet:-1","max-image-preview":"max-image-preview:large","max-video-preview":"max-video-preview:-1"},"canonical":"https:\/\/www.brognoli.com.br\/blog\/dicas-de-decoracao-corporativa-escritorio\/","og_locale":"pt_BR","og_type":"article","og_title":"Decora\u00e7\u00e3o corporativa: dicas para inovar o espa\u00e7o! - Brognoli","og_description":"Um dos momentos mais aguardados \u00e9 a hora de come\u00e7ar a decora\u00e7\u00e3o de um local, principalmente pela possibilidade de deixar a criatividade aflorar e enfeitar o local com a personalidade [&hellip;]","og_url":"https:\/\/www.brognoli.com.br\/blog\/dicas-de-decoracao-corporativa-escritorio\/","og_site_name":"Brognoli","article_published_time":"2022-09-05T17:13:24+00:00","og_image":[{"width":2560,"height":1709,"url":"https:\/\/www.brognoli.com.br\/blog\/wp-content\/uploads\/2022\/10\/vintage-business-customer-background-light-scaled-1.jpg","type":"image\/jpeg"}],"author":"brognoli","twitter_card":"summary_large_image","twitter_misc":{"Escrito por":"brognoli","Est. tempo de leitura":"4 minutos"},"schema":{"@context":"https:\/\/schema.org","@graph":[{"@type":"Article","@id":"https:\/\/www.brognoli.com.br\/blog\/dicas-de-decoracao-corporativa-escritorio\/#article","isPartOf":{"@id":"https:\/\/www.brognoli.com.br\/blog\/dicas-de-decoracao-corporativa-escritorio\/"},"author":{"name":"brognoli","@id":"https:\/\/www.brognoli.com.br\/blog\/#\/schema\/person\/87771d6b68b99d9d9db50bfcf109f10c"},"headline":"Decora\u00e7\u00e3o corporativa: dicas para inovar o espa\u00e7o!","datePublished":"2022-09-05T17:13:24+00:00","dateModified":"2022-09-05T17:13:24+00:00","mainEntityOfPage":{"@id":"https:\/\/www.brognoli.com.br\/blog\/dicas-de-decoracao-corporativa-escritorio\/"},"wordCount":770,"publisher":{"@id":"https:\/\/www.brognoli.com.br\/blog\/#organization"},"keywords":["decora\u00e7\u00e3o","dicas"],"articleSection":["Dicas","Dicas &amp; Decor","Im\u00f3vel"],"inLanguage":"pt-BR"},{"@type":"WebPage","@id":"https:\/\/www.brognoli.com.br\/blog\/dicas-de-decoracao-corporativa-escritorio\/","url":"https:\/\/www.brognoli.com.br\/blog\/dicas-de-decoracao-corporativa-escritorio\/","name":"Decora\u00e7\u00e3o corporativa: dicas para inovar o espa\u00e7o! - Brognoli","isPartOf":{"@id":"https:\/\/www.brognoli.com.br\/blog\/#website"},"datePublished":"2022-09-05T17:13:24+00:00","dateModified":"2022-09-05T17:13:24+00:00","breadcrumb":{"@id":"https:\/\/www.brognoli.com.br\/blog\/dicas-de-decoracao-corporativa-escritorio\/#breadcrumb"},"inLanguage":"pt-BR","potentialAction":[{"@type":"ReadAction","target":["https:\/\/www.brognoli.com.br\/blog\/dicas-de-decoracao-corporativa-escritorio\/"]}]},{"@type":"BreadcrumbList","@id":"https:\/\/www.brognoli.com.br\/blog\/dicas-de-decoracao-corporativa-escritorio\/#breadcrumb","itemListElement":[{"@type":"ListItem","position":1,"name":"In\u00edcio","item":"https:\/\/www.brognoli.com.br\/blog\/"},{"@type":"ListItem","position":2,"name":"Decora\u00e7\u00e3o corporativa: dicas para inovar o espa\u00e7o!"}]},{"@type":"WebSite","@id":"https:\/\/www.brognoli.com.br\/blog\/#website","url":"https:\/\/www.brognoli.com.br\/blog\/","name":"Brognoli","description":"Brognoli","publisher":{"@id":"https:\/\/www.brognoli.com.br\/blog\/#organization"},"potentialAction":[{"@type":"SearchAction","target":{"@type":"EntryPoint","urlTemplate":"https:\/\/www.brognoli.com.br\/blog\/?s={search_term_string}"},"query-input":"required name=search_term_string"}],"inLanguage":"pt-BR"},{"@type":"Organization","@id":"https:\/\/www.brognoli.com.br\/blog\/#organization","name":"Brognoli","url":"https:\/\/www.brognoli.com.br\/blog\/","logo":{"@type":"ImageObject","inLanguage":"pt-BR","@id":"https:\/\/www.brognoli.com.br\/blog\/#\/schema\/logo\/image\/","url":"https:\/\/www.brognoli.com.br\/blog\/wp-content\/uploads\/2024\/10\/cropped-cropped-BRO_LOGO_3@300x.png","contentUrl":"https:\/\/www.brognoli.com.br\/blog\/wp-content\/uploads\/2024\/10\/cropped-cropped-BRO_LOGO_3@300x.png","width":1762,"height":605,"caption":"Brognoli"},"image":{"@id":"https:\/\/www.brognoli.com.br\/blog\/#\/schema\/logo\/image\/"}},{"@type":"Person","@id":"https:\/\/www.brognoli.com.br\/blog\/#\/schema\/person\/87771d6b68b99d9d9db50bfcf109f10c","name":"brognoli","image":{"@type":"ImageObject","inLanguage":"pt-BR","@id":"https:\/\/www.brognoli.com.br\/blog\/#\/schema\/person\/image\/","url":"https:\/\/secure.gravatar.com\/avatar\/a7836fc1468501cb19a0ad1df34b5f85abe16dfce609e03bba719de31c58ea48?s=96&d=mm&r=g","contentUrl":"https:\/\/secure.gravatar.com\/avatar\/a7836fc1468501cb19a0ad1df34b5f85abe16dfce609e03bba719de31c58ea48?s=96&d=mm&r=g","caption":"brognoli"},"url":"https:\/\/www.brognoli.com.br\/blog\/author\/brognoli\/"}]}},"_links":{"self":[{"href":"https:\/\/www.brognoli.com.br\/blog\/wp-json\/wp\/v2\/posts\/2206456","targetHints":{"allow":["GET"]}}],"collection":[{"href":"https:\/\/www.brognoli.com.br\/blog\/wp-json\/wp\/v2\/posts"}],"about":[{"href":"https:\/\/www.brognoli.com.br\/blog\/wp-json\/wp\/v2\/types\/post"}],"author":[{"embeddable":true,"href":"https:\/\/www.brognoli.com.br\/blog\/wp-json\/wp\/v2\/users\/7"}],"replies":[{"embeddable":true,"href":"https:\/\/www.brognoli.com.br\/blog\/wp-json\/wp\/v2\/comments?post=2206456"}],"version-history":[{"count":0,"href":"https:\/\/www.brognoli.com.br\/blog\/wp-json\/wp\/v2\/posts\/2206456\/revisions"}],"wp:featuredmedia":[{"embeddable":true,"href":"https:\/\/www.brognoli.com.br\/blog\/wp-json\/wp\/v2\/media\/2206457"}],"wp:attachment":[{"href":"https:\/\/www.brognoli.com.br\/blog\/wp-json\/wp\/v2\/media?parent=2206456"}],"wp:term":[{"taxonomy":"category","embeddable":true,"href":"https:\/\/www.brognoli.com.br\/blog\/wp-json\/wp\/v2\/categories?post=2206456"},{"taxonomy":"post_tag","embeddable":true,"href":"https:\/\/www.brognoli.com.br\/blog\/wp-json\/wp\/v2\/tags?post=2206456"}],"curies":[{"name":"wp","href":"https:\/\/api.w.org\/{rel}","templated":true}]}}