{"id":2206464,"date":"2022-09-13T15:34:20","date_gmt":"2022-09-13T18:34:20","guid":{"rendered":"https:\/\/api-portal.brognoli.com.br\/como-decorar-corredor-externo-cuidados\/"},"modified":"2022-09-13T15:34:20","modified_gmt":"2022-09-13T18:34:20","slug":"como-decorar-corredor-externo-cuidados","status":"publish","type":"post","link":"https:\/\/www.brognoli.com.br\/blog\/como-decorar-corredor-externo-cuidados\/","title":{"rendered":"Decora\u00e7\u00e3o de corredor externo"},"content":{"rendered":"\n<p>Uma das \u00e1reas que podem passar despercebida na decora\u00e7\u00e3o tanto de uma casa quanto de um apartamento \u00e9 o corredor externo.<\/p>\n\n\n\n<p>Mas, engana-se quem pensa que esse espa\u00e7o precisa ser clean ou n\u00e3o ter nenhum tipo de enfeite, na verdade, s\u00e3o muitas as possibilidades que podem ser ali aplicadas.<\/p>\n\n\n\n<p>Confira abaixo algumas dicas para implementar esse ambiente, o que pode ser ali inserido e comece o quanto antes a modificar o d\u00e9cor!<\/p>\n\n\n\n<h2 class=\"wp-block-heading\" id=\"h-decora-o-de-corredor-externo-dicas-e-tend-ncias\">Decora\u00e7\u00e3o de corredor externo: dicas e tend\u00eancias!<\/h2>\n\n\n\n<h3 class=\"wp-block-heading\" id=\"h-1-plantas\">1 &#8211; Plantas<\/h3>\n\n\n\n<p>Uma ideia \u00f3bvia, por\u00e9m, que sempre vale a pena destacar tanto pela simplicidade, quanto pela beleza e v\u00e1rias possibilidades, as plantas s\u00e3o uma \u00f3tima pedida para decorar o corredor externo.<\/p>\n\n\n\n<p>Al\u00e9m de embelezarem o espa\u00e7o, elas tamb\u00e9m:<\/p>\n\n\n\n<ul class=\"wp-block-list\"><li>Proporcionam mais alegria onde s\u00e3o inseridas;<\/li><li>Relaxam e purificam o ar;<\/li><li>Algumas podem at\u00e9 ter \u201crem\u00e9dios\u201d naturais.<\/li><\/ul>\n\n\n\n<p>Por isso, n\u00e3o perca tempo e encontre o modelo que acredita ficar mais bonito nesse espa\u00e7o existente, sejam grandes vasos, pequenas folhagens ou diferentes modelos.<\/p>\n\n\n\n<h3 class=\"wp-block-heading\" id=\"h-2-sof-s-ou-cadeiras\">2 &#8211; Sof\u00e1s ou cadeiras<\/h3>\n\n\n\n<p>Para passagens que possuem mais espa\u00e7o dispon\u00edvel, pode ser bem interessante inserir pequenos sof\u00e1s, cadeiras estilosas ou at\u00e9 mesmo puffs para preencher o c\u00f4modo existente.<\/p>\n\n\n\n<p>Assim, al\u00e9m de agregarem muito valor e beleza, podem servir para acomodar um visitante que est\u00e1 esperando a porta ser aberta, algu\u00e9m que est\u00e1 esperando uma encomenda\u2026 ou muito mais!<\/p>\n\n\n\n<h3 class=\"wp-block-heading\" id=\"h-3-tapetes\">3 &#8211; Tapetes<\/h3>\n\n\n\n<p>Uma ideia mais indicada para pequenas comodidades, os tapetes s\u00e3o \u00f3timos para preencher o espa\u00e7o mesmo que compacto, independente de qual seja o formato escolhido, o material ou at\u00e9 a cor.<\/p>\n\n\n\n<p>Ademais, podem ser ideais para pisos mais escorregadios, garantindo assim mais ader\u00eancia e seguran\u00e7a para as pessoas que circulam por ali.<\/p>\n\n\n\n<h3 class=\"wp-block-heading\" id=\"h-4-paredes-pintadas\">4 &#8211; Paredes pintadas<\/h3>\n\n\n\n<p>Que tal enfeitar os corredores com um pouco de cor? Essa \u00e9 uma a\u00e7\u00e3o que n\u00e3o vai interferir nem um pouco no espa\u00e7o dispon\u00edvel, mas, trar\u00e1 uma grande alegria ao visual e experi\u00eancia.<\/p>\n\n\n\n<p>Assim, os materiais podem ser diversos: tinta de parede, papel de parede, gesso, enfeites com madeira, acr\u00edlico e muito mais.<\/p>\n\n\n\n<p>Ademais, algumas tend\u00eancias para pintar as paredes s\u00e3o muito indicadas, como \u00e9 o caso:&nbsp;<\/p>\n\n\n\n<ul class=\"wp-block-list\"><li>Xadrez;<\/li><li>\u00c9tnico;<\/li><li>Estampas;<\/li><li>Psicod\u00e9lico.<\/li><\/ul>\n\n\n\n<p>E tudo aquilo que achar que for a melhor op\u00e7\u00e3o para o espa\u00e7o condizente, deixe com que a criatividade seja sua guia nesse momento!<\/p>\n\n\n\n<p>Ah! Mas, lembre-se que no caso de condom\u00ednios, \u00e9 preciso consultar todos os moradores e quais s\u00e3o os regimentos internos, evitando assim problemas mais graves.<\/p>\n\n\n\n<h3 class=\"wp-block-heading\" id=\"h-5-ilumina-o\">5 &#8211; Ilumina\u00e7\u00e3o&nbsp;<\/h3>\n\n\n\n<p>J\u00e1 imaginou inserir um super lustre, luzes indiretas ou l\u00e2mpadas especiais para que esse pequeno caminho fique mais chamativo e aconchegante?<\/p>\n\n\n\n<p>Com certeza as pessoas que ali circularem, v\u00e3o gostar muito da sensa\u00e7\u00e3o de cuidado, al\u00e9m de engrandecer todo o espa\u00e7o, agregando valor \u00e0 decora\u00e7\u00e3o.<\/p>\n\n\n\n<p>Nesse caso, vale a pena dar uma passadinha nas lojas de decora\u00e7\u00e3o de sua cidade e encontrar qual \u00e9 o modelo que mais se encaixa ali com o espa\u00e7o existente, voc\u00ea vai se surpreender com as possibilidades.<\/p>\n\n\n\n<h3 class=\"wp-block-heading\" id=\"h-6-teto-de-vidro\">6 &#8211; Teto de vidro<\/h3>\n\n\n\n<p>Que tal iluminar mais ainda a \u00e1rea do corredor externo? Durante o dia, voc\u00ea ter\u00e1 a entrada da luz natural ali no local, at\u00e9 mesmo economizando o uso da luz artificial.<\/p>\n\n\n\n<p>Enquanto isso, de noite, \u00e9 poss\u00edvel ter uma vis\u00e3o mais ampla do c\u00e9u, principalmente nas noites estreladas ou em que h\u00e1 uma bel\u00edssima lua cheia.<\/p>\n\n\n\n<p>J\u00e1 nos momentos nublados, usar a ideia de l\u00e2mpadas e lustres personalizados \u00e9 uma \u00f3tima pedida.<\/p>\n\n\n\n<h3 class=\"wp-block-heading\" id=\"h-7-pergolado-ou-parcialmente-fechado\">7 &#8211; Pergolado ou parcialmente fechado<\/h3>\n\n\n\n<p>Quer garantir uma ilumina\u00e7\u00e3o local da mesma forma que um teto de vidro, por\u00e9m, com um charme a mais?<\/p>\n\n\n\n<p>Que tal construir uma estrutura parcialmente fechada para destacar o espa\u00e7o, mas n\u00e3o deix\u00e1-lo completamente coberto?<\/p>\n\n\n\n<p>Assim, pode ser um cantinho para descanso, uma passagem mais charmosa para outros c\u00f4modos, ou at\u00e9 mesmo apenas um enfeite para sua casa.<\/p>\n\n\n\n<p>S\u00e3o muitas as ideias para que voc\u00ea possa deixar a sua casa ou o condom\u00ednio cada vez mais com a cara do morador ou a personalidade desejada!<\/p>\n\n\n\n<p>Tudo o que se precisa \u00e9 de aten\u00e7\u00e3o, cuidado e saber exatamente qual \u00e9 a experi\u00eancia que quer se proporcionar com isso.<\/p>\n\n\n\n<p>Gostou desse conte\u00fado? Continue acompanhando mais ideias interessantes aqui no site da Brognoli, al\u00e9m de estar sempre informado sobre conte\u00fados sobre mercado imobili\u00e1rio, decora\u00e7\u00e3o e mais!<\/p>\n","protected":false},"excerpt":{"rendered":"<p>Uma das \u00e1reas que podem passar despercebida na decora\u00e7\u00e3o tanto de uma casa quanto de um apartamento \u00e9 o corredor externo. Mas, engana-se quem pensa que esse espa\u00e7o precisa ser [&hellip;]<\/p>\n","protected":false},"author":7,"featured_media":2206465,"comment_status":"closed","ping_status":"closed","sticky":false,"template":"","format":"standard","meta":{"footnotes":""},"categories":[57,24,652],"tags":[55,872],"class_list":["post-2206464","post","type-post","status-publish","format-standard","has-post-thumbnail","hentry","category-dicas","category-dicas-decor","category-imovel","tag-decoracao","tag-decoracao-dicas"],"yoast_head":"<!-- This site is optimized with the Yoast SEO plugin v21.3 - https:\/\/yoast.com\/wordpress\/plugins\/seo\/ -->\n<title>Decora\u00e7\u00e3o de corredor externo - Brognoli<\/title>\n<meta name=\"robots\" content=\"index, follow, max-snippet:-1, max-image-preview:large, max-video-preview:-1\" \/>\n<link rel=\"canonical\" href=\"https:\/\/www.brognoli.com.br\/blog\/como-decorar-corredor-externo-cuidados\/\" \/>\n<meta property=\"og:locale\" content=\"pt_BR\" \/>\n<meta property=\"og:type\" content=\"article\" \/>\n<meta property=\"og:title\" content=\"Decora\u00e7\u00e3o de corredor externo - Brognoli\" \/>\n<meta property=\"og:description\" content=\"Uma das \u00e1reas que podem passar despercebida na decora\u00e7\u00e3o tanto de uma casa quanto de um apartamento \u00e9 o corredor externo. Mas, engana-se quem pensa que esse espa\u00e7o precisa ser [&hellip;]\" \/>\n<meta property=\"og:url\" content=\"https:\/\/www.brognoli.com.br\/blog\/como-decorar-corredor-externo-cuidados\/\" \/>\n<meta property=\"og:site_name\" content=\"Brognoli\" \/>\n<meta property=\"article:published_time\" content=\"2022-09-13T18:34:20+00:00\" \/>\n<meta property=\"og:image\" content=\"https:\/\/www.brognoli.com.br\/blog\/wp-content\/uploads\/2022\/10\/street-restaurant-in-the-old-town-regensburg-germany-scaled-1.jpg\" \/>\n\t<meta property=\"og:image:width\" content=\"2560\" \/>\n\t<meta property=\"og:image:height\" content=\"1706\" \/>\n\t<meta property=\"og:image:type\" content=\"image\/jpeg\" \/>\n<meta name=\"author\" content=\"brognoli\" \/>\n<meta name=\"twitter:card\" content=\"summary_large_image\" \/>\n<meta name=\"twitter:label1\" content=\"Escrito por\" \/>\n\t<meta name=\"twitter:data1\" content=\"brognoli\" \/>\n\t<meta name=\"twitter:label2\" content=\"Est. tempo de leitura\" \/>\n\t<meta name=\"twitter:data2\" content=\"4 minutos\" \/>\n<script type=\"application\/ld+json\" class=\"yoast-schema-graph\">{\"@context\":\"https:\/\/schema.org\",\"@graph\":[{\"@type\":\"Article\",\"@id\":\"https:\/\/www.brognoli.com.br\/blog\/como-decorar-corredor-externo-cuidados\/#article\",\"isPartOf\":{\"@id\":\"https:\/\/www.brognoli.com.br\/blog\/como-decorar-corredor-externo-cuidados\/\"},\"author\":{\"name\":\"brognoli\",\"@id\":\"https:\/\/www.brognoli.com.br\/blog\/#\/schema\/person\/87771d6b68b99d9d9db50bfcf109f10c\"},\"headline\":\"Decora\u00e7\u00e3o de corredor externo\",\"datePublished\":\"2022-09-13T18:34:20+00:00\",\"dateModified\":\"2022-09-13T18:34:20+00:00\",\"mainEntityOfPage\":{\"@id\":\"https:\/\/www.brognoli.com.br\/blog\/como-decorar-corredor-externo-cuidados\/\"},\"wordCount\":761,\"publisher\":{\"@id\":\"https:\/\/www.brognoli.com.br\/blog\/#organization\"},\"keywords\":[\"decora\u00e7\u00e3o\",\"Decora\u00e7\u00e3o Dicas\"],\"articleSection\":[\"Dicas\",\"Dicas &amp; Decor\",\"Im\u00f3vel\"],\"inLanguage\":\"pt-BR\"},{\"@type\":\"WebPage\",\"@id\":\"https:\/\/www.brognoli.com.br\/blog\/como-decorar-corredor-externo-cuidados\/\",\"url\":\"https:\/\/www.brognoli.com.br\/blog\/como-decorar-corredor-externo-cuidados\/\",\"name\":\"Decora\u00e7\u00e3o de corredor externo - Brognoli\",\"isPartOf\":{\"@id\":\"https:\/\/www.brognoli.com.br\/blog\/#website\"},\"datePublished\":\"2022-09-13T18:34:20+00:00\",\"dateModified\":\"2022-09-13T18:34:20+00:00\",\"breadcrumb\":{\"@id\":\"https:\/\/www.brognoli.com.br\/blog\/como-decorar-corredor-externo-cuidados\/#breadcrumb\"},\"inLanguage\":\"pt-BR\",\"potentialAction\":[{\"@type\":\"ReadAction\",\"target\":[\"https:\/\/www.brognoli.com.br\/blog\/como-decorar-corredor-externo-cuidados\/\"]}]},{\"@type\":\"BreadcrumbList\",\"@id\":\"https:\/\/www.brognoli.com.br\/blog\/como-decorar-corredor-externo-cuidados\/#breadcrumb\",\"itemListElement\":[{\"@type\":\"ListItem\",\"position\":1,\"name\":\"In\u00edcio\",\"item\":\"https:\/\/www.brognoli.com.br\/blog\/\"},{\"@type\":\"ListItem\",\"position\":2,\"name\":\"Decora\u00e7\u00e3o de corredor externo\"}]},{\"@type\":\"WebSite\",\"@id\":\"https:\/\/www.brognoli.com.br\/blog\/#website\",\"url\":\"https:\/\/www.brognoli.com.br\/blog\/\",\"name\":\"Brognoli\",\"description\":\"Brognoli\",\"publisher\":{\"@id\":\"https:\/\/www.brognoli.com.br\/blog\/#organization\"},\"potentialAction\":[{\"@type\":\"SearchAction\",\"target\":{\"@type\":\"EntryPoint\",\"urlTemplate\":\"https:\/\/www.brognoli.com.br\/blog\/?s={search_term_string}\"},\"query-input\":\"required name=search_term_string\"}],\"inLanguage\":\"pt-BR\"},{\"@type\":\"Organization\",\"@id\":\"https:\/\/www.brognoli.com.br\/blog\/#organization\",\"name\":\"Brognoli\",\"url\":\"https:\/\/www.brognoli.com.br\/blog\/\",\"logo\":{\"@type\":\"ImageObject\",\"inLanguage\":\"pt-BR\",\"@id\":\"https:\/\/www.brognoli.com.br\/blog\/#\/schema\/logo\/image\/\",\"url\":\"https:\/\/www.brognoli.com.br\/blog\/wp-content\/uploads\/2024\/10\/cropped-cropped-BRO_LOGO_3@300x.png\",\"contentUrl\":\"https:\/\/www.brognoli.com.br\/blog\/wp-content\/uploads\/2024\/10\/cropped-cropped-BRO_LOGO_3@300x.png\",\"width\":1762,\"height\":605,\"caption\":\"Brognoli\"},\"image\":{\"@id\":\"https:\/\/www.brognoli.com.br\/blog\/#\/schema\/logo\/image\/\"}},{\"@type\":\"Person\",\"@id\":\"https:\/\/www.brognoli.com.br\/blog\/#\/schema\/person\/87771d6b68b99d9d9db50bfcf109f10c\",\"name\":\"brognoli\",\"image\":{\"@type\":\"ImageObject\",\"inLanguage\":\"pt-BR\",\"@id\":\"https:\/\/www.brognoli.com.br\/blog\/#\/schema\/person\/image\/\",\"url\":\"https:\/\/secure.gravatar.com\/avatar\/a7836fc1468501cb19a0ad1df34b5f85abe16dfce609e03bba719de31c58ea48?s=96&d=mm&r=g\",\"contentUrl\":\"https:\/\/secure.gravatar.com\/avatar\/a7836fc1468501cb19a0ad1df34b5f85abe16dfce609e03bba719de31c58ea48?s=96&d=mm&r=g\",\"caption\":\"brognoli\"},\"url\":\"https:\/\/www.brognoli.com.br\/blog\/author\/brognoli\/\"}]}<\/script>\n<!-- \/ Yoast SEO plugin. -->","yoast_head_json":{"title":"Decora\u00e7\u00e3o de corredor externo - Brognoli","robots":{"index":"index","follow":"follow","max-snippet":"max-snippet:-1","max-image-preview":"max-image-preview:large","max-video-preview":"max-video-preview:-1"},"canonical":"https:\/\/www.brognoli.com.br\/blog\/como-decorar-corredor-externo-cuidados\/","og_locale":"pt_BR","og_type":"article","og_title":"Decora\u00e7\u00e3o de corredor externo - Brognoli","og_description":"Uma das \u00e1reas que podem passar despercebida na decora\u00e7\u00e3o tanto de uma casa quanto de um apartamento \u00e9 o corredor externo. Mas, engana-se quem pensa que esse espa\u00e7o precisa ser [&hellip;]","og_url":"https:\/\/www.brognoli.com.br\/blog\/como-decorar-corredor-externo-cuidados\/","og_site_name":"Brognoli","article_published_time":"2022-09-13T18:34:20+00:00","og_image":[{"width":2560,"height":1706,"url":"https:\/\/www.brognoli.com.br\/blog\/wp-content\/uploads\/2022\/10\/street-restaurant-in-the-old-town-regensburg-germany-scaled-1.jpg","type":"image\/jpeg"}],"author":"brognoli","twitter_card":"summary_large_image","twitter_misc":{"Escrito por":"brognoli","Est. tempo de leitura":"4 minutos"},"schema":{"@context":"https:\/\/schema.org","@graph":[{"@type":"Article","@id":"https:\/\/www.brognoli.com.br\/blog\/como-decorar-corredor-externo-cuidados\/#article","isPartOf":{"@id":"https:\/\/www.brognoli.com.br\/blog\/como-decorar-corredor-externo-cuidados\/"},"author":{"name":"brognoli","@id":"https:\/\/www.brognoli.com.br\/blog\/#\/schema\/person\/87771d6b68b99d9d9db50bfcf109f10c"},"headline":"Decora\u00e7\u00e3o de corredor externo","datePublished":"2022-09-13T18:34:20+00:00","dateModified":"2022-09-13T18:34:20+00:00","mainEntityOfPage":{"@id":"https:\/\/www.brognoli.com.br\/blog\/como-decorar-corredor-externo-cuidados\/"},"wordCount":761,"publisher":{"@id":"https:\/\/www.brognoli.com.br\/blog\/#organization"},"keywords":["decora\u00e7\u00e3o","Decora\u00e7\u00e3o Dicas"],"articleSection":["Dicas","Dicas &amp; Decor","Im\u00f3vel"],"inLanguage":"pt-BR"},{"@type":"WebPage","@id":"https:\/\/www.brognoli.com.br\/blog\/como-decorar-corredor-externo-cuidados\/","url":"https:\/\/www.brognoli.com.br\/blog\/como-decorar-corredor-externo-cuidados\/","name":"Decora\u00e7\u00e3o de corredor externo - Brognoli","isPartOf":{"@id":"https:\/\/www.brognoli.com.br\/blog\/#website"},"datePublished":"2022-09-13T18:34:20+00:00","dateModified":"2022-09-13T18:34:20+00:00","breadcrumb":{"@id":"https:\/\/www.brognoli.com.br\/blog\/como-decorar-corredor-externo-cuidados\/#breadcrumb"},"inLanguage":"pt-BR","potentialAction":[{"@type":"ReadAction","target":["https:\/\/www.brognoli.com.br\/blog\/como-decorar-corredor-externo-cuidados\/"]}]},{"@type":"BreadcrumbList","@id":"https:\/\/www.brognoli.com.br\/blog\/como-decorar-corredor-externo-cuidados\/#breadcrumb","itemListElement":[{"@type":"ListItem","position":1,"name":"In\u00edcio","item":"https:\/\/www.brognoli.com.br\/blog\/"},{"@type":"ListItem","position":2,"name":"Decora\u00e7\u00e3o de corredor externo"}]},{"@type":"WebSite","@id":"https:\/\/www.brognoli.com.br\/blog\/#website","url":"https:\/\/www.brognoli.com.br\/blog\/","name":"Brognoli","description":"Brognoli","publisher":{"@id":"https:\/\/www.brognoli.com.br\/blog\/#organization"},"potentialAction":[{"@type":"SearchAction","target":{"@type":"EntryPoint","urlTemplate":"https:\/\/www.brognoli.com.br\/blog\/?s={search_term_string}"},"query-input":"required name=search_term_string"}],"inLanguage":"pt-BR"},{"@type":"Organization","@id":"https:\/\/www.brognoli.com.br\/blog\/#organization","name":"Brognoli","url":"https:\/\/www.brognoli.com.br\/blog\/","logo":{"@type":"ImageObject","inLanguage":"pt-BR","@id":"https:\/\/www.brognoli.com.br\/blog\/#\/schema\/logo\/image\/","url":"https:\/\/www.brognoli.com.br\/blog\/wp-content\/uploads\/2024\/10\/cropped-cropped-BRO_LOGO_3@300x.png","contentUrl":"https:\/\/www.brognoli.com.br\/blog\/wp-content\/uploads\/2024\/10\/cropped-cropped-BRO_LOGO_3@300x.png","width":1762,"height":605,"caption":"Brognoli"},"image":{"@id":"https:\/\/www.brognoli.com.br\/blog\/#\/schema\/logo\/image\/"}},{"@type":"Person","@id":"https:\/\/www.brognoli.com.br\/blog\/#\/schema\/person\/87771d6b68b99d9d9db50bfcf109f10c","name":"brognoli","image":{"@type":"ImageObject","inLanguage":"pt-BR","@id":"https:\/\/www.brognoli.com.br\/blog\/#\/schema\/person\/image\/","url":"https:\/\/secure.gravatar.com\/avatar\/a7836fc1468501cb19a0ad1df34b5f85abe16dfce609e03bba719de31c58ea48?s=96&d=mm&r=g","contentUrl":"https:\/\/secure.gravatar.com\/avatar\/a7836fc1468501cb19a0ad1df34b5f85abe16dfce609e03bba719de31c58ea48?s=96&d=mm&r=g","caption":"brognoli"},"url":"https:\/\/www.brognoli.com.br\/blog\/author\/brognoli\/"}]}},"_links":{"self":[{"href":"https:\/\/www.brognoli.com.br\/blog\/wp-json\/wp\/v2\/posts\/2206464","targetHints":{"allow":["GET"]}}],"collection":[{"href":"https:\/\/www.brognoli.com.br\/blog\/wp-json\/wp\/v2\/posts"}],"about":[{"href":"https:\/\/www.brognoli.com.br\/blog\/wp-json\/wp\/v2\/types\/post"}],"author":[{"embeddable":true,"href":"https:\/\/www.brognoli.com.br\/blog\/wp-json\/wp\/v2\/users\/7"}],"replies":[{"embeddable":true,"href":"https:\/\/www.brognoli.com.br\/blog\/wp-json\/wp\/v2\/comments?post=2206464"}],"version-history":[{"count":0,"href":"https:\/\/www.brognoli.com.br\/blog\/wp-json\/wp\/v2\/posts\/2206464\/revisions"}],"wp:featuredmedia":[{"embeddable":true,"href":"https:\/\/www.brognoli.com.br\/blog\/wp-json\/wp\/v2\/media\/2206465"}],"wp:attachment":[{"href":"https:\/\/www.brognoli.com.br\/blog\/wp-json\/wp\/v2\/media?parent=2206464"}],"wp:term":[{"taxonomy":"category","embeddable":true,"href":"https:\/\/www.brognoli.com.br\/blog\/wp-json\/wp\/v2\/categories?post=2206464"},{"taxonomy":"post_tag","embeddable":true,"href":"https:\/\/www.brognoli.com.br\/blog\/wp-json\/wp\/v2\/tags?post=2206464"}],"curies":[{"name":"wp","href":"https:\/\/api.w.org\/{rel}","templated":true}]}}