{"id":2213659,"date":"2023-01-05T10:12:37","date_gmt":"2023-01-05T13:12:37","guid":{"rendered":"https:\/\/api-portal.brognoli.com.br\/tendencia-de-decoracao-para-2023\/"},"modified":"2023-01-05T10:12:37","modified_gmt":"2023-01-05T13:12:37","slug":"tendencia-de-decoracao-para-2023","status":"publish","type":"post","link":"https:\/\/www.brognoli.com.br\/blog\/tendencia-de-decoracao-para-2023\/","title":{"rendered":"Tend\u00eancias de decora\u00e7\u00e3o para 2023"},"content":{"rendered":"\n<p>O nosso lar \u00e9 o local onde passamos a maior parte do tempo das nossas vidas. \u00c9 nele que celebramos momentos em fam\u00edlia, recebemos amigos e descansamos ap\u00f3s um longo dia de trabalho. Por isso, pensar na decora\u00e7\u00e3o da casa \u00e9 um passo importante para garantir o nosso bem-estar f\u00edsico e mental.<\/p>\n\n\n\n<p>As <strong>tend\u00eancias de decora\u00e7\u00e3o para 2023<\/strong> est\u00e3o focadas em ideias que tragam sensa\u00e7\u00e3o de conforto, tranquilidade e aconchego para os moradores. Para conferir quais s\u00e3o essas tend\u00eancias, continue a leitura e aproveite as nossas dicas!<\/p>\n\n\n\n<h2 class=\"wp-block-heading\" id=\"h-qual-a-tend-ncia-de-decora-o-para-2023\">Qual a tend\u00eancia de decora\u00e7\u00e3o para 2023?<\/h2>\n\n\n\n<p>Mesmo que a decora\u00e7\u00e3o para casa seja algo particular, que voc\u00ea deve fazer de acordo com as suas prefer\u00eancias, existem algumas previs\u00f5es de tend\u00eancias de decora\u00e7\u00e3o para 2023 que podem ajudar voc\u00ea na hora de compor os seus ambientes. Entre as tend\u00eancias principais, podemos citar:<\/p>\n\n\n\n<h3 class=\"wp-block-heading\" id=\"h-tons-terrosos\">Tons terrosos<\/h3>\n\n\n\n<p>Como o pr\u00f3prio nome j\u00e1 diz, os <strong>tons terrosos<\/strong> s\u00e3o aqueles que remetem \u00e0s cores da terra e da natureza, como o marrom, terracota, verde musgo, caramelo e mostarda. Essas cores trazem sensa\u00e7\u00e3o de conforto, tranquilidade e acolhimento nos ambientes, al\u00e9m de garantir um efeito de amplitude no espa\u00e7o.<\/p>\n\n\n\n<p>Uma das vantagens dos tons terrosos \u00e9 a sua versatilidade na hora de combinar com outras cores. Eles v\u00e3o bem com tons mais neutros, como o branco, cinza e preto, e tamb\u00e9m com cores vibrantes, como o azul, roxo e vermelho.<\/p>\n\n\n\n<h3 class=\"wp-block-heading\" id=\"h-design-biof-lico\">Design biof\u00edlico<\/h3>\n\n\n\n<p>O<strong> design biof\u00edlico<\/strong> \u00e9 um conceito na arquitetura que visa conectar as pessoas com a natureza. Ap\u00f3s anos turbulentos com a covid-19, vimos a necessidade de ter um contato com elementos naturais e, por isso, o design biof\u00edlico traz a natureza de fora para dentro das nossas casas.<\/p>\n\n\n\n<p>Profissionais de design de interiores e arquitetos buscam criar espa\u00e7os que envolvam o meio ambiente, para trazer maior qualidade de vida para os moradores da resid\u00eancia. Alguns dos pontos principais de um design biof\u00edlico s\u00e3o:<\/p>\n\n\n\n<ul class=\"wp-block-list\"><li>ilumina\u00e7\u00e3o natural;<\/li><li>telhado verde ou <a href=\"https:\/\/brognoli.com.br\/como-decorar-jardim-externo-dicas\/\"><strong>jardim<\/strong><\/a> vertical;<\/li><li>plantas;<\/li><li>maior ventila\u00e7\u00e3o;<\/li><li>ambientes com vistas para a natureza;<\/li><li>entre outros.<\/li><\/ul>\n\n\n\n<h3 class=\"wp-block-heading\" id=\"h-anos-70\">Anos 70<\/h3>\n\n\n\n<p>Ambientes com cores vibrantes, estampas variadas e m\u00f3veis arredondados marcaram a decora\u00e7\u00e3o dos anos 70. A promessa \u00e9 que essa tend\u00eancia de decora\u00e7\u00e3o volte com tudo em 2023! Se voc\u00ea gosta desse estilo, aposte em m\u00f3veis de madeira com p\u00e9s palitos, estofados estampados, espelhos redondos e pe\u00e7as com curvas.<\/p>\n\n\n\n<h3 class=\"wp-block-heading\" id=\"h-valoriza-o-do-conforto\">Valoriza\u00e7\u00e3o do conforto<\/h3>\n\n\n\n<p>O ponto principal das tend\u00eancias de decora\u00e7\u00e3o para casa em 2023 \u00e9 o <strong>conforto<\/strong>. Tamb\u00e9m chamada de decora\u00e7\u00e3o <em>comfy \u2013 <\/em>abrevia\u00e7\u00e3o de &#8220;<em>comfortable<\/em>&#8221; em ingl\u00eas, que significa &#8220;confort\u00e1vel &#8220;\u2013, essa tend\u00eancia refor\u00e7a a ideia de um lar agrad\u00e1vel e aconchegante.&nbsp;<\/p>\n\n\n\n<p>Al\u00e9m de usar tons neutros e claros na paleta de cores, esse tipo de decora\u00e7\u00e3o preza por tecidos confort\u00e1veis, macios e de boa qualidade. Dando prioridade para um ambiente otimizado, os m\u00f3veis devem ser funcionais e com caracter\u00edsticas que transmitem sensa\u00e7\u00e3o aconchego, como estofados e pe\u00e7as arredondadas.<\/p>\n\n\n\n<h2 class=\"wp-block-heading\" id=\"h-como-ter-ideias-de-decora-o\">Como ter ideias de decora\u00e7\u00e3o?<\/h2>\n\n\n\n<p>Seja para sua casa nova, para uma reforma ou simplesmente porque deseja mudar de <a href=\"https:\/\/brognoli.com.br\/decoracao-economica-como-gastar-pouco\/\"><strong>decora\u00e7\u00e3o<\/strong><\/a>, com pequenos detalhes e itens decorativos j\u00e1 \u00e9 poss\u00edvel garantir um ambiente repaginado. O principal passo \u00e9 pensar na decora\u00e7\u00e3o que mais agrada voc\u00ea, afinal, ela far\u00e1 parte do seu dia a dia. Algumas dicas para voc\u00ea ter ideias de decora\u00e7\u00e3o s\u00e3o:<\/p>\n\n\n\n<ul class=\"wp-block-list\"><li><strong>defina qual o seu estilo preferido: <\/strong>para que o ambiente fique harmonioso, \u00e9 preciso definir qual o estilo \u00e9 mais a sua cara, como minimalista, industrial, cl\u00e1ssico, moderno, entre alguns outros;<\/li><li><strong>escolha a sua paleta de cores:<\/strong> voc\u00ea gosta de um ambiente mais alegre ou com tons mais neutros? Escolha um tom como base e, ao menos, duas op\u00e7\u00f5es de cores complementares para voc\u00ea usar nos itens decorativos;<\/li><li><strong>prefira m\u00f3veis funcionais: <\/strong>menos realmente \u00e9 mais! Por isso, opte por m\u00f3veis funcionais e que v\u00e3o otimizar o seu espa\u00e7o, principalmente se a sua casa for pequena;<\/li><li><strong>invista em uma boa ilumina\u00e7\u00e3o:<\/strong> uma resid\u00eancia bem iluminada traz sensa\u00e7\u00e3o de bem-estar e ainda garante uma boa economia em sua conta de energia;<\/li><li><strong>se inspire em outras decora\u00e7\u00f5es: <\/strong>pesquisar inspira\u00e7\u00f5es de decora\u00e7\u00e3o para casa ajudar\u00e1 voc\u00ea a encontrar o seu estilo preferido.<\/li><\/ul>\n\n\n\n<h2 class=\"wp-block-heading\" id=\"h-o-que-nunca-sai-de-moda-na-decora-o\">O que nunca sai de moda na decora\u00e7\u00e3o?<\/h2>\n\n\n\n<p>Se voc\u00ea prefere uma decora\u00e7\u00e3o atemporal, existem alguns estilos que est\u00e3o sempre em alta no mundo da arquitetura. As cores bases para esse tipo de decora\u00e7\u00e3o s\u00e3o as mais neutras, como o branco, bege e cinza. Al\u00e9m de atemporais, elas s\u00e3o f\u00e1ceis de compor com outros tons de cores.<\/p>\n\n\n\n<p>Isso n\u00e3o quer dizer que voc\u00ea n\u00e3o possa usar pontos de cores na sua decora\u00e7\u00e3o. Entretanto, para que a sua decora\u00e7\u00e3o seja atemporal, invista nos pequenos detalhes que s\u00e3o f\u00e1ceis de alterar, como almofadas, <a href=\"https:\/\/brognoli.com.br\/como-escolher-cortina-para-sala\/\"><strong>cortinas<\/strong><\/a>, <a href=\"https:\/\/brognoli.com.br\/tapete-na-decoracao-dicas\/\"><strong>tapetes<\/strong><\/a>, roupas de cama e pequenos objetos decorativos.&nbsp;<\/p>\n\n\n\n<p>A madeira est\u00e1 presente desde sempre na arquitetura e design dos ambientes. Por isso, os m\u00f3veis em madeira s\u00e3o pe\u00e7as cl\u00e1ssicas, perfeitas para criar um ambiente aconchegante e vers\u00e1til. Seja em tons claros, seja em escuros, a madeira pode ser usada tanto em ambientes internos como externos.<\/p>\n\n\n\n<p>Agora que voc\u00ea j\u00e1 sabe quais s\u00e3o as<strong> tend\u00eancias de decora\u00e7\u00e3o para 2023<\/strong>, confira nossas outras dicas sobre o mundo imobili\u00e1rio no <a href=\"https:\/\/brognoli.com.br\/blog\/\"><strong>Blog Brognoli<\/strong><\/a>!<\/p>\n\n\n\n<hr class=\"wp-block-separator\"\/>\n","protected":false},"excerpt":{"rendered":"<p>O nosso lar \u00e9 o local onde passamos a maior parte do tempo das nossas vidas. \u00c9 nele que celebramos momentos em fam\u00edlia, recebemos amigos e descansamos ap\u00f3s um longo [&hellip;]<\/p>\n","protected":false},"author":7,"featured_media":2213660,"comment_status":"closed","ping_status":"closed","sticky":false,"template":"","format":"standard","meta":{"footnotes":""},"categories":[770],"tags":[927,872,146],"class_list":["post-2213659","post","type-post","status-publish","format-standard","has-post-thumbnail","hentry","category-dicasdecoracao","tag-927","tag-decoracao-dicas","tag-tendencia"],"yoast_head":"<!-- This site is optimized with the Yoast SEO plugin v21.3 - https:\/\/yoast.com\/wordpress\/plugins\/seo\/ -->\n<title>Tend\u00eancias de decora\u00e7\u00e3o para 2023 - Brognoli<\/title>\n<meta name=\"robots\" content=\"index, follow, max-snippet:-1, max-image-preview:large, max-video-preview:-1\" \/>\n<link rel=\"canonical\" href=\"https:\/\/www.brognoli.com.br\/blog\/tendencia-de-decoracao-para-2023\/\" \/>\n<meta property=\"og:locale\" content=\"pt_BR\" \/>\n<meta property=\"og:type\" content=\"article\" \/>\n<meta property=\"og:title\" content=\"Tend\u00eancias de decora\u00e7\u00e3o para 2023 - Brognoli\" \/>\n<meta property=\"og:description\" content=\"O nosso lar \u00e9 o local onde passamos a maior parte do tempo das nossas vidas. \u00c9 nele que celebramos momentos em fam\u00edlia, recebemos amigos e descansamos ap\u00f3s um longo [&hellip;]\" \/>\n<meta property=\"og:url\" content=\"https:\/\/www.brognoli.com.br\/blog\/tendencia-de-decoracao-para-2023\/\" \/>\n<meta property=\"og:site_name\" content=\"Brognoli\" \/>\n<meta property=\"article:published_time\" content=\"2023-01-05T13:12:37+00:00\" \/>\n<meta property=\"og:image\" content=\"https:\/\/www.brognoli.com.br\/blog\/wp-content\/uploads\/2023\/07\/pexels-leah-kelley-6480707-scaled-1.jpg\" \/>\n\t<meta property=\"og:image:width\" content=\"2560\" \/>\n\t<meta property=\"og:image:height\" content=\"1707\" \/>\n\t<meta property=\"og:image:type\" content=\"image\/jpeg\" \/>\n<meta name=\"author\" content=\"brognoli\" \/>\n<meta name=\"twitter:card\" content=\"summary_large_image\" \/>\n<meta name=\"twitter:label1\" content=\"Escrito por\" \/>\n\t<meta name=\"twitter:data1\" content=\"brognoli\" \/>\n\t<meta name=\"twitter:label2\" content=\"Est. tempo de leitura\" \/>\n\t<meta name=\"twitter:data2\" content=\"5 minutos\" \/>\n<script type=\"application\/ld+json\" class=\"yoast-schema-graph\">{\"@context\":\"https:\/\/schema.org\",\"@graph\":[{\"@type\":\"Article\",\"@id\":\"https:\/\/www.brognoli.com.br\/blog\/tendencia-de-decoracao-para-2023\/#article\",\"isPartOf\":{\"@id\":\"https:\/\/www.brognoli.com.br\/blog\/tendencia-de-decoracao-para-2023\/\"},\"author\":{\"name\":\"brognoli\",\"@id\":\"https:\/\/www.brognoli.com.br\/blog\/#\/schema\/person\/87771d6b68b99d9d9db50bfcf109f10c\"},\"headline\":\"Tend\u00eancias de decora\u00e7\u00e3o para 2023\",\"datePublished\":\"2023-01-05T13:12:37+00:00\",\"dateModified\":\"2023-01-05T13:12:37+00:00\",\"mainEntityOfPage\":{\"@id\":\"https:\/\/www.brognoli.com.br\/blog\/tendencia-de-decoracao-para-2023\/\"},\"wordCount\":933,\"publisher\":{\"@id\":\"https:\/\/www.brognoli.com.br\/blog\/#organization\"},\"keywords\":[\"2023\",\"Decora\u00e7\u00e3o Dicas\",\"tendencia\"],\"articleSection\":[\"Decora\u00e7\u00e3o\"],\"inLanguage\":\"pt-BR\"},{\"@type\":\"WebPage\",\"@id\":\"https:\/\/www.brognoli.com.br\/blog\/tendencia-de-decoracao-para-2023\/\",\"url\":\"https:\/\/www.brognoli.com.br\/blog\/tendencia-de-decoracao-para-2023\/\",\"name\":\"Tend\u00eancias de decora\u00e7\u00e3o para 2023 - Brognoli\",\"isPartOf\":{\"@id\":\"https:\/\/www.brognoli.com.br\/blog\/#website\"},\"datePublished\":\"2023-01-05T13:12:37+00:00\",\"dateModified\":\"2023-01-05T13:12:37+00:00\",\"breadcrumb\":{\"@id\":\"https:\/\/www.brognoli.com.br\/blog\/tendencia-de-decoracao-para-2023\/#breadcrumb\"},\"inLanguage\":\"pt-BR\",\"potentialAction\":[{\"@type\":\"ReadAction\",\"target\":[\"https:\/\/www.brognoli.com.br\/blog\/tendencia-de-decoracao-para-2023\/\"]}]},{\"@type\":\"BreadcrumbList\",\"@id\":\"https:\/\/www.brognoli.com.br\/blog\/tendencia-de-decoracao-para-2023\/#breadcrumb\",\"itemListElement\":[{\"@type\":\"ListItem\",\"position\":1,\"name\":\"In\u00edcio\",\"item\":\"https:\/\/www.brognoli.com.br\/blog\/\"},{\"@type\":\"ListItem\",\"position\":2,\"name\":\"Tend\u00eancias de decora\u00e7\u00e3o para 2023\"}]},{\"@type\":\"WebSite\",\"@id\":\"https:\/\/www.brognoli.com.br\/blog\/#website\",\"url\":\"https:\/\/www.brognoli.com.br\/blog\/\",\"name\":\"Brognoli\",\"description\":\"Brognoli\",\"publisher\":{\"@id\":\"https:\/\/www.brognoli.com.br\/blog\/#organization\"},\"potentialAction\":[{\"@type\":\"SearchAction\",\"target\":{\"@type\":\"EntryPoint\",\"urlTemplate\":\"https:\/\/www.brognoli.com.br\/blog\/?s={search_term_string}\"},\"query-input\":\"required name=search_term_string\"}],\"inLanguage\":\"pt-BR\"},{\"@type\":\"Organization\",\"@id\":\"https:\/\/www.brognoli.com.br\/blog\/#organization\",\"name\":\"Brognoli\",\"url\":\"https:\/\/www.brognoli.com.br\/blog\/\",\"logo\":{\"@type\":\"ImageObject\",\"inLanguage\":\"pt-BR\",\"@id\":\"https:\/\/www.brognoli.com.br\/blog\/#\/schema\/logo\/image\/\",\"url\":\"https:\/\/www.brognoli.com.br\/blog\/wp-content\/uploads\/2024\/10\/cropped-cropped-BRO_LOGO_3@300x.png\",\"contentUrl\":\"https:\/\/www.brognoli.com.br\/blog\/wp-content\/uploads\/2024\/10\/cropped-cropped-BRO_LOGO_3@300x.png\",\"width\":1762,\"height\":605,\"caption\":\"Brognoli\"},\"image\":{\"@id\":\"https:\/\/www.brognoli.com.br\/blog\/#\/schema\/logo\/image\/\"}},{\"@type\":\"Person\",\"@id\":\"https:\/\/www.brognoli.com.br\/blog\/#\/schema\/person\/87771d6b68b99d9d9db50bfcf109f10c\",\"name\":\"brognoli\",\"image\":{\"@type\":\"ImageObject\",\"inLanguage\":\"pt-BR\",\"@id\":\"https:\/\/www.brognoli.com.br\/blog\/#\/schema\/person\/image\/\",\"url\":\"https:\/\/secure.gravatar.com\/avatar\/a7836fc1468501cb19a0ad1df34b5f85abe16dfce609e03bba719de31c58ea48?s=96&d=mm&r=g\",\"contentUrl\":\"https:\/\/secure.gravatar.com\/avatar\/a7836fc1468501cb19a0ad1df34b5f85abe16dfce609e03bba719de31c58ea48?s=96&d=mm&r=g\",\"caption\":\"brognoli\"},\"url\":\"https:\/\/www.brognoli.com.br\/blog\/author\/brognoli\/\"}]}<\/script>\n<!-- \/ Yoast SEO plugin. -->","yoast_head_json":{"title":"Tend\u00eancias de decora\u00e7\u00e3o para 2023 - Brognoli","robots":{"index":"index","follow":"follow","max-snippet":"max-snippet:-1","max-image-preview":"max-image-preview:large","max-video-preview":"max-video-preview:-1"},"canonical":"https:\/\/www.brognoli.com.br\/blog\/tendencia-de-decoracao-para-2023\/","og_locale":"pt_BR","og_type":"article","og_title":"Tend\u00eancias de decora\u00e7\u00e3o para 2023 - Brognoli","og_description":"O nosso lar \u00e9 o local onde passamos a maior parte do tempo das nossas vidas. \u00c9 nele que celebramos momentos em fam\u00edlia, recebemos amigos e descansamos ap\u00f3s um longo [&hellip;]","og_url":"https:\/\/www.brognoli.com.br\/blog\/tendencia-de-decoracao-para-2023\/","og_site_name":"Brognoli","article_published_time":"2023-01-05T13:12:37+00:00","og_image":[{"width":2560,"height":1707,"url":"https:\/\/www.brognoli.com.br\/blog\/wp-content\/uploads\/2023\/07\/pexels-leah-kelley-6480707-scaled-1.jpg","type":"image\/jpeg"}],"author":"brognoli","twitter_card":"summary_large_image","twitter_misc":{"Escrito por":"brognoli","Est. tempo de leitura":"5 minutos"},"schema":{"@context":"https:\/\/schema.org","@graph":[{"@type":"Article","@id":"https:\/\/www.brognoli.com.br\/blog\/tendencia-de-decoracao-para-2023\/#article","isPartOf":{"@id":"https:\/\/www.brognoli.com.br\/blog\/tendencia-de-decoracao-para-2023\/"},"author":{"name":"brognoli","@id":"https:\/\/www.brognoli.com.br\/blog\/#\/schema\/person\/87771d6b68b99d9d9db50bfcf109f10c"},"headline":"Tend\u00eancias de decora\u00e7\u00e3o para 2023","datePublished":"2023-01-05T13:12:37+00:00","dateModified":"2023-01-05T13:12:37+00:00","mainEntityOfPage":{"@id":"https:\/\/www.brognoli.com.br\/blog\/tendencia-de-decoracao-para-2023\/"},"wordCount":933,"publisher":{"@id":"https:\/\/www.brognoli.com.br\/blog\/#organization"},"keywords":["2023","Decora\u00e7\u00e3o Dicas","tendencia"],"articleSection":["Decora\u00e7\u00e3o"],"inLanguage":"pt-BR"},{"@type":"WebPage","@id":"https:\/\/www.brognoli.com.br\/blog\/tendencia-de-decoracao-para-2023\/","url":"https:\/\/www.brognoli.com.br\/blog\/tendencia-de-decoracao-para-2023\/","name":"Tend\u00eancias de decora\u00e7\u00e3o para 2023 - Brognoli","isPartOf":{"@id":"https:\/\/www.brognoli.com.br\/blog\/#website"},"datePublished":"2023-01-05T13:12:37+00:00","dateModified":"2023-01-05T13:12:37+00:00","breadcrumb":{"@id":"https:\/\/www.brognoli.com.br\/blog\/tendencia-de-decoracao-para-2023\/#breadcrumb"},"inLanguage":"pt-BR","potentialAction":[{"@type":"ReadAction","target":["https:\/\/www.brognoli.com.br\/blog\/tendencia-de-decoracao-para-2023\/"]}]},{"@type":"BreadcrumbList","@id":"https:\/\/www.brognoli.com.br\/blog\/tendencia-de-decoracao-para-2023\/#breadcrumb","itemListElement":[{"@type":"ListItem","position":1,"name":"In\u00edcio","item":"https:\/\/www.brognoli.com.br\/blog\/"},{"@type":"ListItem","position":2,"name":"Tend\u00eancias de decora\u00e7\u00e3o para 2023"}]},{"@type":"WebSite","@id":"https:\/\/www.brognoli.com.br\/blog\/#website","url":"https:\/\/www.brognoli.com.br\/blog\/","name":"Brognoli","description":"Brognoli","publisher":{"@id":"https:\/\/www.brognoli.com.br\/blog\/#organization"},"potentialAction":[{"@type":"SearchAction","target":{"@type":"EntryPoint","urlTemplate":"https:\/\/www.brognoli.com.br\/blog\/?s={search_term_string}"},"query-input":"required name=search_term_string"}],"inLanguage":"pt-BR"},{"@type":"Organization","@id":"https:\/\/www.brognoli.com.br\/blog\/#organization","name":"Brognoli","url":"https:\/\/www.brognoli.com.br\/blog\/","logo":{"@type":"ImageObject","inLanguage":"pt-BR","@id":"https:\/\/www.brognoli.com.br\/blog\/#\/schema\/logo\/image\/","url":"https:\/\/www.brognoli.com.br\/blog\/wp-content\/uploads\/2024\/10\/cropped-cropped-BRO_LOGO_3@300x.png","contentUrl":"https:\/\/www.brognoli.com.br\/blog\/wp-content\/uploads\/2024\/10\/cropped-cropped-BRO_LOGO_3@300x.png","width":1762,"height":605,"caption":"Brognoli"},"image":{"@id":"https:\/\/www.brognoli.com.br\/blog\/#\/schema\/logo\/image\/"}},{"@type":"Person","@id":"https:\/\/www.brognoli.com.br\/blog\/#\/schema\/person\/87771d6b68b99d9d9db50bfcf109f10c","name":"brognoli","image":{"@type":"ImageObject","inLanguage":"pt-BR","@id":"https:\/\/www.brognoli.com.br\/blog\/#\/schema\/person\/image\/","url":"https:\/\/secure.gravatar.com\/avatar\/a7836fc1468501cb19a0ad1df34b5f85abe16dfce609e03bba719de31c58ea48?s=96&d=mm&r=g","contentUrl":"https:\/\/secure.gravatar.com\/avatar\/a7836fc1468501cb19a0ad1df34b5f85abe16dfce609e03bba719de31c58ea48?s=96&d=mm&r=g","caption":"brognoli"},"url":"https:\/\/www.brognoli.com.br\/blog\/author\/brognoli\/"}]}},"_links":{"self":[{"href":"https:\/\/www.brognoli.com.br\/blog\/wp-json\/wp\/v2\/posts\/2213659","targetHints":{"allow":["GET"]}}],"collection":[{"href":"https:\/\/www.brognoli.com.br\/blog\/wp-json\/wp\/v2\/posts"}],"about":[{"href":"https:\/\/www.brognoli.com.br\/blog\/wp-json\/wp\/v2\/types\/post"}],"author":[{"embeddable":true,"href":"https:\/\/www.brognoli.com.br\/blog\/wp-json\/wp\/v2\/users\/7"}],"replies":[{"embeddable":true,"href":"https:\/\/www.brognoli.com.br\/blog\/wp-json\/wp\/v2\/comments?post=2213659"}],"version-history":[{"count":0,"href":"https:\/\/www.brognoli.com.br\/blog\/wp-json\/wp\/v2\/posts\/2213659\/revisions"}],"wp:featuredmedia":[{"embeddable":true,"href":"https:\/\/www.brognoli.com.br\/blog\/wp-json\/wp\/v2\/media\/2213660"}],"wp:attachment":[{"href":"https:\/\/www.brognoli.com.br\/blog\/wp-json\/wp\/v2\/media?parent=2213659"}],"wp:term":[{"taxonomy":"category","embeddable":true,"href":"https:\/\/www.brognoli.com.br\/blog\/wp-json\/wp\/v2\/categories?post=2213659"},{"taxonomy":"post_tag","embeddable":true,"href":"https:\/\/www.brognoli.com.br\/blog\/wp-json\/wp\/v2\/tags?post=2213659"}],"curies":[{"name":"wp","href":"https:\/\/api.w.org\/{rel}","templated":true}]}}