{"id":2215141,"date":"2025-10-19T14:39:10","date_gmt":"2025-10-19T17:39:10","guid":{"rendered":"https:\/\/www.brognoli.com.br\/blog\/?p=2215141"},"modified":"2025-10-19T15:33:54","modified_gmt":"2025-10-19T18:33:54","slug":"jacaranda-lagoa-da-conceicao-um-novo-capitulo-do-alto-padrao-em-florianopolis","status":"publish","type":"post","link":"https:\/\/www.brognoli.com.br\/blog\/jacaranda-lagoa-da-conceicao-um-novo-capitulo-do-alto-padrao-em-florianopolis\/","title":{"rendered":"Jacarand\u00e1 Lagoa da Concei\u00e7\u00e3o: um novo cap\u00edtulo do alto padr\u00e3o em Florian\u00f3polis"},"content":{"rendered":"<article>\n<header class=\"wp-block-group\" style=\"background-color: transparent; box-shadow: none; padding: 0; margin: 0;\">\n<h1 style=\"margin-bottom: 18px;\">Jacarand\u00e1 Lagoa da Concei\u00e7\u00e3o: um novo cap\u00edtulo do alto padr\u00e3o em Florian\u00f3polis<\/h1>\n<p style=\"margin-top: 0;\">A <strong>Lagoa da Concei\u00e7\u00e3o<\/strong>, em Florian\u00f3polis, \u00e9 um dos bairros mais valorizados da cidade. Cercada por morros, natureza preservada e pela pr\u00f3pria lagoa, a regi\u00e3o oferece uma combina\u00e7\u00e3o rara de tranquilidade e conveni\u00eancia.<\/p>\n<p>Com acesso r\u00e1pido ao Centro e \u00e0s praias do Mole e da Joaquina, a Lagoa da Concei\u00e7\u00e3o se destaca por unir infraestrutura completa, vida ativa e um forte senso de comunidade. Nesse cen\u00e1rio, o <strong>Jacarand\u00e1<\/strong>, da <strong>Construtora Cadema<\/strong>, surge como um projeto residencial de alto padr\u00e3o que traduz o estilo de vida da regi\u00e3o.<\/p>\n<\/header>\n<section>\n<h2>Localiza\u00e7\u00e3o privilegiada do Jacarand\u00e1 na Lagoa da Concei\u00e7\u00e3o<\/h2>\n<p>O <strong>Jacarand\u00e1<\/strong> est\u00e1 situado em uma \u00e1rea nobre da Lagoa da Concei\u00e7\u00e3o, conectado com o mesmo estilo de vida dos tradicionais loteamentos <strong>Jardim Saulo Ramos<\/strong> e <strong>Marina Philippi<\/strong>. Esses loteamentos s\u00e3o refer\u00eancia de moradia de alto padr\u00e3o, conhecidos pela tranquilidade, proximidade da \u00e1gua e integra\u00e7\u00e3o com a natureza. A localiza\u00e7\u00e3o do empreendimento oferece acesso r\u00e1pido a escolas, restaurantes, caf\u00e9s, mercados e ao centro do bairro, onde se concentram o com\u00e9rcio local e os servi\u00e7os essenciais.<\/p>\n<figure class=\"wp-caption aligncenter\" style=\"text-align: center; margin: 24px auto;\"><img loading=\"lazy\" decoding=\"async\" style=\"display: block; margin: 0 auto; max-width: 100%; height: auto;\" src=\"https:\/\/www.brognoli.com.br\/blog\/wp-content\/uploads\/2025\/10\/Captura-de-Tela-2025-10-19-as-13.50.10-1-1024x638.png\" alt=\"Mapa de localiza\u00e7\u00e3o do Jacarand\u00e1 Lagoa da Concei\u00e7\u00e3o em Florian\u00f3polis, pr\u00f3ximo aos loteamentos Jardim Saulo Ramos e Marina Philippi.\" width=\"665\" height=\"415\" \/><figcaption class=\"wp-caption-text\">Mapa de localiza\u00e7\u00e3o do Jacarand\u00e1 na Lagoa da Concei\u00e7\u00e3o.<\/figcaption><\/figure>\n<p>Em frente ao empreendimento h\u00e1 um <strong>trapiche p\u00fablico<\/strong>, que ter\u00e1 uma conex\u00e3o direta com o estilo de vida dos futuros moradores do Jacarand\u00e1. O espa\u00e7o poder\u00e1 ser utilizado para <strong>esportes n\u00e1uticos, pequenas embarca\u00e7\u00f5es e momentos de lazer<\/strong>, integrando o cotidiano \u00e0 paisagem da lagoa. Nos arredores, as <strong>marinas Ponta da Areia<\/strong> e <strong>Marina da Lagoa<\/strong> refor\u00e7am essa rela\u00e7\u00e3o com a \u00e1gua e fazem parte da rotina de quem vive na regi\u00e3o. J\u00e1 \u00e9 poss\u00edvel imaginar embarca\u00e7\u00f5es buscando moradores para um almo\u00e7o de domingo, navegando tranquilamente pelo canal da Barra da Lagoa at\u00e9 o mar.<\/p>\n<\/section>\n<section>\n<h2>Casas de alto padr\u00e3o em Florian\u00f3polis com arquitetura funcional e design contempor\u00e2neo<\/h2>\n<figure class=\"wp-caption aligncenter\" style=\"text-align: center; margin: 24px auto;\"><img loading=\"lazy\" decoding=\"async\" style=\"display: block; margin: 0 auto; max-width: 100%; height: auto;\" src=\"https:\/\/www.brognoli.com.br\/blog\/wp-content\/uploads\/2025\/10\/Captura-de-Tela-2025-10-19-as-12.43.19-1024x572.png\" alt=\"Casas de alto padr\u00e3o do Jacarand\u00e1 Lagoa da Concei\u00e7\u00e3o com arquitetura contempor\u00e2nea e integra\u00e7\u00e3o \u00e0 natureza.\" width=\"634\" height=\"354\" \/><figcaption class=\"wp-caption-text\">Localiza\u00e7\u00e3o exclusiva do Jacarand\u00e1 na Lagoa da Concei\u00e7\u00e3o. (Imagem ilustrativa)<\/figcaption><\/figure>\n<p>O <strong>Jacarand\u00e1 Lagoa da Concei\u00e7\u00e3o<\/strong> foi projetado para valorizar a luz natural, o conforto e a integra\u00e7\u00e3o com o entorno. As <strong>casas de tr\u00eas su\u00edtes<\/strong>, com \u00e1reas entre <strong>215 e 296 m\u00b2<\/strong>, apresentam linhas contempor\u00e2neas, grandes aberturas e ambientes conectados entre o interior e o exterior. Materiais naturais e solu\u00e7\u00f5es de ventila\u00e7\u00e3o cruzada refor\u00e7am a efici\u00eancia e o bem-estar dos moradores.<\/p>\n<p>Os acabamentos seguem o padr\u00e3o de excel\u00eancia da <strong>Construtora Cadema<\/strong>, com marcas de refer\u00eancia como <strong>Portobello<\/strong>, <strong>Saccaro<\/strong> e <strong>Bontempo<\/strong>. O projeto combina funcionalidade e est\u00e9tica, com p\u00e1tios privativos, \u00e1reas gourmet e espa\u00e7os integrados, mantendo a privacidade e o conforto que caracterizam o p\u00fablico da Lagoa da Concei\u00e7\u00e3o.<\/p>\n<\/section>\n<section>\n<h2>Condom\u00ednio na Lagoa da Concei\u00e7\u00e3o com integra\u00e7\u00e3o total ao ambiente<\/h2>\n<p>O terreno do Jacarand\u00e1 foi planejado para respeitar o entorno natural e se integrar \u00e0 paisagem da Lagoa. O empreendimento segue diretrizes ambientais e paisag\u00edsticas que preservam a vegeta\u00e7\u00e3o e a harmonia visual da \u00e1rea, garantindo uma presen\u00e7a discreta e coerente no bairro.<\/p>\n<p>Esse cuidado t\u00e9cnico reflete o compromisso da <strong>Construtora Cadema<\/strong> com empreendimentos de impacto controlado e arquitetura respons\u00e1vel. O resultado \u00e9 um condom\u00ednio que se encaixa na paisagem da Lagoa da Concei\u00e7\u00e3o, refor\u00e7ando a exclusividade e a solidez do projeto.<\/p>\n<\/section>\n<section>\n<h2>Sustentabilidade aplicada ao cotidiano<\/h2>\n<p>A sustentabilidade \u00e9 um dos pilares do <strong>Jacarand\u00e1<\/strong>. O empreendimento utiliza <strong>pain\u00e9is solares<\/strong>, <strong>sistemas de reaproveitamento de \u00e1gua da chuva<\/strong> e <strong>telhados verdes<\/strong>, promovendo efici\u00eancia energ\u00e9tica e conforto t\u00e9rmico. Essas solu\u00e7\u00f5es atendem \u00e0s exig\u00eancias ambientais da regi\u00e3o e ao perfil de quem escolhe viver na Lagoa da Concei\u00e7\u00e3o, unindo qualidade de vida e consci\u00eancia ambiental.<\/p>\n<\/section>\n<section>\n<h2>Jacarand\u00e1 Cadema: um projeto \u00e0 altura da Lagoa da Concei\u00e7\u00e3o<\/h2>\n<p>A Lagoa da Concei\u00e7\u00e3o \u00e9 um dos bairros mais consolidados e valorizados de Florian\u00f3polis, com oferta restrita de novos empreendimentos. O <strong>Jacarand\u00e1<\/strong>, da <strong>Construtora Cadema<\/strong>, representa uma oportunidade rara para quem busca um endere\u00e7o exclusivo, com arquitetura de qualidade e integra\u00e7\u00e3o com a natureza.<\/p>\n<p>Mais do que um condom\u00ednio de alto padr\u00e3o, o Jacarand\u00e1 \u00e9 uma extens\u00e3o do estilo de vida da Lagoa: sofisticado, equilibrado e aut\u00eantico. Um projeto que respeita o entorno e traduz a ess\u00eancia de morar bem em Florian\u00f3polis.<\/p>\n<\/section>\n<section>\n<h3>Conhe\u00e7a o Jacarand\u00e1 Lagoa da Concei\u00e7\u00e3o<\/h3>\n<p><strong>Jacarand\u00e1 Lagoa da Concei\u00e7\u00e3o<\/strong> \u00e9 um projeto da <strong>Construtora Cadema<\/strong> com comercializa\u00e7\u00e3o exclusiva da <strong>Brognoli Im\u00f3veis<\/strong>. Saiba mais sobre esse lan\u00e7amento e descubra como o novo morar de alto padr\u00e3o se conecta ao estilo de vida da Lagoa. Entrega prevista para mar\u00e7o de 2027.<\/p>\n<div style=\"margin-top: 24px; text-align: center;\">\n<p><a style=\"display: inline-block; background-color: #25d366; color: white; padding: 12px 20px; text-decoration: none; border-radius: 6px; font-weight: bold; font-family: sans-serif; box-shadow: 0 2px 4px rgba(0,0,0,0.2); margin: 6px;\" href=\"https:\/\/api.whatsapp.com\/send?1=pt_BR&amp;phone=554830295000&amp;text=Ol%C3%A1%2C+gostaria+de+mais+informa%C3%A7%C3%B5es+sobre+o+empreendimento+Jacarand%C3%A1+na+Lagoa+da+Concei%C3%A7%C3%A3o\" target=\"_blank\" rel=\"noopener\">\ud83d\udcac Fale com um especialista no WhatsApp<\/a><a style=\"display: inline-block; background-color: #f5cc27; color: #000; padding: 12px 20px; text-decoration: none; border-radius: 6px; font-weight: bold; font-family: sans-serif; box-shadow: 0 2px 4px rgba(0,0,0,0.2); margin: 6px;\" href=\"https:\/\/www.brognoli.com.br\/imovel\/lancamento-jacaranda-em-florianopolis_CPC-56968\/\" target=\"_blank\" rel=\"noopener\" aria-label=\"Abrir a p\u00e1gina do empreendimento Jacarand\u00e1 na Brognoli\">\u25b6 P\u00e1gina do empreendimento<\/a><\/p>\n<\/div>\n<\/section>\n<\/article>\n","protected":false},"excerpt":{"rendered":"<p>Jacarand\u00e1 Lagoa da Concei\u00e7\u00e3o: um novo cap\u00edtulo do alto padr\u00e3o em Florian\u00f3polis A Lagoa da Concei\u00e7\u00e3o, em Florian\u00f3polis, \u00e9 um dos bairros mais valorizados da cidade. Cercada por morros, natureza [&hellip;]<\/p>\n","protected":false},"author":7,"featured_media":2215144,"comment_status":"open","ping_status":"open","sticky":false,"template":"","format":"standard","meta":{"footnotes":""},"categories":[1,973],"tags":[45,191],"class_list":["post-2215141","post","type-post","status-publish","format-standard","has-post-thumbnail","hentry","category-artigos","category-lancamentos-em-florianopolis","tag-florianopolis","tag-santa-catarina"],"yoast_head":"<!-- This site is optimized with the Yoast SEO plugin v21.3 - https:\/\/yoast.com\/wordpress\/plugins\/seo\/ -->\n<title>Jacarand\u00e1 Lagoa da Concei\u00e7\u00e3o: um novo cap\u00edtulo do alto padr\u00e3o em Florian\u00f3polis - Brognoli<\/title>\n<meta name=\"description\" content=\"O Jacarand\u00e1 Lagoa da Concei\u00e7\u00e3o \u00e9 um condom\u00ednio de alto padr\u00e3o em Florian\u00f3polis, com arquitetura contempor\u00e2nea e integra\u00e7\u00e3o total \u00e0 natureza.\" \/>\n<meta name=\"robots\" content=\"index, follow, max-snippet:-1, max-image-preview:large, max-video-preview:-1\" \/>\n<link rel=\"canonical\" href=\"https:\/\/www.brognoli.com.br\/blog\/jacaranda-lagoa-da-conceicao-um-novo-capitulo-do-alto-padrao-em-florianopolis\/\" \/>\n<meta property=\"og:locale\" content=\"pt_BR\" \/>\n<meta property=\"og:type\" content=\"article\" \/>\n<meta property=\"og:title\" content=\"Jacarand\u00e1 Lagoa da Concei\u00e7\u00e3o: um novo cap\u00edtulo do alto padr\u00e3o em Florian\u00f3polis - Brognoli\" \/>\n<meta property=\"og:description\" content=\"O Jacarand\u00e1 Lagoa da Concei\u00e7\u00e3o \u00e9 um condom\u00ednio de alto padr\u00e3o em Florian\u00f3polis, com arquitetura contempor\u00e2nea e integra\u00e7\u00e3o total \u00e0 natureza.\" \/>\n<meta property=\"og:url\" content=\"https:\/\/www.brognoli.com.br\/blog\/jacaranda-lagoa-da-conceicao-um-novo-capitulo-do-alto-padrao-em-florianopolis\/\" \/>\n<meta property=\"og:site_name\" content=\"Brognoli\" \/>\n<meta property=\"article:published_time\" content=\"2025-10-19T17:39:10+00:00\" \/>\n<meta property=\"article:modified_time\" content=\"2025-10-19T18:33:54+00:00\" \/>\n<meta property=\"og:image\" content=\"https:\/\/www.brognoli.com.br\/blog\/wp-content\/uploads\/2025\/10\/Captura-de-Tela-2025-10-19-as-12.43.57-1024x573.png\" \/>\n\t<meta property=\"og:image:width\" content=\"1024\" \/>\n\t<meta property=\"og:image:height\" content=\"573\" \/>\n\t<meta property=\"og:image:type\" content=\"image\/png\" \/>\n<meta name=\"author\" content=\"brognoli\" \/>\n<meta name=\"twitter:card\" content=\"summary_large_image\" \/>\n<meta name=\"twitter:label1\" content=\"Escrito por\" \/>\n\t<meta name=\"twitter:data1\" content=\"brognoli\" \/>\n\t<meta name=\"twitter:label2\" content=\"Est. tempo de leitura\" \/>\n\t<meta name=\"twitter:data2\" content=\"5 minutos\" \/>\n<script type=\"application\/ld+json\" class=\"yoast-schema-graph\">{\"@context\":\"https:\/\/schema.org\",\"@graph\":[{\"@type\":\"Article\",\"@id\":\"https:\/\/www.brognoli.com.br\/blog\/jacaranda-lagoa-da-conceicao-um-novo-capitulo-do-alto-padrao-em-florianopolis\/#article\",\"isPartOf\":{\"@id\":\"https:\/\/www.brognoli.com.br\/blog\/jacaranda-lagoa-da-conceicao-um-novo-capitulo-do-alto-padrao-em-florianopolis\/\"},\"author\":{\"name\":\"brognoli\",\"@id\":\"https:\/\/www.brognoli.com.br\/blog\/#\/schema\/person\/87771d6b68b99d9d9db50bfcf109f10c\"},\"headline\":\"Jacarand\u00e1 Lagoa da Concei\u00e7\u00e3o: um novo cap\u00edtulo do alto padr\u00e3o em Florian\u00f3polis\",\"datePublished\":\"2025-10-19T17:39:10+00:00\",\"dateModified\":\"2025-10-19T18:33:54+00:00\",\"mainEntityOfPage\":{\"@id\":\"https:\/\/www.brognoli.com.br\/blog\/jacaranda-lagoa-da-conceicao-um-novo-capitulo-do-alto-padrao-em-florianopolis\/\"},\"wordCount\":822,\"commentCount\":0,\"publisher\":{\"@id\":\"https:\/\/www.brognoli.com.br\/blog\/#organization\"},\"keywords\":[\"florian\u00f3polis\",\"Santa Catarina\"],\"articleSection\":[\"Artigos\",\"Lan\u00e7amentos em Florian\u00f3polis\"],\"inLanguage\":\"pt-BR\",\"potentialAction\":[{\"@type\":\"CommentAction\",\"name\":\"Comment\",\"target\":[\"https:\/\/www.brognoli.com.br\/blog\/jacaranda-lagoa-da-conceicao-um-novo-capitulo-do-alto-padrao-em-florianopolis\/#respond\"]}]},{\"@type\":\"WebPage\",\"@id\":\"https:\/\/www.brognoli.com.br\/blog\/jacaranda-lagoa-da-conceicao-um-novo-capitulo-do-alto-padrao-em-florianopolis\/\",\"url\":\"https:\/\/www.brognoli.com.br\/blog\/jacaranda-lagoa-da-conceicao-um-novo-capitulo-do-alto-padrao-em-florianopolis\/\",\"name\":\"Jacarand\u00e1 Lagoa da Concei\u00e7\u00e3o: um novo cap\u00edtulo do alto padr\u00e3o em Florian\u00f3polis - Brognoli\",\"isPartOf\":{\"@id\":\"https:\/\/www.brognoli.com.br\/blog\/#website\"},\"datePublished\":\"2025-10-19T17:39:10+00:00\",\"dateModified\":\"2025-10-19T18:33:54+00:00\",\"description\":\"O Jacarand\u00e1 Lagoa da Concei\u00e7\u00e3o \u00e9 um condom\u00ednio de alto padr\u00e3o em Florian\u00f3polis, com arquitetura contempor\u00e2nea e integra\u00e7\u00e3o total \u00e0 natureza.\",\"breadcrumb\":{\"@id\":\"https:\/\/www.brognoli.com.br\/blog\/jacaranda-lagoa-da-conceicao-um-novo-capitulo-do-alto-padrao-em-florianopolis\/#breadcrumb\"},\"inLanguage\":\"pt-BR\",\"potentialAction\":[{\"@type\":\"ReadAction\",\"target\":[\"https:\/\/www.brognoli.com.br\/blog\/jacaranda-lagoa-da-conceicao-um-novo-capitulo-do-alto-padrao-em-florianopolis\/\"]}]},{\"@type\":\"BreadcrumbList\",\"@id\":\"https:\/\/www.brognoli.com.br\/blog\/jacaranda-lagoa-da-conceicao-um-novo-capitulo-do-alto-padrao-em-florianopolis\/#breadcrumb\",\"itemListElement\":[{\"@type\":\"ListItem\",\"position\":1,\"name\":\"In\u00edcio\",\"item\":\"https:\/\/www.brognoli.com.br\/blog\/\"},{\"@type\":\"ListItem\",\"position\":2,\"name\":\"Jacarand\u00e1 Lagoa da Concei\u00e7\u00e3o: um novo cap\u00edtulo do alto padr\u00e3o em Florian\u00f3polis\"}]},{\"@type\":\"WebSite\",\"@id\":\"https:\/\/www.brognoli.com.br\/blog\/#website\",\"url\":\"https:\/\/www.brognoli.com.br\/blog\/\",\"name\":\"Brognoli\",\"description\":\"Brognoli\",\"publisher\":{\"@id\":\"https:\/\/www.brognoli.com.br\/blog\/#organization\"},\"potentialAction\":[{\"@type\":\"SearchAction\",\"target\":{\"@type\":\"EntryPoint\",\"urlTemplate\":\"https:\/\/www.brognoli.com.br\/blog\/?s={search_term_string}\"},\"query-input\":\"required name=search_term_string\"}],\"inLanguage\":\"pt-BR\"},{\"@type\":\"Organization\",\"@id\":\"https:\/\/www.brognoli.com.br\/blog\/#organization\",\"name\":\"Brognoli\",\"url\":\"https:\/\/www.brognoli.com.br\/blog\/\",\"logo\":{\"@type\":\"ImageObject\",\"inLanguage\":\"pt-BR\",\"@id\":\"https:\/\/www.brognoli.com.br\/blog\/#\/schema\/logo\/image\/\",\"url\":\"https:\/\/www.brognoli.com.br\/blog\/wp-content\/uploads\/2024\/10\/cropped-cropped-BRO_LOGO_3@300x.png\",\"contentUrl\":\"https:\/\/www.brognoli.com.br\/blog\/wp-content\/uploads\/2024\/10\/cropped-cropped-BRO_LOGO_3@300x.png\",\"width\":1762,\"height\":605,\"caption\":\"Brognoli\"},\"image\":{\"@id\":\"https:\/\/www.brognoli.com.br\/blog\/#\/schema\/logo\/image\/\"}},{\"@type\":\"Person\",\"@id\":\"https:\/\/www.brognoli.com.br\/blog\/#\/schema\/person\/87771d6b68b99d9d9db50bfcf109f10c\",\"name\":\"brognoli\",\"image\":{\"@type\":\"ImageObject\",\"inLanguage\":\"pt-BR\",\"@id\":\"https:\/\/www.brognoli.com.br\/blog\/#\/schema\/person\/image\/\",\"url\":\"https:\/\/secure.gravatar.com\/avatar\/a7836fc1468501cb19a0ad1df34b5f85abe16dfce609e03bba719de31c58ea48?s=96&d=mm&r=g\",\"contentUrl\":\"https:\/\/secure.gravatar.com\/avatar\/a7836fc1468501cb19a0ad1df34b5f85abe16dfce609e03bba719de31c58ea48?s=96&d=mm&r=g\",\"caption\":\"brognoli\"},\"url\":\"https:\/\/www.brognoli.com.br\/blog\/author\/brognoli\/\"}]}<\/script>\n<!-- \/ Yoast SEO plugin. -->","yoast_head_json":{"title":"Jacarand\u00e1 Lagoa da Concei\u00e7\u00e3o: um novo cap\u00edtulo do alto padr\u00e3o em Florian\u00f3polis - Brognoli","description":"O Jacarand\u00e1 Lagoa da Concei\u00e7\u00e3o \u00e9 um condom\u00ednio de alto padr\u00e3o em Florian\u00f3polis, com arquitetura contempor\u00e2nea e integra\u00e7\u00e3o total \u00e0 natureza.","robots":{"index":"index","follow":"follow","max-snippet":"max-snippet:-1","max-image-preview":"max-image-preview:large","max-video-preview":"max-video-preview:-1"},"canonical":"https:\/\/www.brognoli.com.br\/blog\/jacaranda-lagoa-da-conceicao-um-novo-capitulo-do-alto-padrao-em-florianopolis\/","og_locale":"pt_BR","og_type":"article","og_title":"Jacarand\u00e1 Lagoa da Concei\u00e7\u00e3o: um novo cap\u00edtulo do alto padr\u00e3o em Florian\u00f3polis - Brognoli","og_description":"O Jacarand\u00e1 Lagoa da Concei\u00e7\u00e3o \u00e9 um condom\u00ednio de alto padr\u00e3o em Florian\u00f3polis, com arquitetura contempor\u00e2nea e integra\u00e7\u00e3o total \u00e0 natureza.","og_url":"https:\/\/www.brognoli.com.br\/blog\/jacaranda-lagoa-da-conceicao-um-novo-capitulo-do-alto-padrao-em-florianopolis\/","og_site_name":"Brognoli","article_published_time":"2025-10-19T17:39:10+00:00","article_modified_time":"2025-10-19T18:33:54+00:00","og_image":[{"width":1024,"height":573,"url":"https:\/\/www.brognoli.com.br\/blog\/wp-content\/uploads\/2025\/10\/Captura-de-Tela-2025-10-19-as-12.43.57-1024x573.png","type":"image\/png"}],"author":"brognoli","twitter_card":"summary_large_image","twitter_misc":{"Escrito por":"brognoli","Est. tempo de leitura":"5 minutos"},"schema":{"@context":"https:\/\/schema.org","@graph":[{"@type":"Article","@id":"https:\/\/www.brognoli.com.br\/blog\/jacaranda-lagoa-da-conceicao-um-novo-capitulo-do-alto-padrao-em-florianopolis\/#article","isPartOf":{"@id":"https:\/\/www.brognoli.com.br\/blog\/jacaranda-lagoa-da-conceicao-um-novo-capitulo-do-alto-padrao-em-florianopolis\/"},"author":{"name":"brognoli","@id":"https:\/\/www.brognoli.com.br\/blog\/#\/schema\/person\/87771d6b68b99d9d9db50bfcf109f10c"},"headline":"Jacarand\u00e1 Lagoa da Concei\u00e7\u00e3o: um novo cap\u00edtulo do alto padr\u00e3o em Florian\u00f3polis","datePublished":"2025-10-19T17:39:10+00:00","dateModified":"2025-10-19T18:33:54+00:00","mainEntityOfPage":{"@id":"https:\/\/www.brognoli.com.br\/blog\/jacaranda-lagoa-da-conceicao-um-novo-capitulo-do-alto-padrao-em-florianopolis\/"},"wordCount":822,"commentCount":0,"publisher":{"@id":"https:\/\/www.brognoli.com.br\/blog\/#organization"},"keywords":["florian\u00f3polis","Santa Catarina"],"articleSection":["Artigos","Lan\u00e7amentos em Florian\u00f3polis"],"inLanguage":"pt-BR","potentialAction":[{"@type":"CommentAction","name":"Comment","target":["https:\/\/www.brognoli.com.br\/blog\/jacaranda-lagoa-da-conceicao-um-novo-capitulo-do-alto-padrao-em-florianopolis\/#respond"]}]},{"@type":"WebPage","@id":"https:\/\/www.brognoli.com.br\/blog\/jacaranda-lagoa-da-conceicao-um-novo-capitulo-do-alto-padrao-em-florianopolis\/","url":"https:\/\/www.brognoli.com.br\/blog\/jacaranda-lagoa-da-conceicao-um-novo-capitulo-do-alto-padrao-em-florianopolis\/","name":"Jacarand\u00e1 Lagoa da Concei\u00e7\u00e3o: um novo cap\u00edtulo do alto padr\u00e3o em Florian\u00f3polis - Brognoli","isPartOf":{"@id":"https:\/\/www.brognoli.com.br\/blog\/#website"},"datePublished":"2025-10-19T17:39:10+00:00","dateModified":"2025-10-19T18:33:54+00:00","description":"O Jacarand\u00e1 Lagoa da Concei\u00e7\u00e3o \u00e9 um condom\u00ednio de alto padr\u00e3o em Florian\u00f3polis, com arquitetura contempor\u00e2nea e integra\u00e7\u00e3o total \u00e0 natureza.","breadcrumb":{"@id":"https:\/\/www.brognoli.com.br\/blog\/jacaranda-lagoa-da-conceicao-um-novo-capitulo-do-alto-padrao-em-florianopolis\/#breadcrumb"},"inLanguage":"pt-BR","potentialAction":[{"@type":"ReadAction","target":["https:\/\/www.brognoli.com.br\/blog\/jacaranda-lagoa-da-conceicao-um-novo-capitulo-do-alto-padrao-em-florianopolis\/"]}]},{"@type":"BreadcrumbList","@id":"https:\/\/www.brognoli.com.br\/blog\/jacaranda-lagoa-da-conceicao-um-novo-capitulo-do-alto-padrao-em-florianopolis\/#breadcrumb","itemListElement":[{"@type":"ListItem","position":1,"name":"In\u00edcio","item":"https:\/\/www.brognoli.com.br\/blog\/"},{"@type":"ListItem","position":2,"name":"Jacarand\u00e1 Lagoa da Concei\u00e7\u00e3o: um novo cap\u00edtulo do alto padr\u00e3o em Florian\u00f3polis"}]},{"@type":"WebSite","@id":"https:\/\/www.brognoli.com.br\/blog\/#website","url":"https:\/\/www.brognoli.com.br\/blog\/","name":"Brognoli","description":"Brognoli","publisher":{"@id":"https:\/\/www.brognoli.com.br\/blog\/#organization"},"potentialAction":[{"@type":"SearchAction","target":{"@type":"EntryPoint","urlTemplate":"https:\/\/www.brognoli.com.br\/blog\/?s={search_term_string}"},"query-input":"required name=search_term_string"}],"inLanguage":"pt-BR"},{"@type":"Organization","@id":"https:\/\/www.brognoli.com.br\/blog\/#organization","name":"Brognoli","url":"https:\/\/www.brognoli.com.br\/blog\/","logo":{"@type":"ImageObject","inLanguage":"pt-BR","@id":"https:\/\/www.brognoli.com.br\/blog\/#\/schema\/logo\/image\/","url":"https:\/\/www.brognoli.com.br\/blog\/wp-content\/uploads\/2024\/10\/cropped-cropped-BRO_LOGO_3@300x.png","contentUrl":"https:\/\/www.brognoli.com.br\/blog\/wp-content\/uploads\/2024\/10\/cropped-cropped-BRO_LOGO_3@300x.png","width":1762,"height":605,"caption":"Brognoli"},"image":{"@id":"https:\/\/www.brognoli.com.br\/blog\/#\/schema\/logo\/image\/"}},{"@type":"Person","@id":"https:\/\/www.brognoli.com.br\/blog\/#\/schema\/person\/87771d6b68b99d9d9db50bfcf109f10c","name":"brognoli","image":{"@type":"ImageObject","inLanguage":"pt-BR","@id":"https:\/\/www.brognoli.com.br\/blog\/#\/schema\/person\/image\/","url":"https:\/\/secure.gravatar.com\/avatar\/a7836fc1468501cb19a0ad1df34b5f85abe16dfce609e03bba719de31c58ea48?s=96&d=mm&r=g","contentUrl":"https:\/\/secure.gravatar.com\/avatar\/a7836fc1468501cb19a0ad1df34b5f85abe16dfce609e03bba719de31c58ea48?s=96&d=mm&r=g","caption":"brognoli"},"url":"https:\/\/www.brognoli.com.br\/blog\/author\/brognoli\/"}]}},"_links":{"self":[{"href":"https:\/\/www.brognoli.com.br\/blog\/wp-json\/wp\/v2\/posts\/2215141","targetHints":{"allow":["GET"]}}],"collection":[{"href":"https:\/\/www.brognoli.com.br\/blog\/wp-json\/wp\/v2\/posts"}],"about":[{"href":"https:\/\/www.brognoli.com.br\/blog\/wp-json\/wp\/v2\/types\/post"}],"author":[{"embeddable":true,"href":"https:\/\/www.brognoli.com.br\/blog\/wp-json\/wp\/v2\/users\/7"}],"replies":[{"embeddable":true,"href":"https:\/\/www.brognoli.com.br\/blog\/wp-json\/wp\/v2\/comments?post=2215141"}],"version-history":[{"count":14,"href":"https:\/\/www.brognoli.com.br\/blog\/wp-json\/wp\/v2\/posts\/2215141\/revisions"}],"predecessor-version":[{"id":2215160,"href":"https:\/\/www.brognoli.com.br\/blog\/wp-json\/wp\/v2\/posts\/2215141\/revisions\/2215160"}],"wp:featuredmedia":[{"embeddable":true,"href":"https:\/\/www.brognoli.com.br\/blog\/wp-json\/wp\/v2\/media\/2215144"}],"wp:attachment":[{"href":"https:\/\/www.brognoli.com.br\/blog\/wp-json\/wp\/v2\/media?parent=2215141"}],"wp:term":[{"taxonomy":"category","embeddable":true,"href":"https:\/\/www.brognoli.com.br\/blog\/wp-json\/wp\/v2\/categories?post=2215141"},{"taxonomy":"post_tag","embeddable":true,"href":"https:\/\/www.brognoli.com.br\/blog\/wp-json\/wp\/v2\/tags?post=2215141"}],"curies":[{"name":"wp","href":"https:\/\/api.w.org\/{rel}","templated":true}]}}